{"id":1000,"date":"2017-11-29T14:03:51","date_gmt":"2017-11-29T14:03:51","guid":{"rendered":"https:\/\/www.vacalia.com\/blog\/?p=1000"},"modified":"2024-02-14T12:21:42","modified_gmt":"2024-02-14T11:21:42","slug":"5-traditionen-um-weihnachten-auf-mallorca-zu-feiern","status":"publish","type":"post","link":"https:\/\/www.vacalia.com\/blog\/5-traditionen-um-weihnachten-auf-mallorca-zu-feiern\/","title":{"rendered":"5 Traditionen um Weihnachten auf Mallorca zu feiern."},"content":{"rendered":"<p>Weihnachten ist immer sch\u00f6n, egal wo man es erlebt. Wenn Sie <strong>Weihnachten auf Mallorca<\/strong> verbringen m\u00f6chten, auf eine andere Weise, in einer w\u00e4rmeren Umgebung aber voller Lichter und Weihnachtsstimmung, empfehlen wir Ihnen weiterzulesen und Sie werden ermutigt, Ihr Weihnachtsfest auf Mallorca zu erleben.<\/p>\n<p><a href=\"https:\/\/www.vacalia.com\"><img fetchpriority=\"high\" decoding=\"async\" class=\"alignnone wp-image-1027\" src=\"https:\/\/www.vacalia.com\/blog\/wp-content\/uploads\/2017\/11\/tree-branch-decoration-holiday-christmas-christmas-tree-92819-pxhere.com_-2-e1511964281992.jpg\" alt=\"5 Traditionen um Weihnachten auf Mallorca zu feiern.\" width=\"900\" height=\"407\" srcset=\"https:\/\/www.vacalia.com\/blog\/wp-content\/uploads\/2017\/11\/tree-branch-decoration-holiday-christmas-christmas-tree-92819-pxhere.com_-2-e1511964281992.jpg 1024w, https:\/\/www.vacalia.com\/blog\/wp-content\/uploads\/2017\/11\/tree-branch-decoration-holiday-christmas-christmas-tree-92819-pxhere.com_-2-e1511964281992-300x136.jpg 300w, https:\/\/www.vacalia.com\/blog\/wp-content\/uploads\/2017\/11\/tree-branch-decoration-holiday-christmas-christmas-tree-92819-pxhere.com_-2-e1511964281992-768x347.jpg 768w\" sizes=\"(max-width: 900px) 100vw, 900px\" \/><\/a><\/p>\n<p><!--more--><\/p>\n<h2 class=\"post-item__subtitle\">Traditionen zu Weihnachten auf Mallorca<\/h2>\n<p>Weihnachten auf Mallorca hat sch\u00f6ne Traditionen die sich jedes Jahr wiederholen, so dass Gro\u00dfeltern und Enkel das gleiche Szenario Jahrzehnte lang individuell (aber vor allem, ZUSAMMEN) erleben k\u00f6nnen.<\/p>\n<p><strong>1. Gesang der Sibylle.<\/strong> Diese Tradition reicht bis ins Mittelalter zur\u00fcck und ist bis heute eine der repr\u00e4sentativsten und beliebtesten Mallorcas. Das Lied der Sibylle wird am 24. Dezember in der Christmette (Misa del Gallo) aufgef\u00fchrt. In dem Lied prophezeit ein Orakel das Ende der Welt, bekannt als das \u201cj\u00fcngste Gericht\u201d. Das Lied kam mit der R\u00fcckeroberung von K\u00f6nig Jaume I nach Mallorca. Heutzutage wird es von einem ausgew\u00e4hlten Jungen, M\u00e4dchen oder jungen Frau dargeboten, die eine Tunika und ein Schwert tr\u00e4gt. Am Ende des Liedes geht das Schwert in die Luft und zeichnet ein Kreuz.<\/p>\n<p>Ohne Zweifel eine Darbietung die man wenigsten einmal im Leben gesehen haben sollte.<\/p>\n<p><a href=\"https:\/\/www.vacalia.com\"><img decoding=\"async\" class=\"alignnone wp-image-1031\" src=\"https:\/\/www.vacalia.com\/blog\/wp-content\/uploads\/2017\/11\/rrtt-mallorca-evento-el-canto-de-la-sibil.la-img1-2.jpg\" alt=\"5 Traditionen um Weihnachten auf Mallorca zu feiern.\" width=\"900\" height=\"506\" srcset=\"https:\/\/www.vacalia.com\/blog\/wp-content\/uploads\/2017\/11\/rrtt-mallorca-evento-el-canto-de-la-sibil.la-img1-2.jpg 1920w, https:\/\/www.vacalia.com\/blog\/wp-content\/uploads\/2017\/11\/rrtt-mallorca-evento-el-canto-de-la-sibil.la-img1-2-300x169.jpg 300w, https:\/\/www.vacalia.com\/blog\/wp-content\/uploads\/2017\/11\/rrtt-mallorca-evento-el-canto-de-la-sibil.la-img1-2-768x432.jpg 768w, https:\/\/www.vacalia.com\/blog\/wp-content\/uploads\/2017\/11\/rrtt-mallorca-evento-el-canto-de-la-sibil.la-img1-2-1024x576.jpg 1024w, https:\/\/www.vacalia.com\/blog\/wp-content\/uploads\/2017\/11\/rrtt-mallorca-evento-el-canto-de-la-sibil.la-img1-2-1050x591.jpg 1050w, https:\/\/www.vacalia.com\/blog\/wp-content\/uploads\/2017\/11\/rrtt-mallorca-evento-el-canto-de-la-sibil.la-img1-2-1600x900.jpg 1600w\" sizes=\"(max-width: 900px) 100vw, 900px\" \/><\/a><\/p>\n<p><strong>2. K\u00f6nige des Orients.<\/strong> Die Heiligen Drei K\u00f6nige sind eine beliebte christliche Tradition, die erkl\u00e4rt, dass nach der Geburt des Jesuskindes drei K\u00f6nige aus dem Orient kamen um den Sohn Gottes zu sehen und ihm verschiedene Gaben brachten (Gold, Weihrauch und Myrrhe). Ihre Namen waren: Melchor, Gaspar und Balthasar und sie repr\u00e4sentieren die drei ethnischen Gruppen des Mittelalters. Heute wird ihre Ankunft am 6. Januar gefeiert und die K\u00f6nige bringen, genau wie sie Jesus Geschenke brachten, auch unseren Kindern Geschenke. Allerdings beschenken Sie nur die Kinder, die sich gut benommen haben. Wenn sich das Kind schlecht benommen hat, bekommt es Kohle \u201cCarb\u00f3n\u201d (eine S\u00fc\u00dfigkeit, die wie Holzkohle aussieht).<\/p>\n<p>In jeder Stadt und in jedem Dorf findet ein Umzug statt (Cabalgata) bei dem die K\u00f6nige an alle Kinder S\u00fc\u00dfigkeiten verteilen, die Geschenke kommen ganz zum Schluss.<\/p>\n<p><a href=\"https:\/\/www.vacalia.com\"><img decoding=\"async\" class=\"alignnone wp-image-1028\" src=\"https:\/\/www.vacalia.com\/blog\/wp-content\/uploads\/2017\/11\/24138806392_70c331b182_b-2.jpg\" alt=\"5 Traditionen um Weihnachten auf Mallorca zu feiern.\" width=\"900\" height=\"600\" srcset=\"https:\/\/www.vacalia.com\/blog\/wp-content\/uploads\/2017\/11\/24138806392_70c331b182_b-2.jpg 1024w, https:\/\/www.vacalia.com\/blog\/wp-content\/uploads\/2017\/11\/24138806392_70c331b182_b-2-300x200.jpg 300w, https:\/\/www.vacalia.com\/blog\/wp-content\/uploads\/2017\/11\/24138806392_70c331b182_b-2-768x512.jpg 768w\" sizes=\"(max-width: 900px) 100vw, 900px\" \/><\/a><\/p>\n<p><strong>3. Standartenfest (Festa von l&#8217;Estendard).<\/strong> Zweifellos, eine der \u00e4ltesten Feiern, die zur Weihnachtszeit auf Mallorca stattfinden. La Festa De L&#8217;Estandard (Fest der Standarte) gedenkt dem Einzug von K\u00f6nig Jaume I und seinen Truppen in Mallorca, fr\u00fcher bekannt als Medina Mayurca, am 31. Dezember 1229. Dieser Tag ist heute als die R\u00fcckeroberung von Mallorca bekannt und das Hauptfest wird in Palma gefeiert.<\/p>\n<p>Diese Feier hat einen ernsten Charakter. Am Morgen bestehen die Hauptakte aus Zeremonien bei denen die Standarte in der Mitte der Plaza de Cort befestigt wird. Begleitet werden die Zeremonien von Paraden der W\u00fcrdentr\u00e4ger, mit Musikern, Berittenen der Bruderschaft San Jordi und anderen festlichen Handlungen.<br \/>\nAbends ziehen die W\u00fcrdentr\u00e4ger zum Denkmal von K\u00f6nig Jaume I wo sie einen Blumenkranz niederlegen.<br \/>\nOhne Zweifel, f\u00fcr die Inselbewohner ein bedeutendes Fest, mit viel Gef\u00fchl.<\/p>\n<p><a href=\"https:\/\/www.vacalia.com\"><img loading=\"lazy\" decoding=\"async\" class=\"alignnone wp-image-1030\" src=\"https:\/\/www.vacalia.com\/blog\/wp-content\/uploads\/2017\/11\/festa-lEstendard_1276682438_7636326_1500x1000-2.jpg\" alt=\"5 Traditionen um Weihnachten auf Mallorca zu feiern.\" width=\"900\" height=\"600\" srcset=\"https:\/\/www.vacalia.com\/blog\/wp-content\/uploads\/2017\/11\/festa-lEstendard_1276682438_7636326_1500x1000-2.jpg 1500w, https:\/\/www.vacalia.com\/blog\/wp-content\/uploads\/2017\/11\/festa-lEstendard_1276682438_7636326_1500x1000-2-300x200.jpg 300w, https:\/\/www.vacalia.com\/blog\/wp-content\/uploads\/2017\/11\/festa-lEstendard_1276682438_7636326_1500x1000-2-768x512.jpg 768w, https:\/\/www.vacalia.com\/blog\/wp-content\/uploads\/2017\/11\/festa-lEstendard_1276682438_7636326_1500x1000-2-1024x683.jpg 1024w, https:\/\/www.vacalia.com\/blog\/wp-content\/uploads\/2017\/11\/festa-lEstendard_1276682438_7636326_1500x1000-2-1050x700.jpg 1050w\" sizes=\"(max-width: 900px) 100vw, 900px\" \/><\/a><\/p>\n<p><strong>4. Das zweite Fest (Segona Festa).<\/strong> Am Tag des heiligen Stephan (San Esteban, 26 Dezember) ist in vielen D\u00f6rfern Mallorcas ein Feiertag, als das zweite Fest bekannt.<\/p>\n<p>Es ist nicht immer m\u00f6glich die ganze Familie zu Weihnachten zu versammeln und so gibt es am 26. Dezember einen 2ten Festtag, um diesen mit der ganzen Familie in Ruhe verbringen zu k\u00f6nnen. \u00dcblicherweise versammeln sich die Familienmitglieder, die nicht an dem Weihnachtsfest teilnehmen konnten, um gem\u00fctlich in einem Restaurant zu essen oder man genie\u00dft ein gemeinsames Essen zu Hause.<\/p>\n<p><a href=\"https:\/\/www.vacalia.com\"><img loading=\"lazy\" decoding=\"async\" class=\"alignnone wp-image-1032\" src=\"https:\/\/www.vacalia.com\/blog\/wp-content\/uploads\/2017\/11\/table-fork-silverware-flower-restaurant-meal-151584-pxhere.com_-2.jpg\" alt=\"5 Traditionen um Weihnachten auf Mallorca zu feiern.\" width=\"900\" height=\"695\" srcset=\"https:\/\/www.vacalia.com\/blog\/wp-content\/uploads\/2017\/11\/table-fork-silverware-flower-restaurant-meal-151584-pxhere.com_-2.jpg 1166w, https:\/\/www.vacalia.com\/blog\/wp-content\/uploads\/2017\/11\/table-fork-silverware-flower-restaurant-meal-151584-pxhere.com_-2-300x232.jpg 300w, https:\/\/www.vacalia.com\/blog\/wp-content\/uploads\/2017\/11\/table-fork-silverware-flower-restaurant-meal-151584-pxhere.com_-2-768x593.jpg 768w, https:\/\/www.vacalia.com\/blog\/wp-content\/uploads\/2017\/11\/table-fork-silverware-flower-restaurant-meal-151584-pxhere.com_-2-1024x790.jpg 1024w, https:\/\/www.vacalia.com\/blog\/wp-content\/uploads\/2017\/11\/table-fork-silverware-flower-restaurant-meal-151584-pxhere.com_-2-1050x810.jpg 1050w\" sizes=\"(max-width: 900px) 100vw, 900px\" \/><\/a><\/p>\n<p><strong>5. Jahresende (Sylvester).<\/strong> Die Feste zum Jahresende in Spanien unterscheiden sich wahrscheinlich sehr von von den Festen Ihres Heimatlandes. Auf Mallorca und im restlichen Spanien, ist es \u00fcblich zu den 12 Glockenschl\u00e4gen, die den Jahreswechsel einl\u00e4uten, 12 Weintrauben zu essen, eine mit jedem Glockenschlag. Wenn dies gelingt, so sagt man, hat man Gl\u00fcck im eingel\u00e4uteten Jahr, gelingt es nicht, so ist das Gl\u00fcck nicht ganz so holt. Nach dem der letzte Glockenschlag verklungen ist wird mit Sekt oder Champagner angesto\u00dfen und das Fest kann beginnen. Es werden auch einige Feuerwerksk\u00f6rper gez\u00fcndet.<\/p>\n<p><a href=\"https:\/\/www.vacalia.com\"><img loading=\"lazy\" decoding=\"async\" class=\"alignnone wp-image-1029\" src=\"https:\/\/www.vacalia.com\/blog\/wp-content\/uploads\/2017\/11\/30121380a25013dmed-2.jpg\" alt=\"5 Traditionen um Weihnachten auf Mallorca zu feiern.\" width=\"900\" height=\"587\" srcset=\"https:\/\/www.vacalia.com\/blog\/wp-content\/uploads\/2017\/11\/30121380a25013dmed-2.jpg 650w, https:\/\/www.vacalia.com\/blog\/wp-content\/uploads\/2017\/11\/30121380a25013dmed-2-300x196.jpg 300w\" sizes=\"(max-width: 900px) 100vw, 900px\" \/><\/a><\/p>\n<h2 class=\"post-item__subtitle\">Einzigartige Weihnachten f\u00fcr eine einzigartige Familie<\/h2>\n<p>Ohne Zweifel ist das Feiern von Weihnachten auf Mallorca ein guter Plan, der die ganze Familie begeistern wird, von den Kleinsten bis zu den Gro\u00dfen. Dar\u00fcber hinaus k\u00f6nnen Sie verschiedene, handwerklich erstellte Krippen besichtigen, an Weihnachtskonzerten teilnehmen und vieles mehr.<br \/>\nAber zuerst m\u00fcssen Sie einen Platz haben, wo Sie sich zu Hause f\u00fchlen und ausruhen k\u00f6nnen, nicht wahr? Dann sollten Sie lieber keine Zeit verlieren und einen Blick auf <a href=\"https:\/\/www.vacalia.com\">unsere Ferienunterk\u00fcnfte<\/a> werfen.<\/p>\n<p>Wir erwarten Sie auf der Insel!<\/p>\n\n<div class=\"bannerBlog\"><div class=\"new-card-houses\">\n    <div class=\"likeOut likeDivOut\" style=\"display:none\">\n        <a data-id=\"4745\" class=\"likeOut_button_red likeBtnFav\"\n            aria-label=\"Megusta Vacalia\"><\/a>\n    <\/div>\n    <figure>\n        <img loading=\"lazy\" decoding=\"async\" \n            loading=\"lazy\" width=\"301\" height=\"200\"\n            src=\"\/\/media.vacalia.com\/photo\/reformatwebpfolder\/350\/200\/4745\/thumb-middle\/4745_a4a44e0834879c376f09b0aed8898c21.webp?v=21092023\"\n            alt=\"Cal moliner - Ferienhaus auf Pollen\u00e7a\"\/>\n                                                                        <div class=\"circleDiscount\">-19%<\/div>\n                        <\/figure>\n    <p itemprop=\"address\"><i class=\"ico-marker\"><\/i>Pollen\u00e7a, Mallorca<\/p>\n    <h3 itemprop=\"name\">Cal moliner<\/h3>\n    <ul class=\"icon_list inline_list\">\n                              <li class=\"ico-pool\" title=\"Pool\">\n              <span itemprop=\"amenityFeature\">Pool<\/span>\n            <\/li>\n                      <li class=\"ico-airConditioning\" title=\"Klimaanlage\">\n              <span itemprop=\"amenityFeature\">Klimaanlage<\/span>\n            <\/li>\n                      <li class=\"ico-wifi\" title=\"Wifi\">\n              <span itemprop=\"amenityFeature\">Wifi<\/span>\n            <\/li>\n                          <li class=\"ico-guests\" title=\"F\u00fcr 8 G\u00e4ste in Pollen\u00e7a.\">\n          <span itemprop=\"occupancy\">8<\/span>\n        <\/li>\n    <\/ul>\n            <span class=\"price\">Ab 243\u20ac \/ Nacht<\/span>\n                <a itemprop=\"url\" class=\"anchor\" href=\"https:\/\/www.vacalia.com\/de\/villa-cal-moliner-pollenca-h27542\" aria-label=\"Cal moliner\"><\/a>\n<\/div><div class=\"new-card-houses\">\n    <div class=\"likeOut likeDivOut\" style=\"display:none\">\n        <a data-id=\"4041\" class=\"likeOut_button_red likeBtnFav\"\n            aria-label=\"Megusta Vacalia\"><\/a>\n    <\/div>\n    <figure>\n        <img loading=\"lazy\" decoding=\"async\" \n            loading=\"lazy\" width=\"301\" height=\"200\"\n            src=\"\/\/media.vacalia.com\/photo\/reformatwebpfolder\/350\/200\/4041\/thumb-middle\/4041_1c8244c3ab9a41551b84369ccede9617.webp?v=21092023\"\n            alt=\"Son figuerola - Ferienhaus auf Inca\"\/>\n                                                                        <div class=\"circleDiscount\">-29%<\/div>\n                        <\/figure>\n    <p itemprop=\"address\"><i class=\"ico-marker\"><\/i>Inca, Mallorca<\/p>\n    <h3 itemprop=\"name\">Son figuerola<\/h3>\n    <ul class=\"icon_list inline_list\">\n                              <li class=\"ico-pool\" title=\"Pool\">\n              <span itemprop=\"amenityFeature\">Pool<\/span>\n            <\/li>\n                      <li class=\"ico-airConditioning\" title=\"Klimaanlage\">\n              <span itemprop=\"amenityFeature\">Klimaanlage<\/span>\n            <\/li>\n                      <li class=\"ico-wifi\" title=\"Wifi\">\n              <span itemprop=\"amenityFeature\">Wifi<\/span>\n            <\/li>\n                          <li class=\"ico-guests\" title=\"F\u00fcr 8 G\u00e4ste in Inca.\">\n          <span itemprop=\"occupancy\">8<\/span>\n        <\/li>\n    <\/ul>\n            <span class=\"price\">Ab 182\u20ac \/ Nacht<\/span>\n                <a itemprop=\"url\" class=\"anchor\" href=\"https:\/\/www.vacalia.com\/de\/villa-son-figuerola-inca-h29410\" aria-label=\"Son figuerola\"><\/a>\n<\/div><\/div>\n","protected":false},"excerpt":{"rendered":"<p>Weihnachten ist immer sch\u00f6n, egal wo man es erlebt. Wenn Sie Weihnachten auf Mallorca verbringen m\u00f6chten, auf eine andere Weise, in einer w\u00e4rmeren Umgebung aber voller Lichter und Weihnachtsstimmung, empfehlen&hellip;<\/p>\n","protected":false},"author":1,"featured_media":0,"comment_status":"closed","ping_status":"open","sticky":false,"template":"","format":"standard","meta":{"_monsterinsights_skip_tracking":false,"_monsterinsights_sitenote_active":false,"_monsterinsights_sitenote_note":"","_monsterinsights_sitenote_category":0,"footnotes":""},"categories":[40],"tags":[],"class_list":["post-1000","post","type-post","status-publish","format-standard","hentry","category-allgemein"],"_links":{"self":[{"href":"https:\/\/www.vacalia.com\/blog\/wp-json\/wp\/v2\/posts\/1000"}],"collection":[{"href":"https:\/\/www.vacalia.com\/blog\/wp-json\/wp\/v2\/posts"}],"about":[{"href":"https:\/\/www.vacalia.com\/blog\/wp-json\/wp\/v2\/types\/post"}],"author":[{"embeddable":true,"href":"https:\/\/www.vacalia.com\/blog\/wp-json\/wp\/v2\/users\/1"}],"replies":[{"embeddable":true,"href":"https:\/\/www.vacalia.com\/blog\/wp-json\/wp\/v2\/comments?post=1000"}],"version-history":[{"count":7,"href":"https:\/\/www.vacalia.com\/blog\/wp-json\/wp\/v2\/posts\/1000\/revisions"}],"predecessor-version":[{"id":4883,"href":"https:\/\/www.vacalia.com\/blog\/wp-json\/wp\/v2\/posts\/1000\/revisions\/4883"}],"wp:attachment":[{"href":"https:\/\/www.vacalia.com\/blog\/wp-json\/wp\/v2\/media?parent=1000"}],"wp:term":[{"taxonomy":"category","embeddable":true,"href":"https:\/\/www.vacalia.com\/blog\/wp-json\/wp\/v2\/categories?post=1000"},{"taxonomy":"post_tag","embeddable":true,"href":"https:\/\/www.vacalia.com\/blog\/wp-json\/wp\/v2\/tags?post=1000"}],"curies":[{"name":"wp","href":"https:\/\/api.w.org\/{rel}","templated":true}]}}