{"id":1004,"date":"2017-11-29T12:46:28","date_gmt":"2017-11-29T12:46:28","guid":{"rendered":"https:\/\/www.vacalia.com\/blog\/?p=1004"},"modified":"2024-02-14T11:29:53","modified_gmt":"2024-02-14T10:29:53","slug":"tradiciones-para-celebrar-la-navidad-en-mallorca","status":"publish","type":"post","link":"https:\/\/www.vacalia.com\/blog\/es\/tradiciones-para-celebrar-la-navidad-en-mallorca\/","title":{"rendered":"5 tradiciones para Celebrar la Navidad en Mallorca"},"content":{"rendered":"<p>La \u00e9poca de Navidades es preciosa se viva donde se viva. Si lo que quer\u00e9is es pasar la <strong>Navidad en Mallorca<\/strong>, de manera diferente en un ambiente m\u00e1s c\u00e1lido pero lleno de luces y sentimiento navide\u00f1o, os recomendamos que sig\u00e1is leyendo y os anim\u00e9is a vivir vuestra Navidad en Mallorca.<\/p>\n<p><a href=\"https:\/\/www.vacalia.com\"><img fetchpriority=\"high\" decoding=\"async\" class=\"alignnone wp-image-1018\" src=\"https:\/\/www.vacalia.com\/blog\/wp-content\/uploads\/2017\/11\/tree-branch-decoration-holiday-christmas-christmas-tree-92819-pxhere.com_-e1511959437946.jpg\" alt=\"Navidad en Mallorca\" width=\"900\" height=\"475\" srcset=\"https:\/\/www.vacalia.com\/blog\/wp-content\/uploads\/2017\/11\/tree-branch-decoration-holiday-christmas-christmas-tree-92819-pxhere.com_-e1511959437946.jpg 1024w, https:\/\/www.vacalia.com\/blog\/wp-content\/uploads\/2017\/11\/tree-branch-decoration-holiday-christmas-christmas-tree-92819-pxhere.com_-e1511959437946-300x158.jpg 300w, https:\/\/www.vacalia.com\/blog\/wp-content\/uploads\/2017\/11\/tree-branch-decoration-holiday-christmas-christmas-tree-92819-pxhere.com_-e1511959437946-768x405.jpg 768w\" sizes=\"(max-width: 900px) 100vw, 900px\" \/><\/a><\/p>\n<p><!--more--><\/p>\n<h2 class=\"post-item__subtitle\">Tradiciones de la Navidad en Mallorca<\/h2>\n<p>La Navidad en Mallorca tiene tradiciones preciosas que se repiten cada a\u00f1o permitiendo a los abuelos y a los nietos revivir el mismo escenario de manera diferente durante d\u00e9cadas (y lo m\u00e1s importante, JUNTOS).<\/p>\n<p><strong>1.Canto de la Sibil\u00b7la.<\/strong> Esta tradici\u00f3n se remonta a la Edad Media y sigue siendo a d\u00eda de hoy una de las m\u00e1s representativas y queridas en Mallorca. La sibil\u00b7la es un c\u00e1ntico que se realiza cada 24 de diciembre en la conocida Misa del Gallo y en \u00e9l una or\u00e1culo profetiza el fin del mundo, lo que conocemos como el juicio final. Dicho canto lleg\u00f3 a Mallorca con la reconquista del rey Jaume | y, actualmente, lo representa un ni\u00f1o, ni\u00f1a o mujer escogido que viste una t\u00fanica y lleva una espada la cual, al final el c\u00e1ntico, empu\u00f1a al aire y dibuja una cruz.<\/p>\n<p>Sin duda alguna, un espect\u00e1culo que se ir a ver al menos una vez en la vida.<\/p>\n<figure id=\"attachment_1009\" aria-describedby=\"caption-attachment-1009\" style=\"width: 900px\" class=\"wp-caption alignnone\"><a href=\"https:\/\/www.vacalia.com\"><img decoding=\"async\" class=\"wp-image-1009\" src=\"https:\/\/www.vacalia.com\/blog\/wp-content\/uploads\/2017\/11\/rrtt-mallorca-evento-el-canto-de-la-sibil.la-img1.jpg\" alt=\"Navidad en Mallorca\" width=\"900\" height=\"506\" srcset=\"https:\/\/www.vacalia.com\/blog\/wp-content\/uploads\/2017\/11\/rrtt-mallorca-evento-el-canto-de-la-sibil.la-img1.jpg 1920w, https:\/\/www.vacalia.com\/blog\/wp-content\/uploads\/2017\/11\/rrtt-mallorca-evento-el-canto-de-la-sibil.la-img1-300x169.jpg 300w, https:\/\/www.vacalia.com\/blog\/wp-content\/uploads\/2017\/11\/rrtt-mallorca-evento-el-canto-de-la-sibil.la-img1-768x432.jpg 768w, https:\/\/www.vacalia.com\/blog\/wp-content\/uploads\/2017\/11\/rrtt-mallorca-evento-el-canto-de-la-sibil.la-img1-1024x576.jpg 1024w, https:\/\/www.vacalia.com\/blog\/wp-content\/uploads\/2017\/11\/rrtt-mallorca-evento-el-canto-de-la-sibil.la-img1-1050x591.jpg 1050w, https:\/\/www.vacalia.com\/blog\/wp-content\/uploads\/2017\/11\/rrtt-mallorca-evento-el-canto-de-la-sibil.la-img1-1600x900.jpg 1600w\" sizes=\"(max-width: 900px) 100vw, 900px\" \/><\/a><figcaption id=\"caption-attachment-1009\" class=\"wp-caption-text\">Pic: www.illesbalears.travel<\/figcaption><\/figure>\n<p><strong>2.Reyes Magos de Oriente.<\/strong> Los Reyes Magos son una popular tradici\u00f3n cristiana en la cual se explica que, tras el nacimiento del ni\u00f1o Jes\u00fas, tres Reyes de Oriente fueron a ver al hijo de Di\u00f3s tray\u00e9ndole diferentes obsequios (oro, incienso y mirra). Sus nombres eran: Melchor, Gaspar y Baltasar y representan las tres etnias de la Edad Media. Hoy en d\u00eda se celebra su llegada el d\u00eda 6 de enero y, igual como le trajeron regalos a Jes\u00fas, tambi\u00e9n se los traen a los ni\u00f1os que han sido buenos cada a\u00f1o. Por el contrario, si el ni\u00f1o se ha portado mal, suelen traerle carb\u00f3n (un dulce que emula el carb\u00f3n).<\/p>\n<p>Adem\u00e1s, en cada pueblo\/ciudad se realizan cabalgatas donde los Reyes dan caramelos a los ni\u00f1os y finalmente, entregan los regalos.<\/p>\n<p><a href=\"https:\/\/www.vacalia.com\"><img decoding=\"async\" class=\"alignnone wp-image-1012\" src=\"https:\/\/www.vacalia.com\/blog\/wp-content\/uploads\/2017\/11\/24138806392_70c331b182_b.jpg\" alt=\"Navidad en Mallorca\" width=\"900\" height=\"600\" srcset=\"https:\/\/www.vacalia.com\/blog\/wp-content\/uploads\/2017\/11\/24138806392_70c331b182_b.jpg 1024w, https:\/\/www.vacalia.com\/blog\/wp-content\/uploads\/2017\/11\/24138806392_70c331b182_b-300x200.jpg 300w, https:\/\/www.vacalia.com\/blog\/wp-content\/uploads\/2017\/11\/24138806392_70c331b182_b-768x512.jpg 768w\" sizes=\"(max-width: 900px) 100vw, 900px\" \/><\/a><\/p>\n<p><strong>3.Festa de l\u2019Estendard.<\/strong> Sin duda, una de las celebraciones m\u00e1s antiguas que se conocen de la Navidad en Mallorca. La Festa de L\u2019Estandard (Fiesta del Estandarte) es una conmemoraci\u00f3n de la entrada a Mallorca d\u00eda 31 de diciembre del 1229, antes conocida como Medina Mayurca, del rey Jaume I junto a sus tropas. Este d\u00eda es conocido hoy en d\u00eda como la reconquista de Mallorca y la fiesta principal se celebra en Palma.<\/p>\n<p>Esta fiesta tiene un car\u00e1cter m\u00e1s solemne, puesto que por la ma\u00f1ana los principales actos son ceremonias donde se pone el Estandarte en medio de la plaza de Cort y se hacen desfiles de las autoridades junto a m\u00fasicos, caballos de la Cofrad\u00eda de San Jordi y otros actos festivos.<br \/>\nPor la noche se desplazan las autoridades hasta el monumento al Rey Jaume I donde le hacen una ofrenda floral.<br \/>\nSin duda una fiesta con mucho sentimiento que se vive mucho en la isla.<\/p>\n<figure id=\"attachment_1014\" aria-describedby=\"caption-attachment-1014\" style=\"width: 900px\" class=\"wp-caption alignnone\"><a href=\"https:\/\/www.vacalia.com\"><img loading=\"lazy\" decoding=\"async\" class=\"wp-image-1014\" src=\"https:\/\/www.vacalia.com\/blog\/wp-content\/uploads\/2017\/11\/festa-lEstendard_1276682438_7636326_1500x1000.jpg\" alt=\"Navidad en Mallorca\" width=\"900\" height=\"600\" srcset=\"https:\/\/www.vacalia.com\/blog\/wp-content\/uploads\/2017\/11\/festa-lEstendard_1276682438_7636326_1500x1000.jpg 1500w, https:\/\/www.vacalia.com\/blog\/wp-content\/uploads\/2017\/11\/festa-lEstendard_1276682438_7636326_1500x1000-300x200.jpg 300w, https:\/\/www.vacalia.com\/blog\/wp-content\/uploads\/2017\/11\/festa-lEstendard_1276682438_7636326_1500x1000-768x512.jpg 768w, https:\/\/www.vacalia.com\/blog\/wp-content\/uploads\/2017\/11\/festa-lEstendard_1276682438_7636326_1500x1000-1024x683.jpg 1024w, https:\/\/www.vacalia.com\/blog\/wp-content\/uploads\/2017\/11\/festa-lEstendard_1276682438_7636326_1500x1000-1050x700.jpg 1050w\" sizes=\"(max-width: 900px) 100vw, 900px\" \/><\/a><figcaption id=\"caption-attachment-1014\" class=\"wp-caption-text\">Pic: Ara Balears<\/figcaption><\/figure>\n<p><strong>4.Segona Festa.<\/strong> El d\u00eda de San Esteban (26 de diciembre), muchos pueblos de Mallorca tienen festivo para celebrar lo que es conocido como la Segunda Fiesta.<\/p>\n<p>Muchas veces es imposible reunirse todos por Navidad, as\u00ed que se hacen dos d\u00edas de fiesta para poder dar descanso y m\u00e1s tiempo para pasar con la familia. Este d\u00eda es muy com\u00fan que las familias lo celebren yendo a ir a comer a un restaurante y saliendo a pasear o haciendo comidas en casa de los familiares con los que no pudieron celebrar el d\u00eda anterior.<\/p>\n<p><a href=\"https:\/\/www.vacalia.com\"><img loading=\"lazy\" decoding=\"async\" class=\"alignnone wp-image-1015\" src=\"https:\/\/www.vacalia.com\/blog\/wp-content\/uploads\/2017\/11\/table-fork-silverware-flower-restaurant-meal-151584-pxhere.com_.jpg\" alt=\"Navidad en Mallorca\" width=\"900\" height=\"695\" srcset=\"https:\/\/www.vacalia.com\/blog\/wp-content\/uploads\/2017\/11\/table-fork-silverware-flower-restaurant-meal-151584-pxhere.com_.jpg 1166w, https:\/\/www.vacalia.com\/blog\/wp-content\/uploads\/2017\/11\/table-fork-silverware-flower-restaurant-meal-151584-pxhere.com_-300x232.jpg 300w, https:\/\/www.vacalia.com\/blog\/wp-content\/uploads\/2017\/11\/table-fork-silverware-flower-restaurant-meal-151584-pxhere.com_-768x593.jpg 768w, https:\/\/www.vacalia.com\/blog\/wp-content\/uploads\/2017\/11\/table-fork-silverware-flower-restaurant-meal-151584-pxhere.com_-1024x790.jpg 1024w, https:\/\/www.vacalia.com\/blog\/wp-content\/uploads\/2017\/11\/table-fork-silverware-flower-restaurant-meal-151584-pxhere.com_-1050x810.jpg 1050w\" sizes=\"(max-width: 900px) 100vw, 900px\" \/><\/a><\/p>\n<p><strong>5.Fin de a\u00f1o.<\/strong> El fin de a\u00f1o en Mallorca es muy diferente del que seguramente viv\u00e1is en vuestro pa\u00eds de origen. Aqu\u00ed, y en el resto de Espa\u00f1a, la tradici\u00f3n manda que deben comerse 12 uvas mientras suenan las 12 campanadas que indican el cambio de a\u00f1o (una por campanada). Si se siguen estos pasos, el a\u00f1o pr\u00f3ximo augura buena suerte, y si no se consigue, ser\u00e1s uno de los desafortunados. Una vez han acabado las campanadas es t\u00edpico brindar con cava o champagne y suele haber fuegos artificiales.<\/p>\n<figure id=\"attachment_1016\" aria-describedby=\"caption-attachment-1016\" style=\"width: 900px\" class=\"wp-caption alignnone\"><a href=\"https:\/\/www.vacalia.com\"><img loading=\"lazy\" decoding=\"async\" class=\"wp-image-1016\" src=\"https:\/\/www.vacalia.com\/blog\/wp-content\/uploads\/2017\/11\/30121380a25013dmed.jpg\" alt=\"Navidad en Mallorca\" width=\"900\" height=\"587\" srcset=\"https:\/\/www.vacalia.com\/blog\/wp-content\/uploads\/2017\/11\/30121380a25013dmed.jpg 650w, https:\/\/www.vacalia.com\/blog\/wp-content\/uploads\/2017\/11\/30121380a25013dmed-300x196.jpg 300w\" sizes=\"(max-width: 900px) 100vw, 900px\" \/><\/a><figcaption id=\"caption-attachment-1016\" class=\"wp-caption-text\">Pic: Vanguardia<\/figcaption><\/figure>\n<h2 class=\"post-item__subtitle\">Navidades \u00fanicas para una familia \u00fanica<\/h2>\n<p>Sin duda, celebrar la Navidad en Mallorca es un plan que encantar\u00e1 a toda la familia, desde los m\u00e1s peque\u00f1os a los m\u00e1s grandes. Adem\u00e1s, podr\u00e9is ir a ver diferentes belenes creados de manera artesanal, asistir a conciertos navide\u00f1os y mucho m\u00e1s.<br \/>\nPero antes deb\u00e9is tener un lugar donde poder descansar como en casa, \u00bfverdad? Entonces mejor ir corriendo a echar un vistazo a <a href=\"https:\/\/www.vacalia.com\">nuestras fincas.<\/a><\/p>\n<p>\u00a1Os esperamos en la isla!<\/p>\n\n<div class=\"bannerBlog\"><div class=\"new-card-houses\">\n    <div class=\"likeOut likeDivOut\" style=\"display:none\">\n        <a data-id=\"1260\" class=\"likeOut_button_red likeBtnFav\"\n            aria-label=\"Megusta Vacalia\"><\/a>\n    <\/div>\n    <figure>\n        <img loading=\"lazy\" decoding=\"async\" \n            loading=\"lazy\" width=\"301\" height=\"200\"\n            src=\"\/\/media.vacalia.com\/photo\/reformatwebpfolder\/350\/200\/1260\/thumb-middle\/42-1-A1245LGM10.webp?v=21092023\"\n            alt=\"Finca s&#039;hort de conies - Alquiler vacacional en Manacor\"\/>\n                                                                        <div class=\"circleDiscount\">-19%<\/div>\n                        <\/figure>\n    <p itemprop=\"address\"><i class=\"ico-marker\"><\/i>Manacor, Mallorca<\/p>\n    <h3 itemprop=\"name\">Finca s&#039;hort de conies<\/h3>\n    <ul class=\"icon_list inline_list\">\n                              <li class=\"ico-pool\" title=\"Piscina\">\n              <span itemprop=\"amenityFeature\">Piscina<\/span>\n            <\/li>\n                      <li class=\"ico-airConditioning\" title=\"Aire Acondicionado\">\n              <span itemprop=\"amenityFeature\">Aire Acondicionado<\/span>\n            <\/li>\n                      <li class=\"ico-wifi\" title=\"Wifi\">\n              <span itemprop=\"amenityFeature\">Wifi<\/span>\n            <\/li>\n                      <li class=\"ico-pets\" title=\"Mascotas\">\n              <span itemprop=\"amenityFeature\">Mascotas<\/span>\n            <\/li>\n                          <li class=\"ico-guests\" title=\"Para 12 hu\u00e9spedes en Manacor.\">\n          <span itemprop=\"occupancy\">12<\/span>\n        <\/li>\n    <\/ul>\n            <span class=\"price\">Desde 711\u20ac \/ noche<\/span>\n                <a itemprop=\"url\" class=\"anchor\" href=\"https:\/\/www.vacalia.com\/es\/villa-finca-short-de-conies-manacor-h18446\" aria-label=\"Finca s&#039;hort de conies\"><\/a>\n<\/div><div class=\"new-card-houses\">\n    <div class=\"likeOut likeDivOut\" style=\"display:none\">\n        <a data-id=\"1396\" class=\"likeOut_button_red likeBtnFav\"\n            aria-label=\"Megusta Vacalia\"><\/a>\n    <\/div>\n    <figure>\n        <img loading=\"lazy\" decoding=\"async\" \n            loading=\"lazy\" width=\"301\" height=\"200\"\n            src=\"\/\/media.vacalia.com\/photo\/reformatwebpfolder\/350\/200\/1396\/thumb-middle\/1396_b344734ff95555a63999655a78edc07c.webp?v=21092023\"\n            alt=\"Casa lena - Alquiler vacacional en Portocolom\"\/>\n                                                                        <div class=\"circleDiscount\">-29%<\/div>\n                        <\/figure>\n    <p itemprop=\"address\"><i class=\"ico-marker\"><\/i>Portocolom, Mallorca<\/p>\n    <h3 itemprop=\"name\">Casa lena<\/h3>\n    <ul class=\"icon_list inline_list\">\n                              <li class=\"ico-pool\" title=\"Piscina\">\n              <span itemprop=\"amenityFeature\">Piscina<\/span>\n            <\/li>\n                      <li class=\"ico-wifi\" title=\"Wifi\">\n              <span itemprop=\"amenityFeature\">Wifi<\/span>\n            <\/li>\n                          <li class=\"ico-guests\" title=\"Para 6 hu\u00e9spedes en Portocolom.\">\n          <span itemprop=\"occupancy\">6<\/span>\n        <\/li>\n    <\/ul>\n            <span class=\"price\">Desde 123\u20ac \/ noche<\/span>\n                <a itemprop=\"url\" class=\"anchor\" href=\"https:\/\/www.vacalia.com\/es\/villa-casa-lena-felanitx-h16214\" aria-label=\"Casa lena\"><\/a>\n<\/div><\/div>\n","protected":false},"excerpt":{"rendered":"<p>La \u00e9poca de Navidades es preciosa se viva donde se viva. Si lo que quer\u00e9is es pasar la Navidad en Mallorca, de manera diferente en un ambiente m\u00e1s c\u00e1lido pero&hellip;<\/p>\n","protected":false},"author":2,"featured_media":0,"comment_status":"closed","ping_status":"open","sticky":false,"template":"","format":"standard","meta":{"_monsterinsights_skip_tracking":false,"_monsterinsights_sitenote_active":false,"_monsterinsights_sitenote_note":"","_monsterinsights_sitenote_category":0,"footnotes":""},"categories":[1],"tags":[],"class_list":["post-1004","post","type-post","status-publish","format-standard","hentry","category-general-es"],"_links":{"self":[{"href":"https:\/\/www.vacalia.com\/blog\/wp-json\/wp\/v2\/posts\/1004"}],"collection":[{"href":"https:\/\/www.vacalia.com\/blog\/wp-json\/wp\/v2\/posts"}],"about":[{"href":"https:\/\/www.vacalia.com\/blog\/wp-json\/wp\/v2\/types\/post"}],"author":[{"embeddable":true,"href":"https:\/\/www.vacalia.com\/blog\/wp-json\/wp\/v2\/users\/2"}],"replies":[{"embeddable":true,"href":"https:\/\/www.vacalia.com\/blog\/wp-json\/wp\/v2\/comments?post=1004"}],"version-history":[{"count":8,"href":"https:\/\/www.vacalia.com\/blog\/wp-json\/wp\/v2\/posts\/1004\/revisions"}],"predecessor-version":[{"id":4795,"href":"https:\/\/www.vacalia.com\/blog\/wp-json\/wp\/v2\/posts\/1004\/revisions\/4795"}],"wp:attachment":[{"href":"https:\/\/www.vacalia.com\/blog\/wp-json\/wp\/v2\/media?parent=1004"}],"wp:term":[{"taxonomy":"category","embeddable":true,"href":"https:\/\/www.vacalia.com\/blog\/wp-json\/wp\/v2\/categories?post=1004"},{"taxonomy":"post_tag","embeddable":true,"href":"https:\/\/www.vacalia.com\/blog\/wp-json\/wp\/v2\/tags?post=1004"}],"curies":[{"name":"wp","href":"https:\/\/api.w.org\/{rel}","templated":true}]}}