{"id":104,"date":"2017-03-06T15:21:07","date_gmt":"2017-03-06T15:21:07","guid":{"rendered":"https:\/\/www.vacalia.com\/blog\/?p=104"},"modified":"2024-02-14T11:43:45","modified_gmt":"2024-02-14T10:43:45","slug":"que-ver-en-mallorca-en-primavera","status":"publish","type":"post","link":"https:\/\/www.vacalia.com\/blog\/es\/que-ver-en-mallorca-en-primavera\/","title":{"rendered":"\u00bfQu\u00e9 ver en Mallorca en Primavera?"},"content":{"rendered":"<p style=\"text-align: justify;\">\u00bfMallorca en Primavera?<\/p>\n<p style=\"text-align: justify;\">Los almendros ya est\u00e1n dando sus frutos y el sol va aguantando cada d\u00eda unos minutos m\u00e1s para permitirnos disfrutar de las suaves temperaturas acompa\u00f1ados de un caf\u00e9 o una cerveza mientras estamos sentados en una coqueta terraza de alg\u00fan rinc\u00f3n mallorqu\u00edn.<\/p>\n<h2 class=\"post-item__subtitle\" style=\"text-align: justify;\"><a href=\"https:\/\/www.vacalia.com\"><img fetchpriority=\"high\" decoding=\"async\" class=\"aligncenter size-full wp-image-117\" src=\"https:\/\/www.vacalia.com\/blog\/wp-content\/uploads\/2017\/02\/mallorca-191967_960_720.jpg\" alt=\"Mallorca en Primavera\" width=\"960\" height=\"640\" srcset=\"https:\/\/www.vacalia.com\/blog\/wp-content\/uploads\/2017\/02\/mallorca-191967_960_720.jpg 960w, https:\/\/www.vacalia.com\/blog\/wp-content\/uploads\/2017\/02\/mallorca-191967_960_720-300x200.jpg 300w, https:\/\/www.vacalia.com\/blog\/wp-content\/uploads\/2017\/02\/mallorca-191967_960_720-768x512.jpg 768w\" sizes=\"(max-width: 960px) 100vw, 960px\" \/><\/a><\/h2>\n<p style=\"text-align: justify;\"><!--more--><\/p>\n<p style=\"text-align: justify;\">Eso, amigos, es lo que es\u00a0<strong>Mallorca en Primavera<\/strong>. Excursiones que nos permitan ver los campos m\u00e1s verdes, las cr\u00edas de animales y los cantos de los p\u00e1jaros que nos indican que estamos dejando atr\u00e1s el fr\u00edo invierno. Paseos interminables por las playas turquesas de la isla, o quien sabe, quiz\u00e1s una simple reuni\u00f3n con los amigos o familia sentados al lado de una peque\u00f1a cala que nos ofrece esa paz y tranquilidad que tanto llev\u00e1bamos esperando.<\/p>\n<p style=\"text-align: justify;\">Y es que no, no son s\u00f3lo los animales que salen del cascar\u00f3n los que se alegran de que tan bella estaci\u00f3n est\u00e9 al fin aqu\u00ed, sino tambi\u00e9n nosotros. Las personas tambi\u00e9n salimos de aquel cascar\u00f3n que llamamos \u201ccasa\u201d para empezar a disfrutar otra vez del exterior. Y es que la primavera tiene ese \u201cno se que\u201d que \u201cque se yo\u201d que hace que la risa se contagie y el amor empiece a dispararse de nuevo.<\/p>\n<p style=\"text-align: justify;\">Es por eso y mucho m\u00e1s que en este post queremos hablaros sobre todo aquello que pod\u00e9is descubrir de la isla en dicha estaci\u00f3n del a\u00f1o. T\u00fa preguntas, nosotros respondemos.<\/p>\n<h2 class=\"post-item__subtitle\" style=\"text-align: justify;\">\u00bfQu\u00e9 ver en Mallorca en Primavera?<\/h2>\n<p style=\"text-align: justify;\">Mallorca es una isla que carga ya con varias culturas a sus espaldas, lo cual favorece a que todo aquel que la visite se pueda deleitar con toneladas de historia. Una buena respuesta a \u201c<strong>qu\u00e9 ver en Mallorca en Primavera<\/strong>\u201d seria esa parte de cultura. Una mezcla entre antiguos tramos arqueol\u00f3gicos que nos ense\u00f1ar\u00e1n c\u00f3mo era la vida en la isla hace ya mucho tiempo, as\u00ed como antiguos santuarios y monasterios que nos revelar\u00e1n la cara religiosa que ha dejado huella en \u201cSa Roqueta\u201d.<\/p>\n<h2 class=\"post-item__subtitle\" style=\"text-align: justify;\">Monasterios, santuarios y bas\u00edlicas que ver en Mallorca en primavera<\/h2>\n<p style=\"text-align: justify;\">\u00bfQuieres conocer la parte m\u00e1s espiritual de nuestra isla?<\/p>\n<p style=\"text-align: justify;\"><a href=\"https:\/\/www.vacalia.com\"><img decoding=\"async\" class=\"aligncenter size-full wp-image-118\" src=\"https:\/\/www.vacalia.com\/blog\/wp-content\/uploads\/2017\/02\/lluc2.jpg\" alt=\"Mallorca en Primavera\" width=\"960\" height=\"720\" srcset=\"https:\/\/www.vacalia.com\/blog\/wp-content\/uploads\/2017\/02\/lluc2.jpg 960w, https:\/\/www.vacalia.com\/blog\/wp-content\/uploads\/2017\/02\/lluc2-300x225.jpg 300w, https:\/\/www.vacalia.com\/blog\/wp-content\/uploads\/2017\/02\/lluc2-768x576.jpg 768w\" sizes=\"(max-width: 960px) 100vw, 960px\" \/><\/a><\/p>\n<h3 class=\"post-item__subtitle\" style=\"text-align: justify;\">&#8211; Santuari de Nostra Senyora de Bonany<\/h3>\n<p style=\"text-align: justify;\">El Santuari de Nostra Senyora de Bonany se encuentra ubicado en <strong>Ariany<\/strong>, m\u00e1s concretamente en la cima del Puig de Bonany. La primera informaci\u00f3n que se supo sobre el Santuari data del 1606 en el oratorio del pastor. El santuario en cuesti\u00f3n tiene unas preciosas vistas a varios pueblos de Mallorca y una zona recreativa donde se puede ir a hacer un picnic con los amigos en donde encontraremos algunas mesas con bancos para sentarse.<\/p>\n<h3 class=\"post-item__subtitle\" style=\"text-align: justify;\">&#8211; Santuari de Lluc<\/h3>\n<p style=\"text-align: justify;\">Para empezar a describir este santuario queremos daros la pista de que Lluc proviene de Lucus, cuyo significado es \u201cbosque sagrado\u201d. El <strong>Santuario de Lluc<\/strong> que se encuentra en el municipio de <strong>Escorca<\/strong> rodeado de naturaleza. Frondosos bosques se funden con antiguas casas de apero y la visita de miles de turistas y locales que deciden visitarlo para descubrir m\u00e1s sobre las ra\u00edces de la isla, venerar su arquitectura, o simplemente respirar un poco de aire puro en medio de la calma que nos brinda esta localizaci\u00f3n.<\/p>\n<p style=\"text-align: justify;\">Las primeras noticias sobre la capilla datan del 1268, dado que ya se consideraba un lugar sagrado en aquellos tiempos. Hoy en d\u00eda es uno de los lugares de peregrinaje m\u00e1s populares de Mallorca.<\/p>\n<h3 class=\"post-item__subtitle\" style=\"text-align: justify;\">&#8211; Santuari de Cura<\/h3>\n<p style=\"text-align: justify;\">El Santuario de Cura es conocido por ser el lugar donde el Beato Ramon Llull recibi\u00f3 su iluminaci\u00f3n. En la cima del <strong>Puig de Randa<\/strong> encontramos esta maravilla religiosa que data del 1257 y en la cual encontraremos m\u00e1s de veinte cuevas que vale la pena visitar. Una curiosidad: el Puig de Randa puede verse desde casi toda Mallorca, sobretodo la gran \u201cbola blanca\u201d de su torre de electricidad.<\/p>\n<h3 class=\"post-item__subtitle\" style=\"text-align: justify;\">&#8211; Bas\u00edlica de Son Peret\u00f3<\/h3>\n<p style=\"text-align: justify;\">La <strong>Bas\u00edlica de Son Peret\u00f3<\/strong> fu\u00e9 un edificio religioso del per\u00edodo paleocristiano (entre s. V-VIII d.C.) que encontraremos entre Manacor y Sant Lloren\u00e7 de Cardassar. Este recinto podemos encontrar una bas\u00edlica que serv\u00eda como lugar de culto, un baptisterio, una negr\u00f3pilis y habitaciones unidas a la bas\u00edlica.<\/p>\n<h2 class=\"post-item__subtitle\" style=\"text-align: justify;\">El esplendor del Castell d\u2019Alar\u00f3<\/h2>\n<p style=\"text-align: justify;\">Desde lo m\u00e1s alto de <strong>Alar\u00f3<\/strong>, m\u00e1s concretamente a 882m de altura, encontramos unas vistas de esc\u00e1ndalo. La naturaleza en su m\u00e1ximo esplendor y las ruinas bien conservadas de lo que un d\u00eda fue una construcci\u00f3n militar que data del a\u00f1o 902 y de origen musulm\u00e1n que a\u00fan se mantiene con el nombre de <strong>Castell d&#8217;Alar\u00f3<\/strong>.<\/p>\n<p style=\"text-align: justify;\">Actualmente podemos visitarlo con una excursi\u00f3n de poca dificultad. Desde arriba\u00a0podremos ver gran parte de Mallorca, toda una experiencia para los amantes de la naturaleza.<\/p>\n<p style=\"text-align: justify;\"><a href=\"https:\/\/www.vacalia.com\"><img decoding=\"async\" class=\"aligncenter size-large wp-image-120\" src=\"https:\/\/www.vacalia.com\/blog\/wp-content\/uploads\/2017\/02\/1280px-Castell_dAlar\u00f3_Alar\u00f3_2012-09-04_15-38-57-1024x578.jpg\" alt=\"Mallorca en Primavera\" width=\"1024\" height=\"578\" srcset=\"https:\/\/www.vacalia.com\/blog\/wp-content\/uploads\/2017\/02\/1280px-Castell_dAlar\u00f3_Alar\u00f3_2012-09-04_15-38-57-1024x578.jpg 1024w, https:\/\/www.vacalia.com\/blog\/wp-content\/uploads\/2017\/02\/1280px-Castell_dAlar\u00f3_Alar\u00f3_2012-09-04_15-38-57-300x169.jpg 300w, https:\/\/www.vacalia.com\/blog\/wp-content\/uploads\/2017\/02\/1280px-Castell_dAlar\u00f3_Alar\u00f3_2012-09-04_15-38-57-768x433.jpg 768w, https:\/\/www.vacalia.com\/blog\/wp-content\/uploads\/2017\/02\/1280px-Castell_dAlar\u00f3_Alar\u00f3_2012-09-04_15-38-57-1050x592.jpg 1050w, https:\/\/www.vacalia.com\/blog\/wp-content\/uploads\/2017\/02\/1280px-Castell_dAlar\u00f3_Alar\u00f3_2012-09-04_15-38-57.jpg 1280w\" sizes=\"(max-width: 1024px) 100vw, 1024px\" \/><\/a><\/p>\n<h2 class=\"post-item__subtitle\" style=\"text-align: justify;\">Sa Foradada<\/h2>\n<p style=\"text-align: justify;\">Nos\u00a0dirigimos hasta el norte de Mallorca hasta llegar a\u00a0<strong>Dei\u00e0. <\/strong><\/p>\n<p style=\"text-align: justify;\">Cientos de\u00a0acantilados visten la cara mar\u00edtima de la S<strong>erra de Tramuntana<\/strong>. All\u00ed encontramos una peque\u00f1a pen\u00ednsula que desemboca en una roca agujereada que recibe por nombre \u201c<strong>Sa Foradada<\/strong>\u201d.<\/p>\n<p style=\"text-align: justify;\">Esta preciosa roca nos ense\u00f1a la direcci\u00f3n a mirar si queremos ver uno de los atardeceres m\u00e1s bonitos del mundo. El agua y el cielo se funden en uno. Un espect\u00e1culo que atrae la atenci\u00f3n de cada d\u00eda a decenas de visitantes que quieren vivir un momento especial que. Un momento que, sin duda, no tiene precio.<a href=\"https:\/\/www.vacalia.com\"><br \/>\n<\/a><\/p>\n<p style=\"text-align: justify;\"><a href=\"https:\/\/www.vacalia.com\"><img loading=\"lazy\" decoding=\"async\" class=\"size-large wp-image-215 aligncenter\" src=\"https:\/\/www.vacalia.com\/blog\/wp-content\/uploads\/2017\/03\/IMG_20170318_185017-1024x576.jpg\" alt=\"Sa Foradada\" width=\"1024\" height=\"576\" srcset=\"https:\/\/www.vacalia.com\/blog\/wp-content\/uploads\/2017\/03\/IMG_20170318_185017-1024x576.jpg 1024w, https:\/\/www.vacalia.com\/blog\/wp-content\/uploads\/2017\/03\/IMG_20170318_185017-300x169.jpg 300w, https:\/\/www.vacalia.com\/blog\/wp-content\/uploads\/2017\/03\/IMG_20170318_185017-768x432.jpg 768w, https:\/\/www.vacalia.com\/blog\/wp-content\/uploads\/2017\/03\/IMG_20170318_185017-1050x591.jpg 1050w, https:\/\/www.vacalia.com\/blog\/wp-content\/uploads\/2017\/03\/IMG_20170318_185017-1600x900.jpg 1600w\" sizes=\"(max-width: 1024px) 100vw, 1024px\" \/><\/a><\/p>\n<h2 class=\"post-item__subtitle\" style=\"text-align: justify;\">Tranv\u00eda y tren de S\u00f3ller<\/h2>\n<p style=\"text-align: justify;\"><strong>El Tren de S\u00f3ller<\/strong>\u00a0se caracteriza por ser uno de los trenes que sigue manteniendo el ancho de v\u00eda propio. Esto quiere decir que est\u00e1 gestionado por una empresa privada (Ferrocarrils de S\u00f3ller S.A.). \u00c9sto, juntamente con otras caracter\u00edsticas, es lo que le da el encanto que tiene. Sigue teniendo la misma maquinaria que el a\u00f1o de su inauguraci\u00f3n (1912) y conecta Palma con el pueblo de <strong>S\u00f3ller<\/strong>. Sin duda, un recorrido obligatorio al venir a Mallorca puesto que las vistas y la experiencia son, indudablemente, \u00fanicas.<\/p>\n<p style=\"text-align: justify;\">Por otra parte tambi\u00e9n encontramos el <strong>Tranv\u00eda de S\u00f3ller<\/strong>. Inaugurado en 1913, e igual que el tren, sigue manteniendo la misma infraestructura que en sus inicios.<\/p>\n<p style=\"text-align: justify;\">En este caso, su trayectoria es desde el pueblo de <strong>S\u00f3ller<\/strong> hasta el Puerto de S\u00f3ller. Tambi\u00e9n podremos ver con \u00e9l rincones escondidos del norte de Mallorca que seguro que nos sorprenden.<\/p>\n<p style=\"text-align: justify;\"><a href=\"https:\/\/www.vacalia.com\"><img loading=\"lazy\" decoding=\"async\" class=\"aligncenter size-full wp-image-121\" src=\"https:\/\/www.vacalia.com\/blog\/wp-content\/uploads\/2017\/02\/tren-de-s\u00f3ller.jpg\" alt=\"Tren de S\u00f3ller\" width=\"960\" height=\"701\" srcset=\"https:\/\/www.vacalia.com\/blog\/wp-content\/uploads\/2017\/02\/tren-de-s\u00f3ller.jpg 960w, https:\/\/www.vacalia.com\/blog\/wp-content\/uploads\/2017\/02\/tren-de-s\u00f3ller-300x219.jpg 300w, https:\/\/www.vacalia.com\/blog\/wp-content\/uploads\/2017\/02\/tren-de-s\u00f3ller-768x561.jpg 768w\" sizes=\"(max-width: 960px) 100vw, 960px\" \/><\/a><\/p>\n<h2 class=\"post-item__subtitle\" style=\"text-align: justify;\">\u00bfA\u00fan quieres saber m\u00e1s cosas que ver en Mallorca en Primavera?<\/h2>\n<p style=\"text-align: justify;\">\u00bfTe has quedado con las ganas de encontrar todav\u00eda m\u00e1s cosas <strong>que ver en Mallorca en Primavera?<\/strong> Te recomendamos que revises nuestra lista de posts con m\u00e1s recomendaciones \u00a1que seguro te encantar\u00e1n!<\/p>\n<p style=\"text-align: justify;\">Adem\u00e1s, no olvides revisar cuales son las <strong>fincas o villas en alquiler en Mallorca<\/strong>\u00a0 para disfrutar tus vacaciones. \u00bfQu\u00e9 tal una villa r\u00fastica?<\/p>\n<p style=\"text-align: justify;\">\u00a1<a href=\"https:\/\/www.vacalia.com\">Reserva ya<\/a>!<\/p>\n\n<div class=\"bannerBlog\"><div class=\"new-card-houses\">\n    <div class=\"likeOut likeDivOut\" style=\"display:none\">\n        <a data-id=\"1894\" class=\"likeOut_button_red likeBtnFav\"\n            aria-label=\"Megusta Vacalia\"><\/a>\n    <\/div>\n    <figure>\n        <img loading=\"lazy\" decoding=\"async\" \n            loading=\"lazy\" width=\"301\" height=\"200\"\n            src=\"\/\/media.vacalia.com\/photo\/reformatwebpfolder\/350\/200\/1894\/thumb-middle\/1894_fdbf728a977e419b35adb2615a396420.webp?v=21092023\"\n            alt=\"Sa cova (cova de rotana) - Alquiler vacacional en Manacor\"\/>\n                                                                        <div class=\"circleDiscount\">-7%<\/div>\n                        <\/figure>\n    <p itemprop=\"address\"><i class=\"ico-marker\"><\/i>Manacor, Mallorca<\/p>\n    <h3 itemprop=\"name\">Sa cova (cova de rotana)<\/h3>\n    <ul class=\"icon_list inline_list\">\n                              <li class=\"ico-pool\" title=\"Piscina\">\n              <span itemprop=\"amenityFeature\">Piscina<\/span>\n            <\/li>\n                      <li class=\"ico-airConditioning\" title=\"Aire Acondicionado\">\n              <span itemprop=\"amenityFeature\">Aire Acondicionado<\/span>\n            <\/li>\n                      <li class=\"ico-wifi\" title=\"Wifi\">\n              <span itemprop=\"amenityFeature\">Wifi<\/span>\n            <\/li>\n                      <li class=\"ico-pets\" title=\"Mascotas\">\n              <span itemprop=\"amenityFeature\">Mascotas<\/span>\n            <\/li>\n                          <li class=\"ico-guests\" title=\"Para 6 hu\u00e9spedes en Manacor.\">\n          <span itemprop=\"occupancy\">6<\/span>\n        <\/li>\n    <\/ul>\n            <span class=\"price\">Desde 128\u20ac \/ noche<\/span>\n                <a itemprop=\"url\" class=\"anchor\" href=\"https:\/\/www.vacalia.com\/es\/villa-sa-cova-cova-de-rotana-manacor-h17117\" aria-label=\"Sa cova (cova de rotana)\"><\/a>\n<\/div><div class=\"new-card-houses\">\n    <div class=\"likeOut likeDivOut\" style=\"display:none\">\n        <a data-id=\"4612\" class=\"likeOut_button_red likeBtnFav\"\n            aria-label=\"Megusta Vacalia\"><\/a>\n    <\/div>\n    <figure>\n        <img loading=\"lazy\" decoding=\"async\" \n            loading=\"lazy\" width=\"301\" height=\"200\"\n            src=\"\/\/media.vacalia.com\/photo\/reformatwebpfolder\/350\/200\/4612\/thumb-middle\/4612_3ab3e84a252485987b4a0cbb233ac1a0.webp?v=21092023\"\n            alt=\"Calamari - Alquiler vacacional en Felanitx\"\/>\n                                                                        <div class=\"circleDiscount\">-9%<\/div>\n                        <\/figure>\n    <p itemprop=\"address\"><i class=\"ico-marker\"><\/i>Felanitx, Mallorca<\/p>\n    <h3 itemprop=\"name\">Calamari<\/h3>\n    <ul class=\"icon_list inline_list\">\n                              <li class=\"ico-pool\" title=\"Piscina\">\n              <span itemprop=\"amenityFeature\">Piscina<\/span>\n            <\/li>\n                      <li class=\"ico-airConditioning\" title=\"Aire Acondicionado\">\n              <span itemprop=\"amenityFeature\">Aire Acondicionado<\/span>\n            <\/li>\n                      <li class=\"ico-wifi\" title=\"Wifi\">\n              <span itemprop=\"amenityFeature\">Wifi<\/span>\n            <\/li>\n                          <li class=\"ico-guests\" title=\"Para 6 hu\u00e9spedes en Felanitx.\">\n          <span itemprop=\"occupancy\">6<\/span>\n        <\/li>\n    <\/ul>\n            <span class=\"price\">Desde 172\u20ac \/ noche<\/span>\n                <a itemprop=\"url\" class=\"anchor\" href=\"https:\/\/www.vacalia.com\/es\/villa-calamari-felanitx-h26987\" aria-label=\"Calamari\"><\/a>\n<\/div><\/div>\n","protected":false},"excerpt":{"rendered":"<p>\u00bfMallorca en Primavera? Los almendros ya est\u00e1n dando sus frutos y el sol va aguantando cada d\u00eda unos minutos m\u00e1s para permitirnos disfrutar de las suaves temperaturas acompa\u00f1ados de un&hellip;<\/p>\n","protected":false},"author":2,"featured_media":0,"comment_status":"closed","ping_status":"open","sticky":false,"template":"","format":"standard","meta":{"_monsterinsights_skip_tracking":false,"_monsterinsights_sitenote_active":false,"_monsterinsights_sitenote_note":"","_monsterinsights_sitenote_category":0,"footnotes":""},"categories":[1],"tags":[],"class_list":["post-104","post","type-post","status-publish","format-standard","hentry","category-general-es"],"_links":{"self":[{"href":"https:\/\/www.vacalia.com\/blog\/wp-json\/wp\/v2\/posts\/104"}],"collection":[{"href":"https:\/\/www.vacalia.com\/blog\/wp-json\/wp\/v2\/posts"}],"about":[{"href":"https:\/\/www.vacalia.com\/blog\/wp-json\/wp\/v2\/types\/post"}],"author":[{"embeddable":true,"href":"https:\/\/www.vacalia.com\/blog\/wp-json\/wp\/v2\/users\/2"}],"replies":[{"embeddable":true,"href":"https:\/\/www.vacalia.com\/blog\/wp-json\/wp\/v2\/comments?post=104"}],"version-history":[{"count":14,"href":"https:\/\/www.vacalia.com\/blog\/wp-json\/wp\/v2\/posts\/104\/revisions"}],"predecessor-version":[{"id":4812,"href":"https:\/\/www.vacalia.com\/blog\/wp-json\/wp\/v2\/posts\/104\/revisions\/4812"}],"wp:attachment":[{"href":"https:\/\/www.vacalia.com\/blog\/wp-json\/wp\/v2\/media?parent=104"}],"wp:term":[{"taxonomy":"category","embeddable":true,"href":"https:\/\/www.vacalia.com\/blog\/wp-json\/wp\/v2\/categories?post=104"},{"taxonomy":"post_tag","embeddable":true,"href":"https:\/\/www.vacalia.com\/blog\/wp-json\/wp\/v2\/tags?post=104"}],"curies":[{"name":"wp","href":"https:\/\/api.w.org\/{rel}","templated":true}]}}