{"id":1047,"date":"2017-12-14T12:30:02","date_gmt":"2017-12-14T12:30:02","guid":{"rendered":"https:\/\/www.vacalia.com\/blog\/?p=1047"},"modified":"2024-02-14T11:29:19","modified_gmt":"2024-02-14T10:29:19","slug":"mercadillos-de-navidad-en-mallorca","status":"publish","type":"post","link":"https:\/\/www.vacalia.com\/blog\/es\/mercadillos-de-navidad-en-mallorca\/","title":{"rendered":"Mercadillos de Navidad en Mallorca"},"content":{"rendered":"<p>La Navidad en Mallorca es un acontecimiento precioso, y m\u00e1s a sabiendas de que Mallorca se est\u00e1 convirtiendo poco a poco en todo un centro de globalizaci\u00f3n.<\/p>\n<figure id=\"attachment_1048\" aria-describedby=\"caption-attachment-1048\" style=\"width: 1024px\" class=\"wp-caption aligncenter\"><a href=\"https:\/\/www.vacalia.com\"><img fetchpriority=\"high\" decoding=\"async\" class=\"wp-image-1048 size-large\" src=\"https:\/\/www.vacalia.com\/blog\/wp-content\/uploads\/2017\/12\/efespsix707072-e1513254094520-1024x495.jpg\" alt=\"Mercadillos de Navidad en Mallorca\" width=\"1024\" height=\"495\" srcset=\"https:\/\/www.vacalia.com\/blog\/wp-content\/uploads\/2017\/12\/efespsix707072-e1513254094520-1024x495.jpg 1024w, https:\/\/www.vacalia.com\/blog\/wp-content\/uploads\/2017\/12\/efespsix707072-e1513254094520-300x145.jpg 300w, https:\/\/www.vacalia.com\/blog\/wp-content\/uploads\/2017\/12\/efespsix707072-e1513254094520-768x371.jpg 768w, https:\/\/www.vacalia.com\/blog\/wp-content\/uploads\/2017\/12\/efespsix707072-e1513254094520-1050x508.jpg 1050w, https:\/\/www.vacalia.com\/blog\/wp-content\/uploads\/2017\/12\/efespsix707072-e1513254094520-1600x774.jpg 1600w\" sizes=\"(max-width: 1024px) 100vw, 1024px\" \/><\/a><figcaption id=\"caption-attachment-1048\" class=\"wp-caption-text\">Imagen: https:\/\/www.efeestilo.com<\/figcaption><\/figure>\n<p><!--more--><\/p>\n<p>De cada vez m\u00e1s personas de alrededor de Europa y otras partes del mundo descubren nuestro rinconcito mediterr\u00e1neo y deciden venir a vivir aqu\u00ed. Adem\u00e1s, si a ello le sumamos que las Navidades son una \u00e9poca para vivir en familia y que son muchos de sus seres m\u00e1s queridos que se desplazan hasta Mallorca para visitarlos, tenemos la combinaci\u00f3n perfecta para los mercadillos de navidad en Mallorca.<\/p>\n<p>Estos mercadillos tienen inspiraci\u00f3n centro-europea y podr\u00e9is encontrar en ellos todo tipo de detalles artesanales que seguro que os encantan como por ejemplo pistas de hielo, vino caliente, velas, sweaters navide\u00f1os, decoraci\u00f3n para casa&#8230; \u00bfQue cu\u00e1les son?<\/p>\n<h2 class=\"post-item__subtitle\">Estos son los 3 principales Mercadillos de Navidad en Mallorca<\/h2>\n<h3 class=\"post-item__subtitle\">1.Christmas Market Alar\u00f3 | Mercadillos de Navidad en Mallorca<\/h3>\n<p>El encantador pueblo de Alar\u00f3 se encuentra situado en una valle justo a la entrada de la Serra de Tramuntana. Este pueblecito tiene un toque medieval y muy encantador, especialmente en invierno, ya que al encontrarse en una zona monta\u00f1osa suele resultar muy acogedor.<\/p>\n<figure id=\"attachment_1050\" aria-describedby=\"caption-attachment-1050\" style=\"width: 1000px\" class=\"wp-caption aligncenter\"><a href=\"https:\/\/www.vacalia.com\"><img decoding=\"async\" class=\"wp-image-1050\" src=\"https:\/\/www.vacalia.com\/blog\/wp-content\/uploads\/2017\/12\/christmas-market-alaro-img1.jpg\" alt=\"Mercadillos de Navidad en Mallorca\" width=\"1000\" height=\"532\" srcset=\"https:\/\/www.vacalia.com\/blog\/wp-content\/uploads\/2017\/12\/christmas-market-alaro-img1.jpg 620w, https:\/\/www.vacalia.com\/blog\/wp-content\/uploads\/2017\/12\/christmas-market-alaro-img1-300x160.jpg 300w\" sizes=\"(max-width: 1000px) 100vw, 1000px\" \/><\/a><figcaption id=\"caption-attachment-1050\" class=\"wp-caption-text\">Imagen: www.abc-mallorca.com<\/figcaption><\/figure>\n<p>Los d\u00edas 16 y 17 de diciembre acoger\u00e1 otro a\u00f1o m\u00e1s su Christmas Market, el cual podremos encontrar durante todo el transcurso de las calles del centro del pueblo. En \u00e9l habr\u00e1 todo tipo de paradas de artesan\u00eda creada con todo lujo de detalles navide\u00f1os, adem\u00e1s de actividades para toda la familia, que ir\u00e1n desde conciertos o batukadas hasta fuegos artificiales.<br \/>Podr\u00e9is encontrar m\u00e1s informaci\u00f3n en la p\u00e1gina de Facebook del evento: <a href=\"https:\/\/www.facebook.com\/alaro.christmas\/\" target=\"_blank\" rel=\"noopener\">https:\/\/www.facebook.com\/alaro.christmas\/<\/a><\/p>\n<h3 class=\"post-item__subtitle\">2.Christmas Market Santa Pon\u00e7a<\/h3>\n<p>Desde el 25 de noviembre hasta el 17 de diciembre en el recinto ferial El Mollino de Calvi\u00e0 podr\u00e9is encontrar el anual Christmas Market de Santa Pon\u00e7a. Este encuentro se est\u00e1 volviendo cada vez m\u00e1s popular entre los asistentes y este a\u00f1o cuenta con la mayor exposici\u00f3n de Lego de Mallorca para que los m\u00e1s peque\u00f1os puedan jugar.<\/p>\n<figure id=\"attachment_1051\" aria-describedby=\"caption-attachment-1051\" style=\"width: 1024px\" class=\"wp-caption aligncenter\"><a href=\"https:\/\/www.vacalia.com\"><img decoding=\"async\" class=\"size-large wp-image-1051\" src=\"https:\/\/www.vacalia.com\/blog\/wp-content\/uploads\/2017\/12\/24254780_1650626234959281_1399160215632761343_o-1024x663.jpg\" alt=\"Mercadillos de Navidad en Mallorca\" width=\"1024\" height=\"663\" srcset=\"https:\/\/www.vacalia.com\/blog\/wp-content\/uploads\/2017\/12\/24254780_1650626234959281_1399160215632761343_o-1024x663.jpg 1024w, https:\/\/www.vacalia.com\/blog\/wp-content\/uploads\/2017\/12\/24254780_1650626234959281_1399160215632761343_o-300x194.jpg 300w, https:\/\/www.vacalia.com\/blog\/wp-content\/uploads\/2017\/12\/24254780_1650626234959281_1399160215632761343_o-768x497.jpg 768w, https:\/\/www.vacalia.com\/blog\/wp-content\/uploads\/2017\/12\/24254780_1650626234959281_1399160215632761343_o-1050x680.jpg 1050w, https:\/\/www.vacalia.com\/blog\/wp-content\/uploads\/2017\/12\/24254780_1650626234959281_1399160215632761343_o.jpg 1280w\" sizes=\"(max-width: 1024px) 100vw, 1024px\" \/><\/a><figcaption id=\"caption-attachment-1051\" class=\"wp-caption-text\">Imagen: www.enteratedealgo.com<\/figcaption><\/figure>\n<p>Adem\u00e1s tambi\u00e9n encontrar\u00e9is muchas casitetas de madera donde podr\u00e9is comprar los \u00faltimos adornos para la Navidad perfecta y mucha comida y bebida t\u00edpicas de Navidad y de Centro-Europa.<br \/>Para m\u00e1s informaci\u00f3n pod\u00e9is visitar su p\u00e1gina de Facebook aqu\u00ed: <a href=\"https:\/\/www.facebook.com\/WaffelnWeihnachtsmarktMallorca\/\" target=\"_blank\" rel=\"noopener\">https:\/\/www.facebook.com\/WaffelnWeihnachtsmarktMallorca\/<\/a><\/p>\n<h3 class=\"post-item__subtitle\">3.Christmas Market Porto Portals<\/h3>\n<p>El Christmas Market de Porto Portals ha estado nombrado por el diario alem\u00e1n Die Welt como el 5\u00ba mejor Mercadillo de Navidad de Europa, eso quiere decir algo, \u00bfverdad?<br \/>Y es que no es de extra\u00f1ar. Encontrar\u00e9is un aut\u00e9ntico ambiente tradicional centro-europeo con muchas casetas de madera totalmente navide\u00f1as, dulces, salados y bebidas t\u00edpicas y un amplio abanico de posibilidades para hacer los regalos de navidad.<\/p>\n<figure id=\"attachment_1052\" aria-describedby=\"caption-attachment-1052\" style=\"width: 1024px\" class=\"wp-caption aligncenter\"><a href=\"https:\/\/www.vacalia.com\"><img loading=\"lazy\" decoding=\"async\" class=\"size-large wp-image-1052\" src=\"https:\/\/www.vacalia.com\/blog\/wp-content\/uploads\/2017\/12\/preseleccion_christmas_market_2016_0003_1482237352-1024x683.jpg\" alt=\"Mercadillos de Navidad en Mallorca\" width=\"1024\" height=\"683\" srcset=\"https:\/\/www.vacalia.com\/blog\/wp-content\/uploads\/2017\/12\/preseleccion_christmas_market_2016_0003_1482237352-1024x683.jpg 1024w, https:\/\/www.vacalia.com\/blog\/wp-content\/uploads\/2017\/12\/preseleccion_christmas_market_2016_0003_1482237352-300x200.jpg 300w, https:\/\/www.vacalia.com\/blog\/wp-content\/uploads\/2017\/12\/preseleccion_christmas_market_2016_0003_1482237352-768x512.jpg 768w, https:\/\/www.vacalia.com\/blog\/wp-content\/uploads\/2017\/12\/preseleccion_christmas_market_2016_0003_1482237352-1050x700.jpg 1050w, https:\/\/www.vacalia.com\/blog\/wp-content\/uploads\/2017\/12\/preseleccion_christmas_market_2016_0003_1482237352.jpg 1200w\" sizes=\"(max-width: 1024px) 100vw, 1024px\" \/><\/a><figcaption id=\"caption-attachment-1052\" class=\"wp-caption-text\">Imagen: https:\/\/www.puertoportals.com<\/figcaption><\/figure>\n<p>Adem\u00e1s tambi\u00e9n cuenta con una preciosa pista de hielo, conciertos, circo, Santa Claus, Photocall, talleres, y muchas cosas m\u00e1s.<br \/>Si quer\u00e9is m\u00e1s informaci\u00f3n podr\u00e9is encontrarla en su web: <a href=\"https:\/\/www.puertoportals.com\/es\/christmas-market-es.html\" target=\"_blank\" rel=\"noopener\">https:\/\/www.puertoportals.com\/es\/christmas-market-es.html<\/a><\/p>\n<p>Sin duda estos son los Mercadillos de Navidad en Mallorca que todav\u00eda podr\u00e9is visitar y que os van a encantar. \u00a1Nos vemos en alguno de ellos!<\/p>\n<p>Pero antes de nada, primero tendr\u00e9is que venir. Os recomendamos que ech\u00e9is un vistazo a <a href=\"https:\/\/www.vacalia.com\">nuestras propiedades<\/a> en las cuales seguro que disfrutar\u00e9is de una magn\u00edfica Navidad en Mallorca.<\/p>\n\n<div class=\"bannerBlog\"><div class=\"new-card-houses\">\n    <div class=\"likeOut likeDivOut\" style=\"display:none\">\n        <a data-id=\"2710\" class=\"likeOut_button_red likeBtnFav\"\n            aria-label=\"Megusta Vacalia\"><\/a>\n    <\/div>\n    <figure>\n        <img loading=\"lazy\" decoding=\"async\" \n            loading=\"lazy\" width=\"301\" height=\"200\"\n            src=\"\/\/media.vacalia.com\/photo\/reformatwebpfolder\/350\/200\/2710\/thumb-middle\/2710_f3ab520931dbfbab72fc909d6cecf584.webp?v=21092023\"\n            alt=\"Gina - Alquiler vacacional en Algaida\"\/>\n                                                                        <div class=\"circleDiscount\">-29%<\/div>\n                        <\/figure>\n    <p itemprop=\"address\"><i class=\"ico-marker\"><\/i>Algaida, Mallorca<\/p>\n    <h3 itemprop=\"name\">Gina<\/h3>\n    <ul class=\"icon_list inline_list\">\n                              <li class=\"ico-pool\" title=\"Piscina\">\n              <span itemprop=\"amenityFeature\">Piscina<\/span>\n            <\/li>\n                      <li class=\"ico-airConditioning\" title=\"Aire Acondicionado\">\n              <span itemprop=\"amenityFeature\">Aire Acondicionado<\/span>\n            <\/li>\n                      <li class=\"ico-wifi\" title=\"Wifi\">\n              <span itemprop=\"amenityFeature\">Wifi<\/span>\n            <\/li>\n                          <li class=\"ico-guests\" title=\"Para 8 hu\u00e9spedes en Algaida.\">\n          <span itemprop=\"occupancy\">8<\/span>\n        <\/li>\n    <\/ul>\n            <span class=\"price\">Desde 164\u20ac \/ noche<\/span>\n                <a itemprop=\"url\" class=\"anchor\" href=\"https:\/\/www.vacalia.com\/es\/villa-gina-algaida-h19010\" aria-label=\"Gina\"><\/a>\n<\/div><div class=\"new-card-houses\">\n    <div class=\"likeOut likeDivOut\" style=\"display:none\">\n        <a data-id=\"2511\" class=\"likeOut_button_red likeBtnFav\"\n            aria-label=\"Megusta Vacalia\"><\/a>\n    <\/div>\n    <figure>\n        <img loading=\"lazy\" decoding=\"async\" \n            loading=\"lazy\" width=\"301\" height=\"200\"\n            src=\"\/\/media.vacalia.com\/photo\/reformatwebpfolder\/350\/200\/2511\/thumb-middle\/2511_74d830576d1a3b50394cf787599e5716.webp?v=21092023\"\n            alt=\"Can diana - Alquiler vacacional en Campanet\"\/>\n                                                                        <div class=\"circleDiscount\">-7%<\/div>\n                        <\/figure>\n    <p itemprop=\"address\"><i class=\"ico-marker\"><\/i>Campanet, Mallorca<\/p>\n    <h3 itemprop=\"name\">Can diana<\/h3>\n    <ul class=\"icon_list inline_list\">\n                              <li class=\"ico-pool\" title=\"Piscina\">\n              <span itemprop=\"amenityFeature\">Piscina<\/span>\n            <\/li>\n                      <li class=\"ico-airConditioning\" title=\"Aire Acondicionado\">\n              <span itemprop=\"amenityFeature\">Aire Acondicionado<\/span>\n            <\/li>\n                      <li class=\"ico-wifi\" title=\"Wifi\">\n              <span itemprop=\"amenityFeature\">Wifi<\/span>\n            <\/li>\n                          <li class=\"ico-guests\" title=\"Para 6 hu\u00e9spedes en Campanet.\">\n          <span itemprop=\"occupancy\">6<\/span>\n        <\/li>\n    <\/ul>\n            <span class=\"price\">Desde 127\u20ac \/ noche<\/span>\n                <a itemprop=\"url\" class=\"anchor\" href=\"https:\/\/www.vacalia.com\/es\/villa-can-diana-campanet-h18383\" aria-label=\"Can diana\"><\/a>\n<\/div><\/div>\n","protected":false},"excerpt":{"rendered":"<p>La Navidad en Mallorca es un acontecimiento precioso, y m\u00e1s a sabiendas de que Mallorca se est\u00e1 convirtiendo poco a poco en todo un centro de globalizaci\u00f3n.<\/p>\n","protected":false},"author":2,"featured_media":0,"comment_status":"closed","ping_status":"open","sticky":false,"template":"","format":"standard","meta":{"_monsterinsights_skip_tracking":false,"_monsterinsights_sitenote_active":false,"_monsterinsights_sitenote_note":"","_monsterinsights_sitenote_category":0,"footnotes":""},"categories":[1],"tags":[],"class_list":["post-1047","post","type-post","status-publish","format-standard","hentry","category-general-es"],"_links":{"self":[{"href":"https:\/\/www.vacalia.com\/blog\/wp-json\/wp\/v2\/posts\/1047"}],"collection":[{"href":"https:\/\/www.vacalia.com\/blog\/wp-json\/wp\/v2\/posts"}],"about":[{"href":"https:\/\/www.vacalia.com\/blog\/wp-json\/wp\/v2\/types\/post"}],"author":[{"embeddable":true,"href":"https:\/\/www.vacalia.com\/blog\/wp-json\/wp\/v2\/users\/2"}],"replies":[{"embeddable":true,"href":"https:\/\/www.vacalia.com\/blog\/wp-json\/wp\/v2\/comments?post=1047"}],"version-history":[{"count":6,"href":"https:\/\/www.vacalia.com\/blog\/wp-json\/wp\/v2\/posts\/1047\/revisions"}],"predecessor-version":[{"id":4794,"href":"https:\/\/www.vacalia.com\/blog\/wp-json\/wp\/v2\/posts\/1047\/revisions\/4794"}],"wp:attachment":[{"href":"https:\/\/www.vacalia.com\/blog\/wp-json\/wp\/v2\/media?parent=1047"}],"wp:term":[{"taxonomy":"category","embeddable":true,"href":"https:\/\/www.vacalia.com\/blog\/wp-json\/wp\/v2\/categories?post=1047"},{"taxonomy":"post_tag","embeddable":true,"href":"https:\/\/www.vacalia.com\/blog\/wp-json\/wp\/v2\/tags?post=1047"}],"curies":[{"name":"wp","href":"https:\/\/api.w.org\/{rel}","templated":true}]}}