{"id":1068,"date":"2017-12-15T14:59:20","date_gmt":"2017-12-15T14:59:20","guid":{"rendered":"https:\/\/www.vacalia.com\/blog\/?p=1068"},"modified":"2024-02-14T11:53:45","modified_gmt":"2024-02-14T10:53:45","slug":"christmas-markets-in-mallorca-2","status":"publish","type":"post","link":"https:\/\/www.vacalia.com\/blog\/en\/christmas-markets-in-mallorca-2\/","title":{"rendered":"Christmas Markets in Mallorca"},"content":{"rendered":"<p>Christmas in Mallorca is magic. The streets are filled with christmas decorations, lights and a lot of love. Besides of it all, it&#8217;s known that Mallorca is becoming a globalized island which means there&#8217;re people from everywhere.<\/p>\n<figure id=\"attachment_1066\" aria-describedby=\"caption-attachment-1066\" style=\"width: 1024px\" class=\"wp-caption aligncenter\"><a href=\"https:\/\/www.vacalia.com\"><img fetchpriority=\"high\" decoding=\"async\" class=\"wp-image-1066 size-large\" title=\"Christmas Markets in Mallorca\" src=\"https:\/\/www.vacalia.com\/blog\/wp-content\/uploads\/2017\/12\/efespsix707072-2-e1513349465423-1024x474.jpg\" alt=\"Christmas Markets in Mallorca\" width=\"1024\" height=\"474\" srcset=\"https:\/\/www.vacalia.com\/blog\/wp-content\/uploads\/2017\/12\/efespsix707072-2-e1513349465423-1024x474.jpg 1024w, https:\/\/www.vacalia.com\/blog\/wp-content\/uploads\/2017\/12\/efespsix707072-2-e1513349465423-300x139.jpg 300w, https:\/\/www.vacalia.com\/blog\/wp-content\/uploads\/2017\/12\/efespsix707072-2-e1513349465423-768x355.jpg 768w, https:\/\/www.vacalia.com\/blog\/wp-content\/uploads\/2017\/12\/efespsix707072-2-e1513349465423-1050x486.jpg 1050w, https:\/\/www.vacalia.com\/blog\/wp-content\/uploads\/2017\/12\/efespsix707072-2-e1513349465423-1600x740.jpg 1600w\" sizes=\"(max-width: 1024px) 100vw, 1024px\" \/><\/a><figcaption id=\"caption-attachment-1066\" class=\"wp-caption-text\">Pic: https:\/\/www.efeestilo.com<\/figcaption><\/figure>\n<p><!--more--><\/p>\n<p>Everytime more people from all around Europe and other places around the world discover our small Mediterranean paradise and decide to come to live here. Besides, if we add that Christmas is a time of the year to live sorrounded by the family and that many of your relatives will come to the island to visit you, we&#8217;ve the perfect combo to introduce you to the Christmas Markets in Mallorca.<\/p>\n<p>These lovely Christmas Markets are inspired by the Central European countries and in them you&#8217;ll be able to find all kind of hand-made crafts that you&#8217;ll love for sure such as an ice skating ring, candles, christmas sweaters, home decor&#8230;. So, which are them?<\/p>\n<h2 class=\"post-item__subtitle\">Those are the 3 main Christmas Markets in Mallorca<\/h2>\n<p>1. Christmas Market Alar\u00f3. Alar\u00f3 is a lovely Majorcan town located in a vail right in the Serra de Tramuntana&#8217;s entrance. This small town has a medieval and really charming touch, specially in winter due to its location . When it comes to mountains and magic, it all goes hand by hand.\u00a0 On Dec. 16th and 17th, Alar\u00f3 will host again its Christmas Market, which we&#8217;ll be able to enjoy in every cetric street. There&#8217;ll be all kind of hand made christmas decorations, besides from all kind of Family Activities that&#8217;ll go from Batucadas to Fireworks. You can find more information in their Facebook page:\u00a0<a href=\"https:\/\/www.facebook.com\/alaro.christmas\/\" target=\"_blank\" rel=\"noopener\">https:\/\/www.facebook.com\/alaro.christmas\/<\/a>.<\/p>\n<figure id=\"attachment_1065\" aria-describedby=\"caption-attachment-1065\" style=\"width: 1000px\" class=\"wp-caption aligncenter\"><a href=\"https:\/\/www.vacalia.com\"><img decoding=\"async\" class=\"wp-image-1065\" src=\"https:\/\/www.vacalia.com\/blog\/wp-content\/uploads\/2017\/12\/christmas-market-alaro-img1-2.jpg\" alt=\"Christmas Markets in Mallorca\" width=\"1000\" height=\"532\" srcset=\"https:\/\/www.vacalia.com\/blog\/wp-content\/uploads\/2017\/12\/christmas-market-alaro-img1-2.jpg 620w, https:\/\/www.vacalia.com\/blog\/wp-content\/uploads\/2017\/12\/christmas-market-alaro-img1-2-300x160.jpg 300w\" sizes=\"(max-width: 1000px) 100vw, 1000px\" \/><\/a><figcaption id=\"caption-attachment-1065\" class=\"wp-caption-text\">Pic: www.abc-mallorca.com<\/figcaption><\/figure>\n<p>2. Christmas Market Santa Pon\u00e7a. From Nov. 25th until Dec. 17th in the fairground El Molino de Calvi\u00e0 you&#8217;ll be able to find Santa Pon\u00e7a&#8217;s annual Christmas Market. This market is becoming more and more popular each year and, this year in concreete, it&#8217;s hosting the biggest Lego exposition from all over Mallorca so the kids can play. Besides you&#8217;ll also find many wooden sheds where to buy the last Christmas decor, a lot of classic foods and beverages. For further information you can check their Facebook Page:\u00a0<a href=\"https:\/\/www.facebook.com\/WaffelnWeihnachtsmarktMallorca\/\" target=\"_blank\" rel=\"noopener\">https:\/\/www.facebook.com\/WaffelnWeihnachtsmarktMallorca\/<\/a><\/p>\n<figure id=\"attachment_1064\" aria-describedby=\"caption-attachment-1064\" style=\"width: 1024px\" class=\"wp-caption aligncenter\"><a href=\"https:\/\/www.vacalia.com\"><img decoding=\"async\" class=\"size-large wp-image-1064\" src=\"https:\/\/www.vacalia.com\/blog\/wp-content\/uploads\/2017\/12\/24254780_1650626234959281_1399160215632761343_o-2-1024x663.jpg\" alt=\"Christmas Markets in Mallorca\" width=\"1024\" height=\"663\" srcset=\"https:\/\/www.vacalia.com\/blog\/wp-content\/uploads\/2017\/12\/24254780_1650626234959281_1399160215632761343_o-2-1024x663.jpg 1024w, https:\/\/www.vacalia.com\/blog\/wp-content\/uploads\/2017\/12\/24254780_1650626234959281_1399160215632761343_o-2-300x194.jpg 300w, https:\/\/www.vacalia.com\/blog\/wp-content\/uploads\/2017\/12\/24254780_1650626234959281_1399160215632761343_o-2-768x497.jpg 768w, https:\/\/www.vacalia.com\/blog\/wp-content\/uploads\/2017\/12\/24254780_1650626234959281_1399160215632761343_o-2-1050x680.jpg 1050w, https:\/\/www.vacalia.com\/blog\/wp-content\/uploads\/2017\/12\/24254780_1650626234959281_1399160215632761343_o-2.jpg 1280w\" sizes=\"(max-width: 1024px) 100vw, 1024px\" \/><\/a><figcaption id=\"caption-attachment-1064\" class=\"wp-caption-text\">Pic: www.enteratedealgo.com<\/figcaption><\/figure>\n<p>3. Christmas Market Puerto Portals. This Christmas Market has been announced as the 5th best European Christmas Market by the German newspaper Die Welt and that must mean something, right? And no wonder, actually. You&#8217;ll find an authentic traditional Center European environment and many Christmas decored wooden sheds, sweets and trafitional foods and beverages. Besides, there&#8217;re also a lovely ice skating ring, concerts, a circus, Santa Claus, Photocall and a lot of other activities. If you&#8217;d like to get more info about it, go check their website:\u00a0<a href=\"https:\/\/www.puertoportals.com\/es\/christmas-market-es.html\" target=\"_blank\" rel=\"noopener\">https:\/\/www.puertoportals.com\/es\/christmas-market-es.html<\/a><\/p>\n<figure id=\"attachment_1063\" aria-describedby=\"caption-attachment-1063\" style=\"width: 1024px\" class=\"wp-caption aligncenter\"><a href=\"https:\/\/www.vacalia.com\"><img loading=\"lazy\" decoding=\"async\" class=\"size-large wp-image-1063\" src=\"https:\/\/www.vacalia.com\/blog\/wp-content\/uploads\/2017\/12\/preseleccion_christmas_market_2016_0003_1482237352-2-1024x683.jpg\" alt=\"Christmas Markets in Mallorca\" width=\"1024\" height=\"683\" srcset=\"https:\/\/www.vacalia.com\/blog\/wp-content\/uploads\/2017\/12\/preseleccion_christmas_market_2016_0003_1482237352-2-1024x683.jpg 1024w, https:\/\/www.vacalia.com\/blog\/wp-content\/uploads\/2017\/12\/preseleccion_christmas_market_2016_0003_1482237352-2-300x200.jpg 300w, https:\/\/www.vacalia.com\/blog\/wp-content\/uploads\/2017\/12\/preseleccion_christmas_market_2016_0003_1482237352-2-768x512.jpg 768w, https:\/\/www.vacalia.com\/blog\/wp-content\/uploads\/2017\/12\/preseleccion_christmas_market_2016_0003_1482237352-2-1050x700.jpg 1050w, https:\/\/www.vacalia.com\/blog\/wp-content\/uploads\/2017\/12\/preseleccion_christmas_market_2016_0003_1482237352-2.jpg 1200w\" sizes=\"(max-width: 1024px) 100vw, 1024px\" \/><\/a><figcaption id=\"caption-attachment-1063\" class=\"wp-caption-text\">Imagen: https:\/\/www.puertoportals.com<\/figcaption><\/figure>\n<p>These are the Christmas Markets in Mallorca that you can still visit and that you&#8217;re going to love. See you there!<\/p>\n<p>But before it all, what about checking some of our villas?\u00a0 If you&#8217;re a big family maybe you&#8217;ll need some bigger space. Just in case, give them an eye! <a href=\"https:\/\/www.vacalia.com\">www.vacalia.com<\/a><\/p>\n\n<div class=\"bannerBlog\"><div class=\"new-card-houses\">\n    <div class=\"likeOut likeDivOut\" style=\"display:none\">\n        <a data-id=\"2769\" class=\"likeOut_button_red likeBtnFav\"\n            aria-label=\"Megusta Vacalia\"><\/a>\n    <\/div>\n    <figure>\n        <img loading=\"lazy\" decoding=\"async\" \n            loading=\"lazy\" width=\"301\" height=\"200\"\n            src=\"\/\/media.vacalia.com\/photo\/reformatwebpfolder\/350\/200\/2769\/thumb-middle\/2769_35919cf682779d84c9cbf5aa3ed9f2ee.webp?v=21092023\"\n            alt=\"Xalet ca s&#039;hereu - Holiday rentals in Cala Millor\"\/>\n                                                                        <div class=\"circleDiscount\">-30%<\/div>\n                        <\/figure>\n    <p itemprop=\"address\"><i class=\"ico-marker\"><\/i>Cala Millor, Mallorca<\/p>\n    <h3 itemprop=\"name\">Xalet ca s&#039;hereu<\/h3>\n    <ul class=\"icon_list inline_list\">\n                              <li class=\"ico-pool\" title=\"Pool\">\n              <span itemprop=\"amenityFeature\">Pool<\/span>\n            <\/li>\n                      <li class=\"ico-airConditioning\" title=\"Air conditioning\">\n              <span itemprop=\"amenityFeature\">Air conditioning<\/span>\n            <\/li>\n                      <li class=\"ico-wifi\" title=\"Wifi\">\n              <span itemprop=\"amenityFeature\">Wifi<\/span>\n            <\/li>\n                          <li class=\"ico-guests\" title=\"For 8 guests in Cala Millor.\">\n          <span itemprop=\"occupancy\">8<\/span>\n        <\/li>\n    <\/ul>\n            <span class=\"price\">From 177\u20ac \/ night<\/span>\n                <a itemprop=\"url\" class=\"anchor\" href=\"https:\/\/www.vacalia.com\/en\/villa-xalet-ca-shereu-son-servera-h19855\" aria-label=\"Xalet ca s&#039;hereu\"><\/a>\n<\/div><div class=\"new-card-houses\">\n    <div class=\"likeOut likeDivOut\" style=\"display:none\">\n        <a data-id=\"1754\" class=\"likeOut_button_red likeBtnFav\"\n            aria-label=\"Megusta Vacalia\"><\/a>\n    <\/div>\n    <figure>\n        <img loading=\"lazy\" decoding=\"async\" \n            loading=\"lazy\" width=\"301\" height=\"200\"\n            src=\"\/\/media.vacalia.com\/photo\/reformatwebpfolder\/350\/200\/1754\/thumb-middle\/1754_534080ee9c9e171906b1ec19a2344a59.webp?v=21092023\"\n            alt=\"Sun of the bay vidalba 1 (b2 - a1) - Holiday rentals in Port d&#039;Alc\u00fadia\"\/>\n                                                                        <div class=\"circleDiscount\">-18%<\/div>\n                        <\/figure>\n    <p itemprop=\"address\"><i class=\"ico-marker\"><\/i>Port d&#039;Alc\u00fadia, Mallorca<\/p>\n    <h3 itemprop=\"name\">Sun of the bay vidalba 1 (b2 - a1)<\/h3>\n    <ul class=\"icon_list inline_list\">\n                              <li class=\"ico-airConditioning\" title=\"Air conditioning\">\n              <span itemprop=\"amenityFeature\">Air conditioning<\/span>\n            <\/li>\n                      <li class=\"ico-wifi\" title=\"Wifi\">\n              <span itemprop=\"amenityFeature\">Wifi<\/span>\n            <\/li>\n                      <li class=\"ico-views\" title=\"View\">\n              <span itemprop=\"amenityFeature\">View<\/span>\n            <\/li>\n                          <li class=\"ico-guests\" title=\"For 4+2   guests in Port D&#039;alc\u00fadia.\">\n          <span itemprop=\"occupancy\">4+2  <\/span>\n        <\/li>\n    <\/ul>\n            <span class=\"price\">From 180\u20ac \/ night<\/span>\n                <a itemprop=\"url\" class=\"anchor\" href=\"https:\/\/www.vacalia.com\/en\/apartment-sun-of-the-bay-vidalba-1-b2-a1-alcudia-h20212\" aria-label=\"Sun of the bay vidalba 1 (b2 - a1)\"><\/a>\n<\/div><\/div>\n","protected":false},"excerpt":{"rendered":"<p>Christmas in Mallorca is magic. The streets are filled with christmas decorations, lights and a lot of love. Besides of it all, it&#8217;s known that Mallorca is becoming a globalized&hellip;<\/p>\n","protected":false},"author":2,"featured_media":0,"comment_status":"closed","ping_status":"open","sticky":false,"template":"","format":"standard","meta":{"_monsterinsights_skip_tracking":false,"_monsterinsights_sitenote_active":false,"_monsterinsights_sitenote_note":"","_monsterinsights_sitenote_category":0,"footnotes":""},"categories":[36],"tags":[],"class_list":["post-1068","post","type-post","status-publish","format-standard","hentry","category-general-en"],"_links":{"self":[{"href":"https:\/\/www.vacalia.com\/blog\/wp-json\/wp\/v2\/posts\/1068"}],"collection":[{"href":"https:\/\/www.vacalia.com\/blog\/wp-json\/wp\/v2\/posts"}],"about":[{"href":"https:\/\/www.vacalia.com\/blog\/wp-json\/wp\/v2\/types\/post"}],"author":[{"embeddable":true,"href":"https:\/\/www.vacalia.com\/blog\/wp-json\/wp\/v2\/users\/2"}],"replies":[{"embeddable":true,"href":"https:\/\/www.vacalia.com\/blog\/wp-json\/wp\/v2\/comments?post=1068"}],"version-history":[{"count":6,"href":"https:\/\/www.vacalia.com\/blog\/wp-json\/wp\/v2\/posts\/1068\/revisions"}],"predecessor-version":[{"id":4834,"href":"https:\/\/www.vacalia.com\/blog\/wp-json\/wp\/v2\/posts\/1068\/revisions\/4834"}],"wp:attachment":[{"href":"https:\/\/www.vacalia.com\/blog\/wp-json\/wp\/v2\/media?parent=1068"}],"wp:term":[{"taxonomy":"category","embeddable":true,"href":"https:\/\/www.vacalia.com\/blog\/wp-json\/wp\/v2\/categories?post=1068"},{"taxonomy":"post_tag","embeddable":true,"href":"https:\/\/www.vacalia.com\/blog\/wp-json\/wp\/v2\/tags?post=1068"}],"curies":[{"name":"wp","href":"https:\/\/api.w.org\/{rel}","templated":true}]}}