{"id":1091,"date":"2018-01-12T09:55:13","date_gmt":"2018-01-12T09:55:13","guid":{"rendered":"https:\/\/www.vacalia.com\/blog\/?p=1091"},"modified":"2024-02-14T11:28:52","modified_gmt":"2024-02-14T10:28:52","slug":"5-lugares-con-encanto-en-mallorca","status":"publish","type":"post","link":"https:\/\/www.vacalia.com\/blog\/es\/5-lugares-con-encanto-en-mallorca\/","title":{"rendered":"5 LUGARES CON ENCANTO EN MALLORCA"},"content":{"rendered":"<p>Seguro que ya tendr\u00e9is el viaje organizado y sab\u00e9is centenares de lugares que deber\u00e9is visitar al venir, pero igualmente queremos hablaros de 5 lugares con encanto en Mallorca que quiz\u00e1s no conoc\u00edais.<\/p>\n<p><a href=\"https:\/\/www.vacalia.com\/\"><img fetchpriority=\"high\" decoding=\"async\" class=\"aligncenter size-large wp-image-1100\" src=\"https:\/\/www.vacalia.com\/blog\/wp-content\/uploads\/2018\/01\/5-FIESTAS-EN-MALLORCA-QUE-NO-TE-PUEDES-PERDER-ESTE-2018-4-1024x536.jpg\" alt=\"5 LUGARES CON ENCANTO EN MALLORCA\" width=\"1024\" height=\"536\" srcset=\"https:\/\/www.vacalia.com\/blog\/wp-content\/uploads\/2018\/01\/5-FIESTAS-EN-MALLORCA-QUE-NO-TE-PUEDES-PERDER-ESTE-2018-4-1024x536.jpg 1024w, https:\/\/www.vacalia.com\/blog\/wp-content\/uploads\/2018\/01\/5-FIESTAS-EN-MALLORCA-QUE-NO-TE-PUEDES-PERDER-ESTE-2018-4-300x157.jpg 300w, https:\/\/www.vacalia.com\/blog\/wp-content\/uploads\/2018\/01\/5-FIESTAS-EN-MALLORCA-QUE-NO-TE-PUEDES-PERDER-ESTE-2018-4-768x402.jpg 768w, https:\/\/www.vacalia.com\/blog\/wp-content\/uploads\/2018\/01\/5-FIESTAS-EN-MALLORCA-QUE-NO-TE-PUEDES-PERDER-ESTE-2018-4-1050x550.jpg 1050w, https:\/\/www.vacalia.com\/blog\/wp-content\/uploads\/2018\/01\/5-FIESTAS-EN-MALLORCA-QUE-NO-TE-PUEDES-PERDER-ESTE-2018-4.jpg 1200w\" sizes=\"(max-width: 1024px) 100vw, 1024px\" \/><\/a><\/p>\n<p>\u00a0<\/p>\n<p><!--more--><\/p>\n<h2 class=\"post-item__subtitle\">5 lugares con encanto en Mallorca<\/h2>\n<p><strong>1.\u00a0 Pina |\u00a05 lugares con encanto en Mallorca<\/strong><\/p>\n<p>Un buen lugar a visitar en Mallorca es, sin duda, Pina. Esta bonita localidad forma parte del municipio de Algaida y se encuentra en el centro de Mallorca. El pueblo entero parece sacado de un cuento: cuevas artificiales, talaiots (estructuras mallorquinas de hace miles de a\u00f1os), una preciosa fuente, un valle&#8230;<\/p>\n<p>Precisamente la Fuente y el Valle son de lo que m\u00e1s reluce del pueblo. La fuente se encuentra justo entrando al pueblo y est\u00e1 rodeada de hiedras y olmos. Adem\u00e1s la fuente, adem\u00e1s de ser de piedra, est\u00e1 rodeada de otras construcciones tambi\u00e9n de piedra (viva y seca) que se funden con el verde y hacen que sea una estampa digna de postal.<\/p>\n<figure id=\"attachment_1096\" aria-describedby=\"caption-attachment-1096\" style=\"width: 1024px\" class=\"wp-caption aligncenter\"><a href=\"https:\/\/www.vacalia.com\"><img decoding=\"async\" class=\"size-large wp-image-1096\" src=\"https:\/\/www.vacalia.com\/blog\/wp-content\/uploads\/2018\/01\/Mallorca-testim-1024x681.jpg\" alt=\"5 lugares con encanto en Mallorca\" width=\"1024\" height=\"681\" srcset=\"https:\/\/www.vacalia.com\/blog\/wp-content\/uploads\/2018\/01\/Mallorca-testim-1024x681.jpg 1024w, https:\/\/www.vacalia.com\/blog\/wp-content\/uploads\/2018\/01\/Mallorca-testim-300x200.jpg 300w, https:\/\/www.vacalia.com\/blog\/wp-content\/uploads\/2018\/01\/Mallorca-testim-768x511.jpg 768w, https:\/\/www.vacalia.com\/blog\/wp-content\/uploads\/2018\/01\/Mallorca-testim-1050x698.jpg 1050w, https:\/\/www.vacalia.com\/blog\/wp-content\/uploads\/2018\/01\/Mallorca-testim.jpg 1600w\" sizes=\"(max-width: 1024px) 100vw, 1024px\" \/><\/a><figcaption id=\"caption-attachment-1096\" class=\"wp-caption-text\">Foto: Mallorca T&#8217;estim<\/figcaption><\/figure>\n<p>El Valle tambi\u00e9n es de pel\u00edcula. Un peque\u00f1o torrente lo atraviesa y tiene much\u00edsima vegetaci\u00f3n. En general podemos decir que Pina es un precioso rinc\u00f3n de Mallorca donde seguro que m\u00e1s de uno se enamorar\u00e1.<\/p>\n<p><strong>2. Raixa |\u00a05 lugares con encanto en Mallorca<\/strong><\/p>\n<p>En Mallorca las fincas se\u00f1oriales se llaman posesiones, y precisamente de una de las m\u00e1s famosas es de la que vamos a hablar ahora. Alqueria \u00e1rabe de origen y con unos jardines de ensue\u00f1o, esta finca seguro que va a enamoraros desde el primer momento.<\/p>\n<p>Sus origenes se remontan, a como hemos dicho, la \u00e9poca musulmana. En aquel entonces era muy preciada por su gran potencial para la recolecta de agua. Posteriormente tras ser adquirida por las familias Sureda de Sant Mart\u00ed y Safortesa-Tagamanent la finca fu\u00e9 incendiada durante las revueltas de las Germanies (terrible episodio b\u00e9lico en Mallorca).<\/p>\n<figure id=\"attachment_1095\" aria-describedby=\"caption-attachment-1095\" style=\"width: 1024px\" class=\"wp-caption aligncenter\"><a href=\"https:\/\/www.vacalia.com\"><img decoding=\"async\" class=\"size-large wp-image-1095\" src=\"https:\/\/www.vacalia.com\/blog\/wp-content\/uploads\/2018\/01\/viagallica-1024x683.jpg\" alt=\"5 lugares con encanto en Mallorca\" width=\"1024\" height=\"683\" srcset=\"https:\/\/www.vacalia.com\/blog\/wp-content\/uploads\/2018\/01\/viagallica-1024x683.jpg 1024w, https:\/\/www.vacalia.com\/blog\/wp-content\/uploads\/2018\/01\/viagallica-300x200.jpg 300w, https:\/\/www.vacalia.com\/blog\/wp-content\/uploads\/2018\/01\/viagallica-768x512.jpg 768w, https:\/\/www.vacalia.com\/blog\/wp-content\/uploads\/2018\/01\/viagallica-1050x700.jpg 1050w, https:\/\/www.vacalia.com\/blog\/wp-content\/uploads\/2018\/01\/viagallica-1600x1067.jpg 1600w\" sizes=\"(max-width: 1024px) 100vw, 1024px\" \/><\/a><figcaption id=\"caption-attachment-1095\" class=\"wp-caption-text\">Foto: Via Gallica<\/figcaption><\/figure>\n<p>La reforma final la hicieron los hermanos Joan y Antoni Despuig i Dameto que convirtieron la finca en un aut\u00e9ntico palacio de inspiraci\u00f3n italiana con unos impresionantes jardines que todav\u00eda hoy se conservan. Actualmente es propiedad del Consell de Mallorca y tambi\u00e9n es Patrimonio de la Humanidad por su incre\u00edble belleza.<\/p>\n<p>Os recomendamos visitarla si quer\u00e9is conocer un poco m\u00e1s la historia de Mallorca as\u00ed como poder disfrutar de uno de los entornos m\u00e1s bonitos de la isla.<\/p>\n<p><strong>3.\u00a0 Jard\u00edn Bot\u00e0nico de S\u00f3ller |\u00a05 lugares con encanto en Mallorca<\/strong><\/p>\n<p>Sin duda uno de los jardines m\u00e1s bellos y completos que encontrar\u00e9is en Mallorca es el Jard\u00edn Bot\u00e1nico de S\u00f3ller. Su construcci\u00f3n empez\u00f3 en 1985 y en el 1992 abri\u00f3 sus puertas al p\u00fablico. Actualmente sirve como centro de estudio de la flora Balear y Mediterr\u00e1nea.<\/p>\n<figure id=\"attachment_1094\" aria-describedby=\"caption-attachment-1094\" style=\"width: 1024px\" class=\"wp-caption aligncenter\"><a href=\"https:\/\/www.vacalia.com\"><img loading=\"lazy\" decoding=\"async\" class=\"size-large wp-image-1094\" src=\"https:\/\/www.vacalia.com\/blog\/wp-content\/uploads\/2018\/01\/mapio-1024x768.jpg\" alt=\"5 LUGARES CON ENCANTO EN MALLORCA\" width=\"1024\" height=\"768\" srcset=\"https:\/\/www.vacalia.com\/blog\/wp-content\/uploads\/2018\/01\/mapio.jpg 1024w, https:\/\/www.vacalia.com\/blog\/wp-content\/uploads\/2018\/01\/mapio-300x225.jpg 300w, https:\/\/www.vacalia.com\/blog\/wp-content\/uploads\/2018\/01\/mapio-768x576.jpg 768w\" sizes=\"(max-width: 1024px) 100vw, 1024px\" \/><\/a><figcaption id=\"caption-attachment-1094\" class=\"wp-caption-text\">Foto: Mapio<\/figcaption><\/figure>\n<p>En \u00e9l podr\u00e9is encontrar tambi\u00e9n el Museo Balear de Ciencias Naturales donde encontrar\u00e9is una gran colecci\u00f3n de f\u00f3siles de las Baleares y diferentes exposiciones permanentes que seguro que os dejar\u00e1n boquiabiertos.<\/p>\n<p>Por otra parte tambi\u00e9n encontramos el Instituto Bot\u00e1nico y el \u00c1rea de Propagaci\u00f3n y Reserva, as\u00ed como diferentes zonas donde podremos conocer no solo la flora de las Baleares, sino tambi\u00e9n la flora de otras islas mediterr\u00e1neas y de las Islas Canarias.<\/p>\n<p><strong>4. Salines d\u2019Es Trenc |\u00a05 lugares con encanto en Mallorca<\/strong><\/p>\n<p>Alrededor de todo el Mediterr\u00e1neo encontramos diferentes salinas litorales, espacios perfectos para la creaci\u00f3n de la sal. Os recomendamos que vay\u00e1is a realizar una visita a Ses Salines d\u2019Es Trenc porqu\u00e9 es sin duda un espacio natural que os dejar\u00e1 impresionados. Adem\u00e1s, es perfecto para los ornit\u00f3logos que quieran descubrir nuevas especies Mediterr\u00e1neas que han encontrado all\u00ed un lugar perfecto donde vivir. Un peque\u00f1o ecosistema que hoy en d\u00eda tiene un valor ecol\u00f3gico impresionante.<\/p>\n<figure id=\"attachment_1093\" aria-describedby=\"caption-attachment-1093\" style=\"width: 1024px\" class=\"wp-caption aligncenter\"><a href=\"https:\/\/www.vacalia.com\"><img loading=\"lazy\" decoding=\"async\" class=\"size-large wp-image-1093\" src=\"https:\/\/www.vacalia.com\/blog\/wp-content\/uploads\/2018\/01\/via-gallica-1024x763.jpg\" alt=\"5 lugares con encanto en Mallorca\" width=\"1024\" height=\"763\" srcset=\"https:\/\/www.vacalia.com\/blog\/wp-content\/uploads\/2018\/01\/via-gallica-1024x763.jpg 1024w, https:\/\/www.vacalia.com\/blog\/wp-content\/uploads\/2018\/01\/via-gallica-300x224.jpg 300w, https:\/\/www.vacalia.com\/blog\/wp-content\/uploads\/2018\/01\/via-gallica-768x573.jpg 768w, https:\/\/www.vacalia.com\/blog\/wp-content\/uploads\/2018\/01\/via-gallica-1050x783.jpg 1050w, https:\/\/www.vacalia.com\/blog\/wp-content\/uploads\/2018\/01\/via-gallica-1600x1193.jpg 1600w, https:\/\/www.vacalia.com\/blog\/wp-content\/uploads\/2018\/01\/via-gallica.jpg 2028w\" sizes=\"(max-width: 1024px) 100vw, 1024px\" \/><\/a><figcaption id=\"caption-attachment-1093\" class=\"wp-caption-text\">Foto: Via Gallica<\/figcaption><\/figure>\n<p>Adem\u00e1s, en Ses Salines d\u2019Es Trenc podr\u00e9is llevaros un pedacito de Sal d\u2019Es Trenc (de las m\u00e1s deliciosas del Mediterr\u00e1neo) para acompa\u00f1ar vuestras comidas. \u00a1Todo un lujo!<\/p>\n<p><strong>5. Talaia d\u2019Albercuix |\u00a05 lugares con encanto en Mallorca<\/strong><\/p>\n<p>Dirigi\u00e9ndonos hacia Formentor, hacia la mitad de la carretera, nos encontramos con el espectacular Mirador des Colomer: un lugar donde poder ver preciosas puestas de sol y que seguro que nos dejar\u00e1 m\u00e1s de un bonito recuerdo.<\/p>\n<p>Tras tomaros unos minutos observando la belleza infinita de este Mirador, os sugerimos que vay\u00e1is hasta un mirador todav\u00eda m\u00e1s impresionante aunque solo apto para aquellos que no tengan miedo a las carreteras estrechas: la Talaia d\u2019Albercuix.<\/p>\n<figure id=\"attachment_1092\" aria-describedby=\"caption-attachment-1092\" style=\"width: 1024px\" class=\"wp-caption aligncenter\"><a href=\"https:\/\/www.vacalia.com\"><img loading=\"lazy\" decoding=\"async\" class=\"size-large wp-image-1092\" src=\"https:\/\/www.vacalia.com\/blog\/wp-content\/uploads\/2018\/01\/eldiscretoencantodeviajar-1024x768.jpg\" alt=\"5 lugares con encanto en Mallorca\" width=\"1024\" height=\"768\" srcset=\"https:\/\/www.vacalia.com\/blog\/wp-content\/uploads\/2018\/01\/eldiscretoencantodeviajar-1024x768.jpg 1024w, https:\/\/www.vacalia.com\/blog\/wp-content\/uploads\/2018\/01\/eldiscretoencantodeviajar-300x225.jpg 300w, https:\/\/www.vacalia.com\/blog\/wp-content\/uploads\/2018\/01\/eldiscretoencantodeviajar-768x576.jpg 768w, https:\/\/www.vacalia.com\/blog\/wp-content\/uploads\/2018\/01\/eldiscretoencantodeviajar-1050x788.jpg 1050w, https:\/\/www.vacalia.com\/blog\/wp-content\/uploads\/2018\/01\/eldiscretoencantodeviajar-1600x1200.jpg 1600w, https:\/\/www.vacalia.com\/blog\/wp-content\/uploads\/2018\/01\/eldiscretoencantodeviajar.jpg 2048w\" sizes=\"(max-width: 1024px) 100vw, 1024px\" \/><\/a><figcaption id=\"caption-attachment-1092\" class=\"wp-caption-text\">Foto: Eldiscretoencantodeviajar<\/figcaption><\/figure>\n<p>Esta construcci\u00f3n se realiz\u00f3 a finales del s.XVI y fue un punto de vigilancia important\u00edsimo ante la constante amenaza de piratas. Esta Talaia se encuentra a 380m. de altura y nos ofrece unas vistas impresionantes tanto de Pollen\u00e7a o de Formentor, como del resto de la Serra de Tramuntana.<\/p>\n<p>Adem\u00e1s podr\u00e9is entrar dentro de la torre y subir hasta arriba del todo, \u00a1no apto para vertiginosos! Pero sin duda, todo un placer para la vista.<\/p>\n<h2 class=\"post-item__subtitle\">Mucho m\u00e1s que estos 5 lugares con encanto en Mallorca os esperan con Vacalia<\/h2>\n<p>Os esperamos pr\u00f3ximamente en la Isla para disfrutar de estas maravillas. Adem\u00e1s, si todav\u00eda no ten\u00e9is d\u00f3nde alojaros, \u00a1ahora es un buen momento para empezar a descubrir villas donde os sentir\u00e9is como en casa! Para ello solamente ten\u00e9is que <a href=\"https:\/\/www.vacalia.com\">seguir este link <\/a>y empezar a so\u00f1ar en vuestras pr\u00f3ximas vacaciones.<\/p>\n\n<div class=\"bannerBlog\"><div class=\"new-card-houses\">\n    <div class=\"likeOut likeDivOut\" style=\"display:none\">\n        <a data-id=\"1846\" class=\"likeOut_button_red likeBtnFav\"\n            aria-label=\"Megusta Vacalia\"><\/a>\n    <\/div>\n    <figure>\n        <img loading=\"lazy\" decoding=\"async\" \n            loading=\"lazy\" width=\"301\" height=\"200\"\n            src=\"\/\/media.vacalia.com\/photo\/reformatwebpfolder\/350\/200\/1846\/thumb-middle\/1846_df303ff61de10c6ec039d4bddc6b6f22.webp?v=21092023\"\n            alt=\"Can pu\u00e7a - Alquiler vacacional en Santany\u00ed\"\/>\n                                                                        <div class=\"circleDiscount\">-11%<\/div>\n                        <\/figure>\n    <p itemprop=\"address\"><i class=\"ico-marker\"><\/i>Santany\u00ed, Mallorca<\/p>\n    <h3 itemprop=\"name\">Can pu\u00e7a<\/h3>\n    <ul class=\"icon_list inline_list\">\n                              <li class=\"ico-pool\" title=\"Piscina\">\n              <span itemprop=\"amenityFeature\">Piscina<\/span>\n            <\/li>\n                      <li class=\"ico-wifi\" title=\"Wifi\">\n              <span itemprop=\"amenityFeature\">Wifi<\/span>\n            <\/li>\n                          <li class=\"ico-guests\" title=\"Para 4+2   hu\u00e9spedes en Santany\u00ed.\">\n          <span itemprop=\"occupancy\">4+2  <\/span>\n        <\/li>\n    <\/ul>\n            <span class=\"price\">Desde 222\u20ac \/ noche<\/span>\n                <a itemprop=\"url\" class=\"anchor\" href=\"https:\/\/www.vacalia.com\/es\/villa-can-puaa-santanyi-h17015\" aria-label=\"Can pu\u00e7a\"><\/a>\n<\/div><div class=\"new-card-houses\">\n    <div class=\"likeOut likeDivOut\" style=\"display:none\">\n        <a data-id=\"5590\" class=\"likeOut_button_red likeBtnFav\"\n            aria-label=\"Megusta Vacalia\"><\/a>\n    <\/div>\n    <figure>\n        <img loading=\"lazy\" decoding=\"async\" \n            loading=\"lazy\" width=\"301\" height=\"200\"\n            src=\"\/\/media.vacalia.com\/photo\/reformatwebpfolder\/350\/200\/5590\/thumb-middle\/5590_f53b2115d6453625fe44400b7470c415.webp?v=21092023\"\n            alt=\"Hotel antares - Alquiler vacacional en Cala d&#039;Or\"\/>\n                                                                        <div class=\"circleDiscount\">-20%<\/div>\n                        <\/figure>\n    <p itemprop=\"address\"><i class=\"ico-marker\"><\/i>Cala d&#039;Or, Mallorca<\/p>\n    <h3 itemprop=\"name\">Hotel antares<\/h3>\n    <ul class=\"icon_list inline_list\">\n                              <li class=\"ico-airConditioning\" title=\"Aire Acondicionado\">\n              <span itemprop=\"amenityFeature\">Aire Acondicionado<\/span>\n            <\/li>\n                      <li class=\"ico-wifi\" title=\"Wifi\">\n              <span itemprop=\"amenityFeature\">Wifi<\/span>\n            <\/li>\n                          <li class=\"ico-guests\" title=\"Para 1 hu\u00e9spedes en Cala D&#039;or.\">\n          <span itemprop=\"occupancy\">1<\/span>\n        <\/li>\n    <\/ul>\n            <span class=\"price\">Desde 40\u20ac \/ noche<\/span>\n                <a itemprop=\"url\" class=\"anchor\" href=\"https:\/\/www.vacalia.com\/es\/habitacion-de-hotel-hotel-antares-santanyi-h31646\" aria-label=\"Hotel antares\"><\/a>\n<\/div><\/div>\n","protected":false},"excerpt":{"rendered":"<p>Seguro que ya tendr\u00e9is el viaje organizado y sab\u00e9is centenares de lugares que deber\u00e9is visitar al venir, pero igualmente queremos hablaros de 5 lugares con encanto en Mallorca que quiz\u00e1s&hellip;<\/p>\n","protected":false},"author":2,"featured_media":0,"comment_status":"closed","ping_status":"open","sticky":false,"template":"","format":"standard","meta":{"_monsterinsights_skip_tracking":false,"_monsterinsights_sitenote_active":false,"_monsterinsights_sitenote_note":"","_monsterinsights_sitenote_category":0,"footnotes":""},"categories":[1],"tags":[],"class_list":["post-1091","post","type-post","status-publish","format-standard","hentry","category-general-es"],"_links":{"self":[{"href":"https:\/\/www.vacalia.com\/blog\/wp-json\/wp\/v2\/posts\/1091"}],"collection":[{"href":"https:\/\/www.vacalia.com\/blog\/wp-json\/wp\/v2\/posts"}],"about":[{"href":"https:\/\/www.vacalia.com\/blog\/wp-json\/wp\/v2\/types\/post"}],"author":[{"embeddable":true,"href":"https:\/\/www.vacalia.com\/blog\/wp-json\/wp\/v2\/users\/2"}],"replies":[{"embeddable":true,"href":"https:\/\/www.vacalia.com\/blog\/wp-json\/wp\/v2\/comments?post=1091"}],"version-history":[{"count":7,"href":"https:\/\/www.vacalia.com\/blog\/wp-json\/wp\/v2\/posts\/1091\/revisions"}],"predecessor-version":[{"id":4793,"href":"https:\/\/www.vacalia.com\/blog\/wp-json\/wp\/v2\/posts\/1091\/revisions\/4793"}],"wp:attachment":[{"href":"https:\/\/www.vacalia.com\/blog\/wp-json\/wp\/v2\/media?parent=1091"}],"wp:term":[{"taxonomy":"category","embeddable":true,"href":"https:\/\/www.vacalia.com\/blog\/wp-json\/wp\/v2\/categories?post=1091"},{"taxonomy":"post_tag","embeddable":true,"href":"https:\/\/www.vacalia.com\/blog\/wp-json\/wp\/v2\/tags?post=1091"}],"curies":[{"name":"wp","href":"https:\/\/api.w.org\/{rel}","templated":true}]}}