{"id":1114,"date":"2018-01-13T08:12:10","date_gmt":"2018-01-13T08:12:10","guid":{"rendered":"https:\/\/www.vacalia.com\/blog\/?p=1114"},"modified":"2024-02-14T12:22:18","modified_gmt":"2024-02-14T11:22:18","slug":"5-charmante-orte-auf-mallorca","status":"publish","type":"post","link":"https:\/\/www.vacalia.com\/blog\/5-charmante-orte-auf-mallorca\/","title":{"rendered":"5 charmante Orte auf Mallorca"},"content":{"rendered":"<p>Die Reise ist organisiert und Ihr habt bestimmt schon viele Ideen im Kopf, welche Ausfl\u00fcge Ihr unternehmen und was Ihr besichtigen wollt. Es gibt auf der Sonneninsel aber tats\u00e4chlich noch echte Geheimtipps, die wir Euch gerne zeigen m\u00f6chten. Hier unsere Top-5!<\/p>\n<p><img fetchpriority=\"high\" decoding=\"async\" class=\"aligncenter size-large wp-image-1116\" src=\"https:\/\/www.vacalia.com\/blog\/wp-content\/uploads\/2018\/01\/5-LUGARES-EN-MALLORCA-CON-ENCANTO-2-1024x536.jpg\" alt=\"5 charmante Orte auf Mallorca\" width=\"1024\" height=\"536\" srcset=\"https:\/\/www.vacalia.com\/blog\/wp-content\/uploads\/2018\/01\/5-LUGARES-EN-MALLORCA-CON-ENCANTO-2-1024x536.jpg 1024w, https:\/\/www.vacalia.com\/blog\/wp-content\/uploads\/2018\/01\/5-LUGARES-EN-MALLORCA-CON-ENCANTO-2-300x157.jpg 300w, https:\/\/www.vacalia.com\/blog\/wp-content\/uploads\/2018\/01\/5-LUGARES-EN-MALLORCA-CON-ENCANTO-2-768x402.jpg 768w, https:\/\/www.vacalia.com\/blog\/wp-content\/uploads\/2018\/01\/5-LUGARES-EN-MALLORCA-CON-ENCANTO-2-1050x550.jpg 1050w, https:\/\/www.vacalia.com\/blog\/wp-content\/uploads\/2018\/01\/5-LUGARES-EN-MALLORCA-CON-ENCANTO-2.jpg 1200w\" sizes=\"(max-width: 1024px) 100vw, 1024px\" \/><\/p>\n<p><!--more--><\/p>\n<h2 class=\"post-item__subtitle\">5 charmante Orte auf Mallorca<\/h2>\n<p><span style=\"text-decoration: underline;\">1. Pina |\u00a05 charmante Orte auf Mallorca<\/span><br \/>\nDer Mini-Ort Pina ist den meisten Besuchern Mallorcas kein Begriff. Dieses ruhige Fleckchen Erde geh\u00f6rt zur Gemeinde Algaida in der Inselmitte und hat einen ganz besonderen Charme. Daf\u00fcr sorgt einerseits die idyllische Lage in einem Tal und andererseits die jahrtausendealten Talayots, \u00dcberreste einer l\u00e4ngst vergangenen, mallorquinischen Kultur.<\/p>\n<figure id=\"attachment_1096\" aria-describedby=\"caption-attachment-1096\" style=\"width: 1024px\" class=\"wp-caption aligncenter\"><a href=\"https:\/\/www.vacalia.com\"><img decoding=\"async\" class=\"size-large wp-image-1096\" src=\"https:\/\/www.vacalia.com\/blog\/wp-content\/uploads\/2018\/01\/Mallorca-testim-1024x681.jpg\" alt=\"5 charmante Orte auf Mallorca\" width=\"1024\" height=\"681\" srcset=\"https:\/\/www.vacalia.com\/blog\/wp-content\/uploads\/2018\/01\/Mallorca-testim-1024x681.jpg 1024w, https:\/\/www.vacalia.com\/blog\/wp-content\/uploads\/2018\/01\/Mallorca-testim-300x200.jpg 300w, https:\/\/www.vacalia.com\/blog\/wp-content\/uploads\/2018\/01\/Mallorca-testim-768x511.jpg 768w, https:\/\/www.vacalia.com\/blog\/wp-content\/uploads\/2018\/01\/Mallorca-testim-1050x698.jpg 1050w, https:\/\/www.vacalia.com\/blog\/wp-content\/uploads\/2018\/01\/Mallorca-testim.jpg 1600w\" sizes=\"(max-width: 1024px) 100vw, 1024px\" \/><\/a><figcaption id=\"caption-attachment-1096\" class=\"wp-caption-text\">Foto: Mallorca T&#8217;estim<\/figcaption><\/figure>\n<p>Im Ort selbst kann man einen h\u00fcbschen Brunnen und k\u00fcnstliche H\u00f6hlen besichtigen.\u00a0 Der Dorfbrunnen und die einzigartige Lage machen Pina zu etwas ganz Besonderem. Der Brunnen befindet sich genau am Ortseingang. An ihm ranken sich Efeupflanzen im Schatten der Ulmen hoch &#8211; sehr romantisch!<br \/>\nDas Tal wird von einem kleinen Flusslauf durchzogen, wodurch vielen Pflanzen der perfekte Lebensraum geboten wird.<br \/>\nPina macht es dem Besucher leicht, sich in dieses reizende St\u00fcckchen Mallorca zu verlieben.<\/p>\n<p><span style=\"text-decoration: underline;\">2. Herrenhaus Raixa\u00a0|\u00a05 charmante Orte auf Mallorca<\/span><br \/>\nAuf Mallorca werden die Herrenh\u00e4user \u201cposesiones\u201d genannt und Raixa ist das ber\u00fchmteste der gesamten Insel. Im orientalischen Stil erbaut, wird diese Finca von wundersch\u00f6nen G\u00e4rten umgeben, die einfach zum Verlieben sind.<\/p>\n<p>Das urspr\u00fcngliche Bauwerk stammt aus der Zeit der muslimischen Herrschaft auf Mallorca. Da Wasser auf der Insel ein sp\u00e4rliches Gut war, wurden die Herrenh\u00e4user gew\u00f6hnlich in der N\u00e4he von Quellen oder Brunnen erbaut. Auch die Finca Raixa bildete hiervon keine Ausnahme und war damals als wichtiger Wasserlieferant bekannt. Bevor das Herrenhaus von den mallorquinischen Familien Sureda de Sant Mart\u00ed und Safortesa-Tagamanent erworben wurde, fiel es w\u00e4hrend den kriegerischen Auseinandersetzungen der Germanie-Revolte einem Brand zum Opfer.<\/p>\n<figure id=\"attachment_1095\" aria-describedby=\"caption-attachment-1095\" style=\"width: 1024px\" class=\"wp-caption aligncenter\"><a href=\"https:\/\/www.vacalia.com\"><img decoding=\"async\" class=\"size-large wp-image-1095\" src=\"https:\/\/www.vacalia.com\/blog\/wp-content\/uploads\/2018\/01\/viagallica-1024x683.jpg\" alt=\"5 charmante Orte auf Mallorca\" width=\"1024\" height=\"683\" srcset=\"https:\/\/www.vacalia.com\/blog\/wp-content\/uploads\/2018\/01\/viagallica-1024x683.jpg 1024w, https:\/\/www.vacalia.com\/blog\/wp-content\/uploads\/2018\/01\/viagallica-300x200.jpg 300w, https:\/\/www.vacalia.com\/blog\/wp-content\/uploads\/2018\/01\/viagallica-768x512.jpg 768w, https:\/\/www.vacalia.com\/blog\/wp-content\/uploads\/2018\/01\/viagallica-1050x700.jpg 1050w, https:\/\/www.vacalia.com\/blog\/wp-content\/uploads\/2018\/01\/viagallica-1600x1067.jpg 1600w\" sizes=\"(max-width: 1024px) 100vw, 1024px\" \/><\/a><figcaption id=\"caption-attachment-1095\" class=\"wp-caption-text\">Foto: Via Gallica<\/figcaption><\/figure>\n<p>Die Br\u00fcder Joan und Antoni Despuig i Dameto vollbrachten den Wiederaufbau der Finca und machten sie zu einem echten Palast mit italienischem Flair. Dazu geh\u00f6ren selbstverst\u00e4ndlich die wundersch\u00f6nen G\u00e4rten, die bis heute perfekt erhalten sind.<\/p>\n<p>Heutzutage ist die Finca im Besitz der mallorquinischen Regierung (\u201cConsell de Mallorca\u201d) und wurde von der UNESCO als Weltkulturerbe anerkannt.<\/p>\n<p>Alle, die mehr \u00fcber die Geschichte Mallorcas erfahren m\u00f6chten, finden in der Finca Raixa ein herrliches Ausflugsziel.<\/p>\n<p><span style=\"text-decoration: underline;\">3. Botanischer Garten in S\u00f3ller\u00a0 |\u00a05 charmante Orte auf Mallorca<\/span><br \/>\nDer botanische Garten in S\u00f3ller ist ohne Frage einer der sch\u00f6nsten Mallorcas. 1985 wurde mit dem Bau begonnen und 1992 \u00f6ffneten die G\u00e4rten endlich ihre Pforten f\u00fcr die \u00d6ffentlichkeit. Gegenw\u00e4rtig wird die Anlage zu wissenschaftlichen Zwecken und zur Erforschung der mediterranen und mallorquinischen Pflanzenwelt genutzt.<\/p>\n<p>Die G\u00e4rten beherbergen gleichzeitig das balearische Museum der Naturwissenschaften, wo eine Vielzahl an Fossilen der Balearen besichtigt werden k\u00f6nnen. Des weiteren werden verschiedene Dauerausstellungen gezeigt und auch das Botanische Institut hat hier seinen Sitz.<\/p>\n<figure id=\"attachment_1094\" aria-describedby=\"caption-attachment-1094\" style=\"width: 1024px\" class=\"wp-caption aligncenter\"><a href=\"https:\/\/www.vacalia.com\"><img loading=\"lazy\" decoding=\"async\" class=\"size-large wp-image-1094\" src=\"https:\/\/www.vacalia.com\/blog\/wp-content\/uploads\/2018\/01\/mapio-1024x768.jpg\" alt=\"5 charmante Orte auf Mallorca\" width=\"1024\" height=\"768\" srcset=\"https:\/\/www.vacalia.com\/blog\/wp-content\/uploads\/2018\/01\/mapio.jpg 1024w, https:\/\/www.vacalia.com\/blog\/wp-content\/uploads\/2018\/01\/mapio-300x225.jpg 300w, https:\/\/www.vacalia.com\/blog\/wp-content\/uploads\/2018\/01\/mapio-768x576.jpg 768w\" sizes=\"(max-width: 1024px) 100vw, 1024px\" \/><\/a><figcaption id=\"caption-attachment-1094\" class=\"wp-caption-text\">Foto: Mapio<\/figcaption><\/figure>\n<p>Die Anlage beherbergt eine vielf\u00e4ltige Pflanzenwelt. Dabei kann man nicht nur auf den Balearen heimische Vegetation sehen, sondern auch andere, im Mittelmeerraum und auf den Kanaren heimische Pflanzen kennenlernen.<\/p>\n<p><span style=\"text-decoration: underline;\">4.Salinen von Es Trenc\u00a0 |\u00a05 charmante Orte auf Mallorca<\/span><br \/>\nSalinen an der K\u00fcste sind im Mittelmeerraum keine Seltenheit, da hier die optimalen Bedingungen f\u00fcr die Salzgewinnung vorherrschen. Die Salinen von Es Trenc \u00fcberraschen den Besucher au\u00dferdem mit einer spektakul\u00e4ren Landschaft.<\/p>\n<figure id=\"attachment_1093\" aria-describedby=\"caption-attachment-1093\" style=\"width: 1024px\" class=\"wp-caption aligncenter\"><a href=\"https:\/\/www.vacalia.com\"><img loading=\"lazy\" decoding=\"async\" class=\"size-large wp-image-1093\" src=\"https:\/\/www.vacalia.com\/blog\/wp-content\/uploads\/2018\/01\/via-gallica-1024x763.jpg\" alt=\"5 charmante Orte auf Mallorca\" width=\"1024\" height=\"763\" srcset=\"https:\/\/www.vacalia.com\/blog\/wp-content\/uploads\/2018\/01\/via-gallica-1024x763.jpg 1024w, https:\/\/www.vacalia.com\/blog\/wp-content\/uploads\/2018\/01\/via-gallica-300x224.jpg 300w, https:\/\/www.vacalia.com\/blog\/wp-content\/uploads\/2018\/01\/via-gallica-768x573.jpg 768w, https:\/\/www.vacalia.com\/blog\/wp-content\/uploads\/2018\/01\/via-gallica-1050x783.jpg 1050w, https:\/\/www.vacalia.com\/blog\/wp-content\/uploads\/2018\/01\/via-gallica-1600x1193.jpg 1600w, https:\/\/www.vacalia.com\/blog\/wp-content\/uploads\/2018\/01\/via-gallica.jpg 2028w\" sizes=\"(max-width: 1024px) 100vw, 1024px\" \/><\/a><figcaption id=\"caption-attachment-1093\" class=\"wp-caption-text\">Foto: Via Gallica<\/figcaption><\/figure>\n<p>Viele im Mittelmeerraum heimische Vogelarten haben in dieser Gegend ein zweites Zuhause gefunden, was vor allem Ornithologen anlockt.<br \/>\nIn Ses Salines d\u2019Es Trenc wird das hochwertige, mediterrane Salz zum Verkauf angeboten, damit man sich ein kleines St\u00fcckchen geschmackliches Paradies mit nach Hause nehmen kann.<\/p>\n<p><span style=\"text-decoration: underline;\">5.Talaia d&#8217;Albercuix\u00a0 |\u00a05 charmante Orte auf Mallorca<\/span><\/p>\n<p>Richtung Formentor, auf halber Strecke, erreichen Sie den spektakul\u00e4ren Aussichtspunkt \u00abdes Colomer\u00bb: der Ideale Ort um einzigartige Sonnenunterg\u00e4nge zu beobachten, die sicherlich mehr als nur eine sch\u00f6ne Erinnerung hinterlassen.<\/p>\n<p>Wenn Sie das bezaubernde Spektakel ein paar Minuten betrachtet haben, empfehlen wir Ihnen diese unendliche Sch\u00f6nheit aus einer anderen, noch faszinierenderen Perspektive zu bewundern.<\/p>\n<p>Der Aussichtspunkt Talaia d&#8217;Albercuix ist nur f\u00fcr diejenigen geeignet die keine Angst vor engen Strassen haben.<\/p>\n<div>\n<figure id=\"attachment_1092\" aria-describedby=\"caption-attachment-1092\" style=\"width: 1024px\" class=\"wp-caption aligncenter\"><a href=\"https:\/\/www.vacalia.com\"><img loading=\"lazy\" decoding=\"async\" class=\"size-large wp-image-1092\" src=\"https:\/\/www.vacalia.com\/blog\/wp-content\/uploads\/2018\/01\/eldiscretoencantodeviajar-1024x768.jpg\" alt=\"5 charmante Orte auf Mallorca\" width=\"1024\" height=\"768\" srcset=\"https:\/\/www.vacalia.com\/blog\/wp-content\/uploads\/2018\/01\/eldiscretoencantodeviajar-1024x768.jpg 1024w, https:\/\/www.vacalia.com\/blog\/wp-content\/uploads\/2018\/01\/eldiscretoencantodeviajar-300x225.jpg 300w, https:\/\/www.vacalia.com\/blog\/wp-content\/uploads\/2018\/01\/eldiscretoencantodeviajar-768x576.jpg 768w, https:\/\/www.vacalia.com\/blog\/wp-content\/uploads\/2018\/01\/eldiscretoencantodeviajar-1050x788.jpg 1050w, https:\/\/www.vacalia.com\/blog\/wp-content\/uploads\/2018\/01\/eldiscretoencantodeviajar-1600x1200.jpg 1600w, https:\/\/www.vacalia.com\/blog\/wp-content\/uploads\/2018\/01\/eldiscretoencantodeviajar.jpg 2048w\" sizes=\"(max-width: 1024px) 100vw, 1024px\" \/><\/a><figcaption id=\"caption-attachment-1092\" class=\"wp-caption-text\">Foto: Eldiscretoencantodeviajar<\/figcaption><\/figure>\n<\/div>\n<p>Der Bau entstand am Ende de 16.Jahrhunderts und war angesichts der st\u00e4ndigen Bedrohung durch Piraten ein sehr wichtiger Wachturm. Der Talaia befindet sich auf einer H\u00f6he von 380m und er\u00f6ffnet eindrucksvolle Aussichten sowohl \u00fcber Pollen\u00e7a als auch \u00fcber Formentor und den Rest der Serra Tramuntana.<\/p>\n<p>Der Turm ist \u00f6ffentlich und kann betreten werden. Schwindelfreie trauen sich nach oben zu steigen, um sich das Vergn\u00fcgen f\u00fcr die Augen nicht entgehen zu lassen.<\/p>\n<p>Dieses und weitere Wunder erwaten Sie auf der sch\u00f6nen Insel. Falls Sie noch keine Unterkunft haben ist es jetzt eine gute Zeit Ihre Traumvilla zu entdecken, damit Sie sich auch im Urlaub wie zu Hause f\u00fchlen.<a href=\"https:\/\/www.vacalia.com\"> Folgen Sie einfach dem Link<\/a> und tr\u00e4umen Sie von Ihrem n\u00e4chsten Urlaub.<\/p>\n\n<div class=\"bannerBlog\"><div class=\"new-card-houses\">\n    <div class=\"likeOut likeDivOut\" style=\"display:none\">\n        <a data-id=\"5016\" class=\"likeOut_button_red likeBtnFav\"\n            aria-label=\"Megusta Vacalia\"><\/a>\n    <\/div>\n    <figure>\n        <img loading=\"lazy\" decoding=\"async\" \n            loading=\"lazy\" width=\"301\" height=\"200\"\n            src=\"\/\/media.vacalia.com\/photo\/reformatwebpfolder\/350\/200\/5016\/thumb-middle\/5016_fe0220e60aecc5db89312187a4ac54e7.webp?v=21092023\"\n            alt=\"Gossalba - Ferienhaus auf Sant Joan\"\/>\n                                                                        <div class=\"circleDiscount\">-8%<\/div>\n                        <\/figure>\n    <p itemprop=\"address\"><i class=\"ico-marker\"><\/i>Sant Joan, Mallorca<\/p>\n    <h3 itemprop=\"name\">Gossalba<\/h3>\n    <ul class=\"icon_list inline_list\">\n                              <li class=\"ico-pool\" title=\"Pool\">\n              <span itemprop=\"amenityFeature\">Pool<\/span>\n            <\/li>\n                      <li class=\"ico-airConditioning\" title=\"Klimaanlage\">\n              <span itemprop=\"amenityFeature\">Klimaanlage<\/span>\n            <\/li>\n                      <li class=\"ico-wifi\" title=\"Wifi\">\n              <span itemprop=\"amenityFeature\">Wifi<\/span>\n            <\/li>\n                          <li class=\"ico-guests\" title=\"F\u00fcr 2 G\u00e4ste in Sant Joan.\">\n          <span itemprop=\"occupancy\">2<\/span>\n        <\/li>\n    <\/ul>\n            <span class=\"price\">Ab 133\u20ac \/ Nacht<\/span>\n                <a itemprop=\"url\" class=\"anchor\" href=\"https:\/\/www.vacalia.com\/de\/hotelzimmer-gossalba-sant-joan-h29341\" aria-label=\"Gossalba\"><\/a>\n<\/div><div class=\"new-card-houses\">\n    <div class=\"likeOut likeDivOut\" style=\"display:none\">\n        <a data-id=\"2400\" class=\"likeOut_button_red likeBtnFav\"\n            aria-label=\"Megusta Vacalia\"><\/a>\n    <\/div>\n    <figure>\n        <img loading=\"lazy\" decoding=\"async\" \n            loading=\"lazy\" width=\"301\" height=\"200\"\n            src=\"\/\/media.vacalia.com\/photo\/reformatwebpfolder\/350\/200\/2400\/thumb-middle\/2400_68165b35a486f3ac1cdf1beef66234a5.webp?v=21092023\"\n            alt=\"Aubadellet (can randa) - Ferienhaus auf Vilafranca de Bonany\"\/>\n                                                                        <div class=\"circleDiscount\">-11%<\/div>\n                        <\/figure>\n    <p itemprop=\"address\"><i class=\"ico-marker\"><\/i>Vilafranca de Bonany, Mallorca<\/p>\n    <h3 itemprop=\"name\">Aubadellet (can randa)<\/h3>\n    <ul class=\"icon_list inline_list\">\n                              <li class=\"ico-pool\" title=\"Pool\">\n              <span itemprop=\"amenityFeature\">Pool<\/span>\n            <\/li>\n                      <li class=\"ico-wifi\" title=\"Wifi\">\n              <span itemprop=\"amenityFeature\">Wifi<\/span>\n            <\/li>\n                          <li class=\"ico-guests\" title=\"F\u00fcr 8 G\u00e4ste in Vilafranca De Bonany.\">\n          <span itemprop=\"occupancy\">8<\/span>\n        <\/li>\n    <\/ul>\n            <span class=\"price\">Ab 194\u20ac \/ Nacht<\/span>\n                <a itemprop=\"url\" class=\"anchor\" href=\"https:\/\/www.vacalia.com\/de\/villa-aubadellet-can-randa-vilafranca-de-bonany-h18174\" aria-label=\"Aubadellet (can randa)\"><\/a>\n<\/div><\/div>\n","protected":false},"excerpt":{"rendered":"<p>Die Reise ist organisiert und Ihr habt bestimmt schon viele Ideen im Kopf, welche Ausfl\u00fcge Ihr unternehmen und was Ihr besichtigen wollt. Es gibt auf der Sonneninsel aber tats\u00e4chlich noch&hellip;<\/p>\n","protected":false},"author":2,"featured_media":0,"comment_status":"closed","ping_status":"open","sticky":false,"template":"","format":"standard","meta":{"_monsterinsights_skip_tracking":false,"_monsterinsights_sitenote_active":false,"_monsterinsights_sitenote_note":"","_monsterinsights_sitenote_category":0,"footnotes":""},"categories":[40],"tags":[],"class_list":["post-1114","post","type-post","status-publish","format-standard","hentry","category-allgemein"],"_links":{"self":[{"href":"https:\/\/www.vacalia.com\/blog\/wp-json\/wp\/v2\/posts\/1114"}],"collection":[{"href":"https:\/\/www.vacalia.com\/blog\/wp-json\/wp\/v2\/posts"}],"about":[{"href":"https:\/\/www.vacalia.com\/blog\/wp-json\/wp\/v2\/types\/post"}],"author":[{"embeddable":true,"href":"https:\/\/www.vacalia.com\/blog\/wp-json\/wp\/v2\/users\/2"}],"replies":[{"embeddable":true,"href":"https:\/\/www.vacalia.com\/blog\/wp-json\/wp\/v2\/comments?post=1114"}],"version-history":[{"count":5,"href":"https:\/\/www.vacalia.com\/blog\/wp-json\/wp\/v2\/posts\/1114\/revisions"}],"predecessor-version":[{"id":4885,"href":"https:\/\/www.vacalia.com\/blog\/wp-json\/wp\/v2\/posts\/1114\/revisions\/4885"}],"wp:attachment":[{"href":"https:\/\/www.vacalia.com\/blog\/wp-json\/wp\/v2\/media?parent=1114"}],"wp:term":[{"taxonomy":"category","embeddable":true,"href":"https:\/\/www.vacalia.com\/blog\/wp-json\/wp\/v2\/categories?post=1114"},{"taxonomy":"post_tag","embeddable":true,"href":"https:\/\/www.vacalia.com\/blog\/wp-json\/wp\/v2\/tags?post=1114"}],"curies":[{"name":"wp","href":"https:\/\/api.w.org\/{rel}","templated":true}]}}