{"id":1127,"date":"2018-01-24T14:46:32","date_gmt":"2018-01-24T14:46:32","guid":{"rendered":"https:\/\/www.vacalia.com\/blog\/?p=1127"},"modified":"2024-02-14T11:28:29","modified_gmt":"2024-02-14T10:28:29","slug":"que-hacer-en-semana-santa-en-mallorca","status":"publish","type":"post","link":"https:\/\/www.vacalia.com\/blog\/es\/que-hacer-en-semana-santa-en-mallorca\/","title":{"rendered":"Qu\u00e9 hacer en Semana Santa en Mallorca"},"content":{"rendered":"<p style=\"text-align: justify;\">La <strong>Semana Santa en Mallorca<\/strong> es un importante evento religioso que conlleva much\u00edsima tradici\u00f3n detr\u00e1s. Desde la asistencia multitudinaria a las procesiones, hasta la t\u00edpica comida del Domingo de Pascua en familia, estas semanas est\u00e1n llenas de celebraciones.<\/p>\n<p style=\"text-align: justify;\"><a href=\"https:\/\/www.vacalia.com\"><img fetchpriority=\"high\" decoding=\"async\" class=\"aligncenter wp-image-1129 size-large\" title=\"Semana Santa en Mallorca\" src=\"https:\/\/www.vacalia.com\/blog\/wp-content\/uploads\/2018\/01\/5-LUGARES-EN-MALLORCA-CON-ENCANTO-1024x536.png\" alt=\"Semana Santa en Mallorca\" width=\"1024\" height=\"536\" srcset=\"https:\/\/www.vacalia.com\/blog\/wp-content\/uploads\/2018\/01\/5-LUGARES-EN-MALLORCA-CON-ENCANTO-1024x536.png 1024w, https:\/\/www.vacalia.com\/blog\/wp-content\/uploads\/2018\/01\/5-LUGARES-EN-MALLORCA-CON-ENCANTO-300x157.png 300w, https:\/\/www.vacalia.com\/blog\/wp-content\/uploads\/2018\/01\/5-LUGARES-EN-MALLORCA-CON-ENCANTO-768x402.png 768w, https:\/\/www.vacalia.com\/blog\/wp-content\/uploads\/2018\/01\/5-LUGARES-EN-MALLORCA-CON-ENCANTO-1050x550.png 1050w, https:\/\/www.vacalia.com\/blog\/wp-content\/uploads\/2018\/01\/5-LUGARES-EN-MALLORCA-CON-ENCANTO.png 1200w\" sizes=\"(max-width: 1024px) 100vw, 1024px\" \/><\/a><\/p>\n<p><!--more--><\/p>\n<p style=\"text-align: justify;\">Pero antes de hablar de la Semana Santa en Mallorca, hablemos de los or\u00edgenes de esta festividad. Tal semana se remonta a los inicios de la religi\u00f3n cristiana y se conmemora la Pasi\u00f3n, Muerte y Resurrecci\u00f3n de Jes\u00fas de Nazaret.<\/p>\n<p style=\"text-align: justify;\">Las fechas de su celebraci\u00f3n suelen variar cada a\u00f1o, puesto que esta fiesta se rige por el calendario lunar (pero normalmente son en Marzo o Abril). Su inicio se da con el <strong>Domingo de Ramos<\/strong> y termina con el <strong>Domingo de Resurrecci\u00f3n<\/strong> (o Domingo de Pascua).<\/p>\n<p style=\"text-align: justify;\">Cabe mencionar que una semana antes de Pascua, concretamente el <strong>s\u00e1bado antes del Domingo de Ramos<\/strong>, en el pueblo de <strong>Lloseta realizan un Via Crucis<\/strong>, una representaci\u00f3n viviente (con gente real que interpreta los personajes) que alcanza desde el nacimiento hasta la muerte de Jes\u00fas. Todo el pueblo se involucra y en cada rinc\u00f3n de Lloseta se representa una escena con una completa decoraci\u00f3n e interpretaci\u00f3n.<strong> \u00a1Os lo recomendamos!<\/strong><\/p>\n<figure id=\"attachment_1131\" aria-describedby=\"caption-attachment-1131\" style=\"width: 800px\" class=\"wp-caption aligncenter\"><a href=\"https:\/\/www.vacalia.com\"><img decoding=\"async\" class=\"wp-image-1131\" title=\"Semana Santa en Mallorca\" src=\"https:\/\/www.vacalia.com\/blog\/wp-content\/uploads\/2018\/01\/diariodemallorca.jpg\" alt=\"Semana Santa en Mallorca\" width=\"800\" height=\"545\" srcset=\"https:\/\/www.vacalia.com\/blog\/wp-content\/uploads\/2018\/01\/diariodemallorca.jpg 646w, https:\/\/www.vacalia.com\/blog\/wp-content\/uploads\/2018\/01\/diariodemallorca-300x204.jpg 300w\" sizes=\"(max-width: 800px) 100vw, 800px\" \/><\/a><figcaption id=\"caption-attachment-1131\" class=\"wp-caption-text\">Foto: Diario de Mallorca<\/figcaption><\/figure>\n<p style=\"text-align: justify;\">Durante la Semana Santa en Mallorca es tradici\u00f3n que desfilen las diferentes <strong>cofrad\u00edas<\/strong> (grupos religiosos que veneran a un Cristo o una Virgen Mar\u00eda), los cuales visten <strong>trajes tradicionales<\/strong>. A ellos se les hace referencia como \u201c<em><strong>Caraputxes<\/strong><\/em>\u201d en Mallorca y su vestimenta suele incluir una t\u00fanica del color de su cofrad\u00eda y una especie de copa en la cabeza que se llama capirote o tercerol y tiene forma triangular.<\/p>\n<p><a href=\"https:\/\/www.vacalia.com\"><img decoding=\"async\" class=\"aligncenter wp-image-1135 size-large\" title=\"Semana Santa en Mallorca\" src=\"https:\/\/www.vacalia.com\/blog\/wp-content\/uploads\/2018\/01\/C9S51VaW0AA3mqk-1024x644.jpg\" alt=\"Celebrar Semana Santa en Mallorca\" width=\"1024\" height=\"644\" srcset=\"https:\/\/www.vacalia.com\/blog\/wp-content\/uploads\/2018\/01\/C9S51VaW0AA3mqk.jpg 1024w, https:\/\/www.vacalia.com\/blog\/wp-content\/uploads\/2018\/01\/C9S51VaW0AA3mqk-300x189.jpg 300w, https:\/\/www.vacalia.com\/blog\/wp-content\/uploads\/2018\/01\/C9S51VaW0AA3mqk-768x483.jpg 768w\" sizes=\"(max-width: 1024px) 100vw, 1024px\" \/><\/a><\/p>\n<p>\u00a0<\/p>\n<h2 class=\"post-item__subtitle\" style=\"text-align: justify;\">As\u00ed pues, la estructura de la Semana Santa en Mallorca es la siguiente:<\/h2>\n<ul style=\"text-align: justify;\">\n<li><span style=\"text-decoration: underline;\"><strong>Domingo de Ramos.<\/strong><\/span> D\u00eda en que se celebra la Entrada Triunfal de Cristo en Jerusal\u00e9n. Este d\u00eda en todos los pueblos de Mallorca lo celebran con las bendiciones de las palmas o ramas de olivo. Delante de la iglesia se encuentra el sacerdote y la gente pasa por delante con su rama de olivo o palma y el sacerdote bendice las palmas y ramas. Posteriormente estas se cuelgan en el exterior de cada casa para que la protejan durante todo el a\u00f1o.<\/li>\n<\/ul>\n<figure id=\"attachment_1136\" aria-describedby=\"caption-attachment-1136\" style=\"width: 700px\" class=\"wp-caption aligncenter\"><a href=\"https:\/\/www.vacalia.com\"><img loading=\"lazy\" decoding=\"async\" class=\"size-full wp-image-1136\" src=\"https:\/\/www.vacalia.com\/blog\/wp-content\/uploads\/2018\/01\/800-noticias.jpg\" alt=\"Semana Santa en Mallorca\" width=\"700\" height=\"350\" srcset=\"https:\/\/www.vacalia.com\/blog\/wp-content\/uploads\/2018\/01\/800-noticias.jpg 700w, https:\/\/www.vacalia.com\/blog\/wp-content\/uploads\/2018\/01\/800-noticias-300x150.jpg 300w\" sizes=\"(max-width: 767px) 100vw, 700px\" \/><\/a><figcaption id=\"caption-attachment-1136\" class=\"wp-caption-text\">Foto: 800 noticias<\/figcaption><\/figure>\n<ul style=\"text-align: justify;\">\n<li><span style=\"text-decoration: underline;\"><strong>Lunes Santo.<\/strong> <\/span>El Lunes, Martes y Mi\u00e9rcoles Santo podremos encontrar diversas procesiones en Mallorca, especialmente en Palma.<\/li>\n<li><strong><span style=\"text-decoration: underline;\">Martes Santo.<\/span><\/strong><\/li>\n<li><strong><span style=\"text-decoration: underline;\">Mi\u00e9rcoles Santo.<\/span><\/strong><\/li>\n<li><span style=\"text-decoration: underline;\"><strong>Jueves Santo.<\/strong><\/span> Empiezan las procesiones m\u00e1s importantes de la Semana Santa. Este d\u00eda se conmemora la \u00faltima cena de Jes\u00fas con sus disc\u00edpulos as\u00ed como la pasi\u00f3n y la muerte de Cristo. En todos los pueblos hay procesiones silenciosas y muy respetuosas donde tanto p\u00fablico como cofrad\u00edas acompa\u00f1an a Jes\u00fas hacia la cruz.<\/li>\n<\/ul>\n<figure id=\"attachment_1138\" aria-describedby=\"caption-attachment-1138\" style=\"width: 700px\" class=\"wp-caption aligncenter\"><a href=\"https:\/\/www.vacalia.com\"><img loading=\"lazy\" decoding=\"async\" class=\"wp-image-1138\" src=\"https:\/\/www.vacalia.com\/blog\/wp-content\/uploads\/2018\/01\/oci-en-mallorca.jpg\" alt=\"Semana Santa en Mallorca\" width=\"700\" height=\"393\" srcset=\"https:\/\/www.vacalia.com\/blog\/wp-content\/uploads\/2018\/01\/oci-en-mallorca.jpg 646w, https:\/\/www.vacalia.com\/blog\/wp-content\/uploads\/2018\/01\/oci-en-mallorca-300x169.jpg 300w\" sizes=\"(max-width: 767px) 100vw, 700px\" \/><\/a><figcaption id=\"caption-attachment-1138\" class=\"wp-caption-text\">Foto: ocio en mallorca<\/figcaption><\/figure>\n<ul style=\"text-align: justify;\">\n<li><span style=\"text-decoration: underline;\"><strong>Viernes Santo.<\/strong><\/span> El Viernes Santo tambi\u00e9n es un d\u00eda muy especial en la tradici\u00f3n cristiana porque se representa el Descendimiento de Jes\u00fas. Uno de los lugares donde es m\u00e1s popular es en <strong>Pollen\u00e7a<\/strong>. Todos los pollencines y visitantes se re\u00fanen en las escaleras d\u2019Es Calvari, una escalinata que representa los 365 d\u00edas del a\u00f1o (uno por escal\u00f3n) y que tambi\u00e9n representan la pasi\u00f3n de Cristo. Aqu\u00ed se representa el Descendimiento de Jes\u00fas junto a soldados romanos, las Tres Mar\u00edas y otros personajes b\u00edblicos.<\/li>\n<\/ul>\n<figure id=\"attachment_1139\" aria-describedby=\"caption-attachment-1139\" style=\"width: 1024px\" class=\"wp-caption aligncenter\"><a href=\"https:\/\/www.vacalia.com\"><img loading=\"lazy\" decoding=\"async\" class=\"size-large wp-image-1139\" src=\"https:\/\/www.vacalia.com\/blog\/wp-content\/uploads\/2018\/01\/ultima-hora-1024x679.jpg\" alt=\"Semana Santa en Mallorca\" width=\"1024\" height=\"679\" srcset=\"https:\/\/www.vacalia.com\/blog\/wp-content\/uploads\/2018\/01\/ultima-hora.jpg 1024w, https:\/\/www.vacalia.com\/blog\/wp-content\/uploads\/2018\/01\/ultima-hora-300x199.jpg 300w, https:\/\/www.vacalia.com\/blog\/wp-content\/uploads\/2018\/01\/ultima-hora-768x509.jpg 768w\" sizes=\"(max-width: 1024px) 100vw, 1024px\" \/><\/a><figcaption id=\"caption-attachment-1139\" class=\"wp-caption-text\">Foto: ultima hora<\/figcaption><\/figure>\n<ul style=\"text-align: justify;\">\n<li><span style=\"text-decoration: underline;\"><strong>S\u00e1bado Santo.<\/strong><\/span> Este d\u00eda es de luto absoluto y no se realiza ninguna celebraci\u00f3n.<\/li>\n<li><span style=\"text-decoration: underline;\"><strong>Domingo de Resurrecci\u00f3n.<\/strong><\/span> Es el d\u00eda m\u00e1s importante de la religi\u00f3n cristiana. Este d\u00eda se celebra la resurrecci\u00f3n de Cristo, y es tradici\u00f3n que en todos los pueblos, a primera hora de la ma\u00f1ana, se celebre <strong>el encuentro<\/strong>. Dos figuras, una de Cristo y otra de la Virgen Mar\u00eda, se reencuentran. Junto con el cura, la banda de m\u00fasica y todo el pueblo, se celebra este esperado encuentro y empieza ya el d\u00eda de Pascua. En algunos pueblos, como Alar\u00f3, es t\u00edpico que posteriormente al encuentro la gente vaya a misa y despu\u00e9s a tomar algo. Suelen comer \u201c<strong>frit mallorqu\u00ed<\/strong>\u201d sobre las 12 del mediod\u00eda y a las 3 ya empieza la fiesta en la mayor\u00eda de los pubs. Otra opci\u00f3n es comer \u201cporcella\u201d (lechona) con la familia y alargar la comida hasta que se quiera.<\/li>\n<\/ul>\n<figure id=\"attachment_1140\" aria-describedby=\"caption-attachment-1140\" style=\"width: 1024px\" class=\"wp-caption aligncenter\"><a href=\"https:\/\/www.vacalia.com\"><img loading=\"lazy\" decoding=\"async\" class=\"size-large wp-image-1140\" src=\"https:\/\/www.vacalia.com\/blog\/wp-content\/uploads\/2018\/01\/ultima-hora-1-1024x768.jpg\" alt=\"Semana Santa en Mallorca\" width=\"1024\" height=\"768\" srcset=\"https:\/\/www.vacalia.com\/blog\/wp-content\/uploads\/2018\/01\/ultima-hora-1.jpg 1024w, https:\/\/www.vacalia.com\/blog\/wp-content\/uploads\/2018\/01\/ultima-hora-1-300x225.jpg 300w, https:\/\/www.vacalia.com\/blog\/wp-content\/uploads\/2018\/01\/ultima-hora-1-768x576.jpg 768w\" sizes=\"(max-width: 1024px) 100vw, 1024px\" \/><\/a><figcaption id=\"caption-attachment-1140\" class=\"wp-caption-text\">Foto: ultima hora<\/figcaption><\/figure>\n<h2 class=\"post-item__subtitle\" style=\"text-align: justify;\">Qu\u00e9 hay m\u00e1s all\u00e1 de la Semana Santa en Mallorca<\/h2>\n<p style=\"text-align: justify;\">Una vez terminada la Semana Santa, la fiesta continua una semana m\u00e1s, hasta el \u201c<strong>Domingo del \u00c1ngel<\/strong>\u201d. Pero a ella le dedicaremos otro post, as\u00ed que si quer\u00e9is saber m\u00e1s os recomendamos que est\u00e9is al d\u00eda con nuestros posts.<\/p>\n<figure id=\"attachment_1141\" aria-describedby=\"caption-attachment-1141\" style=\"width: 1024px\" class=\"wp-caption aligncenter\"><a href=\"https:\/\/www.vacalia.com\"><img loading=\"lazy\" decoding=\"async\" class=\"size-large wp-image-1141\" src=\"https:\/\/www.vacalia.com\/blog\/wp-content\/uploads\/2018\/01\/ultima-hora2-1024x743.jpg\" alt=\"Semana Santa en Mallorca\" width=\"1024\" height=\"743\" srcset=\"https:\/\/www.vacalia.com\/blog\/wp-content\/uploads\/2018\/01\/ultima-hora2-1024x743.jpg 1024w, https:\/\/www.vacalia.com\/blog\/wp-content\/uploads\/2018\/01\/ultima-hora2-300x218.jpg 300w, https:\/\/www.vacalia.com\/blog\/wp-content\/uploads\/2018\/01\/ultima-hora2-768x557.jpg 768w, https:\/\/www.vacalia.com\/blog\/wp-content\/uploads\/2018\/01\/ultima-hora2-1050x761.jpg 1050w, https:\/\/www.vacalia.com\/blog\/wp-content\/uploads\/2018\/01\/ultima-hora2-1600x1160.jpg 1600w, https:\/\/www.vacalia.com\/blog\/wp-content\/uploads\/2018\/01\/ultima-hora2.jpg 2048w\" sizes=\"(max-width: 1024px) 100vw, 1024px\" \/><\/a><figcaption id=\"caption-attachment-1141\" class=\"wp-caption-text\">Foto: ultima hora<\/figcaption><\/figure>\n<h2 class=\"post-item__subtitle\" style=\"text-align: justify;\">Alojarse en la Semana Santa en Mallorca<\/h2>\n<p style=\"text-align: justify;\">Y si os ha interesado la Semana Santa en Mallorca y quer\u00e9is celebrarla aqu\u00ed, nos encantar\u00eda pasarla con vosotros. Pod\u00e9is ver todas las <strong>casas vacacionales en Mallorca<\/strong> <a href=\"https:\/\/www.vacalia.com\">aqu\u00ed.<\/a> \u00a1Os esperamos!<\/p>\n\n<div class=\"bannerBlog\"><div class=\"new-card-houses\">\n    <div class=\"likeOut likeDivOut\" style=\"display:none\">\n        <a data-id=\"4831\" class=\"likeOut_button_red likeBtnFav\"\n            aria-label=\"Megusta Vacalia\"><\/a>\n    <\/div>\n    <figure>\n        <img loading=\"lazy\" decoding=\"async\" \n            loading=\"lazy\" width=\"301\" height=\"200\"\n            src=\"\/\/media.vacalia.com\/photo\/reformatwebpfolder\/350\/200\/4831\/thumb-middle\/4831_1b0b92768bbfe2452869bd48e90a3a1e.webp?v=21092023\"\n            alt=\"San sole - Alquiler vacacional en Felanitx\"\/>\n                                                                        <div class=\"circleDiscount\">-29%<\/div>\n                        <\/figure>\n    <p itemprop=\"address\"><i class=\"ico-marker\"><\/i>Felanitx, Mallorca<\/p>\n    <h3 itemprop=\"name\">San sole<\/h3>\n    <ul class=\"icon_list inline_list\">\n                              <li class=\"ico-pool\" title=\"Piscina\">\n              <span itemprop=\"amenityFeature\">Piscina<\/span>\n            <\/li>\n                      <li class=\"ico-airConditioning\" title=\"Aire Acondicionado\">\n              <span itemprop=\"amenityFeature\">Aire Acondicionado<\/span>\n            <\/li>\n                      <li class=\"ico-wifi\" title=\"Wifi\">\n              <span itemprop=\"amenityFeature\">Wifi<\/span>\n            <\/li>\n                          <li class=\"ico-guests\" title=\"Para 8 hu\u00e9spedes en Felanitx.\">\n          <span itemprop=\"occupancy\">8<\/span>\n        <\/li>\n    <\/ul>\n            <span class=\"price\">Desde 141\u20ac \/ noche<\/span>\n                <a itemprop=\"url\" class=\"anchor\" href=\"https:\/\/www.vacalia.com\/es\/villa-san-sole-felanitx-h27691\" aria-label=\"San sole\"><\/a>\n<\/div><div class=\"new-card-houses\">\n    <div class=\"likeOut likeDivOut\" style=\"display:none\">\n        <a data-id=\"5650\" class=\"likeOut_button_red likeBtnFav\"\n            aria-label=\"Megusta Vacalia\"><\/a>\n    <\/div>\n    <figure>\n        <img loading=\"lazy\" decoding=\"async\" \n            loading=\"lazy\" width=\"301\" height=\"200\"\n            src=\"\/\/media.vacalia.com\/photo\/reformatwebpfolder\/350\/200\/5650\/thumb-middle\/5650_04203db9ed6072edf514bec3a4db66f8.webp?v=21092023\"\n            alt=\"Vila nova suites &amp; spa - Alquiler vacacional en Capdepera\"\/>\n                                                                        <div class=\"circleDiscount\">-15%<\/div>\n                        <\/figure>\n    <p itemprop=\"address\"><i class=\"ico-marker\"><\/i>Capdepera, Mallorca<\/p>\n    <h3 itemprop=\"name\">Vila nova suites &amp; spa<\/h3>\n    <ul class=\"icon_list inline_list\">\n                              <li class=\"ico-pool\" title=\"Piscina\">\n              <span itemprop=\"amenityFeature\">Piscina<\/span>\n            <\/li>\n                      <li class=\"ico-airConditioning\" title=\"Aire Acondicionado\">\n              <span itemprop=\"amenityFeature\">Aire Acondicionado<\/span>\n            <\/li>\n                      <li class=\"ico-wifi\" title=\"Wifi\">\n              <span itemprop=\"amenityFeature\">Wifi<\/span>\n            <\/li>\n                          <li class=\"ico-guests\" title=\"Para 2 hu\u00e9spedes en Capdepera.\">\n          <span itemprop=\"occupancy\">2<\/span>\n        <\/li>\n    <\/ul>\n            <span class=\"price\">Desde 293\u20ac \/ noche<\/span>\n                <a itemprop=\"url\" class=\"anchor\" href=\"https:\/\/www.vacalia.com\/es\/habitacion-de-hotel-vila-nova-suites-spa-capdepera-h32162\" aria-label=\"Vila nova suites &amp; spa\"><\/a>\n<\/div><\/div>\n","protected":false},"excerpt":{"rendered":"<p>La Semana Santa en Mallorca es un importante evento religioso que conlleva much\u00edsima tradici\u00f3n detr\u00e1s. Desde la asistencia multitudinaria a las procesiones, hasta la t\u00edpica comida del Domingo de Pascua&hellip;<\/p>\n","protected":false},"author":2,"featured_media":0,"comment_status":"closed","ping_status":"open","sticky":false,"template":"","format":"standard","meta":{"_monsterinsights_skip_tracking":false,"_monsterinsights_sitenote_active":false,"_monsterinsights_sitenote_note":"","_monsterinsights_sitenote_category":0,"footnotes":""},"categories":[1],"tags":[],"class_list":["post-1127","post","type-post","status-publish","format-standard","hentry","category-general-es"],"_links":{"self":[{"href":"https:\/\/www.vacalia.com\/blog\/wp-json\/wp\/v2\/posts\/1127"}],"collection":[{"href":"https:\/\/www.vacalia.com\/blog\/wp-json\/wp\/v2\/posts"}],"about":[{"href":"https:\/\/www.vacalia.com\/blog\/wp-json\/wp\/v2\/types\/post"}],"author":[{"embeddable":true,"href":"https:\/\/www.vacalia.com\/blog\/wp-json\/wp\/v2\/users\/2"}],"replies":[{"embeddable":true,"href":"https:\/\/www.vacalia.com\/blog\/wp-json\/wp\/v2\/comments?post=1127"}],"version-history":[{"count":9,"href":"https:\/\/www.vacalia.com\/blog\/wp-json\/wp\/v2\/posts\/1127\/revisions"}],"predecessor-version":[{"id":4792,"href":"https:\/\/www.vacalia.com\/blog\/wp-json\/wp\/v2\/posts\/1127\/revisions\/4792"}],"wp:attachment":[{"href":"https:\/\/www.vacalia.com\/blog\/wp-json\/wp\/v2\/media?parent=1127"}],"wp:term":[{"taxonomy":"category","embeddable":true,"href":"https:\/\/www.vacalia.com\/blog\/wp-json\/wp\/v2\/categories?post=1127"},{"taxonomy":"post_tag","embeddable":true,"href":"https:\/\/www.vacalia.com\/blog\/wp-json\/wp\/v2\/tags?post=1127"}],"curies":[{"name":"wp","href":"https:\/\/api.w.org\/{rel}","templated":true}]}}