{"id":1163,"date":"2018-01-29T09:01:10","date_gmt":"2018-01-29T09:01:10","guid":{"rendered":"https:\/\/www.vacalia.com\/blog\/?p=1163"},"modified":"2024-02-14T12:22:37","modified_gmt":"2024-02-14T11:22:37","slug":"karwoche-auf-mallorca","status":"publish","type":"post","link":"https:\/\/www.vacalia.com\/blog\/karwoche-auf-mallorca\/","title":{"rendered":"Was Sie in der Karwoche auf Mallorca machen k\u00f6nnen"},"content":{"rendered":"<p><span style=\"font-weight: 400;\">Die Karwoche ist auf Mallorca ein wichtiges religi\u00f6ses Ereignis mit viel Tradition. Begleitet von zahlreichen Besuchen, Prozessionen bis hin zum Familien Mahl am Ostersonntag sind diese Wochen voller Festlichkeiten.<\/span><\/p>\n<p><img fetchpriority=\"high\" decoding=\"async\" class=\"aligncenter wp-image-1164 size-large\" src=\"https:\/\/www.vacalia.com\/blog\/wp-content\/uploads\/2018\/01\/5-LUGARES-EN-MALLORCA-CON-ENCANTO-1-1024x536.png\" alt=\"OSTERN AUF MALLORCA FEIERN\" width=\"1024\" height=\"536\" srcset=\"https:\/\/www.vacalia.com\/blog\/wp-content\/uploads\/2018\/01\/5-LUGARES-EN-MALLORCA-CON-ENCANTO-1-1024x536.png 1024w, https:\/\/www.vacalia.com\/blog\/wp-content\/uploads\/2018\/01\/5-LUGARES-EN-MALLORCA-CON-ENCANTO-1-300x157.png 300w, https:\/\/www.vacalia.com\/blog\/wp-content\/uploads\/2018\/01\/5-LUGARES-EN-MALLORCA-CON-ENCANTO-1-768x402.png 768w, https:\/\/www.vacalia.com\/blog\/wp-content\/uploads\/2018\/01\/5-LUGARES-EN-MALLORCA-CON-ENCANTO-1-1050x550.png 1050w, https:\/\/www.vacalia.com\/blog\/wp-content\/uploads\/2018\/01\/5-LUGARES-EN-MALLORCA-CON-ENCANTO-1.png 1200w\" sizes=\"(max-width: 1024px) 100vw, 1024px\" \/><\/p>\n<p><!--more--><\/p>\n<p><span style=\"font-weight: 400;\">Bevor wir \u00fcber die Karwoche auf Mallorca sprechen, sollten wir den Ursprung dieses Festes erkl\u00e4ren. Diese Woche geht auf den Beginn der christlichen Religion zur\u00fcck und erinnert an das Leiden, den Tod und die Auferstehung von Jesu von Nazareth.<\/span><\/p>\n<p><span style=\"font-weight: 400;\">Das Datum der Karwoche wechselt, da sie vom Mondkalender abh\u00e4ngt (normalerweise liegt sie im M\u00e4rz \/ April). Sie beginnt mit dem Palmsonntag und endet mit dem Ostersonntag, oder Sonntag der Auferstehung.<\/span><\/p>\n<p><span style=\"font-weight: 400;\">Besonders ans Herz legen m\u00f6chten wir Ihnen die Via Crucis, die am Samstag vor dem Palmsonntag im Dorf Lloseta stattfindet. Es handelt sich um die Repr\u00e4sentation (mit echten Menschen, die die Charaktere interpretieren), die von der Geburt bis zum Tod Jesu reicht. Die ganze Stadt engagiert sich und an jeder Ecke wird eine Szene mit vollst\u00e4ndiger Dekoration und Interpretation dargestellt.<\/span><\/p>\n<figure id=\"attachment_1170\" aria-describedby=\"caption-attachment-1170\" style=\"width: 700px\" class=\"wp-caption aligncenter\"><a href=\"https:\/\/www.vacalia.com\"><img decoding=\"async\" class=\"wp-image-1170\" src=\"https:\/\/www.vacalia.com\/blog\/wp-content\/uploads\/2018\/01\/diariodemallorca-2.jpg\" alt=\"OSTERN AUF MALLORCA FEIERN\" width=\"700\" height=\"477\" srcset=\"https:\/\/www.vacalia.com\/blog\/wp-content\/uploads\/2018\/01\/diariodemallorca-2.jpg 646w, https:\/\/www.vacalia.com\/blog\/wp-content\/uploads\/2018\/01\/diariodemallorca-2-300x204.jpg 300w\" sizes=\"(max-width: 767px) 100vw, 700px\" \/><\/a><figcaption id=\"caption-attachment-1170\" class=\"wp-caption-text\">Foto: Diario de Mallorca<\/figcaption><\/figure>\n<p><span style=\"font-weight: 400;\">W\u00e4hrend der Karwoche auf Mallorca gibt es Umz\u00fcge der verschiedenen Bruderschaften (Cofradias), religi\u00f6se Gemeinschaften die Christus oder eine Heilige (Maria) verehren, in ihren traditionellen Kost\u00fcmen. Die Kost\u00fcme hei\u00dfen auf Mallorca als \u201cCaraputxes\u201d und bestehen aus einer Tunika, in der Farbe der Bruderschaft, und einer spitz, zulaufenden Kopfbedeckung, die \u201cCapirote\u201d oder \u201cTercerol\u201d genannt wird und eine dreieckige Form hat.<\/span><\/p>\n<p><a href=\"https:\/\/www.vacalia.com\"><img decoding=\"async\" class=\"aligncenter size-large wp-image-1169\" src=\"https:\/\/www.vacalia.com\/blog\/wp-content\/uploads\/2018\/01\/C9S51VaW0AA3mqk-2-1024x644.jpg\" alt=\"OSTERN AUF MALLORCA FEIERN\" width=\"1024\" height=\"644\" srcset=\"https:\/\/www.vacalia.com\/blog\/wp-content\/uploads\/2018\/01\/C9S51VaW0AA3mqk-2.jpg 1024w, https:\/\/www.vacalia.com\/blog\/wp-content\/uploads\/2018\/01\/C9S51VaW0AA3mqk-2-300x189.jpg 300w, https:\/\/www.vacalia.com\/blog\/wp-content\/uploads\/2018\/01\/C9S51VaW0AA3mqk-2-768x483.jpg 768w\" sizes=\"(max-width: 1024px) 100vw, 1024px\" \/><\/a><\/p>\n<p><span style=\"font-weight: 400;\">Die Struktur f\u00fcr die Tage der Karwoche auf Mallorca ist folgende:<\/span><\/p>\n<ul>\n<li style=\"font-weight: 400;\"><span style=\"font-weight: 400;\">Palmsonntag, der Tag an dem der Triumphzug Christi in Jerusalem gefeiert wird. In mallorquinischen D\u00f6rfern und St\u00e4dten werden Palmen- und Olivenzweige gesegnet. Vor den Kirchen warten die Priester auf die Leute die mit ihren \u00d6lzweigen und Palmenflechten vorbeigehen und segnen die Zweige. Sp\u00e4ter werden die Zweige an den Fassaden oder Balkonen der H\u00e4user befestigt um es das ganze Jahr zu besch\u00fctzen.<\/span><\/li>\n<\/ul>\n<figure id=\"attachment_1168\" aria-describedby=\"caption-attachment-1168\" style=\"width: 700px\" class=\"wp-caption aligncenter\"><a href=\"https:\/\/www.vacalia.com\"><img loading=\"lazy\" decoding=\"async\" class=\"wp-image-1168 size-full\" src=\"https:\/\/www.vacalia.com\/blog\/wp-content\/uploads\/2018\/01\/800-noticias-2.jpg\" alt=\"OSTERN AUF MALLORCA FEIERN\" width=\"700\" height=\"350\" srcset=\"https:\/\/www.vacalia.com\/blog\/wp-content\/uploads\/2018\/01\/800-noticias-2.jpg 700w, https:\/\/www.vacalia.com\/blog\/wp-content\/uploads\/2018\/01\/800-noticias-2-300x150.jpg 300w\" sizes=\"(max-width: 767px) 100vw, 700px\" \/><\/a><figcaption id=\"caption-attachment-1168\" class=\"wp-caption-text\">Foto: 800 noticias<\/figcaption><\/figure>\n<ul>\n<li style=\"font-weight: 400;\"><span style=\"font-weight: 400;\">Heiliger Montag, am Montag, Dienstag und Mittwoch der Karwoche finden verschiedene Prozessionen, vor allen Dingen in Palma, statt.<\/span><\/li>\n<li style=\"font-weight: 400;\"><span style=\"font-weight: 400;\">Heiliger Dienstag<\/span><\/li>\n<li style=\"font-weight: 400;\"><span style=\"font-weight: 400;\">Heiliger Mittwoch<\/span><\/li>\n<li style=\"font-weight: 400;\"><span style=\"font-weight: 400;\">Gr\u00fcndonnerstag beginnen die wichtigsten Prozessionen der Karwoche. Dieser Tag erinnert an das letzte Abendmahl Jesu mit seinen J\u00fcngern sowie an das Leiden und den Tod Christi. In allen D\u00f6rfern gibt es stille, sehr respektvolle Prozessionen, bei denen sowohl die Bruderschaften als auch die Dorfbewohner Jesus zum Kreuz begleiten.<\/span><\/li>\n<\/ul>\n<figure id=\"attachment_1167\" aria-describedby=\"caption-attachment-1167\" style=\"width: 646px\" class=\"wp-caption aligncenter\"><a href=\"https:\/\/www.vacalia.com\"><img loading=\"lazy\" decoding=\"async\" class=\"wp-image-1167 size-full\" src=\"https:\/\/www.vacalia.com\/blog\/wp-content\/uploads\/2018\/01\/oci-en-mallorca-3.jpg\" alt=\"Karwoche auf Mallorca\" width=\"646\" height=\"363\" srcset=\"https:\/\/www.vacalia.com\/blog\/wp-content\/uploads\/2018\/01\/oci-en-mallorca-3.jpg 646w, https:\/\/www.vacalia.com\/blog\/wp-content\/uploads\/2018\/01\/oci-en-mallorca-3-300x169.jpg 300w\" sizes=\"(max-width: 767px) 100vw, 646px\" \/><\/a><figcaption id=\"caption-attachment-1167\" class=\"wp-caption-text\">Foto: Ocio en Mallorca<\/figcaption><\/figure>\n<ul>\n<li style=\"font-weight: 400;\"><span style=\"font-weight: 400;\">Der Karfreitag ist ein ganz besonderer Tag in der christlichen Tradition, da er die Kreuzigung von Jesu rep\u00e4sentiert. Einer der beliebtesten Orte auf Mallorca um den Karfreitag zu begehen ist Pollen\u00e7a. Die Dorfbewohner und Besucher versammeln sich an der Treppe des Calvarienbergs (escaleras d\u2019Es Calvari). Die Treppe hat 365 Stufen, eine f\u00fcr jeden Tag im Jahr, und an dieser Freitreppe wird das Leiden Christus dargestellt. Die Kreuzigung wird mit r\u00f6mischen Soldaten, drei Marias und anderen biblischen Gestalten nachgestellt.<\/span><\/li>\n<\/ul>\n<figure id=\"attachment_1171\" aria-describedby=\"caption-attachment-1171\" style=\"width: 1024px\" class=\"wp-caption aligncenter\"><a href=\"https:\/\/www.vacalia.com\"><img loading=\"lazy\" decoding=\"async\" class=\"wp-image-1171 size-large\" src=\"https:\/\/www.vacalia.com\/blog\/wp-content\/uploads\/2018\/01\/265930-1-1024x679.jpg\" alt=\"Karwoche auf Mallorca\" width=\"1024\" height=\"679\" srcset=\"https:\/\/www.vacalia.com\/blog\/wp-content\/uploads\/2018\/01\/265930-1.jpg 1024w, https:\/\/www.vacalia.com\/blog\/wp-content\/uploads\/2018\/01\/265930-1-300x199.jpg 300w, https:\/\/www.vacalia.com\/blog\/wp-content\/uploads\/2018\/01\/265930-1-768x509.jpg 768w\" sizes=\"(max-width: 1024px) 100vw, 1024px\" \/><\/a><figcaption id=\"caption-attachment-1171\" class=\"wp-caption-text\">Foto: \u00daltima Hora<\/figcaption><\/figure>\n<ul>\n<li style=\"font-weight: 400;\"><span style=\"font-weight: 400;\">Karsamstag, dieser Tag wird mit absoluter Trauer gleichgesetzt und es gibt keine Feiern.<\/span><\/li>\n<li style=\"font-weight: 400;\"><span style=\"font-weight: 400;\">Sonntag der Auferstehung, ein sehr wichtiger Tag in der christlichen Religion. Es wird die Auferstehung Christi gefeiert und in der Tradition der mallorquinischen D\u00f6rfer wird dazu die Begegnung der heiligen Jungfrau Maria und Jesus nachgestellt. Gleich morgens treffen sich die Darsteller mit dem Priester, von einer Musikkapelle begleitet, wird dieses Ereignis mit der ganzen Bev\u00f6lkerung gefeiert, der Ostersonntag beginnt. In einigen D\u00f6rfern, wie Alar\u00f3, ist es typisch, dass nach der Begegnung eine Messe gelesen wird. Die Leute gehen zur Messe und danach kann das Fest beginnen, vielleicht mit Essen und Trinken in einer Bar. Eine \u00fcbliche Mahlzeit f\u00fcr diesen Tag ist \u201cFrit Mallorquin\u201d, dann wird ab 15.00 Uhr in den meisten Bars und Pub\u2019s gefeiert. Andere versammeln ihre Familien zum Spanferkel &#8211; Essen, die Tischgespr\u00e4che k\u00f6nnen bis in den Abend dauern.<\/span><\/li>\n<\/ul>\n<figure id=\"attachment_1166\" aria-describedby=\"caption-attachment-1166\" style=\"width: 1024px\" class=\"wp-caption aligncenter\"><a href=\"https:\/\/www.vacalia.com\"><img loading=\"lazy\" decoding=\"async\" class=\"wp-image-1166 size-large\" src=\"https:\/\/www.vacalia.com\/blog\/wp-content\/uploads\/2018\/01\/ultima-hora-3-1024x768.jpg\" alt=\"Karwoche auf Mallorca\" width=\"1024\" height=\"768\" srcset=\"https:\/\/www.vacalia.com\/blog\/wp-content\/uploads\/2018\/01\/ultima-hora-3.jpg 1024w, https:\/\/www.vacalia.com\/blog\/wp-content\/uploads\/2018\/01\/ultima-hora-3-300x225.jpg 300w, https:\/\/www.vacalia.com\/blog\/wp-content\/uploads\/2018\/01\/ultima-hora-3-768x576.jpg 768w\" sizes=\"(max-width: 1024px) 100vw, 1024px\" \/><\/a><figcaption id=\"caption-attachment-1166\" class=\"wp-caption-text\">Foto: \u00daltima Hora<\/figcaption><\/figure>\n<p><span style=\"font-weight: 400;\">Nach der Karwoche gehen die Festlichkeiten noch eine Woche weiter bis zum \u201cEngels-Sonntag\u201d. Dieser Woche widmen wir uns in einem anderen Post. Wenn wir Ihr Interesse geweckt haben, empfehlen wir bei uns auf dem Laufenden zu bleiben.<\/span><\/p>\n<figure id=\"attachment_1165\" aria-describedby=\"caption-attachment-1165\" style=\"width: 1024px\" class=\"wp-caption aligncenter\"><a href=\"https:\/\/www.vacalia.com\"><img loading=\"lazy\" decoding=\"async\" class=\"wp-image-1165 size-large\" src=\"https:\/\/www.vacalia.com\/blog\/wp-content\/uploads\/2018\/01\/ultima-hora2-2-1024x743.jpg\" alt=\"Karwoche auf Mallorca\" width=\"1024\" height=\"743\" srcset=\"https:\/\/www.vacalia.com\/blog\/wp-content\/uploads\/2018\/01\/ultima-hora2-2-1024x743.jpg 1024w, https:\/\/www.vacalia.com\/blog\/wp-content\/uploads\/2018\/01\/ultima-hora2-2-300x218.jpg 300w, https:\/\/www.vacalia.com\/blog\/wp-content\/uploads\/2018\/01\/ultima-hora2-2-768x557.jpg 768w, https:\/\/www.vacalia.com\/blog\/wp-content\/uploads\/2018\/01\/ultima-hora2-2-1050x761.jpg 1050w, https:\/\/www.vacalia.com\/blog\/wp-content\/uploads\/2018\/01\/ultima-hora2-2-1600x1160.jpg 1600w, https:\/\/www.vacalia.com\/blog\/wp-content\/uploads\/2018\/01\/ultima-hora2-2.jpg 2048w\" sizes=\"(max-width: 1024px) 100vw, 1024px\" \/><\/a><figcaption id=\"caption-attachment-1165\" class=\"wp-caption-text\">Foto: \u00daltima Hora<\/figcaption><\/figure>\n<p><span style=\"font-weight: 400;\">Haben wir Ihre Interesse geweckt die Karwoche auf Mallorca zu verbringen? Wir w\u00fcrden uns freuen, wenn Sie es mit uns verbringen. Hier k\u00f6nnen Sie alle Ferienh\u00e4user (Fincas auf deutsch) anschauen. Wir erwarten Sie!<\/span><\/p>\n\n<div class=\"bannerBlog\"><div class=\"new-card-houses\">\n    <div class=\"likeOut likeDivOut\" style=\"display:none\">\n        <a data-id=\"2403\" class=\"likeOut_button_red likeBtnFav\"\n            aria-label=\"Megusta Vacalia\"><\/a>\n    <\/div>\n    <figure>\n        <img loading=\"lazy\" decoding=\"async\" \n            loading=\"lazy\" width=\"301\" height=\"200\"\n            src=\"\/\/media.vacalia.com\/photo\/reformatwebpfolder\/350\/200\/2403\/thumb-middle\/2403_f6a889196b5762733d7873c6e1a9e2d2.webp?v=21092023\"\n            alt=\"Sa marjal - Ferienhaus auf Muro\"\/>\n                                                                        <div class=\"circleDiscount\">-10%<\/div>\n                        <\/figure>\n    <p itemprop=\"address\"><i class=\"ico-marker\"><\/i>Muro, Mallorca<\/p>\n    <h3 itemprop=\"name\">Sa marjal<\/h3>\n    <ul class=\"icon_list inline_list\">\n                              <li class=\"ico-pool\" title=\"Pool\">\n              <span itemprop=\"amenityFeature\">Pool<\/span>\n            <\/li>\n                      <li class=\"ico-wifi\" title=\"Wifi\">\n              <span itemprop=\"amenityFeature\">Wifi<\/span>\n            <\/li>\n                          <li class=\"ico-guests\" title=\"F\u00fcr 3 G\u00e4ste in Muro.\">\n          <span itemprop=\"occupancy\">3<\/span>\n        <\/li>\n    <\/ul>\n            <span class=\"price\">Ab 134\u20ac \/ Nacht<\/span>\n                <a itemprop=\"url\" class=\"anchor\" href=\"https:\/\/www.vacalia.com\/de\/ferienhaus-sa-marjal-muro-h18225\" aria-label=\"Sa marjal\"><\/a>\n<\/div><div class=\"new-card-houses\">\n    <div class=\"likeOut likeDivOut\" style=\"display:none\">\n        <a data-id=\"4672\" class=\"likeOut_button_red likeBtnFav\"\n            aria-label=\"Megusta Vacalia\"><\/a>\n    <\/div>\n    <figure>\n        <img loading=\"lazy\" decoding=\"async\" \n            loading=\"lazy\" width=\"301\" height=\"200\"\n            src=\"\/\/media.vacalia.com\/photo\/reformatwebpfolder\/350\/200\/4672\/thumb-middle\/4672_5b967479fa8ca667695d89bb440cd275.webp?v=21092023\"\n            alt=\"Antonia - Ferienhaus auf Can Picafort\"\/>\n                                                                        <div class=\"circleDiscount\">-11%<\/div>\n                        <\/figure>\n    <p itemprop=\"address\"><i class=\"ico-marker\"><\/i>Can Picafort, Mallorca<\/p>\n    <h3 itemprop=\"name\">Antonia<\/h3>\n    <ul class=\"icon_list inline_list\">\n                              <li class=\"ico-airConditioning\" title=\"Klimaanlage\">\n              <span itemprop=\"amenityFeature\">Klimaanlage<\/span>\n            <\/li>\n                      <li class=\"ico-wifi\" title=\"Wifi\">\n              <span itemprop=\"amenityFeature\">Wifi<\/span>\n            <\/li>\n                      <li class=\"ico-views\" title=\"Ausblick\">\n              <span itemprop=\"amenityFeature\">Ausblick<\/span>\n            <\/li>\n                          <li class=\"ico-guests\" title=\"F\u00fcr 6 G\u00e4ste in Can Picafort.\">\n          <span itemprop=\"occupancy\">6<\/span>\n        <\/li>\n    <\/ul>\n            <span class=\"price\">Ab 226\u20ac \/ Nacht<\/span>\n                <a itemprop=\"url\" class=\"anchor\" href=\"https:\/\/www.vacalia.com\/de\/ferienhaus-antonia-santa-margalida-h27154\" aria-label=\"Antonia\"><\/a>\n<\/div><\/div>\n","protected":false},"excerpt":{"rendered":"<p>Die Karwoche ist auf Mallorca ein wichtiges religi\u00f6ses Ereignis mit viel Tradition. Begleitet von zahlreichen Besuchen, Prozessionen bis hin zum Familien Mahl am Ostersonntag sind diese Wochen voller Festlichkeiten.<\/p>\n","protected":false},"author":2,"featured_media":0,"comment_status":"closed","ping_status":"open","sticky":false,"template":"","format":"standard","meta":{"_monsterinsights_skip_tracking":false,"_monsterinsights_sitenote_active":false,"_monsterinsights_sitenote_note":"","_monsterinsights_sitenote_category":0,"footnotes":""},"categories":[40],"tags":[],"class_list":["post-1163","post","type-post","status-publish","format-standard","hentry","category-allgemein"],"_links":{"self":[{"href":"https:\/\/www.vacalia.com\/blog\/wp-json\/wp\/v2\/posts\/1163"}],"collection":[{"href":"https:\/\/www.vacalia.com\/blog\/wp-json\/wp\/v2\/posts"}],"about":[{"href":"https:\/\/www.vacalia.com\/blog\/wp-json\/wp\/v2\/types\/post"}],"author":[{"embeddable":true,"href":"https:\/\/www.vacalia.com\/blog\/wp-json\/wp\/v2\/users\/2"}],"replies":[{"embeddable":true,"href":"https:\/\/www.vacalia.com\/blog\/wp-json\/wp\/v2\/comments?post=1163"}],"version-history":[{"count":4,"href":"https:\/\/www.vacalia.com\/blog\/wp-json\/wp\/v2\/posts\/1163\/revisions"}],"predecessor-version":[{"id":4886,"href":"https:\/\/www.vacalia.com\/blog\/wp-json\/wp\/v2\/posts\/1163\/revisions\/4886"}],"wp:attachment":[{"href":"https:\/\/www.vacalia.com\/blog\/wp-json\/wp\/v2\/media?parent=1163"}],"wp:term":[{"taxonomy":"category","embeddable":true,"href":"https:\/\/www.vacalia.com\/blog\/wp-json\/wp\/v2\/categories?post=1163"},{"taxonomy":"post_tag","embeddable":true,"href":"https:\/\/www.vacalia.com\/blog\/wp-json\/wp\/v2\/tags?post=1163"}],"curies":[{"name":"wp","href":"https:\/\/api.w.org\/{rel}","templated":true}]}}