{"id":1179,"date":"2018-02-05T15:28:28","date_gmt":"2018-02-05T15:28:28","guid":{"rendered":"https:\/\/www.vacalia.com\/blog\/?p=1179"},"modified":"2024-02-14T11:27:43","modified_gmt":"2024-02-14T10:27:43","slug":"anos-de-tradicion-en-la-pascua-en-mallorca","status":"publish","type":"post","link":"https:\/\/www.vacalia.com\/blog\/es\/anos-de-tradicion-en-la-pascua-en-mallorca\/","title":{"rendered":"A\u00f1os de tradici\u00f3n en la Pascua en Mallorca"},"content":{"rendered":"<p><span style=\"font-weight: 400;\">Si despu\u00e9s de leer nuestro \u00faltimo art\u00edculo sobre<a href=\"https:\/\/www.vacalia.com\/blog\/es\/que-hacer-en-semana-santa-en-mallorca\/\"> Celebrar Pascua en Mallorca <\/a>te has quedado con ganas de saber m\u00e1s cosas que hacer en <strong>Pascua en Mallorca<\/strong>, deber\u00edas seguir leyendo.<\/span><\/p>\n<p><a href=\"https:\/\/www.vacalia.com\"><img fetchpriority=\"high\" decoding=\"async\" class=\"aligncenter size-large wp-image-1181\" src=\"https:\/\/www.vacalia.com\/blog\/wp-content\/uploads\/2018\/02\/A\u00d1OS-DE-TRADICI\u00d3N-EN-LA-PASCUA-EN-MALLORCA-1024x536.jpg\" alt=\"A\u00d1OS DE TRADICI\u00d3N EN LA PASCUA EN MALLORCA\" width=\"1024\" height=\"536\" srcset=\"https:\/\/www.vacalia.com\/blog\/wp-content\/uploads\/2018\/02\/A\u00d1OS-DE-TRADICI\u00d3N-EN-LA-PASCUA-EN-MALLORCA-1024x536.jpg 1024w, https:\/\/www.vacalia.com\/blog\/wp-content\/uploads\/2018\/02\/A\u00d1OS-DE-TRADICI\u00d3N-EN-LA-PASCUA-EN-MALLORCA-300x157.jpg 300w, https:\/\/www.vacalia.com\/blog\/wp-content\/uploads\/2018\/02\/A\u00d1OS-DE-TRADICI\u00d3N-EN-LA-PASCUA-EN-MALLORCA-768x402.jpg 768w, https:\/\/www.vacalia.com\/blog\/wp-content\/uploads\/2018\/02\/A\u00d1OS-DE-TRADICI\u00d3N-EN-LA-PASCUA-EN-MALLORCA-1050x550.jpg 1050w, https:\/\/www.vacalia.com\/blog\/wp-content\/uploads\/2018\/02\/A\u00d1OS-DE-TRADICI\u00d3N-EN-LA-PASCUA-EN-MALLORCA.jpg 1200w\" sizes=\"(max-width: 1024px) 100vw, 1024px\" \/><\/a><\/p>\n<p><!--more--><\/p>\n<p><span style=\"font-weight: 400;\">Sin duda, <strong>Mallorca brilla<\/strong> sola no solo por sus encantos como isla, sino tambi\u00e9n <strong>por sus tradiciones<\/strong>. Cabe decir, sin lugar a dudas, que todas las tradiciones tienen su punto estelar en la gastronom\u00eda. No sabemos si es por el \u201csa\u00efm\u201d de las ensaimadas, el agua de la isla que hace que cualquier pasta sea deliciosa o por el amor que pone la gente preparando todas y cada una de estas recetas, pero <strong>cada mordisco hacen que te enamores m\u00e1s de la isla y de sus habitantes<\/strong>.<\/span><\/p>\n<p><span style=\"font-weight: 400;\">Os recomendamos que si quer\u00e9is vivir una Pascua en Mallorca bien aut\u00e9ntica, sig\u00e1is estos consejos y os aseguramos que, si as\u00ed lo hac\u00e9is, disfrutar\u00e9is.<\/span><\/p>\n<h2 class=\"post-item__subtitle\"><span style=\"text-decoration: underline;\"><strong>Qu\u00e9 comer en Pascua en Mallorca<\/strong><\/span><\/h2>\n<p><span style=\"font-weight: 400;\">Comer en Mallorca es casi como un rito. Las recetas son centenarias y pasan de mano en mano a trav\u00e9s de las familias. No encontrar\u00e1s dos \u201cfrits\u201d iguales ni dos platos de sopas que se parezcan, con lo que nunca parecer\u00e1 que repites el plato.<\/span><\/p>\n<p><span style=\"font-weight: 400;\">En Pascua en Mallorca es muy tradicional sobretodo comer carne de cerdo en embutidos (sobrasada o botifarrons) y carne de oveja en los <strong>\u201cfrits mallorquins\u201d<\/strong> (plato estrella de Pascua en muchos pueblos de Mallorca). Los dulces tambi\u00e9n est\u00e1n especialmente presentes. Podremos disfrutar de los deliciosos \u201crubiols\u201d (empanadas en forma de media luna rellenas de cabello de \u00e1ngel, reques\u00f3n o mermelada), los peque\u00f1os (o grandes) \u201ccrespells\u201d(galletas hechas de la misma pasta que el rubiol cubiertas de az\u00facar) i los \u201cconfits\u201d (caramelos duros con diferentes formas y colores que tienen almendras dentro).<\/span><\/p>\n<p><a href=\"https:\/\/www.vacalia.com\"><img decoding=\"async\" class=\"aligncenter size-large wp-image-1182\" src=\"https:\/\/www.vacalia.com\/blog\/wp-content\/uploads\/2018\/02\/frito-2-1024x680.jpg\" alt=\"A\u00d1OS DE TRADICI\u00d3N EN LA PASCUA EN MALLORCA\" width=\"1024\" height=\"680\" srcset=\"https:\/\/www.vacalia.com\/blog\/wp-content\/uploads\/2018\/02\/frito-2-1024x680.jpg 1024w, https:\/\/www.vacalia.com\/blog\/wp-content\/uploads\/2018\/02\/frito-2-300x199.jpg 300w, https:\/\/www.vacalia.com\/blog\/wp-content\/uploads\/2018\/02\/frito-2-768x510.jpg 768w, https:\/\/www.vacalia.com\/blog\/wp-content\/uploads\/2018\/02\/frito-2-1050x698.jpg 1050w, https:\/\/www.vacalia.com\/blog\/wp-content\/uploads\/2018\/02\/frito-2-1600x1063.jpg 1600w\" sizes=\"(max-width: 1024px) 100vw, 1024px\" \/><\/a><\/p>\n<p><span style=\"font-weight: 400;\">Por otra parte tambi\u00e9n est\u00e1n los salados entre los cuales encontramos las m\u00edticas <strong>\u201cpanadas y cocarrois\u201d.<\/strong><\/span><\/p>\n<p><span style=\"font-weight: 400;\">Las panadas son deliciosas empanadas rellenas de carne de cerdo, conejo, pollo o oveja que se suelen acompa\u00f1ar con guisantes. Aunque estas son las tradicionales, hoy en d\u00eda ya se pueden hacer de cualquier cosa: pescado, pollo con cebolla, sobrassada, etc. Hay decenas de sabores por probar y seguro que cada uno de ellos os despertar\u00e1 una sensaci\u00f3n diferente.<\/span><\/p>\n<p><a href=\"https:\/\/www.vacalia.com\"><img decoding=\"async\" class=\"aligncenter size-full wp-image-1183\" src=\"https:\/\/www.vacalia.com\/blog\/wp-content\/uploads\/2018\/02\/empanadas-mallorquies-el-portal-del-chacinado.jpg\" alt=\"A\u00d1OS DE TRADICI\u00d3N EN LA PASCUA EN MALLORCA\" width=\"907\" height=\"604\" srcset=\"https:\/\/www.vacalia.com\/blog\/wp-content\/uploads\/2018\/02\/empanadas-mallorquies-el-portal-del-chacinado.jpg 907w, https:\/\/www.vacalia.com\/blog\/wp-content\/uploads\/2018\/02\/empanadas-mallorquies-el-portal-del-chacinado-300x200.jpg 300w, https:\/\/www.vacalia.com\/blog\/wp-content\/uploads\/2018\/02\/empanadas-mallorquies-el-portal-del-chacinado-768x511.jpg 768w\" sizes=\"(max-width: 907px) 100vw, 907px\" \/><\/a><\/p>\n<p><span style=\"font-weight: 400;\"><strong>Los cocarrois<\/strong>, por otra parte, suelen mantener la receta tradicional. Con la misma pasta de las panadas y en forma de media luna, se rellenan de verduras y acaban siendo un plato estupendo para los vegetarianos.<\/span><\/p>\n<p><span style=\"font-weight: 400;\">Adem\u00e1s, cabe recordar que los viernes de Cuaresma no se puede comer carne, as\u00ed que la gente durante a\u00f1os ha ido siendo creativa en la cocina preparando platos que llenen much\u00edsimo hechos de verduras y pescado.<\/span><\/p>\n<h2 class=\"post-item__subtitle\"><span style=\"text-decoration: underline;\"><strong>La Jaia Corema, icono de la Pascua en Mallorca<\/strong><\/span><\/h2>\n<p><span style=\"font-weight: 400;\">Si algo representa bien la Pascua en Mallorca es, sin duda, \u201cSa Jaia Corema\u201d. Sa Jaia Corema <strong>representa las 7 setmanas de Cuaresma<\/strong> a trav\u00e9s de la figura de una anciana que tiene 7 piernas y 7 dientes y sostiene un bacalao en una mano y una cesta con verduras en la otra. Anteriormente en la Plaza de Cort de Palma hac\u00edan una mu\u00f1eca tama\u00f1o real hecho de paja a la que cuando llegaba Pascua serraban por la mitad delante de un p\u00fablico que aplaud\u00eda y re\u00eda por la llegada de Pascua.<\/span><\/p>\n<p><a href=\"https:\/\/www.vacalia.com\"><img loading=\"lazy\" decoding=\"async\" class=\"aligncenter size-large wp-image-1184\" src=\"https:\/\/www.vacalia.com\/blog\/wp-content\/uploads\/2018\/02\/mar\u00e7-002-1024x768.jpg\" alt=\"A\u00d1OS DE TRADICI\u00d3N EN LA PASCUA EN MALLORCA\" width=\"1024\" height=\"768\" srcset=\"https:\/\/www.vacalia.com\/blog\/wp-content\/uploads\/2018\/02\/mar\u00e7-002-1024x768.jpg 1024w, https:\/\/www.vacalia.com\/blog\/wp-content\/uploads\/2018\/02\/mar\u00e7-002-300x225.jpg 300w, https:\/\/www.vacalia.com\/blog\/wp-content\/uploads\/2018\/02\/mar\u00e7-002-768x576.jpg 768w, https:\/\/www.vacalia.com\/blog\/wp-content\/uploads\/2018\/02\/mar\u00e7-002-1050x788.jpg 1050w, https:\/\/www.vacalia.com\/blog\/wp-content\/uploads\/2018\/02\/mar\u00e7-002.jpg 1600w\" sizes=\"(max-width: 1024px) 100vw, 1024px\" \/><\/a><\/p>\n<p><span style=\"font-weight: 400;\">Hoy en d\u00eda en las escuelas y familias siguen esta tradici\u00f3n y se dedican a cantar una canci\u00f3n cada semana en honor a Sa Jaia Corema mientras le quitan una pierna celebrando que queda una semana menos para la Pascua en Mallorca.<\/span><\/p>\n<p>\u00bfQu\u00e9 os parecen nuestras tradiciones?<\/p>\n\n<div class=\"bannerBlog\"><div class=\"new-card-houses\">\n    <div class=\"likeOut likeDivOut\" style=\"display:none\">\n        <a data-id=\"5571\" class=\"likeOut_button_red likeBtnFav\"\n            aria-label=\"Megusta Vacalia\"><\/a>\n    <\/div>\n    <figure>\n        <img loading=\"lazy\" decoding=\"async\" \n            loading=\"lazy\" width=\"301\" height=\"200\"\n            src=\"\/\/media.vacalia.com\/photo\/reformatwebpfolder\/350\/200\/5571\/thumb-middle\/5571_24125e834ade6abe0f7a12eb8840b451.webp?v=21092023\"\n            alt=\"Can lluent - Alquiler vacacional en Inca\"\/>\n                                                                        <div class=\"circleDiscount\">-30%<\/div>\n                        <\/figure>\n    <p itemprop=\"address\"><i class=\"ico-marker\"><\/i>Inca, Mallorca<\/p>\n    <h3 itemprop=\"name\">Can lluent<\/h3>\n    <ul class=\"icon_list inline_list\">\n                              <li class=\"ico-pool\" title=\"Piscina\">\n              <span itemprop=\"amenityFeature\">Piscina<\/span>\n            <\/li>\n                      <li class=\"ico-airConditioning\" title=\"Aire Acondicionado\">\n              <span itemprop=\"amenityFeature\">Aire Acondicionado<\/span>\n            <\/li>\n                      <li class=\"ico-wifi\" title=\"Wifi\">\n              <span itemprop=\"amenityFeature\">Wifi<\/span>\n            <\/li>\n                          <li class=\"ico-guests\" title=\"Para 6 hu\u00e9spedes en Inca.\">\n          <span itemprop=\"occupancy\">6<\/span>\n        <\/li>\n    <\/ul>\n            <span class=\"price\">Desde 109\u20ac \/ noche<\/span>\n                <a itemprop=\"url\" class=\"anchor\" href=\"https:\/\/www.vacalia.com\/es\/villa-can-lluent-inca-h32122\" aria-label=\"Can lluent\"><\/a>\n<\/div><div class=\"new-card-houses\">\n    <div class=\"likeOut likeDivOut\" style=\"display:none\">\n        <a data-id=\"2769\" class=\"likeOut_button_red likeBtnFav\"\n            aria-label=\"Megusta Vacalia\"><\/a>\n    <\/div>\n    <figure>\n        <img loading=\"lazy\" decoding=\"async\" \n            loading=\"lazy\" width=\"301\" height=\"200\"\n            src=\"\/\/media.vacalia.com\/photo\/reformatwebpfolder\/350\/200\/2769\/thumb-middle\/2769_35919cf682779d84c9cbf5aa3ed9f2ee.webp?v=21092023\"\n            alt=\"Xalet ca s&#039;hereu - Alquiler vacacional en Cala Millor\"\/>\n                                                                        <div class=\"circleDiscount\">-30%<\/div>\n                        <\/figure>\n    <p itemprop=\"address\"><i class=\"ico-marker\"><\/i>Cala Millor, Mallorca<\/p>\n    <h3 itemprop=\"name\">Xalet ca s&#039;hereu<\/h3>\n    <ul class=\"icon_list inline_list\">\n                              <li class=\"ico-pool\" title=\"Piscina\">\n              <span itemprop=\"amenityFeature\">Piscina<\/span>\n            <\/li>\n                      <li class=\"ico-airConditioning\" title=\"Aire Acondicionado\">\n              <span itemprop=\"amenityFeature\">Aire Acondicionado<\/span>\n            <\/li>\n                      <li class=\"ico-wifi\" title=\"Wifi\">\n              <span itemprop=\"amenityFeature\">Wifi<\/span>\n            <\/li>\n                          <li class=\"ico-guests\" title=\"Para 8 hu\u00e9spedes en Cala Millor.\">\n          <span itemprop=\"occupancy\">8<\/span>\n        <\/li>\n    <\/ul>\n            <span class=\"price\">Desde 177\u20ac \/ noche<\/span>\n                <a itemprop=\"url\" class=\"anchor\" href=\"https:\/\/www.vacalia.com\/es\/villa-xalet-ca-shereu-son-servera-h19856\" aria-label=\"Xalet ca s&#039;hereu\"><\/a>\n<\/div><\/div>\n","protected":false},"excerpt":{"rendered":"<p>Si despu\u00e9s de leer nuestro \u00faltimo art\u00edculo sobre Celebrar Pascua en Mallorca te has quedado con ganas de saber m\u00e1s cosas que hacer en Pascua en Mallorca, deber\u00edas seguir leyendo.<\/p>\n","protected":false},"author":2,"featured_media":0,"comment_status":"closed","ping_status":"open","sticky":false,"template":"","format":"standard","meta":{"_monsterinsights_skip_tracking":false,"_monsterinsights_sitenote_active":false,"_monsterinsights_sitenote_note":"","_monsterinsights_sitenote_category":0,"footnotes":""},"categories":[1],"tags":[],"class_list":["post-1179","post","type-post","status-publish","format-standard","hentry","category-general-es"],"_links":{"self":[{"href":"https:\/\/www.vacalia.com\/blog\/wp-json\/wp\/v2\/posts\/1179"}],"collection":[{"href":"https:\/\/www.vacalia.com\/blog\/wp-json\/wp\/v2\/posts"}],"about":[{"href":"https:\/\/www.vacalia.com\/blog\/wp-json\/wp\/v2\/types\/post"}],"author":[{"embeddable":true,"href":"https:\/\/www.vacalia.com\/blog\/wp-json\/wp\/v2\/users\/2"}],"replies":[{"embeddable":true,"href":"https:\/\/www.vacalia.com\/blog\/wp-json\/wp\/v2\/comments?post=1179"}],"version-history":[{"count":5,"href":"https:\/\/www.vacalia.com\/blog\/wp-json\/wp\/v2\/posts\/1179\/revisions"}],"predecessor-version":[{"id":4791,"href":"https:\/\/www.vacalia.com\/blog\/wp-json\/wp\/v2\/posts\/1179\/revisions\/4791"}],"wp:attachment":[{"href":"https:\/\/www.vacalia.com\/blog\/wp-json\/wp\/v2\/media?parent=1179"}],"wp:term":[{"taxonomy":"category","embeddable":true,"href":"https:\/\/www.vacalia.com\/blog\/wp-json\/wp\/v2\/categories?post=1179"},{"taxonomy":"post_tag","embeddable":true,"href":"https:\/\/www.vacalia.com\/blog\/wp-json\/wp\/v2\/tags?post=1179"}],"curies":[{"name":"wp","href":"https:\/\/api.w.org\/{rel}","templated":true}]}}