{"id":1257,"date":"2018-02-26T12:35:25","date_gmt":"2018-02-26T12:35:25","guid":{"rendered":"https:\/\/www.vacalia.com\/blog\/?p=1257"},"modified":"2024-08-23T09:24:46","modified_gmt":"2024-08-23T07:24:46","slug":"6-unberuhrten-buchten-auf-mallorca","status":"publish","type":"post","link":"https:\/\/www.vacalia.com\/blog\/6-unberuhrten-buchten-auf-mallorca\/","title":{"rendered":"6 unber\u00fchrten Buchten auf Mallorca die Sie besuchen sollten"},"content":{"rendered":"<p><span style=\"font-weight: 400;\">Wenn Sie schon einmal auf Mallorca waren, haben Sie sicher schon ein Dutzend Str\u00e4nde besucht die Ihnen wirklich gefallen haben. Aber ob Sie schon Str\u00e4nde kennen oder Mallorca zum ersten mal besuchen, heute m\u00f6chten wir Ihnen 6 unber\u00fchrten Buchten auf Mallorca vorstellen an denen Sie sich wie in einem Traum f\u00fchlen werden und einige unserer Ferienvermietung auf Mallorca die sich ganz in der N\u00e4he dieser Buchten befinden.<\/span><\/p>\n<p><img fetchpriority=\"high\" decoding=\"async\" class=\"aligncenter size-full wp-image-1258\" src=\"https:\/\/www.vacalia.com\/blog\/wp-content\/uploads\/2018\/02\/WAS-MAN-OSTERN-AUF-MALLORCA-MACHEN-KANN-4.jpg\" alt=\"6 VERSTECKTE BUCHTEN AUF MALLORCA DIE SIE BESUCHEN SOLLTEN\" width=\"1000\" height=\"550\" srcset=\"https:\/\/www.vacalia.com\/blog\/wp-content\/uploads\/2018\/02\/WAS-MAN-OSTERN-AUF-MALLORCA-MACHEN-KANN-4.jpg 1000w, https:\/\/www.vacalia.com\/blog\/wp-content\/uploads\/2018\/02\/WAS-MAN-OSTERN-AUF-MALLORCA-MACHEN-KANN-4-300x165.jpg 300w, https:\/\/www.vacalia.com\/blog\/wp-content\/uploads\/2018\/02\/WAS-MAN-OSTERN-AUF-MALLORCA-MACHEN-KANN-4-768x422.jpg 768w\" sizes=\"(max-width: 1000px) 100vw, 1000px\" \/><\/p>\n<p><!--more--><\/p>\n<p><span style=\"font-weight: 400;\">Wir wollen zuerst einmal erkl\u00e4ren was wir unter unber\u00fchrten Buchten verstehen: es sind diejenigen die auch im Laufe der Zeit unver\u00e4ndert geblieben sind. Es gibt keine Bebauung oder Hotels die sich zwischen die Natur und den Besuchern stellt. Das Wasser ist kristallklar und absolut sauber, es ist nicht verschmutzt durch zu viele Besucher oder H\u00e4fen in der N\u00e4he. Um zu diesen Buchten zu gelangen muss man einen Teil des Weges zu Fuss zur\u00fccklegen aber wir k\u00f6nnen Ihnen versichern, dass sich die M\u00fche lohnt.<\/span><\/p>\n<p><span style=\"font-weight: 400;\">Diese urspr\u00fcnglichen Buchten sind ein Traum f\u00far alle die sich mit der natur verbunden f\u00fchlen.<\/span><\/p>\n<h2 class=\"post-item__subtitle\"><span style=\"text-decoration: underline;\"><strong>Unsere TOP 6 der unber\u00fchrten Buchten auf Mallorca die Sie besuchen sollten:<\/strong><\/span><\/h2>\n<p><strong>1. Sa Calobra <\/strong><\/p>\n<p><span style=\"font-weight: 400;\">Sie befindet sich in der Berg &#8211; Gemeinde Escorca. Diese wundersch\u00f6ne Bucht ist eigentlich die M\u00fcndung eines der beliebtesten Sturzb\u00e4che (Torrent) Mallorcas: vom Torrent del Pareis. Tausende von Jahren haben den Berg nat\u00fcrlich erodiert und dabei ist diese wundersch\u00f6ne Bucht entstanden.<\/span><\/p>\n<p><img decoding=\"async\" class=\"aligncenter size-large wp-image-1259\" src=\"https:\/\/www.vacalia.com\/blog\/wp-content\/uploads\/2018\/02\/sa-calobra-2-1024x768.jpg\" alt=\"6 VERSTECKTE BUCHTEN AUF MALLORCA DIE SIE BESUCHEN SOLLTEN\" width=\"1024\" height=\"768\" srcset=\"https:\/\/www.vacalia.com\/blog\/wp-content\/uploads\/2018\/02\/sa-calobra-2.jpg 1024w, https:\/\/www.vacalia.com\/blog\/wp-content\/uploads\/2018\/02\/sa-calobra-2-300x225.jpg 300w, https:\/\/www.vacalia.com\/blog\/wp-content\/uploads\/2018\/02\/sa-calobra-2-768x576.jpg 768w\" sizes=\"(max-width: 1024px) 100vw, 1024px\" \/><\/p>\n<p><span style=\"font-weight: 400;\">Das Meer hat in dieser Bucht ein besonders intensives t\u00fcrkis &#8211; blau und man ist sowohl den Bergen und dem Wald, als auch dem Wasser ganz nah. Die Strasse zu dieser Enklave ist lang und hat extrem viele Kurven aber sie ist auch sehr unterhaltsam und bietet einen einzigartigen Blick auf die Felsen des Tramuntanagebirges. Sehr Kurios ist eine 360\u00ba Kurve die den Namen \u201cNu de sa Corbata\u201d (Krawattenknoten) hat, weil sich wirklich ein Teil der Strasse kreuzt.<\/span><\/p>\n<p><span style=\"font-weight: 400;\">Eine andere Option in die Bucht zu gelangen ist ein Boot. Es gibt eine Vielzahl von Bootsausfl\u00fcgen die sich auf Sa Calobra spezialisiert haben. Ohne Zweifel eine interessante Art die Sch\u00f6nheit Mallorcas zu entdecken.<\/span><\/p>\n<p><span style=\"font-weight: 400;\">* Ferienvermietung auf Mallorca in der N\u00e4he von Sa Calobra:<\/span><\/p>\n<p><span style=\"font-weight: 400;\">F\u00fcr Familien &#8211; Finca Escolanet<\/span><\/p>\n<p><a href=\"https:\/\/www.vacalia.com\/de\/ferienhaus-es-vint-i-nou-escorca-h16125\"><img decoding=\"async\" class=\"aligncenter size-large wp-image-1260\" src=\"https:\/\/www.vacalia.com\/blog\/wp-content\/uploads\/2018\/02\/escolanet-2-1024x678.jpg\" alt=\"6 VERSTECKTE BUCHTEN AUF MALLORCA DIE SIE BESUCHEN SOLLTEN\" width=\"1024\" height=\"678\" srcset=\"https:\/\/www.vacalia.com\/blog\/wp-content\/uploads\/2018\/02\/escolanet-2-1024x678.jpg 1024w, https:\/\/www.vacalia.com\/blog\/wp-content\/uploads\/2018\/02\/escolanet-2-300x199.jpg 300w, https:\/\/www.vacalia.com\/blog\/wp-content\/uploads\/2018\/02\/escolanet-2-768x509.jpg 768w, https:\/\/www.vacalia.com\/blog\/wp-content\/uploads\/2018\/02\/escolanet-2-1050x695.jpg 1050w, https:\/\/www.vacalia.com\/blog\/wp-content\/uploads\/2018\/02\/escolanet-2-1600x1060.jpg 1600w\" sizes=\"(max-width: 1024px) 100vw, 1024px\" \/><\/a><\/p>\n<p><span style=\"font-weight: 400;\">F\u00fcr Paare &#8211; Finca Posada<\/span><\/p>\n<p><a href=\"https:\/\/www.vacalia.com\/de\/apartment-posada-escorca-h18462\"><img loading=\"lazy\" decoding=\"async\" class=\"aligncenter size-large wp-image-1261\" src=\"https:\/\/www.vacalia.com\/blog\/wp-content\/uploads\/2018\/02\/posada-2-1024x683.jpg\" alt=\"6 VERSTECKTE BUCHTEN AUF MALLORCA DIE SIE BESUCHEN SOLLTEN\" width=\"1024\" height=\"683\" srcset=\"https:\/\/www.vacalia.com\/blog\/wp-content\/uploads\/2018\/02\/posada-2-1024x683.jpg 1024w, https:\/\/www.vacalia.com\/blog\/wp-content\/uploads\/2018\/02\/posada-2-300x200.jpg 300w, https:\/\/www.vacalia.com\/blog\/wp-content\/uploads\/2018\/02\/posada-2-768x513.jpg 768w, https:\/\/www.vacalia.com\/blog\/wp-content\/uploads\/2018\/02\/posada-2-1050x701.jpg 1050w, https:\/\/www.vacalia.com\/blog\/wp-content\/uploads\/2018\/02\/posada-2-1600x1068.jpg 1600w\" sizes=\"(max-width: 1024px) 100vw, 1024px\" \/><\/a><\/p>\n<p><strong>2. Cala Figuera <\/strong><\/p>\n<p><span style=\"font-weight: 400;\">Cala Figuera ist eine weitere wundervolle Bucht die Folge der Erosion ist. Regen in Verbindung mit einem Sturzbach hat die Bucht entstehen lassen. In diesem Fall liegt die Bucht in der Gemeinde von Pollen\u00e7a auf der Halbinsel Formentor. <\/span><\/p>\n<p><a href=\"https:\/\/www.vacalia.com\/\"><img loading=\"lazy\" decoding=\"async\" class=\"aligncenter size-large wp-image-1262\" src=\"https:\/\/www.vacalia.com\/blog\/wp-content\/uploads\/2018\/02\/cala-figuera-2-1024x683.jpg\" alt=\"6 VERSTECKTE BUCHTEN AUF MALLORCA DIE SIE BESUCHEN SOLLTEN\" width=\"1024\" height=\"683\" srcset=\"https:\/\/www.vacalia.com\/blog\/wp-content\/uploads\/2018\/02\/cala-figuera-2-1024x683.jpg 1024w, https:\/\/www.vacalia.com\/blog\/wp-content\/uploads\/2018\/02\/cala-figuera-2-300x200.jpg 300w, https:\/\/www.vacalia.com\/blog\/wp-content\/uploads\/2018\/02\/cala-figuera-2-768x512.jpg 768w, https:\/\/www.vacalia.com\/blog\/wp-content\/uploads\/2018\/02\/cala-figuera-2-1050x700.jpg 1050w, https:\/\/www.vacalia.com\/blog\/wp-content\/uploads\/2018\/02\/cala-figuera-2-1600x1067.jpg 1600w\" sizes=\"(max-width: 1024px) 100vw, 1024px\" \/><\/a><\/p>\n<p><span style=\"font-weight: 400;\">Diese fantastische Bucht mit kristallklarem Wasser \u00fcberrascht durch ihre immense Sch\u00f6nheit. Um dorthin zu gelangen fahren Sie Richtung Leuchtturm, ein Wegweiser zeigt dann wo Sie abbiegen m\u00fcssen. Am Ende der Strasse gibt es einen Parkplatz und um in die Bucht zu gelangen haben Sie dann noch einen Fussweg von ca. 10 min., den Berg hinab.<\/span><\/p>\n<p><span style=\"font-weight: 400;\">Die Bucht besteht aus Felsen, Knollen und Algen, Atmen Sie einmal richtig durch und geniessen Sie die Stille. Es gibt keine andere Ablenkung als die Natur selbst.<\/span><\/p>\n<p><span style=\"font-weight: 400;\">* Ferienvermietung auf Mallorca in der N\u00e4he von Cala Figuera<\/span><\/p>\n<p><span style=\"font-weight: 400;\">F\u00fcr Familien &#8211; Finca Can Boi den Cifre<\/span><\/p>\n<p><a href=\"https:\/\/www.vacalia.com\/de\/ferienhaus-can-boi-den-cifre-pollenca-h17580\"><img loading=\"lazy\" decoding=\"async\" class=\"aligncenter size-large wp-image-1263\" src=\"https:\/\/www.vacalia.com\/blog\/wp-content\/uploads\/2018\/02\/can-boi-den-cifre-2-1024x683.jpg\" alt=\"6 VERSTECKTE BUCHTEN AUF MALLORCA DIE SIE BESUCHEN SOLLTEN\" width=\"1024\" height=\"683\" srcset=\"https:\/\/www.vacalia.com\/blog\/wp-content\/uploads\/2018\/02\/can-boi-den-cifre-2-1024x683.jpg 1024w, https:\/\/www.vacalia.com\/blog\/wp-content\/uploads\/2018\/02\/can-boi-den-cifre-2-300x200.jpg 300w, https:\/\/www.vacalia.com\/blog\/wp-content\/uploads\/2018\/02\/can-boi-den-cifre-2-768x512.jpg 768w, https:\/\/www.vacalia.com\/blog\/wp-content\/uploads\/2018\/02\/can-boi-den-cifre-2-1050x700.jpg 1050w, https:\/\/www.vacalia.com\/blog\/wp-content\/uploads\/2018\/02\/can-boi-den-cifre-2-1600x1067.jpg 1600w\" sizes=\"(max-width: 1024px) 100vw, 1024px\" \/><\/a><\/p>\n<p><span style=\"font-weight: 400;\">F\u00fcr Paare &#8211; Ferienhaus Carbonell<\/span><\/p>\n<p><a href=\"https:\/\/www.vacalia.com\/de\/apartment-antoni-carbonell-sastre-pollenca-h17307\"><img loading=\"lazy\" decoding=\"async\" class=\"aligncenter size-large wp-image-1264\" src=\"https:\/\/www.vacalia.com\/blog\/wp-content\/uploads\/2018\/02\/carbonell-2-1024x683.jpg\" alt=\"6 VERSTECKTE BUCHTEN AUF MALLORCA DIE SIE BESUCHEN SOLLTEN\" width=\"1024\" height=\"683\" srcset=\"https:\/\/www.vacalia.com\/blog\/wp-content\/uploads\/2018\/02\/carbonell-2-1024x683.jpg 1024w, https:\/\/www.vacalia.com\/blog\/wp-content\/uploads\/2018\/02\/carbonell-2-300x200.jpg 300w, https:\/\/www.vacalia.com\/blog\/wp-content\/uploads\/2018\/02\/carbonell-2-768x513.jpg 768w, https:\/\/www.vacalia.com\/blog\/wp-content\/uploads\/2018\/02\/carbonell-2-1050x701.jpg 1050w, https:\/\/www.vacalia.com\/blog\/wp-content\/uploads\/2018\/02\/carbonell-2-1600x1068.jpg 1600w\" sizes=\"(max-width: 1024px) 100vw, 1024px\" \/><\/a><\/p>\n<p><strong>3. Cala Varques<\/strong><\/p>\n<p><span style=\"font-weight: 400;\">Dieses nat\u00fcrliche Schwimmbad befindet sich in der Gemeinde vom Manacor, um genau zu sein zwischen Cales de Mallorca und Cala Rom\u00e0ntica.\u00a0<\/span><span style=\"font-weight: 400;\">Die Landschaft gleicht einer Postkarte, die eigentliche Bucht genauso wie die Umgebung und l\u00e4dt zum tr\u00e4umen ein. Wer schon einmal einen Paradiesstrand vor dem inneren Auge hatte, hat ganz bestimmt an Cala Varques gedacht.<\/span><\/p>\n<p><a href=\"https:\/\/www.vacalia.com\"><img loading=\"lazy\" decoding=\"async\" class=\"aligncenter size-large wp-image-1265\" src=\"https:\/\/www.vacalia.com\/blog\/wp-content\/uploads\/2018\/02\/cala-varques-2-1024x749.jpg\" alt=\"6 VERSTECKTE BUCHTEN AUF MALLORCA DIE SIE BESUCHEN SOLLTEN\" width=\"1024\" height=\"749\" srcset=\"https:\/\/www.vacalia.com\/blog\/wp-content\/uploads\/2018\/02\/cala-varques-2-1024x749.jpg 1024w, https:\/\/www.vacalia.com\/blog\/wp-content\/uploads\/2018\/02\/cala-varques-2-300x219.jpg 300w, https:\/\/www.vacalia.com\/blog\/wp-content\/uploads\/2018\/02\/cala-varques-2-768x562.jpg 768w, https:\/\/www.vacalia.com\/blog\/wp-content\/uploads\/2018\/02\/cala-varques-2-1050x768.jpg 1050w, https:\/\/www.vacalia.com\/blog\/wp-content\/uploads\/2018\/02\/cala-varques-2-1600x1171.jpg 1600w\" sizes=\"(max-width: 1024px) 100vw, 1024px\" \/><\/a><\/p>\n<p><span style=\"font-weight: 400;\">Einen Ausflug zu den H\u00f6hlen, wie die der Piraten, del Pont oder del Xot, in der n\u00e4heren Umgebung, werden Sie sicher nicht bereuen. Allein schon um die Geschichten kennenzulernen die die H\u00f6hlen verbergen. Der Weg zur Bucht ist einfach, von Manacor aus folgen Sie der ausgeschilderten Route bis zum Parkplatz, von dort sind es 15 min. Fussweg zur Bucht. Wir w\u00fcnschen viel Vergn\u00fcgen!<\/span><\/p>\n<p><span style=\"font-weight: 400;\">* Ferienvermietung auf Mallorca in der N\u00e4he von Cala Varques<\/span><\/p>\n<p><span style=\"font-weight: 400;\">F\u00fcr Familien &#8211; Finca Plato<\/span><\/p>\n<p><a href=\"https:\/\/www.vacalia.com\/de\/ferienhaus-plato-manacor-h15534\"><img loading=\"lazy\" decoding=\"async\" class=\"aligncenter size-large wp-image-1266\" src=\"https:\/\/www.vacalia.com\/blog\/wp-content\/uploads\/2018\/02\/plato-2-1024x683.jpg\" alt=\"6 VERSTECKTE BUCHTEN AUF MALLORCA DIE SIE BESUCHEN SOLLTEN\" width=\"1024\" height=\"683\" srcset=\"https:\/\/www.vacalia.com\/blog\/wp-content\/uploads\/2018\/02\/plato-2-1024x683.jpg 1024w, https:\/\/www.vacalia.com\/blog\/wp-content\/uploads\/2018\/02\/plato-2-300x200.jpg 300w, https:\/\/www.vacalia.com\/blog\/wp-content\/uploads\/2018\/02\/plato-2-768x513.jpg 768w, https:\/\/www.vacalia.com\/blog\/wp-content\/uploads\/2018\/02\/plato-2-1050x701.jpg 1050w, https:\/\/www.vacalia.com\/blog\/wp-content\/uploads\/2018\/02\/plato-2-1600x1068.jpg 1600w\" sizes=\"(max-width: 1024px) 100vw, 1024px\" \/><\/a><\/p>\n<p><span style=\"font-weight: 400;\">F\u00fcr Paare &#8211; Landhotel Llodr\u00e0 5<\/span><\/p>\n<p><a href=\"https:\/\/www.vacalia.com\/de\/landhotel-agroturismo-es-pla-de-llodra-sa-vaquera-manacor-h17151\"><img loading=\"lazy\" decoding=\"async\" class=\"aligncenter size-large wp-image-1267\" src=\"https:\/\/www.vacalia.com\/blog\/wp-content\/uploads\/2018\/02\/llodr\u00e05-2-1024x678.jpg\" alt=\"6 VERSTECKTE BUCHTEN AUF MALLORCA DIE SIE BESUCHEN SOLLTEN\" width=\"1024\" height=\"678\" srcset=\"https:\/\/www.vacalia.com\/blog\/wp-content\/uploads\/2018\/02\/llodr\u00e05-2-1024x678.jpg 1024w, https:\/\/www.vacalia.com\/blog\/wp-content\/uploads\/2018\/02\/llodr\u00e05-2-300x199.jpg 300w, https:\/\/www.vacalia.com\/blog\/wp-content\/uploads\/2018\/02\/llodr\u00e05-2-768x509.jpg 768w, https:\/\/www.vacalia.com\/blog\/wp-content\/uploads\/2018\/02\/llodr\u00e05-2-1050x696.jpg 1050w, https:\/\/www.vacalia.com\/blog\/wp-content\/uploads\/2018\/02\/llodr\u00e05-2-1600x1060.jpg 1600w\" sizes=\"(max-width: 1024px) 100vw, 1024px\" \/><\/a><\/p>\n<p><strong>4. Cala d\u2019Egos<\/strong><\/p>\n<p><span style=\"font-weight: 400;\">Die zauberhafte Bucht Cala d\u2019Egos ist eine Bucht mit Steinen und Felsen in der Gemeinde von Andratx. Es gibt eine 2te Bucht mit dem Namen Cala d\u2019Egos in der Gemeinde von Santanyi, die einem nat\u00fcrlichen Schwimmbad gleicht, \u00fcber diese m\u00f6chten wir aber nicht berichten. <\/span><\/p>\n<p><a href=\"https:\/\/www.vacalia.com\"><img loading=\"lazy\" decoding=\"async\" class=\"aligncenter size-large wp-image-1268\" src=\"https:\/\/www.vacalia.com\/blog\/wp-content\/uploads\/2018\/02\/cala-degos-2-1024x768.jpg\" alt=\"6 VERSTECKTE BUCHTEN AUF MALLORCA DIE SIE BESUCHEN SOLLTEN\" width=\"1024\" height=\"768\" srcset=\"https:\/\/www.vacalia.com\/blog\/wp-content\/uploads\/2018\/02\/cala-degos-2-1024x768.jpg 1024w, https:\/\/www.vacalia.com\/blog\/wp-content\/uploads\/2018\/02\/cala-degos-2-300x225.jpg 300w, https:\/\/www.vacalia.com\/blog\/wp-content\/uploads\/2018\/02\/cala-degos-2-768x576.jpg 768w, https:\/\/www.vacalia.com\/blog\/wp-content\/uploads\/2018\/02\/cala-degos-2-1050x788.jpg 1050w, https:\/\/www.vacalia.com\/blog\/wp-content\/uploads\/2018\/02\/cala-degos-2.jpg 1500w\" sizes=\"(max-width: 1024px) 100vw, 1024px\" \/><\/a><\/p>\n<p><span style=\"font-weight: 400;\">Unsere Cala d\u2019Egos liegt ca. 10km von Andratx entfernt und hat sehr ruhiges Wasser. Bei der Ankunft macht die Bucht einen v\u00f6llig unber\u00fchrten Eindruck, sie liegt umgeben von Pinien und kleinen Bergen, nach einem ca. 4km langen Fussweg. Den Fussweg sollten Sie Morgens sehr fr\u00fch oder Abends machen, da es wenig Schatten gibt und er an sehr sonnigen Tagen, aufgrund der Abwesenheit des Schattens, doch etwas lang sein k\u00f6nnte. Das Wasser in dieser Bucht ist fast transparent und Sie werden hier haupts\u00e4chlich einheimische Badeg\u00e4ste antreffen, die versuchen die bev\u00f6lkerten Str\u00e4nde zu meiden.<\/span><\/p>\n<p><span style=\"font-weight: 400;\">* Ferienvermietung auf Mallorca in der N\u00e4he von Cala d\u2019Egos<\/span><\/p>\n<p><span style=\"font-weight: 400;\">F\u00fcr Familien &#8211; Finca Parra<\/span><\/p>\n<p><a href=\"https:\/\/www.vacalia.com\/de\/villa-mieten-can-parra-andratx-h18987\"><img loading=\"lazy\" decoding=\"async\" class=\"aligncenter size-large wp-image-1269\" src=\"https:\/\/www.vacalia.com\/blog\/wp-content\/uploads\/2018\/02\/can-parra-2-1024x678.jpg\" alt=\"6 VERSTECKTE BUCHTEN AUF MALLORCA DIE SIE BESUCHEN SOLLTEN\" width=\"1024\" height=\"678\" srcset=\"https:\/\/www.vacalia.com\/blog\/wp-content\/uploads\/2018\/02\/can-parra-2-1024x678.jpg 1024w, https:\/\/www.vacalia.com\/blog\/wp-content\/uploads\/2018\/02\/can-parra-2-300x199.jpg 300w, https:\/\/www.vacalia.com\/blog\/wp-content\/uploads\/2018\/02\/can-parra-2-768x509.jpg 768w, https:\/\/www.vacalia.com\/blog\/wp-content\/uploads\/2018\/02\/can-parra-2-1050x696.jpg 1050w, https:\/\/www.vacalia.com\/blog\/wp-content\/uploads\/2018\/02\/can-parra-2-1600x1060.jpg 1600w\" sizes=\"(max-width: 1024px) 100vw, 1024px\" \/><\/a><\/p>\n<p><span style=\"font-weight: 400;\">F\u00fcr Paare &#8211; Landhaus Bonviure<\/span><\/p>\n<p><a href=\"https:\/\/www.vacalia.com\/de\/villa-mieten-bon-viure-andratx-h17469\"><img loading=\"lazy\" decoding=\"async\" class=\"aligncenter size-large wp-image-1270\" src=\"https:\/\/www.vacalia.com\/blog\/wp-content\/uploads\/2018\/02\/bonviure-2-1024x683.jpg\" alt=\"6 VERSTECKTE BUCHTEN AUF MALLORCA DIE SIE BESUCHEN SOLLTEN\" width=\"1024\" height=\"683\" srcset=\"https:\/\/www.vacalia.com\/blog\/wp-content\/uploads\/2018\/02\/bonviure-2-1024x683.jpg 1024w, https:\/\/www.vacalia.com\/blog\/wp-content\/uploads\/2018\/02\/bonviure-2-300x200.jpg 300w, https:\/\/www.vacalia.com\/blog\/wp-content\/uploads\/2018\/02\/bonviure-2-768x513.jpg 768w, https:\/\/www.vacalia.com\/blog\/wp-content\/uploads\/2018\/02\/bonviure-2-1050x701.jpg 1050w, https:\/\/www.vacalia.com\/blog\/wp-content\/uploads\/2018\/02\/bonviure-2-1600x1068.jpg 1600w\" sizes=\"(max-width: 1024px) 100vw, 1024px\" \/><\/a><\/p>\n<p><strong>5. Cal\u00f3 des M\u00e0rmols <\/strong><\/p>\n<p><span style=\"font-weight: 400;\">Diese kleine Bucht liegt in der Gemeinde von Santanyi. Den Namen hat die Bucht bekommen, weil sie am Ende eines Sturzbaches liegt der den Sand und die Steine in der Bucht klein und weiss gewaschen hat. Dieses Szenario mischt sich mit Klippen, die die Bucht umgeben und verwandelt sie in ein kleines Paradies. Von der Bucht aus hat man direkten Blick auf die Insel Cabrera, was die Bucht zus\u00e4tzlich zu etwas Besonderem macht.<\/span><\/p>\n<p><a href=\"https:\/\/www.vacalia.com\"><img loading=\"lazy\" decoding=\"async\" class=\"aligncenter wp-image-1271 size-full\" src=\"https:\/\/www.vacalia.com\/blog\/wp-content\/uploads\/2018\/02\/cala-marmols-2.jpg\" alt=\"unber\u00fchrten Buchten auf Mallorca\" width=\"800\" height=\"533\" srcset=\"https:\/\/www.vacalia.com\/blog\/wp-content\/uploads\/2018\/02\/cala-marmols-2.jpg 800w, https:\/\/www.vacalia.com\/blog\/wp-content\/uploads\/2018\/02\/cala-marmols-2-300x200.jpg 300w, https:\/\/www.vacalia.com\/blog\/wp-content\/uploads\/2018\/02\/cala-marmols-2-768x512.jpg 768w\" sizes=\"(max-width: 800px) 100vw, 800px\" \/><\/a><\/p>\n<p><span style=\"font-weight: 400;\">Die Bucht ist normalerweise wenig besucht da es schwierig ist sie zu erreichen. Es gibt verschiedene Wege dorthin, der einfachste ist mit dem Boot aber es gibt auch Fusswege. Ein Wanderweg f\u00fchrt vom Cap de Ses Salines (5km zwischen Klippen) zur Bucht. Ein 2ter, k\u00fcrzerer Weg (2,5km Wanderweg) f\u00fchrt von der privaten Finca Rafal des Porcs zur Bucht. F\u00fcr diese Option braucht man im Vorwege die Erlaubnis und eine genaue Wegbeschreibung, damit man sich nicht verl\u00e4uft.<\/span><\/p>\n<p><span style=\"font-weight: 400;\">* Ferienvermietung auf Mallorca in der N\u00e4he von Cal\u00f3 des M\u00e0rmols<\/span><\/p>\n<p><span style=\"font-weight: 400;\">F\u00fcr Familien &#8211; Finca Caseta de Son Moguer<\/span><\/p>\n<p><a href=\"https:\/\/www.vacalia.com\/de\/villa-mieten-la-casita-santanyi-h16932\"><img loading=\"lazy\" decoding=\"async\" class=\"aligncenter size-large wp-image-1272\" src=\"https:\/\/www.vacalia.com\/blog\/wp-content\/uploads\/2018\/02\/caseta-de-son-moger-2-1024x678.jpg\" alt=\"6 VERSTECKTE BUCHTEN AUF MALLORCA DIE SIE BESUCHEN SOLLTEN\" width=\"1024\" height=\"678\" srcset=\"https:\/\/www.vacalia.com\/blog\/wp-content\/uploads\/2018\/02\/caseta-de-son-moger-2-1024x678.jpg 1024w, https:\/\/www.vacalia.com\/blog\/wp-content\/uploads\/2018\/02\/caseta-de-son-moger-2-300x199.jpg 300w, https:\/\/www.vacalia.com\/blog\/wp-content\/uploads\/2018\/02\/caseta-de-son-moger-2-768x509.jpg 768w, https:\/\/www.vacalia.com\/blog\/wp-content\/uploads\/2018\/02\/caseta-de-son-moger-2-1050x696.jpg 1050w, https:\/\/www.vacalia.com\/blog\/wp-content\/uploads\/2018\/02\/caseta-de-son-moger-2-1600x1060.jpg 1600w\" sizes=\"(max-width: 1024px) 100vw, 1024px\" \/><\/a><\/p>\n<p><span style=\"font-weight: 400;\">F\u00fcr Paare &#8211; Ferienhaus Casa Nivia<\/span><\/p>\n<p><a href=\"https:\/\/www.vacalia.com\"><img loading=\"lazy\" decoding=\"async\" class=\"aligncenter wp-image-1273 size-large\" src=\"https:\/\/www.vacalia.com\/blog\/wp-content\/uploads\/2018\/02\/casa-nivia-2-1024x678.jpg\" alt=\"unber\u00fchrten Buchten auf Mallorca\" width=\"1024\" height=\"678\" srcset=\"https:\/\/www.vacalia.com\/blog\/wp-content\/uploads\/2018\/02\/casa-nivia-2-1024x678.jpg 1024w, https:\/\/www.vacalia.com\/blog\/wp-content\/uploads\/2018\/02\/casa-nivia-2-300x199.jpg 300w, https:\/\/www.vacalia.com\/blog\/wp-content\/uploads\/2018\/02\/casa-nivia-2-768x509.jpg 768w, https:\/\/www.vacalia.com\/blog\/wp-content\/uploads\/2018\/02\/casa-nivia-2-1050x696.jpg 1050w, https:\/\/www.vacalia.com\/blog\/wp-content\/uploads\/2018\/02\/casa-nivia-2-1600x1060.jpg 1600w\" sizes=\"(max-width: 1024px) 100vw, 1024px\" \/><\/a><\/p>\n<p><strong>6. Cala Magraner<\/strong><\/p>\n<p><span style=\"font-weight: 400;\">Diese spektakul\u00e4re Bucht liegt zwischen Calas de Mallorca und Cala Romantica, in der Gemeinde von Manacor. Der Weg zur Bucht liegt ein wenig versteckt aber es lohnt sich die M\u00fche auf sich zu nehmen und die Bucht umgeben von mediterraner Vegetation und felsigen Klippen zu besuchen. <\/span><\/p>\n<p><a href=\"https:\/\/www.vacalia.com\"><img loading=\"lazy\" decoding=\"async\" class=\"aligncenter wp-image-1274 size-full\" src=\"https:\/\/www.vacalia.com\/blog\/wp-content\/uploads\/2018\/02\/cala-magraner-2.jpg\" alt=\"unber\u00fchrten Buchten auf Mallorca\" width=\"801\" height=\"592\" srcset=\"https:\/\/www.vacalia.com\/blog\/wp-content\/uploads\/2018\/02\/cala-magraner-2.jpg 801w, https:\/\/www.vacalia.com\/blog\/wp-content\/uploads\/2018\/02\/cala-magraner-2-300x222.jpg 300w, https:\/\/www.vacalia.com\/blog\/wp-content\/uploads\/2018\/02\/cala-magraner-2-768x568.jpg 768w\" sizes=\"(max-width: 801px) 100vw, 801px\" \/><\/a><\/p>\n<p><span style=\"font-weight: 400;\">Das Meer in der Bucht ist sehr sauber und hat eine intensives t\u00fcrkis &#8211; blau, der Strand ist felsig.\u00a0<\/span><span style=\"font-weight: 400;\">Der Weg ist nicht sehr lang aber ein wenig schwierig. Der Parkplatz liegt dicht an der Bucht und der Fussweg, durch naturbelassenes Gel\u00e4nde dauert ca. 15 min.<\/span><\/p>\n<p><span style=\"font-weight: 400;\">Ein kleiner Ausflug der sich mit Sicherheit lohnt!<\/span><\/p>\n<p><span style=\"font-weight: 400;\">* Ferienvermietung auf Mallorca in der N\u00e4he von Cala Magraner<\/span><\/p>\n<p><span style=\"font-weight: 400;\">F\u00fcr Familien &#8211; Finca Antena<\/span><\/p>\n<p><a href=\"https:\/\/www.vacalia.com\/de\/villa-sa-marina-antena-manacor-h17520\"><img loading=\"lazy\" decoding=\"async\" class=\"aligncenter size-large wp-image-1275\" src=\"https:\/\/www.vacalia.com\/blog\/wp-content\/uploads\/2018\/02\/antena-2-1024x678.jpg\" alt=\"6 VERSTECKTE BUCHTEN AUF MALLORCA DIE SIE BESUCHEN SOLLTEN\" width=\"1024\" height=\"678\" srcset=\"https:\/\/www.vacalia.com\/blog\/wp-content\/uploads\/2018\/02\/antena-2-1024x678.jpg 1024w, https:\/\/www.vacalia.com\/blog\/wp-content\/uploads\/2018\/02\/antena-2-300x199.jpg 300w, https:\/\/www.vacalia.com\/blog\/wp-content\/uploads\/2018\/02\/antena-2-768x509.jpg 768w, https:\/\/www.vacalia.com\/blog\/wp-content\/uploads\/2018\/02\/antena-2-1050x696.jpg 1050w, https:\/\/www.vacalia.com\/blog\/wp-content\/uploads\/2018\/02\/antena-2-1600x1060.jpg 1600w\" sizes=\"(max-width: 1024px) 100vw, 1024px\" \/><\/a><\/p>\n<p><span style=\"font-weight: 400;\">F\u00fcr Paare &#8211; Ferienhaus Cladera Petit<\/span><\/p>\n<p><a href=\"https:\/\/www.vacalia.com\/de\/villa-mieten-son-cladera-manacor-h17418\"><img loading=\"lazy\" decoding=\"async\" class=\"aligncenter size-large wp-image-1276\" src=\"https:\/\/www.vacalia.com\/blog\/wp-content\/uploads\/2018\/02\/cladera-petit-2-1024x678.jpg\" alt=\"6 VERSTECKTE BUCHTEN AUF MALLORCA DIE SIE BESUCHEN SOLLTEN\" width=\"1024\" height=\"678\" srcset=\"https:\/\/www.vacalia.com\/blog\/wp-content\/uploads\/2018\/02\/cladera-petit-2-1024x678.jpg 1024w, https:\/\/www.vacalia.com\/blog\/wp-content\/uploads\/2018\/02\/cladera-petit-2-300x199.jpg 300w, https:\/\/www.vacalia.com\/blog\/wp-content\/uploads\/2018\/02\/cladera-petit-2-768x509.jpg 768w, https:\/\/www.vacalia.com\/blog\/wp-content\/uploads\/2018\/02\/cladera-petit-2-1050x696.jpg 1050w, https:\/\/www.vacalia.com\/blog\/wp-content\/uploads\/2018\/02\/cladera-petit-2-1600x1060.jpg 1600w\" sizes=\"(max-width: 1024px) 100vw, 1024px\" \/><\/a><\/p>\n<h2 class=\"post-item__subtitle\"><span style=\"font-weight: 400;\">Noch mehr unber\u00fchrten Buchten auf Mallorca die Sie besuchen sollten <\/span><\/h2>\n<p><span style=\"font-weight: 400;\">Obwohl diese Buchten beeindruckend sind, sind sie nicht die einzigen Str\u00e4nde auf Mallorca, die Sie besuchen sollten. In weiteren Posts werden wir Ihnen andere Buchten empfehlen, damit Sie die Insel auf einzigartige Weise kennen lernen k\u00f6nnen. Au\u00dferdem empfehlen wir Ihnen einen <a href=\"https:\/\/www.vacalia.com\">Ferienvermietung auf Mallorca<\/a> in der N\u00e4he eines dieser paradiesischen Fleckchen, damit Sie ganz in der N\u00e4he wohnen k\u00f6nnen. Bis bald!<\/span><\/p>\n\n<div class=\"bannerBlog\"><div class=\"new-card-houses\">\n    <div class=\"likeOut likeDivOut\" style=\"display:none\">\n        <a data-id=\"148\" class=\"likeOut_button_red likeBtnFav\"\n            aria-label=\"Megusta Vacalia\"><\/a>\n    <\/div>\n    <figure>\n        <img loading=\"lazy\" decoding=\"async\" \n            loading=\"lazy\" width=\"301\" height=\"200\"\n            src=\"\/\/media.vacalia.com\/photo\/reformatwebpfolder\/350\/200\/148\/thumb-middle\/148_a17c34977457e1d5f444c1848698d9b0.webp?v=21092023\"\n            alt=\"Sa figuera blanca - Ferienhaus auf B\u00fager\"\/>\n                                                                        <div class=\"circleDiscount\">-7%<\/div>\n                        <\/figure>\n    <p itemprop=\"address\"><i class=\"ico-marker\"><\/i>B\u00fager, Mallorca<\/p>\n    <h3 itemprop=\"name\">Sa figuera blanca<\/h3>\n    <ul class=\"icon_list inline_list\">\n                              <li class=\"ico-pool\" title=\"Pool\">\n              <span itemprop=\"amenityFeature\">Pool<\/span>\n            <\/li>\n                          <li class=\"ico-guests\" title=\"F\u00fcr 4 G\u00e4ste in B\u00fager.\">\n          <span itemprop=\"occupancy\">4<\/span>\n        <\/li>\n    <\/ul>\n            <span class=\"price\">Ab 120\u20ac \/ Nacht<\/span>\n                <a itemprop=\"url\" class=\"anchor\" href=\"https:\/\/www.vacalia.com\/de\/villa-sa-figuera-blanca-buger-h14742\" aria-label=\"Sa figuera blanca\"><\/a>\n<\/div><div class=\"new-card-houses\">\n    <div class=\"likeOut likeDivOut\" style=\"display:none\">\n        <a data-id=\"3341\" class=\"likeOut_button_red likeBtnFav\"\n            aria-label=\"Megusta Vacalia\"><\/a>\n    <\/div>\n    <figure>\n        <img loading=\"lazy\" decoding=\"async\" \n            loading=\"lazy\" width=\"301\" height=\"200\"\n            src=\"\/\/media.vacalia.com\/photo\/reformatwebpfolder\/350\/200\/3341\/thumb-middle\/3341_38b5dc97e5f5c2cf7e9fecc7595a4db6.webp?v=21092023\"\n            alt=\"Sa marina - Ferienhaus auf Alc\u00fadia\"\/>\n                                                                        <div class=\"circleDiscount\">-16%<\/div>\n                        <\/figure>\n    <p itemprop=\"address\"><i class=\"ico-marker\"><\/i>Alc\u00fadia, Mallorca<\/p>\n    <h3 itemprop=\"name\">Sa marina<\/h3>\n    <ul class=\"icon_list inline_list\">\n                              <li class=\"ico-airConditioning\" title=\"Klimaanlage\">\n              <span itemprop=\"amenityFeature\">Klimaanlage<\/span>\n            <\/li>\n                      <li class=\"ico-wifi\" title=\"Wifi\">\n              <span itemprop=\"amenityFeature\">Wifi<\/span>\n            <\/li>\n                      <li class=\"ico-views\" title=\"Ausblick\">\n              <span itemprop=\"amenityFeature\">Ausblick<\/span>\n            <\/li>\n                          <li class=\"ico-guests\" title=\"F\u00fcr 5 G\u00e4ste in Alc\u00fadia.\">\n          <span itemprop=\"occupancy\">5<\/span>\n        <\/li>\n    <\/ul>\n            <span class=\"price\">Ab 83\u20ac \/ Nacht<\/span>\n                <a itemprop=\"url\" class=\"anchor\" href=\"https:\/\/www.vacalia.com\/de\/ferienhaus-sa-marina-alcudia-h23435\" aria-label=\"Sa marina\"><\/a>\n<\/div><\/div>\n","protected":false},"excerpt":{"rendered":"<p>Wenn Sie schon einmal auf Mallorca waren, haben Sie sicher schon ein Dutzend Str\u00e4nde besucht die Ihnen wirklich gefallen haben. Aber ob Sie schon Str\u00e4nde kennen oder Mallorca zum ersten&hellip;<\/p>\n","protected":false},"author":2,"featured_media":1258,"comment_status":"closed","ping_status":"open","sticky":false,"template":"","format":"standard","meta":{"_monsterinsights_skip_tracking":false,"_monsterinsights_sitenote_active":false,"_monsterinsights_sitenote_note":"","_monsterinsights_sitenote_category":0,"footnotes":""},"categories":[40],"tags":[],"class_list":["post-1257","post","type-post","status-publish","format-standard","has-post-thumbnail","hentry","category-allgemein"],"_links":{"self":[{"href":"https:\/\/www.vacalia.com\/blog\/wp-json\/wp\/v2\/posts\/1257"}],"collection":[{"href":"https:\/\/www.vacalia.com\/blog\/wp-json\/wp\/v2\/posts"}],"about":[{"href":"https:\/\/www.vacalia.com\/blog\/wp-json\/wp\/v2\/types\/post"}],"author":[{"embeddable":true,"href":"https:\/\/www.vacalia.com\/blog\/wp-json\/wp\/v2\/users\/2"}],"replies":[{"embeddable":true,"href":"https:\/\/www.vacalia.com\/blog\/wp-json\/wp\/v2\/comments?post=1257"}],"version-history":[{"count":5,"href":"https:\/\/www.vacalia.com\/blog\/wp-json\/wp\/v2\/posts\/1257\/revisions"}],"predecessor-version":[{"id":4888,"href":"https:\/\/www.vacalia.com\/blog\/wp-json\/wp\/v2\/posts\/1257\/revisions\/4888"}],"wp:featuredmedia":[{"embeddable":true,"href":"https:\/\/www.vacalia.com\/blog\/wp-json\/wp\/v2\/media\/1258"}],"wp:attachment":[{"href":"https:\/\/www.vacalia.com\/blog\/wp-json\/wp\/v2\/media?parent=1257"}],"wp:term":[{"taxonomy":"category","embeddable":true,"href":"https:\/\/www.vacalia.com\/blog\/wp-json\/wp\/v2\/categories?post=1257"},{"taxonomy":"post_tag","embeddable":true,"href":"https:\/\/www.vacalia.com\/blog\/wp-json\/wp\/v2\/tags?post=1257"}],"curies":[{"name":"wp","href":"https:\/\/api.w.org\/{rel}","templated":true}]}}