{"id":1317,"date":"2018-03-21T14:47:57","date_gmt":"2018-03-21T14:47:57","guid":{"rendered":"https:\/\/www.vacalia.com\/blog\/?p=1317"},"modified":"2024-08-23T09:04:03","modified_gmt":"2024-08-23T07:04:03","slug":"atardecer-en-mallorca-donde-ir","status":"publish","type":"post","link":"https:\/\/www.vacalia.com\/blog\/es\/atardecer-en-mallorca-donde-ir\/","title":{"rendered":"\u00bfD\u00f3nde ver el atardecer en Mallorca?"},"content":{"rendered":"<p>Seguramente muchos de vosotros hay\u00e1is escuchado que ver un atardecer en Mallorca es un espect\u00e1culo \u00fanico. No hab\u00e9is escuchado mal. Al ser Mallorca una isla podemos decir que casi desde cualquier punto podemos ver una puesta de sol diferente.<\/p>\n<p><img fetchpriority=\"high\" decoding=\"async\" class=\"aligncenter size-large wp-image-1331\" src=\"https:\/\/www.vacalia.com\/blog\/wp-content\/uploads\/2018\/03\/5-LUGARES-EN-MALLORCA-CON-ENCANTO-1024x536.jpg\" alt=\"ATARDECER EN MALLORCA\" width=\"1024\" height=\"536\" srcset=\"https:\/\/www.vacalia.com\/blog\/wp-content\/uploads\/2018\/03\/5-LUGARES-EN-MALLORCA-CON-ENCANTO-1024x536.jpg 1024w, https:\/\/www.vacalia.com\/blog\/wp-content\/uploads\/2018\/03\/5-LUGARES-EN-MALLORCA-CON-ENCANTO-300x157.jpg 300w, https:\/\/www.vacalia.com\/blog\/wp-content\/uploads\/2018\/03\/5-LUGARES-EN-MALLORCA-CON-ENCANTO-768x402.jpg 768w, https:\/\/www.vacalia.com\/blog\/wp-content\/uploads\/2018\/03\/5-LUGARES-EN-MALLORCA-CON-ENCANTO-1050x550.jpg 1050w, https:\/\/www.vacalia.com\/blog\/wp-content\/uploads\/2018\/03\/5-LUGARES-EN-MALLORCA-CON-ENCANTO.jpg 1200w\" sizes=\"(max-width: 1024px) 100vw, 1024px\" \/><\/p>\n<p><!--more--><\/p>\n<p>Por ejemplo, desde el nord-este veremos como el sol y el mar se funden en uno. Una maravilla de la naturaleza que seguro que jam\u00e1s se os olvidar\u00e1. En cambio desde el norte podr\u00e9is ver como el sol va escondi\u00e9ndose detr\u00e1s de la imponente Serra de Tramuntana.<\/p>\n<h2 class=\"post-item__subtitle\">Donde ver un atardecer en Mallorca<\/h2>\n<p>Hoy en Vacalia queremos indicaros cuales son los puntos desde los que ver\u00e9is los mejores atardeceres de la isla. Seguro que si visit\u00e1is alguno, \u00a1podr\u00e9is hacer vuestras vacaciones todav\u00eda m\u00e1s especiales!<\/p>\n<h3 class=\"post-item__subtitle\">&#8211; Ver el tardecer en Mallorca desde Ses Covetes<\/h3>\n<p>Ses Covetes es un lugar id\u00edlico que se encuentra ubicado en Es Trenc, una playa v\u00edrgen del sur de Mallorca que enamora a todo el que la visita. Sus aguas son transparentes y azules. \u00a1Incluso si nadas hasta bien adentro podr\u00e1s seguir viendo la arena que est\u00e1 debajo de tus pies! Aunque se encuentre en el sur de Mallorca podemos ver desde all\u00ed una de las m\u00e1s bonitas puestas de sol mientras disfrutamos de unos momentos de serenidad sentados en la arena blanca de la playa.<\/p>\n<p><a href=\"https:\/\/www.vacalia.com\/\"><img decoding=\"async\" class=\"aligncenter size-large wp-image-1318\" src=\"https:\/\/www.vacalia.com\/blog\/wp-content\/uploads\/2018\/03\/mallorca-317964_1280-1024x768.jpg\" alt=\"Atardecer en Mallorca\" width=\"1024\" height=\"768\" srcset=\"https:\/\/www.vacalia.com\/blog\/wp-content\/uploads\/2018\/03\/mallorca-317964_1280-1024x768.jpg 1024w, https:\/\/www.vacalia.com\/blog\/wp-content\/uploads\/2018\/03\/mallorca-317964_1280-300x225.jpg 300w, https:\/\/www.vacalia.com\/blog\/wp-content\/uploads\/2018\/03\/mallorca-317964_1280-768x576.jpg 768w, https:\/\/www.vacalia.com\/blog\/wp-content\/uploads\/2018\/03\/mallorca-317964_1280-1050x788.jpg 1050w, https:\/\/www.vacalia.com\/blog\/wp-content\/uploads\/2018\/03\/mallorca-317964_1280.jpg 1280w\" sizes=\"(max-width: 1024px) 100vw, 1024px\" \/><\/a><\/p>\n<h3 class=\"post-item__subtitle\">&#8211; Ver el atardecer en Mallorca desde Sa Calobra<\/h3>\n<p>Sa Calobra es un peque\u00f1o rinc\u00f3n id\u00edlico que solamente habr\u00e9is visto antes en vuestros sue\u00f1os. Esta peque\u00f1a cala aparece como resultado de la desembocadura del Torrent de Pareis y durante el verano y los d\u00edas en los que no ha llovido mucho sirve como cala. Desde ella podremos ver un atardecer como ninguno mientras disfrutamos de un relajante ba\u00f1o en las aguas del Mediterr\u00e1neo. Adem\u00e1s, el color de su agua es de un azul que en pocos lugares habr\u00e9is visto.<\/p>\n<figure id=\"attachment_1321\" aria-describedby=\"caption-attachment-1321\" style=\"width: 1024px\" class=\"wp-caption aligncenter\"><img decoding=\"async\" class=\"size-large wp-image-1321\" src=\"https:\/\/www.vacalia.com\/blog\/wp-content\/uploads\/2018\/03\/rogermendez-1024x640.jpg\" alt=\"atardecer en Mallorca\" width=\"1024\" height=\"640\" srcset=\"https:\/\/www.vacalia.com\/blog\/wp-content\/uploads\/2018\/03\/rogermendez-1024x640.jpg 1024w, https:\/\/www.vacalia.com\/blog\/wp-content\/uploads\/2018\/03\/rogermendez-300x188.jpg 300w, https:\/\/www.vacalia.com\/blog\/wp-content\/uploads\/2018\/03\/rogermendez-768x480.jpg 768w, https:\/\/www.vacalia.com\/blog\/wp-content\/uploads\/2018\/03\/rogermendez-1050x656.jpg 1050w, https:\/\/www.vacalia.com\/blog\/wp-content\/uploads\/2018\/03\/rogermendez.jpg 1200w\" sizes=\"(max-width: 1024px) 100vw, 1024px\" \/><figcaption id=\"caption-attachment-1321\" class=\"wp-caption-text\">Foto: RogerMendez<\/figcaption><\/figure>\n<h3 class=\"post-item__subtitle\">&#8211; Ver el atardecer en Mallorca desde la Torre Picada en S\u00f3ller<\/h3>\n<p>En este caso os queremos hablar de la Torre Picada de S\u00f3ller, un lugar emblem\u00e1tico al que solo puede accedirse caminando en una breve excursi\u00f3n de 45 minutos. Desde ella se puede ver toda la Bah\u00eda de S\u00f3ller y es uno de los lugares m\u00e1s bonitos desde los cuales ver el sol ponerse en el mar. Adem\u00e1s, antes o despu\u00e9s podr\u00e9is disfrutar de un delicioso helado de S\u00f3ller, conocidos en toda la isla por su espectacular sabor.<\/p>\n<figure id=\"attachment_1322\" aria-describedby=\"caption-attachment-1322\" style=\"width: 1024px\" class=\"wp-caption aligncenter\"><img loading=\"lazy\" decoding=\"async\" class=\"size-large wp-image-1322\" src=\"https:\/\/www.vacalia.com\/blog\/wp-content\/uploads\/2018\/03\/dronessoller-1024x576.jpg\" alt=\"atardecer en Mallorca\" width=\"1024\" height=\"576\" srcset=\"https:\/\/www.vacalia.com\/blog\/wp-content\/uploads\/2018\/03\/dronessoller-1024x576.jpg 1024w, https:\/\/www.vacalia.com\/blog\/wp-content\/uploads\/2018\/03\/dronessoller-300x169.jpg 300w, https:\/\/www.vacalia.com\/blog\/wp-content\/uploads\/2018\/03\/dronessoller-768x432.jpg 768w, https:\/\/www.vacalia.com\/blog\/wp-content\/uploads\/2018\/03\/dronessoller-1050x591.jpg 1050w, https:\/\/www.vacalia.com\/blog\/wp-content\/uploads\/2018\/03\/dronessoller.jpg 1600w\" sizes=\"(max-width: 1024px) 100vw, 1024px\" \/><figcaption id=\"caption-attachment-1322\" class=\"wp-caption-text\">Foto: dronessoller<\/figcaption><\/figure>\n<h3 class=\"post-item__subtitle\">&#8211; Ver el atardecer en Mallorca desde el Mirador de na Foradada<\/h3>\n<p>El Mirador de na Foradada se encuentra situado entre los pueblos de Valldemossa y Dei\u00e1. Justo al lado de la espectacular finca de Son Marroig encontrar\u00e9is este m\u00e1gico enclave donde podr\u00e9is disfrutar de unos deliciosos cocktails mientras veis el sol ponerse lentamente dentro del mar. Sin duda, ser\u00e1 una experiencia \u00fanica.<\/p>\n<figure id=\"attachment_1323\" aria-describedby=\"caption-attachment-1323\" style=\"width: 1024px\" class=\"wp-caption aligncenter\"><img loading=\"lazy\" decoding=\"async\" class=\"size-large wp-image-1323\" src=\"https:\/\/www.vacalia.com\/blog\/wp-content\/uploads\/2018\/03\/yanpi-1024x606.jpg\" alt=\"atardecer en Mallorca\" width=\"1024\" height=\"606\" srcset=\"https:\/\/www.vacalia.com\/blog\/wp-content\/uploads\/2018\/03\/yanpi-1024x606.jpg 1024w, https:\/\/www.vacalia.com\/blog\/wp-content\/uploads\/2018\/03\/yanpi-300x178.jpg 300w, https:\/\/www.vacalia.com\/blog\/wp-content\/uploads\/2018\/03\/yanpi-768x455.jpg 768w, https:\/\/www.vacalia.com\/blog\/wp-content\/uploads\/2018\/03\/yanpi-1050x621.jpg 1050w, https:\/\/www.vacalia.com\/blog\/wp-content\/uploads\/2018\/03\/yanpi.jpg 1600w\" sizes=\"(max-width: 1024px) 100vw, 1024px\" \/><figcaption id=\"caption-attachment-1323\" class=\"wp-caption-text\">Foto: Yanpy<\/figcaption><\/figure>\n<h3 class=\"post-item__subtitle\">&#8211; Ver el atardecer en Mallorca desde la Torre de ses \u00c0nimes<\/h3>\n<p>El Mirador de Ses \u00c0nimes se encuentra en Banyalbufar, un precioso pueblo de la Serra de Tramuntana que disfruta de costa al mismo tiempo que tambi\u00e9n de monta\u00f1a. Si lo visit\u00e1is alg\u00fan d\u00eda, os recomendamos que prob\u00e9is su delicioso vino y sus \u00abtom\u00e0tigues de ramallet\u00bb (deliciosos y jugosos tomates). Vilviendo a la Torre de Ses \u00c0nimes, este rinc\u00f3n os ofrecer\u00e1 unas preciosas vistas de las puestas de sol con todo el car\u00e1cter Mediterr\u00e1neo.<\/p>\n<h3 class=\"post-item__subtitle\">&#8211; Ver el atardecer en Mallorca desde el Faro de Formentor<\/h3>\n<p>El Faro de Formentor se encuentra ubicado al final de la larga carretera que costea la pen\u00ednsula de Formentor. Sin duda, una carretera que serpentea pero que hace que la llegada valga absolutamente la pena. Desde el faro podr\u00e9is ver como el sol va march\u00e1ndose detr\u00e1s de las imponentes monta\u00f1as de la Serra, al mismo tiempo que ten\u00e9is un momento de relax.<\/p>\n<figure id=\"attachment_1325\" aria-describedby=\"caption-attachment-1325\" style=\"width: 1024px\" class=\"wp-caption aligncenter\"><img loading=\"lazy\" decoding=\"async\" class=\"size-large wp-image-1325\" src=\"https:\/\/www.vacalia.com\/blog\/wp-content\/uploads\/2018\/03\/vozpopuli-1024x683.jpg\" alt=\"atardecer en Mallorca\" width=\"1024\" height=\"683\" srcset=\"https:\/\/www.vacalia.com\/blog\/wp-content\/uploads\/2018\/03\/vozpopuli-1024x683.jpg 1024w, https:\/\/www.vacalia.com\/blog\/wp-content\/uploads\/2018\/03\/vozpopuli-300x200.jpg 300w, https:\/\/www.vacalia.com\/blog\/wp-content\/uploads\/2018\/03\/vozpopuli-768x512.jpg 768w, https:\/\/www.vacalia.com\/blog\/wp-content\/uploads\/2018\/03\/vozpopuli-1050x700.jpg 1050w, https:\/\/www.vacalia.com\/blog\/wp-content\/uploads\/2018\/03\/vozpopuli.jpg 1536w\" sizes=\"(max-width: 1024px) 100vw, 1024px\" \/><figcaption id=\"caption-attachment-1325\" class=\"wp-caption-text\">Foto: vozpopuli<\/figcaption><\/figure>\n<h2 class=\"post-item__subtitle\">Y muchos m\u00e1s atardeceres en Mallorca<\/h2>\n<p>Aunque en este post solamente os mostremos estos rincones, cabe decir que Mallorca est\u00e1 repleta de estupendos lugares donde poder ir a una m\u00e1gica puesta de sol. Aunque sea a ver el sol como se pone entre las monta\u00f1as o en el mar, disfrutar\u00e9is cada segundo, os lo aseguramos.<\/p>\n<p>Y si todav\u00eda no ten\u00e9is un lugar donde alojaros durante vuestra aventura en Mallorca, os recomendamos que <a href=\"https:\/\/www.vacalia.com\/\">visit\u00e9is nuestra web <\/a>donde encontrar\u00e9is fincas desde las cuales seguro que tambi\u00e9n podr\u00e9is tener maravillosas puestas de sol. \u00a1Os esperamos!<\/p>\n\n<div class=\"bannerBlog\"><div class=\"new-card-houses\">\n    <div class=\"likeOut likeDivOut\" style=\"display:none\">\n        <a data-id=\"5608\" class=\"likeOut_button_red likeBtnFav\"\n            aria-label=\"Megusta Vacalia\"><\/a>\n    <\/div>\n    <figure>\n        <img loading=\"lazy\" decoding=\"async\" \n            loading=\"lazy\" width=\"301\" height=\"200\"\n            src=\"\/\/media.vacalia.com\/photo\/reformatwebpfolder\/350\/200\/5608\/thumb-middle\/5608_1e61e1f920db618588c6d4a9cfea2c21.webp?v=21092023\"\n            alt=\"Sa font (lloret de vistalegre) - Alquiler vacacional en Lloret de Vistalegre\"\/>\n                                                                        <div class=\"circleDiscount\">-29%<\/div>\n                        <\/figure>\n    <p itemprop=\"address\"><i class=\"ico-marker\"><\/i>Lloret de Vistalegre, Mallorca<\/p>\n    <h3 itemprop=\"name\">Sa font (lloret de vistalegre)<\/h3>\n    <ul class=\"icon_list inline_list\">\n                              <li class=\"ico-pool\" title=\"Piscina\">\n              <span itemprop=\"amenityFeature\">Piscina<\/span>\n            <\/li>\n                      <li class=\"ico-airConditioning\" title=\"Aire Acondicionado\">\n              <span itemprop=\"amenityFeature\">Aire Acondicionado<\/span>\n            <\/li>\n                      <li class=\"ico-wifi\" title=\"Wifi\">\n              <span itemprop=\"amenityFeature\">Wifi<\/span>\n            <\/li>\n                          <li class=\"ico-guests\" title=\"Para 8 hu\u00e9spedes en Lloret De Vistalegre.\">\n          <span itemprop=\"occupancy\">8<\/span>\n        <\/li>\n    <\/ul>\n            <span class=\"price\">Desde 159\u20ac \/ noche<\/span>\n                <a itemprop=\"url\" class=\"anchor\" href=\"https:\/\/www.vacalia.com\/es\/villa-sa-font-lloret-de-vistalegre-lloret-de-vistalegre-h32040\" aria-label=\"Sa font (lloret de vistalegre)\"><\/a>\n<\/div><div class=\"new-card-houses\">\n    <div class=\"likeOut likeDivOut\" style=\"display:none\">\n        <a data-id=\"2661\" class=\"likeOut_button_red likeBtnFav\"\n            aria-label=\"Megusta Vacalia\"><\/a>\n    <\/div>\n    <figure>\n        <img loading=\"lazy\" decoding=\"async\" \n            loading=\"lazy\" width=\"301\" height=\"200\"\n            src=\"\/\/media.vacalia.com\/photo\/reformatwebpfolder\/350\/200\/2661\/thumb-middle\/2661_08c283b5d0bd5a13a36e28ce365f7548.webp?v=21092023\"\n            alt=\"Es pujols - Alquiler vacacional en Campanet\"\/>\n                                                                        <div class=\"circleDiscount\">-6%<\/div>\n                        <\/figure>\n    <p itemprop=\"address\"><i class=\"ico-marker\"><\/i>Campanet, Mallorca<\/p>\n    <h3 itemprop=\"name\">Es pujols<\/h3>\n    <ul class=\"icon_list inline_list\">\n                              <li class=\"ico-pool\" title=\"Piscina\">\n              <span itemprop=\"amenityFeature\">Piscina<\/span>\n            <\/li>\n                      <li class=\"ico-airConditioning\" title=\"Aire Acondicionado\">\n              <span itemprop=\"amenityFeature\">Aire Acondicionado<\/span>\n            <\/li>\n                      <li class=\"ico-wifi\" title=\"Wifi\">\n              <span itemprop=\"amenityFeature\">Wifi<\/span>\n            <\/li>\n                          <li class=\"ico-guests\" title=\"Para 6 hu\u00e9spedes en Campanet.\">\n          <span itemprop=\"occupancy\">6<\/span>\n        <\/li>\n    <\/ul>\n            <span class=\"price\">Desde 171\u20ac \/ noche<\/span>\n                <a itemprop=\"url\" class=\"anchor\" href=\"https:\/\/www.vacalia.com\/es\/villa-es-pujols-campanet-h18896\" aria-label=\"Es pujols\"><\/a>\n<\/div><\/div>\n","protected":false},"excerpt":{"rendered":"<p>Seguramente muchos de vosotros hay\u00e1is escuchado que ver un atardecer en Mallorca es un espect\u00e1culo \u00fanico. No hab\u00e9is escuchado mal. Al ser Mallorca una isla podemos decir que casi desde&hellip;<\/p>\n","protected":false},"author":2,"featured_media":1331,"comment_status":"closed","ping_status":"open","sticky":false,"template":"","format":"standard","meta":{"_monsterinsights_skip_tracking":false,"_monsterinsights_sitenote_active":false,"_monsterinsights_sitenote_note":"","_monsterinsights_sitenote_category":0,"footnotes":""},"categories":[1],"tags":[],"class_list":["post-1317","post","type-post","status-publish","format-standard","has-post-thumbnail","hentry","category-general-es"],"_links":{"self":[{"href":"https:\/\/www.vacalia.com\/blog\/wp-json\/wp\/v2\/posts\/1317"}],"collection":[{"href":"https:\/\/www.vacalia.com\/blog\/wp-json\/wp\/v2\/posts"}],"about":[{"href":"https:\/\/www.vacalia.com\/blog\/wp-json\/wp\/v2\/types\/post"}],"author":[{"embeddable":true,"href":"https:\/\/www.vacalia.com\/blog\/wp-json\/wp\/v2\/users\/2"}],"replies":[{"embeddable":true,"href":"https:\/\/www.vacalia.com\/blog\/wp-json\/wp\/v2\/comments?post=1317"}],"version-history":[{"count":13,"href":"https:\/\/www.vacalia.com\/blog\/wp-json\/wp\/v2\/posts\/1317\/revisions"}],"predecessor-version":[{"id":5780,"href":"https:\/\/www.vacalia.com\/blog\/wp-json\/wp\/v2\/posts\/1317\/revisions\/5780"}],"wp:featuredmedia":[{"embeddable":true,"href":"https:\/\/www.vacalia.com\/blog\/wp-json\/wp\/v2\/media\/1331"}],"wp:attachment":[{"href":"https:\/\/www.vacalia.com\/blog\/wp-json\/wp\/v2\/media?parent=1317"}],"wp:term":[{"taxonomy":"category","embeddable":true,"href":"https:\/\/www.vacalia.com\/blog\/wp-json\/wp\/v2\/categories?post=1317"},{"taxonomy":"post_tag","embeddable":true,"href":"https:\/\/www.vacalia.com\/blog\/wp-json\/wp\/v2\/tags?post=1317"}],"curies":[{"name":"wp","href":"https:\/\/api.w.org\/{rel}","templated":true}]}}