{"id":1365,"date":"2018-04-20T07:35:38","date_gmt":"2018-04-20T07:35:38","guid":{"rendered":"https:\/\/www.vacalia.com\/blog\/?p=1365"},"modified":"2024-02-14T11:24:50","modified_gmt":"2024-02-14T10:24:50","slug":"que-visitar-en-mallorca-durante-el-puente-de-mayo","status":"publish","type":"post","link":"https:\/\/www.vacalia.com\/blog\/es\/que-visitar-en-mallorca-durante-el-puente-de-mayo\/","title":{"rendered":"\u00bfQu\u00e9 visitar en Mallorca durante el Puente de Mayo?"},"content":{"rendered":"<p>Se acerca mayo y muchos os cojeis puente para descansar y disfrutar unas mini vacaciones, ya que ahora que viene el buen tiempo se disfruta m\u00e1s. Por eso, en este art\u00edculo sobre qu\u00e9 visitar en Mallorca durante el Puente de Mayo, te recomendamos una serie de lugares para que disfrutes de la isla de Mallorca con tu familia, pareja o amigos.<\/p>\n<p><img fetchpriority=\"high\" decoding=\"async\" class=\"wp-image-1429 alignnone\" src=\"https:\/\/www.vacalia.com\/blog\/wp-content\/uploads\/2018\/04\/5-LUGARES-EN-MALLORCA-CON-ENCANTO-1.png\" alt=\"Qu\u00e9 visitar en Mallorca durante el Puente de Mayo\" width=\"1200\" height=\"750\" srcset=\"https:\/\/www.vacalia.com\/blog\/wp-content\/uploads\/2018\/04\/5-LUGARES-EN-MALLORCA-CON-ENCANTO-1.png 800w, https:\/\/www.vacalia.com\/blog\/wp-content\/uploads\/2018\/04\/5-LUGARES-EN-MALLORCA-CON-ENCANTO-1-300x188.png 300w, https:\/\/www.vacalia.com\/blog\/wp-content\/uploads\/2018\/04\/5-LUGARES-EN-MALLORCA-CON-ENCANTO-1-768x480.png 768w\" sizes=\"(max-width: 1200px) 100vw, 1200px\" \/><!--more--><\/p>\n<h2>Visita por Palma<\/h2>\n<p>Palma es una de las capitales m\u00e1s cosmopolitas del Mediterr\u00e1neo y es que, en ella, podemos encontrar desde arte hasta clubs donde relajarnos. Pero, \u00bfcu\u00e1les son los lugares m\u00e1s emblem\u00e1ticos que podemos visitar?<\/p>\n<h3 class=\"post-item__subtitle\">Plaza Espa\u00f1a<\/h3>\n<p>La Plaza Espa\u00f1a es el punto de entrada al centro de Palma y el lugar de encuentro de muchas personas. En la plaza podemos ver la estatua del Rey Jaume I, que fue el rey de Arag\u00f3n entre 1213-1276. El Rey Jaume I fue conocido como el Conquistador debido a sus grandes conquistas, entre ellas Mallorca.<\/p>\n<p>Tambi\u00e9n, en Plaza Espa\u00f1a, se encuentra la Estaci\u00f3n Intermodal de tren, bus y metro por si quereis cogerlo para conocer otros lugares y perderos por sus esplendorosos sitios. Adem\u00e1s, la plaza es donde la mayor\u00eda de las l\u00edneas de bus de la ciudad hacen parada y transbordo. Por lo tanto, es el primer sitio que visitar en Mallorca para comenzar la ruta en Palma.<\/p>\n<p><img decoding=\"async\" class=\"wp-image-1377 alignnone\" title=\"Imagen: Wikipedia\" src=\"https:\/\/www.vacalia.com\/blog\/wp-content\/uploads\/2018\/04\/Wikipedia-1024x768.jpg\" alt=\"Qu\u00e9 visitar en Mallorca durante el Puente de Mayo\" width=\"1200\" height=\"900\" srcset=\"https:\/\/www.vacalia.com\/blog\/wp-content\/uploads\/2018\/04\/Wikipedia-1024x768.jpg 1024w, https:\/\/www.vacalia.com\/blog\/wp-content\/uploads\/2018\/04\/Wikipedia-300x225.jpg 300w, https:\/\/www.vacalia.com\/blog\/wp-content\/uploads\/2018\/04\/Wikipedia-768x576.jpg 768w, https:\/\/www.vacalia.com\/blog\/wp-content\/uploads\/2018\/04\/Wikipedia-1050x788.jpg 1050w, https:\/\/www.vacalia.com\/blog\/wp-content\/uploads\/2018\/04\/Wikipedia.jpg 1200w\" sizes=\"(max-width: 1200px) 100vw, 1200px\" \/><\/p>\n<h3>La Rambla<\/h3>\n<p>La Rambla de Palma es un paseo peatonal que se encuentra en el centro de dos calles transitadas por autom\u00f3viles, similar a la conocida Rambla de Barcelona. En dicho paseo se encuentran una serie de kioskos los cuales venden flores de todo los colores. Anteriormente, en este paseo circulaba el torrente de la Riera pero fue desviado al Paseo mallorca donde sigue el contorno de las antiguas murallas de la ciudad de Palma.<\/p>\n<p style=\"text-align: left;\">\n<h3 class=\"post-item__subtitle\">Passeig del Born<\/h3>\n<p>El Passeig del Born se encuentra entre la Plaza de Juan Carlos I y la Plaza de la Reina. El Passeig del Born es uno de los lugares m\u00e1s concurridos por los palmesanos ya que es un paseo que tiene el aspecto de un boulevard. Adem\u00e1s, hay dos esfinges al principio y dos esfinges al final del paseo que lo hacen caracter\u00edstico. Tambi\u00e9n, est\u00e1 cubierto por los lados de grandes \u00e1rboles que ofrecen cobijo y crean un ambiente encantador.<\/p>\n<figure id=\"attachment_1374\" aria-describedby=\"caption-attachment-1374\" style=\"width: 1200px\" class=\"wp-caption alignnone\"><img decoding=\"async\" class=\"wp-image-1374\" src=\"https:\/\/www.vacalia.com\/blog\/wp-content\/uploads\/2018\/04\/Miquelcinema-1024x664.jpg\" alt=\"Qu\u00e9 visitar en Mallorca durante el Puente de Mayo\" width=\"1200\" height=\"778\" srcset=\"https:\/\/www.vacalia.com\/blog\/wp-content\/uploads\/2018\/04\/Miquelcinema-1024x664.jpg 1024w, https:\/\/www.vacalia.com\/blog\/wp-content\/uploads\/2018\/04\/Miquelcinema-300x195.jpg 300w, https:\/\/www.vacalia.com\/blog\/wp-content\/uploads\/2018\/04\/Miquelcinema-768x498.jpg 768w, https:\/\/www.vacalia.com\/blog\/wp-content\/uploads\/2018\/04\/Miquelcinema-1050x681.jpg 1050w, https:\/\/www.vacalia.com\/blog\/wp-content\/uploads\/2018\/04\/Miquelcinema.jpg 1280w\" sizes=\"(max-width: 1200px) 100vw, 1200px\" \/><figcaption id=\"caption-attachment-1374\" class=\"wp-caption-text\">Imagen: Miquelcinema<\/figcaption><\/figure>\n<h3>Paseo Mar\u00edtimo<\/h3>\n<p>El Paseo Mar\u00edtimo es un buen lugar que visitar en Mallorca. Comienza desde el puerto pesquero, contin\u00faa por el puerto comercial y finaliza en la parte militar del puerto de Palma. Con una longitud de 4 km, es una gran opci\u00f3n para recorrerlo en bicicleta mientras ves el lindo paisaje de Mallorca como La Seu (La Catedral de Mallorca), el Palau de la Almudaina y finalmente el Castell de Bellver, que son tres sitios imprescindibles que hay que visitar en Mallorca durante el Puente de Mayo.<\/p>\n<figure id=\"attachment_1369\" aria-describedby=\"caption-attachment-1369\" style=\"width: 1200px\" class=\"wp-caption alignnone\"><img loading=\"lazy\" decoding=\"async\" class=\"wp-image-1369\" src=\"https:\/\/www.vacalia.com\/blog\/wp-content\/uploads\/2018\/04\/Anen-1024x422.jpg\" alt=\"\u00bfQu\u00e9 visitar en Mallorca durante el Puente de Mayo?\" width=\"1200\" height=\"495\" srcset=\"https:\/\/www.vacalia.com\/blog\/wp-content\/uploads\/2018\/04\/Anen-1024x422.jpg 1024w, https:\/\/www.vacalia.com\/blog\/wp-content\/uploads\/2018\/04\/Anen-300x124.jpg 300w, https:\/\/www.vacalia.com\/blog\/wp-content\/uploads\/2018\/04\/Anen-768x317.jpg 768w, https:\/\/www.vacalia.com\/blog\/wp-content\/uploads\/2018\/04\/Anen-1050x433.jpg 1050w, https:\/\/www.vacalia.com\/blog\/wp-content\/uploads\/2018\/04\/Anen.jpg 1595w\" sizes=\"(max-width: 1200px) 100vw, 1200px\" \/><figcaption id=\"caption-attachment-1369\" class=\"wp-caption-text\">Imagen: ANEN<\/figcaption><\/figure>\n<h3>Carrer de Sant Miquel, Carrer dels Oms y Carrer del Sindicat<\/h3>\n<p>Estas son las tres calles m\u00e1s transitadas de Palma debido a que se encuentran en el centro de la ciudad y debido a sus numerosas tiendas comerciales. Por lo tanto, si te apetece comprarte algo, no dudes en visitar estas conocidas calles de Mallorca.<\/p>\n<h2 class=\"post-item__subtitle\">Visita los pueblos de Mallorca<\/h2>\n<h3 class=\"post-item__subtitle\">Sant Elm<\/h3>\n<p>Sant Elm es el lugar perfecto para los senderistas y excursionistas que aman la naturaleza. A parte de su incre\u00edble paisaje costero, Sant Elm cuenta con magn\u00edficos bosques frondosos. Adem\u00e1s, al ser un pueblo pesquero, podr\u00e1s ver a los pescadores montando las redes de pesca, los botes, as\u00ed como los peces que han sido pescados. No obstante, no te puedes marchar sin ver la maravillosa puesta de sol mientras te tomas algo tranquilamente.<\/p>\n<figure id=\"attachment_1375\" aria-describedby=\"caption-attachment-1375\" style=\"width: 1200px\" class=\"wp-caption alignnone\"><img loading=\"lazy\" decoding=\"async\" class=\"wp-image-1375\" src=\"https:\/\/www.vacalia.com\/blog\/wp-content\/uploads\/2018\/04\/Via-Gallica-1024x558.jpg\" alt=\"\u00bfQu\u00e9 visitar en Mallorca durante el Puente de Mayo?\" width=\"1200\" height=\"654\" srcset=\"https:\/\/www.vacalia.com\/blog\/wp-content\/uploads\/2018\/04\/Via-Gallica-1024x558.jpg 1024w, https:\/\/www.vacalia.com\/blog\/wp-content\/uploads\/2018\/04\/Via-Gallica-300x164.jpg 300w, https:\/\/www.vacalia.com\/blog\/wp-content\/uploads\/2018\/04\/Via-Gallica-768x419.jpg 768w, https:\/\/www.vacalia.com\/blog\/wp-content\/uploads\/2018\/04\/Via-Gallica-1050x572.jpg 1050w, https:\/\/www.vacalia.com\/blog\/wp-content\/uploads\/2018\/04\/Via-Gallica-1600x872.jpg 1600w\" sizes=\"(max-width: 1200px) 100vw, 1200px\" \/><figcaption id=\"caption-attachment-1375\" class=\"wp-caption-text\">Imagen: Via Gallica<\/figcaption><\/figure>\n<h3>S\u00f3ller<\/h3>\n<p>Una genial idea para llegar a S\u00f3ller es mediante el Ferrocarril de S\u00f3ller, que es un tren cl\u00e1sico que parte desde Palma hasta llegar a S\u00f3ller. De esta forma podr\u00e1s ver un maravilloso paisaje de Mallorca sentado relajadamente. Adem\u00e1s el tren te permite parar en el Mirador Pujol de\u2019n Banya para sacar fotos y disfrutar de las vistas. Una vez que hayas llegado a la estaci\u00f3n de S\u00f3ller podr\u00e1s coger el tranv\u00eda (tambi\u00e9n de estilo cl\u00e1sico) hasta el conocido Port de S\u00f3ller donde podr\u00e1s pasear y ver la bah\u00eda de S\u00f3ller y su playa.<\/p>\n<p><img loading=\"lazy\" decoding=\"async\" class=\"wp-image-1373 alignnone\" src=\"https:\/\/www.vacalia.com\/blog\/wp-content\/uploads\/2018\/04\/mallorca-2911323_1920-1024x578.jpg\" alt=\"Qu\u00e9 visitar en Mallorca durante el Puente de Mayo\" width=\"1200\" height=\"677\" srcset=\"https:\/\/www.vacalia.com\/blog\/wp-content\/uploads\/2018\/04\/mallorca-2911323_1920-1024x578.jpg 1024w, https:\/\/www.vacalia.com\/blog\/wp-content\/uploads\/2018\/04\/mallorca-2911323_1920-300x169.jpg 300w, https:\/\/www.vacalia.com\/blog\/wp-content\/uploads\/2018\/04\/mallorca-2911323_1920-768x433.jpg 768w, https:\/\/www.vacalia.com\/blog\/wp-content\/uploads\/2018\/04\/mallorca-2911323_1920-1050x592.jpg 1050w, https:\/\/www.vacalia.com\/blog\/wp-content\/uploads\/2018\/04\/mallorca-2911323_1920-1600x903.jpg 1600w, https:\/\/www.vacalia.com\/blog\/wp-content\/uploads\/2018\/04\/mallorca-2911323_1920.jpg 1920w\" sizes=\"(max-width: 1200px) 100vw, 1200px\" \/><\/p>\n<h3>Fornalutx<\/h3>\n<p>Otro lugar que visitar en Mallorca durante el Puente de Mayo es el pintoresco pueblo de Fornalutx. Este pueblo tiene varios premios por el mantenimiento y calidad de su conservaci\u00f3n, tambi\u00e9n llamado \u201cel pueblo m\u00e1s bonito de Espa\u00f1a\u201d. Por lo tanto, es un bello pueblo que tienes que visitar en Mallorca durante el Puente de mayo, as\u00ed como caminar por sus antiguas calles, ver su arquitectura tradicional y ver la naturaleza de la Sierra de Tramuntana.<\/p>\n<p><img loading=\"lazy\" decoding=\"async\" class=\"wp-image-1371 alignnone\" src=\"https:\/\/www.vacalia.com\/blog\/wp-content\/uploads\/2018\/04\/Fornalutx-1024x768.jpg\" alt=\"Qu\u00e9 visitar en Mallorca durante el Puente de Mayo\" width=\"1200\" height=\"900\" srcset=\"https:\/\/www.vacalia.com\/blog\/wp-content\/uploads\/2018\/04\/Fornalutx-1024x768.jpg 1024w, https:\/\/www.vacalia.com\/blog\/wp-content\/uploads\/2018\/04\/Fornalutx-300x225.jpg 300w, https:\/\/www.vacalia.com\/blog\/wp-content\/uploads\/2018\/04\/Fornalutx-768x576.jpg 768w, https:\/\/www.vacalia.com\/blog\/wp-content\/uploads\/2018\/04\/Fornalutx-1050x788.jpg 1050w, https:\/\/www.vacalia.com\/blog\/wp-content\/uploads\/2018\/04\/Fornalutx-1600x1200.jpg 1600w, https:\/\/www.vacalia.com\/blog\/wp-content\/uploads\/2018\/04\/Fornalutx.jpg 1920w\" sizes=\"(max-width: 1200px) 100vw, 1200px\" \/><\/p>\n<h2>Visita los Parques Naturales<\/h2>\n<h3 class=\"post-item__subtitle\">Parc Natural de S\u2019albufera de Mallorca<\/h3>\n<p>Es una de las zonas m\u00e1s protegidas de Mallorca para preservar el h\u00e1bitat natural. Adem\u00e1s, es la zona h\u00fameda m\u00e1s extensa de las Islas Baleares. En este parque natural se pueden hacer 4 rutas para conocer bien a fondo su ecosistema. Ahora bien, hay una zona de observaci\u00f3n llamada Es Colombars donde se puede observar una variedad de aves para que los ni\u00f1os disfruten de verlas, eso s\u00ed, \u00a1no pueden hacer ruido para no espantarlas!<\/p>\n<figure id=\"attachment_1372\" aria-describedby=\"caption-attachment-1372\" style=\"width: 1200px\" class=\"wp-caption alignnone\"><img loading=\"lazy\" decoding=\"async\" class=\"wp-image-1372\" src=\"https:\/\/www.vacalia.com\/blog\/wp-content\/uploads\/2018\/04\/FotoCommunity-1024x680.jpg\" alt=\"Qu\u00e9 visitar en Mallorca durante el Puente de Mayo\" width=\"1200\" height=\"797\" srcset=\"https:\/\/www.vacalia.com\/blog\/wp-content\/uploads\/2018\/04\/FotoCommunity-1024x680.jpg 1024w, https:\/\/www.vacalia.com\/blog\/wp-content\/uploads\/2018\/04\/FotoCommunity-300x199.jpg 300w, https:\/\/www.vacalia.com\/blog\/wp-content\/uploads\/2018\/04\/FotoCommunity-768x510.jpg 768w, https:\/\/www.vacalia.com\/blog\/wp-content\/uploads\/2018\/04\/FotoCommunity-1050x697.jpg 1050w, https:\/\/www.vacalia.com\/blog\/wp-content\/uploads\/2018\/04\/FotoCommunity-1600x1063.jpg 1600w, https:\/\/www.vacalia.com\/blog\/wp-content\/uploads\/2018\/04\/FotoCommunity.jpg 1626w\" sizes=\"(max-width: 1200px) 100vw, 1200px\" \/><figcaption id=\"caption-attachment-1372\" class=\"wp-caption-text\">Imagen: fotocommunity<\/figcaption><\/figure>\n<h3>Parc Natural de la Pen\u00ednsula de Llevant<\/h3>\n<p>Se extiende a trav\u00e9s de 1671 hect\u00e1reas las cuales son apropiadas para el senderismo, ciclismo y buceo. Podr\u00e1s disfrutar de una gran cantidad de vegetaci\u00f3n y una fauna preciosa caracterizada por las aves (los animales m\u00e1s abundantes de la pen\u00ednsula de Llevant) tales como la gaviota de audouin, el halc\u00f3n peregrino, la \u00e1guila calzada, el cormor\u00e1n mo\u00f1udo o el alimoche.<\/p>\n<figure id=\"attachment_1370\" aria-describedby=\"caption-attachment-1370\" style=\"width: 1200px\" class=\"wp-caption alignnone\"><img loading=\"lazy\" decoding=\"async\" class=\"wp-image-1370\" src=\"https:\/\/www.vacalia.com\/blog\/wp-content\/uploads\/2018\/04\/ARA-Balears-1024x683.jpg\" alt=\"Qu\u00e9 visitar en Mallorca durante el Puente de Mayo\" width=\"1200\" height=\"800\" srcset=\"https:\/\/www.vacalia.com\/blog\/wp-content\/uploads\/2018\/04\/ARA-Balears-1024x683.jpg 1024w, https:\/\/www.vacalia.com\/blog\/wp-content\/uploads\/2018\/04\/ARA-Balears-300x200.jpg 300w, https:\/\/www.vacalia.com\/blog\/wp-content\/uploads\/2018\/04\/ARA-Balears-768x512.jpg 768w, https:\/\/www.vacalia.com\/blog\/wp-content\/uploads\/2018\/04\/ARA-Balears-1050x700.jpg 1050w, https:\/\/www.vacalia.com\/blog\/wp-content\/uploads\/2018\/04\/ARA-Balears.jpg 1500w\" sizes=\"(max-width: 1200px) 100vw, 1200px\" \/><figcaption id=\"caption-attachment-1370\" class=\"wp-caption-text\">Imagen: ARA Balears<\/figcaption><\/figure>\n<p>Sin duda, Mallorca tiene rincones hermosos para poder disfrutarlos plenamente. Por eso, esperamos que estos lugares sean de tu agrado y se encuentren en tu lista de sitios en qu\u00e9 visitar en Mallorca durante el Puente de Mayo.<\/p>\n<p>Por cierto, si todav\u00eda no sabes d\u00f3nde te alojar\u00e1s durante este Puente de Mayo en Mallorca, \u00bfpor qu\u00e9 no visitas nuestra <a href=\"https:\/\/www.vacalia.com\/es\">selecci\u00f3n<\/a> hecha solo para ti?<\/p>\n<p>Aqu\u00ed te dejamos algunos art\u00edculos que seguro te interesar\u00e1n para disfrutar al m\u00e1ximo tu Puente de Mayo en Mallorca:<\/p>\n<p><a href=\"https:\/\/www.vacalia.com\/blog\/es\/5-lugares-con-encanto-en-mallorca\/\">5 Lugares con encanto en Mallorca<\/a><\/p>\n<p><a href=\"https:\/\/www.vacalia.com\/blog\/es\/museos-de-palma-de-mallorca\/\">Museos en Palma de Mallorca<\/a><\/p>\n<p><a href=\"https:\/\/www.vacalia.com\/blog\/es\/que-ver-en-mallorca-en-mayo\/\">Qu\u00e9 ver en Mallorca en Mayo<\/a><\/p>\n<p><a href=\"https:\/\/www.vacalia.com\/blog\/es\/que-ver-en-mallorca-en-primavera\/\">\u00bfQu\u00e9 ver en Mallorca en Primavera?<\/a><\/p>\n<p><a href=\"https:\/\/www.vacalia.com\/blog\/es\/recetas-de-cocina-mallorquina\/\">15 recetas de cocina mallorquina<\/a><\/p>\n\n<div class=\"bannerBlog\"><div class=\"new-card-houses\">\n    <div class=\"likeOut likeDivOut\" style=\"display:none\">\n        <a data-id=\"3311\" class=\"likeOut_button_red likeBtnFav\"\n            aria-label=\"Megusta Vacalia\"><\/a>\n    <\/div>\n    <figure>\n        <img loading=\"lazy\" decoding=\"async\" \n            loading=\"lazy\" width=\"301\" height=\"200\"\n            src=\"\/\/media.vacalia.com\/photo\/reformatwebpfolder\/350\/200\/3311\/thumb-middle\/3311_3a4a862195b9dc338422c59da501b2b9.webp?v=21092023\"\n            alt=\"Hostal talamanca - Alquiler vacacional en Cala d&#039;Or\"\/>\n                                                                        <div class=\"circleDiscount\">-24%<\/div>\n                        <\/figure>\n    <p itemprop=\"address\"><i class=\"ico-marker\"><\/i>Cala d&#039;Or, Mallorca<\/p>\n    <h3 itemprop=\"name\">Hostal talamanca<\/h3>\n    <ul class=\"icon_list inline_list\">\n                              <li class=\"ico-airConditioning\" title=\"Aire Acondicionado\">\n              <span itemprop=\"amenityFeature\">Aire Acondicionado<\/span>\n            <\/li>\n                      <li class=\"ico-wifi\" title=\"Wifi\">\n              <span itemprop=\"amenityFeature\">Wifi<\/span>\n            <\/li>\n                          <li class=\"ico-guests\" title=\"Para 2+1   hu\u00e9spedes en Cala D&#039;or.\">\n          <span itemprop=\"occupancy\">2+1  <\/span>\n        <\/li>\n    <\/ul>\n            <span class=\"price\">Desde 67\u20ac \/ noche<\/span>\n                <a itemprop=\"url\" class=\"anchor\" href=\"https:\/\/www.vacalia.com\/es\/habitacion-de-hotel-hostal-talamanca-santanyi-h23222\" aria-label=\"Hostal talamanca\"><\/a>\n<\/div><div class=\"new-card-houses\">\n    <div class=\"likeOut likeDivOut\" style=\"display:none\">\n        <a data-id=\"815\" class=\"likeOut_button_red likeBtnFav\"\n            aria-label=\"Megusta Vacalia\"><\/a>\n    <\/div>\n    <figure>\n        <img loading=\"lazy\" decoding=\"async\" \n            loading=\"lazy\" width=\"301\" height=\"200\"\n            src=\"\/\/media.vacalia.com\/photo\/reformatwebpfolder\/350\/200\/815\/thumb-middle\/815_de2cd4c44ad2ac354606b9c762b01bcf.webp?v=21092023\"\n            alt=\"Llac gran - Alquiler vacacional en Port d&#039;Alc\u00fadia\"\/>\n                                                                        <div class=\"circleDiscount\">-4%<\/div>\n                        <\/figure>\n    <p itemprop=\"address\"><i class=\"ico-marker\"><\/i>Port d&#039;Alc\u00fadia, Mallorca<\/p>\n    <h3 itemprop=\"name\">Llac gran<\/h3>\n    <ul class=\"icon_list inline_list\">\n                              <li class=\"ico-airConditioning\" title=\"Aire Acondicionado\">\n              <span itemprop=\"amenityFeature\">Aire Acondicionado<\/span>\n            <\/li>\n                      <li class=\"ico-wifi\" title=\"Wifi\">\n              <span itemprop=\"amenityFeature\">Wifi<\/span>\n            <\/li>\n                          <li class=\"ico-guests\" title=\"Para 5 hu\u00e9spedes en Port D&#039;alc\u00fadia.\">\n          <span itemprop=\"occupancy\">5<\/span>\n        <\/li>\n    <\/ul>\n            <span class=\"price\">Desde 120\u20ac \/ noche<\/span>\n                <a itemprop=\"url\" class=\"anchor\" href=\"https:\/\/www.vacalia.com\/es\/casa-vacacional-llac-gran-alcudia-h15521\" aria-label=\"Llac gran\"><\/a>\n<\/div><\/div>\n","protected":false},"excerpt":{"rendered":"<p>Se acerca mayo y muchos os cojeis puente para descansar y disfrutar unas mini vacaciones, ya que ahora que viene el buen tiempo se disfruta m\u00e1s. Por eso, en este&hellip;<\/p>\n","protected":false},"author":2,"featured_media":0,"comment_status":"closed","ping_status":"open","sticky":false,"template":"","format":"standard","meta":{"_monsterinsights_skip_tracking":false,"_monsterinsights_sitenote_active":false,"_monsterinsights_sitenote_note":"","_monsterinsights_sitenote_category":0,"footnotes":""},"categories":[1],"tags":[],"class_list":["post-1365","post","type-post","status-publish","format-standard","hentry","category-general-es"],"_links":{"self":[{"href":"https:\/\/www.vacalia.com\/blog\/wp-json\/wp\/v2\/posts\/1365"}],"collection":[{"href":"https:\/\/www.vacalia.com\/blog\/wp-json\/wp\/v2\/posts"}],"about":[{"href":"https:\/\/www.vacalia.com\/blog\/wp-json\/wp\/v2\/types\/post"}],"author":[{"embeddable":true,"href":"https:\/\/www.vacalia.com\/blog\/wp-json\/wp\/v2\/users\/2"}],"replies":[{"embeddable":true,"href":"https:\/\/www.vacalia.com\/blog\/wp-json\/wp\/v2\/comments?post=1365"}],"version-history":[{"count":14,"href":"https:\/\/www.vacalia.com\/blog\/wp-json\/wp\/v2\/posts\/1365\/revisions"}],"predecessor-version":[{"id":4786,"href":"https:\/\/www.vacalia.com\/blog\/wp-json\/wp\/v2\/posts\/1365\/revisions\/4786"}],"wp:attachment":[{"href":"https:\/\/www.vacalia.com\/blog\/wp-json\/wp\/v2\/media?parent=1365"}],"wp:term":[{"taxonomy":"category","embeddable":true,"href":"https:\/\/www.vacalia.com\/blog\/wp-json\/wp\/v2\/categories?post=1365"},{"taxonomy":"post_tag","embeddable":true,"href":"https:\/\/www.vacalia.com\/blog\/wp-json\/wp\/v2\/tags?post=1365"}],"curies":[{"name":"wp","href":"https:\/\/api.w.org\/{rel}","templated":true}]}}