{"id":1440,"date":"2018-04-20T07:35:11","date_gmt":"2018-04-20T07:35:11","guid":{"rendered":"https:\/\/www.vacalia.com\/blog\/?p=1440"},"modified":"2024-02-14T12:24:30","modified_gmt":"2024-02-14T11:24:30","slug":"was-sie-waehrend-der-pfingsttage-auf-mallorca-besuchen-koennen","status":"publish","type":"post","link":"https:\/\/www.vacalia.com\/blog\/was-sie-waehrend-der-pfingsttage-auf-mallorca-besuchen-koennen\/","title":{"rendered":"Was Sie w\u00e4hrend der Pfingsttage auf Mallorca besuchen k\u00f6nnen"},"content":{"rendered":"<p>Der Monat Mai r\u00fcckt n\u00e4her und viele Nutzen die Gelegenheit f\u00fcr ein paar Tage der Entspannung in einem Miniurlaub \u00fcber Pfingsten, im Mai ist das Wetter viel besser und alle Aktivit\u00e4ten machen doppelt Spa\u00df. Darum m\u00f6chten wir Ihnen in unserem Artikel \u201cWas Sie w\u00e4hrend der Pfingsttage auf Mallorca besuchen k\u00f6nnen\u201d einige Orte vorstellen um die Insel mit Freunden, Familie oder als Paar zu genie\u00dfen.<\/p>\n<p><img fetchpriority=\"high\" decoding=\"async\" class=\"alignnone wp-image-1448\" src=\"https:\/\/www.vacalia.com\/blog\/wp-content\/uploads\/2018\/04\/5-LUGARES-EN-MALLORCA-CON-ENCANTO-1-1.png\" alt=\"Pfingsttage auf Mallorca\" width=\"1200\" height=\"750\" srcset=\"https:\/\/www.vacalia.com\/blog\/wp-content\/uploads\/2018\/04\/5-LUGARES-EN-MALLORCA-CON-ENCANTO-1-1.png 800w, https:\/\/www.vacalia.com\/blog\/wp-content\/uploads\/2018\/04\/5-LUGARES-EN-MALLORCA-CON-ENCANTO-1-1-300x188.png 300w, https:\/\/www.vacalia.com\/blog\/wp-content\/uploads\/2018\/04\/5-LUGARES-EN-MALLORCA-CON-ENCANTO-1-1-768x480.png 768w\" sizes=\"(max-width: 1200px) 100vw, 1200px\" \/><!--more--><\/p>\n<h2 class=\"post-item__subtitle\">Ein Besuch in Palma<\/h2>\n<p>Palma ist eine der kosmopolitischsten Hauptst\u00e4dte des Mittelmeers, von Kunst bis zu Clubs finden sich die unterschiedlichsten Aktivit\u00e4ten bei denen man sich entspannen kann. Aber welche Orte sind symbolisch f\u00fcr Palma? Und welche sollte man auf jeden Fall besucht haben?<\/p>\n<h3 class=\"post-item__subtitle\">Plaza Espa\u00f1a<\/h3>\n<p>Die Plaza Espa\u00f1a ist der zentrale Punkt am Anfang des Zentrums von Palma und der Treffpunkt f\u00fcr viele Menschen. Die Statue von K\u00f6nig Jaume I, der von 1213 bis 1276 K\u00f6nig von Aragon war, kr\u00f6nt diesen Platz. Aufgrund seiner gro\u00dfen Eroberungen, einschlie\u00dflich der Mallorcas, wurde der K\u00f6nig Jaume I. als der Eroberer bekannt.<\/p>\n<p>An der Plaza Espa\u00f1a befindet sich auch die Intermodal-Zug-, Bus- und U-Bahn-Station, die \u00f6ffentlichen Verkehrsmittel bringen Sie zu anderen Orten und herrlichen Sehensw\u00fcrdigkeiten. Die Bushaltestelle an dem Platz wird von den meisten Linien angefahren. Daher ist es der beste Ort um die Route durch Palma oder einen Ausflug zu anderen Zielen zu beginnen.<\/p>\n<p><img decoding=\"async\" class=\"alignnone wp-image-1407\" src=\"https:\/\/www.vacalia.com\/blog\/wp-content\/uploads\/2018\/04\/Wikipedia-2-1024x768.jpg\" alt=\"Pfingsttage auf Mallorca\" width=\"1200\" height=\"900\" srcset=\"https:\/\/www.vacalia.com\/blog\/wp-content\/uploads\/2018\/04\/Wikipedia-2-1024x768.jpg 1024w, https:\/\/www.vacalia.com\/blog\/wp-content\/uploads\/2018\/04\/Wikipedia-2-300x225.jpg 300w, https:\/\/www.vacalia.com\/blog\/wp-content\/uploads\/2018\/04\/Wikipedia-2-768x576.jpg 768w, https:\/\/www.vacalia.com\/blog\/wp-content\/uploads\/2018\/04\/Wikipedia-2-1050x788.jpg 1050w, https:\/\/www.vacalia.com\/blog\/wp-content\/uploads\/2018\/04\/Wikipedia-2.jpg 1200w\" sizes=\"(max-width: 1200px) 100vw, 1200px\" \/><\/p>\n<h3 class=\"post-item__subtitle\">La Rambla<\/h3>\n<p>Die Rambla de Palma ist eine Fu\u00dfg\u00e4ngerpromenade, die sich im Zentrum zweier Stra\u00dfen befindet, die von Autos befahren werden, \u00e4hnlich der bekannten Rambla de Barcelona. Bei einem Spaziergang finden Sie eine Reihe von Kiosken, die Blumen in allen Farben verkaufen. Fr\u00fcher kreuzte der Sturzbach \u201cTorrente de la Riera\u201d den Weg. Er wurde jedoch auf den Paseo de Mallorca umgeleitet, wo er jetzt den Umrissen der alten Mauern der Stadt Palma folgt.<\/p>\n<p><img decoding=\"async\" class=\"alignnone wp-image-1406\" src=\"https:\/\/www.vacalia.com\/blog\/wp-content\/uploads\/2018\/04\/wikipedia-2-2-1024x768.jpg\" alt=\"Pfingsttage auf Mallorca\" width=\"1200\" height=\"900\" srcset=\"https:\/\/www.vacalia.com\/blog\/wp-content\/uploads\/2018\/04\/wikipedia-2-2-1024x768.jpg 1024w, https:\/\/www.vacalia.com\/blog\/wp-content\/uploads\/2018\/04\/wikipedia-2-2-300x225.jpg 300w, https:\/\/www.vacalia.com\/blog\/wp-content\/uploads\/2018\/04\/wikipedia-2-2-768x576.jpg 768w, https:\/\/www.vacalia.com\/blog\/wp-content\/uploads\/2018\/04\/wikipedia-2-2-1050x788.jpg 1050w, https:\/\/www.vacalia.com\/blog\/wp-content\/uploads\/2018\/04\/wikipedia-2-2.jpg 1200w\" sizes=\"(max-width: 1200px) 100vw, 1200px\" \/><\/p>\n<h3 class=\"post-item__subtitle\">Passeig del Born<\/h3>\n<p>Der Passeig del Born liegt zwischen der Plaza de Juan Carlos I und der Plaza de la Reina. Der Passeig del Born ist eine Fu\u00dfg\u00e4ngerpassage, die wie ein Boulevard aussieht und einer der verkehrsreichsten Orte f\u00fcr die Menschen von Palma, Zwei Sphinxe am Anfang und zwei Sphinxe am Ende der Chaussee machen ihn charakteristisch. Die hohen B\u00e4ume zu beiden Seiten der Fu\u00dfg\u00e4ngerzone bieten Schutz und schaffen eine charmante Atmosph\u00e4re.<\/p>\n<figure id=\"attachment_1404\" aria-describedby=\"caption-attachment-1404\" style=\"width: 1200px\" class=\"wp-caption alignnone\"><img loading=\"lazy\" decoding=\"async\" class=\"wp-image-1404\" src=\"https:\/\/www.vacalia.com\/blog\/wp-content\/uploads\/2018\/04\/Miquelcinema-2-1024x664.jpg\" alt=\"Pfingsttage auf Mallorca\" width=\"1200\" height=\"778\" srcset=\"https:\/\/www.vacalia.com\/blog\/wp-content\/uploads\/2018\/04\/Miquelcinema-2-1024x664.jpg 1024w, https:\/\/www.vacalia.com\/blog\/wp-content\/uploads\/2018\/04\/Miquelcinema-2-300x195.jpg 300w, https:\/\/www.vacalia.com\/blog\/wp-content\/uploads\/2018\/04\/Miquelcinema-2-768x498.jpg 768w, https:\/\/www.vacalia.com\/blog\/wp-content\/uploads\/2018\/04\/Miquelcinema-2-1050x681.jpg 1050w, https:\/\/www.vacalia.com\/blog\/wp-content\/uploads\/2018\/04\/Miquelcinema-2.jpg 1280w\" sizes=\"(max-width: 1200px) 100vw, 1200px\" \/><figcaption id=\"caption-attachment-1404\" class=\"wp-caption-text\">Bild: Miquelcinema<\/figcaption><\/figure>\n<h3 class=\"post-item__subtitle\">Paseo Mar\u00edtimo<\/h3>\n<p>Der Paseo Mar\u00edtimo ist sehr bekannt und beliebt. Er beginnt am Fischereihafen, f\u00fchrt durch den Handelshafen und endet im milit\u00e4rischen Teil des Hafens von Palma. Mit einer L\u00e4nge von 4 km ist er eine gute Option f\u00fcr eine Fahrradtour, w\u00e4hrend Sie die wundersch\u00f6ne Umgebung und Sehensw\u00fcrdigkeiten wie La Seu (Die Kathedrale von Mallorca), den Palau de la Almudaina und schlie\u00dflich das Castell de Bellver bewundern. Diese drei bekannten Sehensw\u00fcrdigkeiten sollten Sie w\u00e4hrend Ihres Pfingst-Urlaubes unbedingt besuchen.<\/p>\n<figure id=\"attachment_1397\" aria-describedby=\"caption-attachment-1397\" style=\"width: 1200px\" class=\"wp-caption alignnone\"><img loading=\"lazy\" decoding=\"async\" class=\"wp-image-1397\" src=\"https:\/\/www.vacalia.com\/blog\/wp-content\/uploads\/2018\/04\/Anen-2-1024x422.jpg\" alt=\"Pfingsttage auf Mallorca\" width=\"1200\" height=\"495\" srcset=\"https:\/\/www.vacalia.com\/blog\/wp-content\/uploads\/2018\/04\/Anen-2-1024x422.jpg 1024w, https:\/\/www.vacalia.com\/blog\/wp-content\/uploads\/2018\/04\/Anen-2-300x124.jpg 300w, https:\/\/www.vacalia.com\/blog\/wp-content\/uploads\/2018\/04\/Anen-2-768x317.jpg 768w, https:\/\/www.vacalia.com\/blog\/wp-content\/uploads\/2018\/04\/Anen-2-1050x433.jpg 1050w, https:\/\/www.vacalia.com\/blog\/wp-content\/uploads\/2018\/04\/Anen-2.jpg 1595w\" sizes=\"(max-width: 1200px) 100vw, 1200px\" \/><figcaption id=\"caption-attachment-1397\" class=\"wp-caption-text\">Bild: ANEN<\/figcaption><\/figure>\n<h3 class=\"post-item__subtitle\">Strasse de Sant Miquel, Strasse dels Oms und Strasse del Sindicat<\/h3>\n<p>Die drei gut besuchten Fu\u00dfg\u00e4ngerstra\u00dfen im Zentrum von Palma sind aufgrund der zahlreichen Gesch\u00e4fte, die hier ans\u00e4ssig sind, sehr beliebt. Ideal zum Bummeln und Schlendern, wenn Sie also etwas einkaufen m\u00f6chten, z\u00f6gern Sie nicht, diese Stra\u00dfen zu besuchen.<\/p>\n<figure id=\"attachment_1399\" aria-describedby=\"caption-attachment-1399\" style=\"width: 1200px\" class=\"wp-caption alignnone\"><img loading=\"lazy\" decoding=\"async\" class=\"wp-image-1399\" src=\"https:\/\/www.vacalia.com\/blog\/wp-content\/uploads\/2018\/04\/Esquimal-Producciones-SL-2-1024x683.jpg\" alt=\"Pfingsttage auf Mallorca\" width=\"1200\" height=\"800\" srcset=\"https:\/\/www.vacalia.com\/blog\/wp-content\/uploads\/2018\/04\/Esquimal-Producciones-SL-2-1024x683.jpg 1024w, https:\/\/www.vacalia.com\/blog\/wp-content\/uploads\/2018\/04\/Esquimal-Producciones-SL-2-300x200.jpg 300w, https:\/\/www.vacalia.com\/blog\/wp-content\/uploads\/2018\/04\/Esquimal-Producciones-SL-2-768x512.jpg 768w, https:\/\/www.vacalia.com\/blog\/wp-content\/uploads\/2018\/04\/Esquimal-Producciones-SL-2-1050x700.jpg 1050w, https:\/\/www.vacalia.com\/blog\/wp-content\/uploads\/2018\/04\/Esquimal-Producciones-SL-2-1600x1067.jpg 1600w\" sizes=\"(max-width: 1200px) 100vw, 1200px\" \/><figcaption id=\"caption-attachment-1399\" class=\"wp-caption-text\">Bild: Esquimal Producciones SL<\/figcaption><\/figure>\n<h2 class=\"post-item__subtitle\">Besuchen Sie Mallorcas D\u00f6rfer<\/h2>\n<h3 class=\"post-item__subtitle\">Sant Elm<\/h3>\n<p>Sant Elm ist der perfekte Ort f\u00fcr Wanderer und Naturliebhaber. Abgesehen von seiner unglaublichen K\u00fcstenlandschaft hat Sant Elm herrliche, \u00fcppige W\u00e4lder. In dem kleinen Fischerdorf k\u00f6nnen Sie die Fischer beobachten, die ihre Netze auswerfen, die Boote und die frisch gefangenen Fische. Sie sollten sich den wundervollen Sonnenuntergang nicht entgehen lassen und das Naturschauspiel vielleicht mit einem k\u00fchlen Getr\u00e4nk kombinieren.<\/p>\n<figure id=\"attachment_1405\" aria-describedby=\"caption-attachment-1405\" style=\"width: 1200px\" class=\"wp-caption alignnone\"><img loading=\"lazy\" decoding=\"async\" class=\"wp-image-1405\" src=\"https:\/\/www.vacalia.com\/blog\/wp-content\/uploads\/2018\/04\/Via-Gallica-2-1024x558.jpg\" alt=\"Pfingsttage auf Mallorca\" width=\"1200\" height=\"654\" srcset=\"https:\/\/www.vacalia.com\/blog\/wp-content\/uploads\/2018\/04\/Via-Gallica-2-1024x558.jpg 1024w, https:\/\/www.vacalia.com\/blog\/wp-content\/uploads\/2018\/04\/Via-Gallica-2-300x164.jpg 300w, https:\/\/www.vacalia.com\/blog\/wp-content\/uploads\/2018\/04\/Via-Gallica-2-768x419.jpg 768w, https:\/\/www.vacalia.com\/blog\/wp-content\/uploads\/2018\/04\/Via-Gallica-2-1050x572.jpg 1050w, https:\/\/www.vacalia.com\/blog\/wp-content\/uploads\/2018\/04\/Via-Gallica-2-1600x872.jpg 1600w\" sizes=\"(max-width: 1200px) 100vw, 1200px\" \/><figcaption id=\"caption-attachment-1405\" class=\"wp-caption-text\">Bild: Via Gallica<\/figcaption><\/figure>\n<h3 class=\"post-item__subtitle\">S\u00f3ller<\/h3>\n<p>Eine entspannte Art S\u00f3ller zu besuchen, ist die tolle Fahrt in der antiken S\u00f3ller-Bahn, die klassische Strecke von Palma nach S\u00f3ller. Auf diese Weise sehen Sie die wunderbare Landschaft von Mallorca und sitzen entspannt in der Bahn. Der Zug h\u00e4lt am Aussichtspunkt Pujol de&#8217;n Banya und Sie k\u00f6nnen aussteigen um Fotos zu machen und die Aussicht zu genie\u00dfen. Sobald Sie am Bahnhof von S\u00f3ller angekommen sind, bringt Sie die Stra\u00dfenbahn (ebenfalls im klassischen Stil) zum bekannten Hafen Port de S\u00f3ller, wo Sie die Bucht von S\u00f3ller und den Strand entdecken k\u00f6nnen.<\/p>\n<p><img loading=\"lazy\" decoding=\"async\" class=\"alignnone wp-image-1402\" src=\"https:\/\/www.vacalia.com\/blog\/wp-content\/uploads\/2018\/04\/mallorca-2911323_1920-2-1024x578.jpg\" alt=\"Pfingsttage auf Mallorca\" width=\"1200\" height=\"677\" srcset=\"https:\/\/www.vacalia.com\/blog\/wp-content\/uploads\/2018\/04\/mallorca-2911323_1920-2-1024x578.jpg 1024w, https:\/\/www.vacalia.com\/blog\/wp-content\/uploads\/2018\/04\/mallorca-2911323_1920-2-300x169.jpg 300w, https:\/\/www.vacalia.com\/blog\/wp-content\/uploads\/2018\/04\/mallorca-2911323_1920-2-768x433.jpg 768w, https:\/\/www.vacalia.com\/blog\/wp-content\/uploads\/2018\/04\/mallorca-2911323_1920-2-1050x592.jpg 1050w, https:\/\/www.vacalia.com\/blog\/wp-content\/uploads\/2018\/04\/mallorca-2911323_1920-2-1600x903.jpg 1600w, https:\/\/www.vacalia.com\/blog\/wp-content\/uploads\/2018\/04\/mallorca-2911323_1920-2.jpg 1920w\" sizes=\"(max-width: 1200px) 100vw, 1200px\" \/><\/p>\n<h3 class=\"post-item__subtitle\">Fornalutx<\/h3>\n<p>Ein weiterer Ort f\u00fcr Ihren Pfingst-Urlaub auf Mallorca ist das malerische Dorf Fornalutx. Diese Stadt hat mehrere Preise f\u00fcr die Qualit\u00e4t der Erhaltung des Ortes erhalten und wird auch \u00abdie sch\u00f6nste Stadt Spaniens\u00bb genannt. Es ist eine sehr sch\u00f6ne Stadt, die Sie w\u00e4hrend der Pfingsttage auf Mallorca besuchen m\u00fcssen, entdecken Sie die alten Stra\u00dfen, die traditionelle Architektur und bewundern Sie die Natur der Sierra de Tramuntana.<\/p>\n<p><img loading=\"lazy\" decoding=\"async\" class=\"alignnone wp-image-1400\" src=\"https:\/\/www.vacalia.com\/blog\/wp-content\/uploads\/2018\/04\/Fornalutx-2-1024x768.jpg\" alt=\"Pfingsttage auf Mallorca\" width=\"1200\" height=\"900\" srcset=\"https:\/\/www.vacalia.com\/blog\/wp-content\/uploads\/2018\/04\/Fornalutx-2-1024x768.jpg 1024w, https:\/\/www.vacalia.com\/blog\/wp-content\/uploads\/2018\/04\/Fornalutx-2-300x225.jpg 300w, https:\/\/www.vacalia.com\/blog\/wp-content\/uploads\/2018\/04\/Fornalutx-2-768x576.jpg 768w, https:\/\/www.vacalia.com\/blog\/wp-content\/uploads\/2018\/04\/Fornalutx-2-1050x788.jpg 1050w, https:\/\/www.vacalia.com\/blog\/wp-content\/uploads\/2018\/04\/Fornalutx-2-1600x1200.jpg 1600w, https:\/\/www.vacalia.com\/blog\/wp-content\/uploads\/2018\/04\/Fornalutx-2.jpg 1920w\" sizes=\"(max-width: 1200px) 100vw, 1200px\" \/><\/p>\n<h2 class=\"post-item__subtitle\">Besuchen Sie die Naturparks<\/h2>\n<h3 class=\"post-item__subtitle\">Naturpark de S\u2019albufera de Mallorca<\/h3>\n<p>Es ist eines der am meisten gesch\u00fctzten Gebiete von Mallorca, um nat\u00fcrlichen Lebensraum zu erhalten. Au\u00dferdem ist es das gr\u00f6\u00dfte Feuchtgebiet der Balearen. In diesem Naturpark gibt es 4 Routen um das \u00d6kosystem kennen zu lernen. Seit kurzem gibt es ein Beobachtungsgebiet namens Es Colombars von dem aus man eine Vielzahl von V\u00f6geln beobachten kann. Eine Freude f\u00fcr die Kinder, nur m\u00fcssen sie leise sein, um die V\u00f6gel nicht zu erschrecken!<\/p>\n<figure id=\"attachment_1401\" aria-describedby=\"caption-attachment-1401\" style=\"width: 1200px\" class=\"wp-caption alignnone\"><img loading=\"lazy\" decoding=\"async\" class=\"wp-image-1401\" src=\"https:\/\/www.vacalia.com\/blog\/wp-content\/uploads\/2018\/04\/FotoCommunity-2-1024x680.jpg\" alt=\"Pfingsttage auf Mallorca\" width=\"1200\" height=\"797\" srcset=\"https:\/\/www.vacalia.com\/blog\/wp-content\/uploads\/2018\/04\/FotoCommunity-2-1024x680.jpg 1024w, https:\/\/www.vacalia.com\/blog\/wp-content\/uploads\/2018\/04\/FotoCommunity-2-300x199.jpg 300w, https:\/\/www.vacalia.com\/blog\/wp-content\/uploads\/2018\/04\/FotoCommunity-2-768x510.jpg 768w, https:\/\/www.vacalia.com\/blog\/wp-content\/uploads\/2018\/04\/FotoCommunity-2-1050x697.jpg 1050w, https:\/\/www.vacalia.com\/blog\/wp-content\/uploads\/2018\/04\/FotoCommunity-2-1600x1063.jpg 1600w, https:\/\/www.vacalia.com\/blog\/wp-content\/uploads\/2018\/04\/FotoCommunity-2.jpg 1626w\" sizes=\"(max-width: 1200px) 100vw, 1200px\" \/><figcaption id=\"caption-attachment-1401\" class=\"wp-caption-text\">Bild: fotocommunity<\/figcaption><\/figure>\n<h3 class=\"post-item__subtitle\">Naturpark der Halbinsel Llevant<\/h3>\n<p>Er erstreckt sich \u00fcber 1671 Hektar, die zum Wandern, Radfahren und Tauchen bestens geeignet sind. Sie k\u00f6nnen viel Vegetation und eine sch\u00f6ne Fauna entdecken, es erwarten Sie viele Vogelarten (die h\u00e4ufigsten Tiere der Halbinsel von Llevant) wie die Audouin M\u00f6we, der Wanderfalke, der Seeadler, der Habichtsadler, der B\u00fcschelkormoran oder der \u00e4gyptische Geier.<\/p>\n<figure id=\"attachment_1398\" aria-describedby=\"caption-attachment-1398\" style=\"width: 1200px\" class=\"wp-caption alignnone\"><img loading=\"lazy\" decoding=\"async\" class=\"wp-image-1398\" src=\"https:\/\/www.vacalia.com\/blog\/wp-content\/uploads\/2018\/04\/ARA-Balears-2-1024x683.jpg\" alt=\"Pfingsttage auf Mallorca\" width=\"1200\" height=\"800\" srcset=\"https:\/\/www.vacalia.com\/blog\/wp-content\/uploads\/2018\/04\/ARA-Balears-2-1024x683.jpg 1024w, https:\/\/www.vacalia.com\/blog\/wp-content\/uploads\/2018\/04\/ARA-Balears-2-300x200.jpg 300w, https:\/\/www.vacalia.com\/blog\/wp-content\/uploads\/2018\/04\/ARA-Balears-2-768x512.jpg 768w, https:\/\/www.vacalia.com\/blog\/wp-content\/uploads\/2018\/04\/ARA-Balears-2-1050x700.jpg 1050w, https:\/\/www.vacalia.com\/blog\/wp-content\/uploads\/2018\/04\/ARA-Balears-2.jpg 1500w\" sizes=\"(max-width: 1200px) 100vw, 1200px\" \/><figcaption id=\"caption-attachment-1398\" class=\"wp-caption-text\">Bild: ARA Balears<\/figcaption><\/figure>\n<p>Zweifellos hat Mallorca viele sch\u00f6ne Ecken, um sie in vollen Z\u00fcgen zu genie\u00dfen. Wir hoffen unsere Vorschl\u00e4ge kommen Ihren Vorstellungen entgegen und stehen auf Ihrer Liste der Orte die Sie w\u00e4hrend der Pfingsttage auf Mallorca besuchen wollen.<\/p>\n<p>\u00dcbrigens, wenn Sie immer noch nicht wissen, wo Sie w\u00e4hrend dieser Tage auf Mallorca \u00fcbernachten werden, warum besuchen Sie nicht unsere<a href=\"https:\/\/www.vacalia.com\/\"> Auswahl<\/a>, die wir nur f\u00fcr Sie zusammengestellt haben?<\/p>\n<p>Hier finden Sie Artikel, die Sie sicherlich auch interessieren um Ihren Pfingst-Urlaub auf Mallorca zu genie\u00dfen:<\/p>\n<p><a href=\"https:\/\/www.vacalia.com\/blog\/5-charmante-orte-auf-mallorca\/\">5 charmante Orte auf Mallorca<\/a><\/p>\n<p><a href=\"https:\/\/www.vacalia.com\/blog\/museen-in-palma-de-mallorca\/\">Was ist sehenswert in Mallorca | Museen in Palma de Mallorca<\/a><\/p>\n<p><a href=\"https:\/\/www.vacalia.com\/blog\/was-ist-sehenswert-in-mallorca\/\">Was ist sehenswert in Mallorca?<\/a><\/p>\n<p><a href=\"https:\/\/www.vacalia.com\/blog\/mallorca-und-ihre-traditionen-wanderung-von-guell-nach-lluc\/\">Die Insel Mallorca und ihre Traditionen: Wanderung von G\u00fcell nach Lluc<\/a><\/p>\n\n<div class=\"bannerBlog\"><div class=\"new-card-houses\">\n    <div class=\"likeOut likeDivOut\" style=\"display:none\">\n        <a data-id=\"4623\" class=\"likeOut_button_red likeBtnFav\"\n            aria-label=\"Megusta Vacalia\"><\/a>\n    <\/div>\n    <figure>\n        <img loading=\"lazy\" decoding=\"async\" \n            loading=\"lazy\" width=\"301\" height=\"200\"\n            src=\"\/\/media.vacalia.com\/photo\/reformatwebpfolder\/350\/200\/4623\/thumb-middle\/4623_a3101e4d12700390a7d76bf77d13f74f.webp?v=21092023\"\n            alt=\"Can joan (maria) - Ferienhaus auf Maria de la Salut\"\/>\n                                                                        <div class=\"circleDiscount\">-15%<\/div>\n                        <\/figure>\n    <p itemprop=\"address\"><i class=\"ico-marker\"><\/i>Maria de la Salut, Mallorca<\/p>\n    <h3 itemprop=\"name\">Can joan (maria)<\/h3>\n    <ul class=\"icon_list inline_list\">\n                              <li class=\"ico-pool\" title=\"Pool\">\n              <span itemprop=\"amenityFeature\">Pool<\/span>\n            <\/li>\n                      <li class=\"ico-airConditioning\" title=\"Klimaanlage\">\n              <span itemprop=\"amenityFeature\">Klimaanlage<\/span>\n            <\/li>\n                      <li class=\"ico-wifi\" title=\"Wifi\">\n              <span itemprop=\"amenityFeature\">Wifi<\/span>\n            <\/li>\n                          <li class=\"ico-guests\" title=\"F\u00fcr 6 G\u00e4ste in Maria De La Salut.\">\n          <span itemprop=\"occupancy\">6<\/span>\n        <\/li>\n    <\/ul>\n            <span class=\"price\">Ab 122\u20ac \/ Nacht<\/span>\n                <a itemprop=\"url\" class=\"anchor\" href=\"https:\/\/www.vacalia.com\/de\/apartment-can-joan-maria-maria-de-la-salut-h26934\" aria-label=\"Can joan (maria)\"><\/a>\n<\/div><div class=\"new-card-houses\">\n    <div class=\"likeOut likeDivOut\" style=\"display:none\">\n        <a data-id=\"1567\" class=\"likeOut_button_red likeBtnFav\"\n            aria-label=\"Megusta Vacalia\"><\/a>\n    <\/div>\n    <figure>\n        <img loading=\"lazy\" decoding=\"async\" \n            loading=\"lazy\" width=\"301\" height=\"200\"\n            src=\"\/\/media.vacalia.com\/photo\/reformatwebpfolder\/350\/200\/1567\/thumb-middle\/1567_e4654c34fb0b147df402663240b7510d.webp?v=21092023\"\n            alt=\"La encina - Ferienhaus auf Port d&#039;Alc\u00fadia\"\/>\n                                                                        <div class=\"circleDiscount\">-10%<\/div>\n                        <\/figure>\n    <p itemprop=\"address\"><i class=\"ico-marker\"><\/i>Port d&#039;Alc\u00fadia, Mallorca<\/p>\n    <h3 itemprop=\"name\">La encina<\/h3>\n    <ul class=\"icon_list inline_list\">\n                              <li class=\"ico-airConditioning\" title=\"Klimaanlage\">\n              <span itemprop=\"amenityFeature\">Klimaanlage<\/span>\n            <\/li>\n                      <li class=\"ico-wifi\" title=\"Wifi\">\n              <span itemprop=\"amenityFeature\">Wifi<\/span>\n            <\/li>\n                          <li class=\"ico-guests\" title=\"F\u00fcr 6 G\u00e4ste in Port D&#039;alc\u00fadia.\">\n          <span itemprop=\"occupancy\">6<\/span>\n        <\/li>\n    <\/ul>\n            <span class=\"price\">Ab 124\u20ac \/ Nacht<\/span>\n                <a itemprop=\"url\" class=\"anchor\" href=\"https:\/\/www.vacalia.com\/de\/apartment-la-encina-alcudia-h20301\" aria-label=\"La encina\"><\/a>\n<\/div><\/div>\n","protected":false},"excerpt":{"rendered":"<p>Der Monat Mai r\u00fcckt n\u00e4her und viele Nutzen die Gelegenheit f\u00fcr ein paar Tage der Entspannung in einem Miniurlaub \u00fcber Pfingsten, im Mai ist das Wetter viel besser und alle&hellip;<\/p>\n","protected":false},"author":2,"featured_media":0,"comment_status":"closed","ping_status":"open","sticky":false,"template":"","format":"standard","meta":{"_monsterinsights_skip_tracking":false,"_monsterinsights_sitenote_active":false,"_monsterinsights_sitenote_note":"","_monsterinsights_sitenote_category":0,"footnotes":""},"categories":[40],"tags":[],"class_list":["post-1440","post","type-post","status-publish","format-standard","hentry","category-allgemein"],"_links":{"self":[{"href":"https:\/\/www.vacalia.com\/blog\/wp-json\/wp\/v2\/posts\/1440"}],"collection":[{"href":"https:\/\/www.vacalia.com\/blog\/wp-json\/wp\/v2\/posts"}],"about":[{"href":"https:\/\/www.vacalia.com\/blog\/wp-json\/wp\/v2\/types\/post"}],"author":[{"embeddable":true,"href":"https:\/\/www.vacalia.com\/blog\/wp-json\/wp\/v2\/users\/2"}],"replies":[{"embeddable":true,"href":"https:\/\/www.vacalia.com\/blog\/wp-json\/wp\/v2\/comments?post=1440"}],"version-history":[{"count":9,"href":"https:\/\/www.vacalia.com\/blog\/wp-json\/wp\/v2\/posts\/1440\/revisions"}],"predecessor-version":[{"id":4891,"href":"https:\/\/www.vacalia.com\/blog\/wp-json\/wp\/v2\/posts\/1440\/revisions\/4891"}],"wp:attachment":[{"href":"https:\/\/www.vacalia.com\/blog\/wp-json\/wp\/v2\/media?parent=1440"}],"wp:term":[{"taxonomy":"category","embeddable":true,"href":"https:\/\/www.vacalia.com\/blog\/wp-json\/wp\/v2\/categories?post=1440"},{"taxonomy":"post_tag","embeddable":true,"href":"https:\/\/www.vacalia.com\/blog\/wp-json\/wp\/v2\/tags?post=1440"}],"curies":[{"name":"wp","href":"https:\/\/api.w.org\/{rel}","templated":true}]}}