{"id":1477,"date":"2018-05-10T13:30:19","date_gmt":"2018-05-10T13:30:19","guid":{"rendered":"https:\/\/www.vacalia.com\/blog\/?p=1477"},"modified":"2024-02-14T11:24:18","modified_gmt":"2024-02-14T10:24:18","slug":"5-calas-al-sur-de-mallorca","status":"publish","type":"post","link":"https:\/\/www.vacalia.com\/blog\/es\/5-calas-al-sur-de-mallorca\/","title":{"rendered":"5 Calas al sur de Mallorca"},"content":{"rendered":"<p>\u00bfQu\u00e9 ser\u00eda Mallorca sin sus calas y sus aguas cristalinas? Sin duda, \u00a1Mallorca tiene calas realmente paradis\u00edacas! Las calas son unos de los lugares que se deben visitar s\u00ed o s\u00ed cuando uno est\u00e1 en Mallorca, sobretodo por su belleza paisaj\u00edstica y la serenidad que nos transmiten.<\/p>\n<p><img fetchpriority=\"high\" decoding=\"async\" class=\"alignnone wp-image-1480\" src=\"https:\/\/www.vacalia.com\/blog\/wp-content\/uploads\/2018\/05\/5-LUGARES-EN-MALLORCA-CON-ENCANTO.png\" alt=\"Calas al sur de Mallorca\" width=\"1200\" height=\"750\" srcset=\"https:\/\/www.vacalia.com\/blog\/wp-content\/uploads\/2018\/05\/5-LUGARES-EN-MALLORCA-CON-ENCANTO.png 800w, https:\/\/www.vacalia.com\/blog\/wp-content\/uploads\/2018\/05\/5-LUGARES-EN-MALLORCA-CON-ENCANTO-300x188.png 300w, https:\/\/www.vacalia.com\/blog\/wp-content\/uploads\/2018\/05\/5-LUGARES-EN-MALLORCA-CON-ENCANTO-768x480.png 768w\" sizes=\"(max-width: 1200px) 100vw, 1200px\" \/><!--more--><\/p>\n<h2 class=\"post-item__subtitle\">Os recomendamos las siguientes 5 calas al sur de Mallorca.<\/h2>\n<h3 class=\"post-item__subtitle\">Cala Santany\u00ed<\/h3>\n<p>Cala Santany\u00ed es una de las bellas calas al sur de Mallorca. Es una cala de arena y roca que cuenta con 130 metros de largo, ideal para realizar snorkel, practicar surf o bucear por sus hermosas aguas. Es una playa que en verano se llena de gente para disfrutar de su esplendor y refrescarse en el mar. Adem\u00e1s, es una bonita cala para ir con la familia y amigos ya que es muy accesible. Aparte, cuenta con un parking junto a la playa.<\/p>\n<p>Tambi\u00e9n, en Cala Santany\u00ed podemos encontrar Es Pont\u00e0s, que es un islote de roca natural que forma un puente debido a la erosi\u00f3n de las rocas. Por lo tanto, es un lugar caracter\u00edstico para aquellos amantes de la escalada. Hay que tener en cuenta que Cala Santany\u00ed es una cala de bandera azul, lo que significa que est\u00e1 catalogada como un lugar que cuida el medio ambiente debido a su limpieza y cuidado. \u00a1As\u00ed que nada de tirar basura! Tener bandera azul quiere decir tambi\u00e9n que la playa cuenta con los servicios necesarios para hacerla m\u00e1s accesible para todos.<\/p>\n<p>Este art\u00edculo tal vez te interese: <a href=\"https:\/\/www.vacalia.com\/blog\/es\/que-ver-en-el-sur-de-mallorca-en-3-dias\/\">Qu\u00e9 ver en el sur de Mallorca en 3 d\u00edas<\/a><\/p>\n<figure id=\"attachment_1485\" aria-describedby=\"caption-attachment-1485\" style=\"width: 1200px\" class=\"wp-caption alignnone\"><img decoding=\"async\" class=\"wp-image-1485\" src=\"https:\/\/www.vacalia.com\/blog\/wp-content\/uploads\/2018\/05\/Pinterest-Cala-Santany\u00ed-1024x683.jpg\" alt=\"Calas al sur de Mallorca\" width=\"1200\" height=\"800\" srcset=\"https:\/\/www.vacalia.com\/blog\/wp-content\/uploads\/2018\/05\/Pinterest-Cala-Santany\u00ed-1024x683.jpg 1024w, https:\/\/www.vacalia.com\/blog\/wp-content\/uploads\/2018\/05\/Pinterest-Cala-Santany\u00ed-300x200.jpg 300w, https:\/\/www.vacalia.com\/blog\/wp-content\/uploads\/2018\/05\/Pinterest-Cala-Santany\u00ed-768x512.jpg 768w, https:\/\/www.vacalia.com\/blog\/wp-content\/uploads\/2018\/05\/Pinterest-Cala-Santany\u00ed-1050x700.jpg 1050w, https:\/\/www.vacalia.com\/blog\/wp-content\/uploads\/2018\/05\/Pinterest-Cala-Santany\u00ed.jpg 1200w\" sizes=\"(max-width: 1200px) 100vw, 1200px\" \/><figcaption id=\"caption-attachment-1485\" class=\"wp-caption-text\">Imagen: Pinterest<\/figcaption><\/figure>\n<h3 class=\"post-item__subtitle\">Cala Llombards<\/h3>\n<p>Cala Llombards es una espectacular cala ubicada en la urbanizaci\u00f3n de Es Llombards formada por casas unifamiliares. Es una cala arenosa con 55 metros de largo y 150 metros de ancho, pero con unas aguas transparentes y de color turquesa. En Cala Llombards disfrutar\u00e1s de la tranquilidad de la zona. Adem\u00e1s, una actividad muy destacable, es el snorkel.<\/p>\n<p>Tambi\u00e9n cuenta con accidentados acantilados donde los arriesgados ba\u00f1istas se lanzan desde las rocas hasta el mar. Adem\u00e1s, al lado de la cala se encuentra un parking donde podr\u00e9is dejar los coches y as\u00ed acceder m\u00e1s f\u00e1cilmente a la cala.<\/p>\n<figure id=\"attachment_1482\" aria-describedby=\"caption-attachment-1482\" style=\"width: 1200px\" class=\"wp-caption alignnone\"><img decoding=\"async\" class=\"wp-image-1482\" src=\"https:\/\/www.vacalia.com\/blog\/wp-content\/uploads\/2018\/05\/cala-llombars-Playas-Baleares-1024x681.jpg\" alt=\"Calas al sur de Mallorca\" width=\"1200\" height=\"797\" srcset=\"https:\/\/www.vacalia.com\/blog\/wp-content\/uploads\/2018\/05\/cala-llombars-Playas-Baleares-1024x681.jpg 1024w, https:\/\/www.vacalia.com\/blog\/wp-content\/uploads\/2018\/05\/cala-llombars-Playas-Baleares-300x199.jpg 300w, https:\/\/www.vacalia.com\/blog\/wp-content\/uploads\/2018\/05\/cala-llombars-Playas-Baleares-768x510.jpg 768w, https:\/\/www.vacalia.com\/blog\/wp-content\/uploads\/2018\/05\/cala-llombars-Playas-Baleares-1050x698.jpg 1050w, https:\/\/www.vacalia.com\/blog\/wp-content\/uploads\/2018\/05\/cala-llombars-Playas-Baleares-1600x1063.jpg 1600w, https:\/\/www.vacalia.com\/blog\/wp-content\/uploads\/2018\/05\/cala-llombars-Playas-Baleares.jpg 2048w\" sizes=\"(max-width: 1200px) 100vw, 1200px\" \/><figcaption id=\"caption-attachment-1482\" class=\"wp-caption-text\">Imagen: Playas Baleares<\/figcaption><\/figure>\n<h3 class=\"post-item__subtitle\">Cal\u00f3 des Moro y Cala S\u2019Almunia<\/h3>\n<p>Cal\u00f3 des Moro y Cala S\u2019Almunia se encuentran una al lado de la otra. Por una parte, Cal\u00f3 des Moro es una de las calas m\u00e1s preciosas de Mallorca, ya que est\u00e1 situado entre dos acantilados con un esplendoroso paisaje. Esta calita tiene 40 metros de largo, pero es muy estrecha. As\u00ed que se recomienda no llevar a los ni\u00f1os porque no hay espacio para que jueguen, al igual que en Cala S\u2019Almunia. Adem\u00e1s, tanto en Cal\u00f3 des Moro como en Cala S\u2019Almunia la actividad principal es disfrutar del mar y de sus vistas.<\/p>\n<p>Por otra parte, Cala S\u2019Almunia tambi\u00e9n cuenta con un espectacular paisaje. Sin embargo, es una peque\u00f1a calita formada por rocas y muy poca arena. Aunque se ve opacada por Cal\u00f3 des Moro, \u00a1Cala S\u2019almunia tiene un encanto tremendo! Cabe destacar que, para llegar a estos lugares, se puede encontrar parking gratuito a lo largo de la carretera.<\/p>\n<p><img loading=\"lazy\" decoding=\"async\" class=\"alignnone wp-image-1483\" src=\"https:\/\/www.vacalia.com\/blog\/wp-content\/uploads\/2018\/05\/calo-des-moro-947612_1920-1024x576.jpg\" alt=\"Calas al sur de Mallorca\" width=\"1200\" height=\"675\" srcset=\"https:\/\/www.vacalia.com\/blog\/wp-content\/uploads\/2018\/05\/calo-des-moro-947612_1920-1024x576.jpg 1024w, https:\/\/www.vacalia.com\/blog\/wp-content\/uploads\/2018\/05\/calo-des-moro-947612_1920-300x169.jpg 300w, https:\/\/www.vacalia.com\/blog\/wp-content\/uploads\/2018\/05\/calo-des-moro-947612_1920-768x432.jpg 768w, https:\/\/www.vacalia.com\/blog\/wp-content\/uploads\/2018\/05\/calo-des-moro-947612_1920-1050x591.jpg 1050w, https:\/\/www.vacalia.com\/blog\/wp-content\/uploads\/2018\/05\/calo-des-moro-947612_1920-1600x900.jpg 1600w, https:\/\/www.vacalia.com\/blog\/wp-content\/uploads\/2018\/05\/calo-des-moro-947612_1920.jpg 1920w\" sizes=\"(max-width: 1200px) 100vw, 1200px\" \/><\/p>\n<p><img loading=\"lazy\" decoding=\"async\" class=\"alignnone wp-image-1481\" src=\"https:\/\/www.vacalia.com\/blog\/wp-content\/uploads\/2018\/05\/Cala-SAlmunia-1024x576.jpg\" alt=\"Calas al sur de Mallorca\" width=\"1200\" height=\"675\" srcset=\"https:\/\/www.vacalia.com\/blog\/wp-content\/uploads\/2018\/05\/Cala-SAlmunia-1024x576.jpg 1024w, https:\/\/www.vacalia.com\/blog\/wp-content\/uploads\/2018\/05\/Cala-SAlmunia-300x169.jpg 300w, https:\/\/www.vacalia.com\/blog\/wp-content\/uploads\/2018\/05\/Cala-SAlmunia-768x432.jpg 768w, https:\/\/www.vacalia.com\/blog\/wp-content\/uploads\/2018\/05\/Cala-SAlmunia-1050x591.jpg 1050w, https:\/\/www.vacalia.com\/blog\/wp-content\/uploads\/2018\/05\/Cala-SAlmunia-1600x900.jpg 1600w, https:\/\/www.vacalia.com\/blog\/wp-content\/uploads\/2018\/05\/Cala-SAlmunia.jpg 1920w\" sizes=\"(max-width: 1200px) 100vw, 1200px\" \/><\/p>\n<h3 class=\"post-item__subtitle\">Cala Mondrag\u00f3<\/h3>\n<p>Cala Mondrag\u00f3 o Cal\u00f3 de Sa Font d\u2019en Al\u00eds es otra de las calas al sur de Mallorca. Esta cala est\u00e1 situada en el Parque Natural de Mondrag\u00f3 (declarado Parque Natural en 1992) . Adem\u00e1s, cuenta con 75 metros de largo de arena y rocas. Incluso, si no te apetece tumbarte en la arena con tu toalla, puedes acceder al servicio de pago de tumbonas y sombrillas.<\/p>\n<p>Cala Mondrag\u00f3 ofrece un ambiente maravilloso debido a su cuidado medio ambiental, ya que, al ser un parque natural y disponer de la bandera azul, se puede apreciar una gran responsabilidad ecol\u00f3gica. Una actividad a realizar es el paseo por velomar por sus bellas aguas o la realizaci\u00f3n de snorkel como en todas las calas. Tambi\u00e9n, hay que mencionar que acceder a esta cala es muy f\u00e1cil debido a que hay un aparcamiento justo al lado.<\/p>\n<p>En conclusi\u00f3n, Cala Mondrag\u00f3 es un magn\u00edfico lugar para visitar e incluso se puede llegar a \u00e9l haciendo senderismo o ciclismo. De esta forma, disfrutas del medio ambiente del ecosistema del Parque Natural de Mondrag\u00f3.<\/p>\n<p><img loading=\"lazy\" decoding=\"async\" class=\"alignnone wp-image-1484\" src=\"https:\/\/www.vacalia.com\/blog\/wp-content\/uploads\/2018\/05\/Mallorca_sch\u00f6nste_Str\u00e4nde_Cala_Mondrago_30182060844-1024x767.jpg\" alt=\"Calas al sur de Mallorca\" width=\"1200\" height=\"899\" srcset=\"https:\/\/www.vacalia.com\/blog\/wp-content\/uploads\/2018\/05\/Mallorca_sch\u00f6nste_Str\u00e4nde_Cala_Mondrago_30182060844-1024x767.jpg 1024w, https:\/\/www.vacalia.com\/blog\/wp-content\/uploads\/2018\/05\/Mallorca_sch\u00f6nste_Str\u00e4nde_Cala_Mondrago_30182060844-300x225.jpg 300w, https:\/\/www.vacalia.com\/blog\/wp-content\/uploads\/2018\/05\/Mallorca_sch\u00f6nste_Str\u00e4nde_Cala_Mondrago_30182060844-768x576.jpg 768w, https:\/\/www.vacalia.com\/blog\/wp-content\/uploads\/2018\/05\/Mallorca_sch\u00f6nste_Str\u00e4nde_Cala_Mondrago_30182060844-1050x787.jpg 1050w, https:\/\/www.vacalia.com\/blog\/wp-content\/uploads\/2018\/05\/Mallorca_sch\u00f6nste_Str\u00e4nde_Cala_Mondrago_30182060844-1600x1199.jpg 1600w\" sizes=\"(max-width: 1200px) 100vw, 1200px\" \/><\/p>\n<h2 class=\"post-item__subtitle\">Disfruta de tus vacaciones<\/h2>\n<p>Para disfrutar de tus vacaciones visita estas 5 calas al sur de Mallorca. Sin duda, son una gran reliquia. Esperamos que os haya gustado este art\u00edculo.<\/p>\n<p>Si quieres visitar estas preciosas calitas, \u00a1visita nuestra <a href=\"https:\/\/www.vacalia.com\/es\">selecci\u00f3n<\/a> de alojamientos vacacionales y encuentra el tuyo!<\/p>\n\n<div class=\"bannerBlog\"><div class=\"new-card-houses\">\n    <div class=\"likeOut likeDivOut\" style=\"display:none\">\n        <a data-id=\"3133\" class=\"likeOut_button_red likeBtnFav\"\n            aria-label=\"Megusta Vacalia\"><\/a>\n    <\/div>\n    <figure>\n        <img loading=\"lazy\" decoding=\"async\" \n            loading=\"lazy\" width=\"301\" height=\"200\"\n            src=\"\/\/media.vacalia.com\/photo\/reformatwebpfolder\/350\/200\/3133\/thumb-middle\/3133_24fca402fc5f178713d1e413a34f54b7.webp?v=21092023\"\n            alt=\"Es rafal nostro - Alquiler vacacional en Felanitx\"\/>\n                                                                        <div class=\"circleDiscount\">-9%<\/div>\n                        <\/figure>\n    <p itemprop=\"address\"><i class=\"ico-marker\"><\/i>Felanitx, Mallorca<\/p>\n    <h3 itemprop=\"name\">Es rafal nostro<\/h3>\n    <ul class=\"icon_list inline_list\">\n                              <li class=\"ico-pool\" title=\"Piscina\">\n              <span itemprop=\"amenityFeature\">Piscina<\/span>\n            <\/li>\n                      <li class=\"ico-airConditioning\" title=\"Aire Acondicionado\">\n              <span itemprop=\"amenityFeature\">Aire Acondicionado<\/span>\n            <\/li>\n                      <li class=\"ico-wifi\" title=\"Wifi\">\n              <span itemprop=\"amenityFeature\">Wifi<\/span>\n            <\/li>\n                          <li class=\"ico-guests\" title=\"Para 8 hu\u00e9spedes en Felanitx.\">\n          <span itemprop=\"occupancy\">8<\/span>\n        <\/li>\n    <\/ul>\n            <span class=\"price\">Desde 273\u20ac \/ noche<\/span>\n                <a itemprop=\"url\" class=\"anchor\" href=\"https:\/\/www.vacalia.com\/es\/villa-es-rafal-nostro-felanitx-h22874\" aria-label=\"Es rafal nostro\"><\/a>\n<\/div><div class=\"new-card-houses\">\n    <div class=\"likeOut likeDivOut\" style=\"display:none\">\n        <a data-id=\"1756\" class=\"likeOut_button_red likeBtnFav\"\n            aria-label=\"Megusta Vacalia\"><\/a>\n    <\/div>\n    <figure>\n        <img loading=\"lazy\" decoding=\"async\" \n            loading=\"lazy\" width=\"301\" height=\"200\"\n            src=\"\/\/media.vacalia.com\/photo\/reformatwebpfolder\/350\/200\/1756\/thumb-middle\/1756_6741c266dc4ae5dfb44ce9e477fa27cb.webp?v=21092023\"\n            alt=\"Sun of the bay vidalba 3 (b2 - a3) - Alquiler vacacional en Port d&#039;Alc\u00fadia\"\/>\n                                                                        <div class=\"circleDiscount\">-6%<\/div>\n                        <\/figure>\n    <p itemprop=\"address\"><i class=\"ico-marker\"><\/i>Port d&#039;Alc\u00fadia, Mallorca<\/p>\n    <h3 itemprop=\"name\">Sun of the bay vidalba 3 (b2 - a3)<\/h3>\n    <ul class=\"icon_list inline_list\">\n                              <li class=\"ico-airConditioning\" title=\"Aire Acondicionado\">\n              <span itemprop=\"amenityFeature\">Aire Acondicionado<\/span>\n            <\/li>\n                      <li class=\"ico-wifi\" title=\"Wifi\">\n              <span itemprop=\"amenityFeature\">Wifi<\/span>\n            <\/li>\n                      <li class=\"ico-views\" title=\"Vistas\">\n              <span itemprop=\"amenityFeature\">Vistas<\/span>\n            <\/li>\n                          <li class=\"ico-guests\" title=\"Para 4+2   hu\u00e9spedes en Port D&#039;alc\u00fadia.\">\n          <span itemprop=\"occupancy\">4+2  <\/span>\n        <\/li>\n    <\/ul>\n            <span class=\"price\">Desde 190\u20ac \/ noche<\/span>\n                <a itemprop=\"url\" class=\"anchor\" href=\"https:\/\/www.vacalia.com\/es\/apartamento-sun-of-the-bay-vidalba-3-b2-a3-alcudia-h20219\" aria-label=\"Sun of the bay vidalba 3 (b2 - a3)\"><\/a>\n<\/div><\/div>\n","protected":false},"excerpt":{"rendered":"<p>\u00bfQu\u00e9 ser\u00eda Mallorca sin sus calas y sus aguas cristalinas? Sin duda, \u00a1Mallorca tiene calas realmente paradis\u00edacas! Las calas son unos de los lugares que se deben visitar s\u00ed o&hellip;<\/p>\n","protected":false},"author":2,"featured_media":0,"comment_status":"closed","ping_status":"open","sticky":false,"template":"","format":"standard","meta":{"_monsterinsights_skip_tracking":false,"_monsterinsights_sitenote_active":false,"_monsterinsights_sitenote_note":"","_monsterinsights_sitenote_category":0,"footnotes":""},"categories":[1],"tags":[],"class_list":["post-1477","post","type-post","status-publish","format-standard","hentry","category-general-es"],"_links":{"self":[{"href":"https:\/\/www.vacalia.com\/blog\/wp-json\/wp\/v2\/posts\/1477"}],"collection":[{"href":"https:\/\/www.vacalia.com\/blog\/wp-json\/wp\/v2\/posts"}],"about":[{"href":"https:\/\/www.vacalia.com\/blog\/wp-json\/wp\/v2\/types\/post"}],"author":[{"embeddable":true,"href":"https:\/\/www.vacalia.com\/blog\/wp-json\/wp\/v2\/users\/2"}],"replies":[{"embeddable":true,"href":"https:\/\/www.vacalia.com\/blog\/wp-json\/wp\/v2\/comments?post=1477"}],"version-history":[{"count":9,"href":"https:\/\/www.vacalia.com\/blog\/wp-json\/wp\/v2\/posts\/1477\/revisions"}],"predecessor-version":[{"id":4784,"href":"https:\/\/www.vacalia.com\/blog\/wp-json\/wp\/v2\/posts\/1477\/revisions\/4784"}],"wp:attachment":[{"href":"https:\/\/www.vacalia.com\/blog\/wp-json\/wp\/v2\/media?parent=1477"}],"wp:term":[{"taxonomy":"category","embeddable":true,"href":"https:\/\/www.vacalia.com\/blog\/wp-json\/wp\/v2\/categories?post=1477"},{"taxonomy":"post_tag","embeddable":true,"href":"https:\/\/www.vacalia.com\/blog\/wp-json\/wp\/v2\/tags?post=1477"}],"curies":[{"name":"wp","href":"https:\/\/api.w.org\/{rel}","templated":true}]}}