{"id":1500,"date":"2018-06-04T07:36:49","date_gmt":"2018-06-04T07:36:49","guid":{"rendered":"https:\/\/www.vacalia.com\/blog\/?p=1500"},"modified":"2025-07-01T08:26:09","modified_gmt":"2025-07-01T06:26:09","slug":"buchten-im-norden-mallorcas","status":"publish","type":"post","link":"https:\/\/www.vacalia.com\/blog\/buchten-im-norden-mallorcas\/","title":{"rendered":"5 Buchten im Norden Mallorcas"},"content":{"rendered":"<p>Unser heutiger Artikel f\u00fchrt uns noch einmal zu einigen einmaligen Buchten Mallorcas in denen man von wundervoller Natur verzaubert wird. In einem vorherigen Artikel (5 Buchten im S\u00fcden Mallorcas) haben wir wirklich zauberhafte Buchten im S\u00fcden Mallorcas empfohlen. Wir nehmen den Faden wieder auf und m\u00f6chten Ihnen heute einige wundervolle Buchten im Norden Mallorcas ans Herz legen.<\/p>\n<p><img fetchpriority=\"high\" decoding=\"async\" class=\"alignnone wp-image-1777\" src=\"https:\/\/www.vacalia.com\/blog\/wp-content\/uploads\/2018\/06\/5-LUGARES-EN-MALLORCA-CON-ENCANTO.png\" alt=\"5 Buchten im Norden Mallorcas\" width=\"1200\" height=\"750\" srcset=\"https:\/\/www.vacalia.com\/blog\/wp-content\/uploads\/2018\/06\/5-LUGARES-EN-MALLORCA-CON-ENCANTO.png 800w, https:\/\/www.vacalia.com\/blog\/wp-content\/uploads\/2018\/06\/5-LUGARES-EN-MALLORCA-CON-ENCANTO-300x188.png 300w, https:\/\/www.vacalia.com\/blog\/wp-content\/uploads\/2018\/06\/5-LUGARES-EN-MALLORCA-CON-ENCANTO-768x480.png 768w\" sizes=\"(max-width: 1200px) 100vw, 1200px\" \/><!--more--><\/p>\n<h2 class=\"post-item__subtitle\">Wir schlagen folgende 5 Buchten im Norden Mallorcas vor.<\/h2>\n<h3 class=\"post-item__subtitle\">Cala Murta<\/h3>\n<p>Cala Murta heisst die erste Bucht im Norden die wir Ihnen nahelegen. Die Bucht ist ca. 85m lang, hat einen Felsstrand und ist \u00fcber einen Fu\u00dfweg zu erreichen. Zu Fu\u00df brauchen Sie ca. 30min f\u00fcr den Weg der, durch \u00fcppige Vegetation und einige Tiere die sicherlich Ihren Weg kreuzen, nicht langweilig wird. Sie k\u00f6nnen auch ein Fahrrad nehmen, das geht etwas schneller.<\/p>\n<p>Es ist ein einfacher Weg und gut geeignet f\u00fcr die ganze Familie, auch f\u00fcr Kinder, aber nehmen Sie nicht zu viel Gep\u00e4ck mit. Alles was Sie in die Bucht mitnehmen m\u00fcssen Sie auch wieder mit zur\u00fcck nehmen und mit Gep\u00e4ck k\u00f6nnen 30min Fu\u00dfweg schon lang werden. Etwas Abwechslung bietet die M\u00f6glichkeit eines Stopps am Aussichtspunkt Es Colomer, der an der Stra\u00dfe zum Ausgangspunkt in die Bucht liegt. Der Ausblick ist wirklich eindrucksvoll.<\/p>\n<figure id=\"attachment_1773\" aria-describedby=\"caption-attachment-1773\" style=\"width: 1200px\" class=\"wp-caption alignnone\"><img decoding=\"async\" class=\"wp-image-1773\" src=\"https:\/\/www.vacalia.com\/blog\/wp-content\/uploads\/2018\/06\/Cala-Murta-Mallorca-Best-Beaches-1024x683.jpg\" alt=\"5 Buchten im Norden Mallorcas\" width=\"1200\" height=\"800\" srcset=\"https:\/\/www.vacalia.com\/blog\/wp-content\/uploads\/2018\/06\/Cala-Murta-Mallorca-Best-Beaches-1024x683.jpg 1024w, https:\/\/www.vacalia.com\/blog\/wp-content\/uploads\/2018\/06\/Cala-Murta-Mallorca-Best-Beaches-300x200.jpg 300w, https:\/\/www.vacalia.com\/blog\/wp-content\/uploads\/2018\/06\/Cala-Murta-Mallorca-Best-Beaches-768x512.jpg 768w, https:\/\/www.vacalia.com\/blog\/wp-content\/uploads\/2018\/06\/Cala-Murta-Mallorca-Best-Beaches-1050x700.jpg 1050w, https:\/\/www.vacalia.com\/blog\/wp-content\/uploads\/2018\/06\/Cala-Murta-Mallorca-Best-Beaches-1600x1067.jpg 1600w\" sizes=\"(max-width: 1200px) 100vw, 1200px\" \/><figcaption id=\"caption-attachment-1773\" class=\"wp-caption-text\">Photo: Mallorca Best Beaches<\/figcaption><\/figure>\n<h3 class=\"post-item__subtitle\">Cala Sant Vicen\u00e7<\/h3>\n<p><a href=\"https:\/\/www.vacalia.com\/de\/cala-sant-vicenc-mallorca-p1359\">Cala Sant Vicen\u00e7<\/a> liegt in der Gemeinde von Pollen\u00e7a und es reihen sich gleich 4 kleine Buchten die K\u00fcste entlang. Die Namen der Buchten sind: Cala Barques, Cala Clara, Cala Molins und Cala Carb\u00f3. Alle 4 Buchten bieten die besten Voraussetzungen zum Schnorcheln, kristallklares Wasser und eine interessante Unterwasserwelt, in der man das eine oder andere Schiffswrack entdecken kann. Zahlreiche Schiffe, von der griechischen Gallone bis zum Dampfer aus dem 20sten Jahrhundert sind an dieser K\u00fcste gesunken.<\/p>\n<p>Cala Sant Vicen\u00e7 ist sehr beliebt bei Radsportlern und Wanderern, viele sch\u00f6ne Routen kreuzen den Ort oder starten hier. Nutzen Sie die Gelegenheit die H\u00f6hlen von l\u2019Alzineret zu besuchen. Die H\u00f6hlen wurden auf 1600 v.C. datiert und werden Sie sicher begeistern.<\/p>\n<figure id=\"attachment_1776\" aria-describedby=\"caption-attachment-1776\" style=\"width: 1200px\" class=\"wp-caption alignnone\"><img decoding=\"async\" class=\"wp-image-1776\" src=\"https:\/\/www.vacalia.com\/blog\/wp-content\/uploads\/2018\/06\/cala-san-vicenc-mallorca-6-SPAINCOAST-IBERIAPLAYAS-1024x768.jpg\" alt=\"5 Buchten Im Norden Mallorcas\" width=\"1200\" height=\"900\" srcset=\"https:\/\/www.vacalia.com\/blog\/wp-content\/uploads\/2018\/06\/cala-san-vicenc-mallorca-6-SPAINCOAST-IBERIAPLAYAS-1024x768.jpg 1024w, https:\/\/www.vacalia.com\/blog\/wp-content\/uploads\/2018\/06\/cala-san-vicenc-mallorca-6-SPAINCOAST-IBERIAPLAYAS-300x225.jpg 300w, https:\/\/www.vacalia.com\/blog\/wp-content\/uploads\/2018\/06\/cala-san-vicenc-mallorca-6-SPAINCOAST-IBERIAPLAYAS-768x576.jpg 768w, https:\/\/www.vacalia.com\/blog\/wp-content\/uploads\/2018\/06\/cala-san-vicenc-mallorca-6-SPAINCOAST-IBERIAPLAYAS-1050x788.jpg 1050w, https:\/\/www.vacalia.com\/blog\/wp-content\/uploads\/2018\/06\/cala-san-vicenc-mallorca-6-SPAINCOAST-IBERIAPLAYAS.jpg 1280w\" sizes=\"(max-width: 1200px) 100vw, 1200px\" \/><figcaption id=\"caption-attachment-1776\" class=\"wp-caption-text\">Photo: SPAINCOAST &amp; IBERIAPLAYAS<\/figcaption><\/figure>\n<h3 class=\"post-item__subtitle\">Cala Tuent<\/h3>\n<p>Eine weitere Buchten im Norden Mallorcas ist <a href=\"https:\/\/www.vacalia.com\/de\/cala-tuent-mallorca-p1553\">Cala Tuent<\/a>. Sie hat eine L\u00e4nge von ca. 100m und der Strand besteht aus Felsen und Kiesel. Durch die N\u00e4he zu Sa Calobra, ein beliebtes Ausflugsziel f\u00fcr Touristen ger\u00e4t Cala Tuent in den Hintergrund und ist sehr viel weniger frequentiert. Ein ideales Pl\u00e4tzchen um das saubere Wasser, die Ruhe, Sonne und Natur zu geniessen.<\/p>\n<p>Die Serpentinenstra\u00dfe \u00fcber die Sie zur Bucht gelangen hat es in sich! Wenn Sie Ihnen schnell schwindelig wird, sollten Sie die n\u00f6tigen Massnahmen treffen und Vorsicht walten lassen, aber die Landschaft und die Aussicht lohnen die M\u00fche.<\/p>\n<figure id=\"attachment_1774\" aria-describedby=\"caption-attachment-1774\" style=\"width: 1200px\" class=\"wp-caption alignnone\"><img loading=\"lazy\" decoding=\"async\" class=\"wp-image-1774\" src=\"https:\/\/www.vacalia.com\/blog\/wp-content\/uploads\/2018\/06\/Cala-Tuent-Wikiloc-1024x576.jpg\" alt=\"5 Buchten im Norden Mallorcas\" width=\"1200\" height=\"675\" srcset=\"https:\/\/www.vacalia.com\/blog\/wp-content\/uploads\/2018\/06\/Cala-Tuent-Wikiloc-1024x576.jpg 1024w, https:\/\/www.vacalia.com\/blog\/wp-content\/uploads\/2018\/06\/Cala-Tuent-Wikiloc-300x169.jpg 300w, https:\/\/www.vacalia.com\/blog\/wp-content\/uploads\/2018\/06\/Cala-Tuent-Wikiloc-768x432.jpg 768w, https:\/\/www.vacalia.com\/blog\/wp-content\/uploads\/2018\/06\/Cala-Tuent-Wikiloc-1050x591.jpg 1050w, https:\/\/www.vacalia.com\/blog\/wp-content\/uploads\/2018\/06\/Cala-Tuent-Wikiloc.jpg 1600w\" sizes=\"(max-width: 1200px) 100vw, 1200px\" \/><figcaption id=\"caption-attachment-1774\" class=\"wp-caption-text\">Photo: Wikiloc<\/figcaption><\/figure>\n<h3 class=\"post-item__subtitle\">Cala Castell<\/h3>\n<p>F\u00fcr einen Besuch in der einzigartigen Bucht Cala Castell, mit einem Sand- und Felsstrand, m\u00fcssen Sie im Vorwege eine Erlaubnis im Touristenb\u00fcro von Pollen\u00e7a beantragen. Die Bucht geh\u00f6rt zu einem privaten Gel\u00e4nde jedoch wird die Genehmigung, in der Regel, in wenigen Tagen erteilt. Man kann einen Wanderweg ca. 11km lang (3,30 Stunden) oder mit dem Auto, quer \u00fcber die private Finca, in die Bucht gelangen.<br \/>Der Wanderweg ist eine sch\u00f6ne Abwechslung und bietet fantastische Einblicke in die Insel Eigene Flora. Auf dem Weg kommt man an einigen kleinen Wasserf\u00e4llen vorbei und kann das Castell del Rei besuchen, eine Burg aus dem 13 Jahrhundert die von gro\u00dfem kulturellem und historischem Interesse der spanischen Geschichte eingestuft ist.<\/p>\n<figure id=\"attachment_1772\" aria-describedby=\"caption-attachment-1772\" style=\"width: 1200px\" class=\"wp-caption alignnone\"><img loading=\"lazy\" decoding=\"async\" class=\"wp-image-1772\" src=\"https:\/\/www.vacalia.com\/blog\/wp-content\/uploads\/2018\/06\/Cala-Castell-Wikiloc-1024x765.jpg\" alt=\"5 Buchten im Norden Mallorcas\" width=\"1200\" height=\"896\" srcset=\"https:\/\/www.vacalia.com\/blog\/wp-content\/uploads\/2018\/06\/Cala-Castell-Wikiloc-1024x765.jpg 1024w, https:\/\/www.vacalia.com\/blog\/wp-content\/uploads\/2018\/06\/Cala-Castell-Wikiloc-300x224.jpg 300w, https:\/\/www.vacalia.com\/blog\/wp-content\/uploads\/2018\/06\/Cala-Castell-Wikiloc-768x574.jpg 768w, https:\/\/www.vacalia.com\/blog\/wp-content\/uploads\/2018\/06\/Cala-Castell-Wikiloc-1050x784.jpg 1050w, https:\/\/www.vacalia.com\/blog\/wp-content\/uploads\/2018\/06\/Cala-Castell-Wikiloc.jpg 1600w\" sizes=\"(max-width: 1200px) 100vw, 1200px\" \/><figcaption id=\"caption-attachment-1772\" class=\"wp-caption-text\">Photo: Wikiloc<\/figcaption><\/figure>\n<h3 class=\"post-item__subtitle\">Cala Ba\u00f1albufar<\/h3>\n<p>Eine der sch\u00f6nsten Buchten von Mallorca, mit ganz besonderem Flair, ist die Cala <a href=\"https:\/\/www.vacalia.com\/es\/banyalbufar-mallorca-p1535\">Banyalbufar<\/a>. Das besondere Flair und die ganze Bucht erf\u00fcllen viele Besucher mit gro\u00dfer innerer Ruhe. Die Bucht mit Felsstrand erstreckt sich auf ca. 100m L\u00e4nge. Der Zuweg ist einfach \u00fcber eine Treppe, die bis in die Bucht f\u00fchrt und es gibt einen kostenlosen Parkplatz ganz in der N\u00e4he. Sie sollten rechtzeitig losfahren damit Sie noch einen Parkplatz bekommen. Es gibt einen kleinen Wasserfall mit S\u00fc\u00dfwasser, ideal um sich das Salz, nach dem Schwimmen, von der Haut zu sp\u00fclen. Aber vor allem k\u00f6nnen Sie die bezaubernde Landschaft bewundern.<\/p>\n<figure id=\"attachment_1775\" aria-describedby=\"caption-attachment-1775\" style=\"width: 1200px\" class=\"wp-caption alignnone\"><img loading=\"lazy\" decoding=\"async\" class=\"wp-image-1775\" src=\"https:\/\/www.vacalia.com\/blog\/wp-content\/uploads\/2018\/06\/cala-banyalbufar-esta-en-el-norte-de-mallorca-El-Confidencial-1024x768.jpg\" alt=\"5 Buchten im Norden Mallorcas\" width=\"1200\" height=\"900\" srcset=\"https:\/\/www.vacalia.com\/blog\/wp-content\/uploads\/2018\/06\/cala-banyalbufar-esta-en-el-norte-de-mallorca-El-Confidencial-1024x768.jpg 1024w, https:\/\/www.vacalia.com\/blog\/wp-content\/uploads\/2018\/06\/cala-banyalbufar-esta-en-el-norte-de-mallorca-El-Confidencial-300x225.jpg 300w, https:\/\/www.vacalia.com\/blog\/wp-content\/uploads\/2018\/06\/cala-banyalbufar-esta-en-el-norte-de-mallorca-El-Confidencial-768x576.jpg 768w, https:\/\/www.vacalia.com\/blog\/wp-content\/uploads\/2018\/06\/cala-banyalbufar-esta-en-el-norte-de-mallorca-El-Confidencial-1050x788.jpg 1050w, https:\/\/www.vacalia.com\/blog\/wp-content\/uploads\/2018\/06\/cala-banyalbufar-esta-en-el-norte-de-mallorca-El-Confidencial.jpg 1338w\" sizes=\"(max-width: 1200px) 100vw, 1200px\" \/><figcaption id=\"caption-attachment-1775\" class=\"wp-caption-text\">Photo: El Confidencial<\/figcaption><\/figure>\n<h2 class=\"post-item__subtitle\">Buchten im Norden von Mallorca<\/h2>\n<p>Wir hoffen unsere kleine Vorstellung der 5 Buchten im Norden Mallorcas hat Ihnen gefallen und Sie haben die Gelegenheit einige bei Ihrem n\u00e4chsten Aufenthalt zu besuchen. Ach ja, haben Sie schon eine Unterkunft f\u00fcr Ihren n\u00e4chsten Urlaub? Falls Sie noch keine haben, besuchen Sie doch unsere Auswahl an <a href=\"https:\/\/www.vacalia.com\/de\/mallorca-urlaub\">Ferienunterk\u00fcnften<\/a>. Sicher finden Sie Ihr Traumhaus f\u00fcr Ihren Urlaub.<\/p>\n\n<div class=\"bannerBlog\"><div class=\"new-card-houses\">\n    <div class=\"likeOut likeDivOut\" style=\"display:none\">\n        <a data-id=\"323\" class=\"likeOut_button_red likeBtnFav\"\n            aria-label=\"Megusta Vacalia\"><\/a>\n    <\/div>\n    <figure>\n        <img loading=\"lazy\" decoding=\"async\" \n            loading=\"lazy\" width=\"301\" height=\"200\"\n            src=\"\/\/media.vacalia.com\/photo\/reformatwebpfolder\/350\/200\/323\/thumb-middle\/323_f77a52e09729a40f9066f5c0217a459b.webp?v=21092023\"\n            alt=\"Finca son costa - Ferienhaus auf Montu\u00efri\"\/>\n                                                                        <div class=\"circleDiscount\">-14%<\/div>\n                        <\/figure>\n    <p itemprop=\"address\"><i class=\"ico-marker\"><\/i>Montu\u00efri, Mallorca<\/p>\n    <h3 itemprop=\"name\">Finca son costa<\/h3>\n    <ul class=\"icon_list inline_list\">\n                              <li class=\"ico-pool\" title=\"Pool\">\n              <span itemprop=\"amenityFeature\">Pool<\/span>\n            <\/li>\n                      <li class=\"ico-wifi\" title=\"Wifi\">\n              <span itemprop=\"amenityFeature\">Wifi<\/span>\n            <\/li>\n                          <li class=\"ico-guests\" title=\"F\u00fcr 10 G\u00e4ste in Montu\u00efri.\">\n          <span itemprop=\"occupancy\">10<\/span>\n        <\/li>\n    <\/ul>\n            <span class=\"price\">Ab 378\u20ac \/ Nacht<\/span>\n                <a itemprop=\"url\" class=\"anchor\" href=\"https:\/\/www.vacalia.com\/de\/villa-finca-son-costa-montuiri-h15111\" aria-label=\"Finca son costa\"><\/a>\n<\/div><div class=\"new-card-houses\">\n    <div class=\"likeOut likeDivOut\" style=\"display:none\">\n        <a data-id=\"3504\" class=\"likeOut_button_red likeBtnFav\"\n            aria-label=\"Megusta Vacalia\"><\/a>\n    <\/div>\n    <figure>\n        <img loading=\"lazy\" decoding=\"async\" \n            loading=\"lazy\" width=\"301\" height=\"200\"\n            src=\"\/\/media.vacalia.com\/photo\/reformatwebpfolder\/350\/200\/3504\/thumb-middle\/3504_daabe4bcc66ac78bc78d217d05be1bd0.webp?v=21092023\"\n            alt=\"Ca na xisca 1 - Ferienhaus auf Can Picafort\"\/>\n                                                                        <div class=\"circleDiscount\">-2%<\/div>\n                        <\/figure>\n    <p itemprop=\"address\"><i class=\"ico-marker\"><\/i>Can Picafort, Mallorca<\/p>\n    <h3 itemprop=\"name\">Ca na xisca 1<\/h3>\n    <ul class=\"icon_list inline_list\">\n                              <li class=\"ico-airConditioning\" title=\"Klimaanlage\">\n              <span itemprop=\"amenityFeature\">Klimaanlage<\/span>\n            <\/li>\n                      <li class=\"ico-wifi\" title=\"Wifi\">\n              <span itemprop=\"amenityFeature\">Wifi<\/span>\n            <\/li>\n                          <li class=\"ico-guests\" title=\"F\u00fcr 4 G\u00e4ste in Can Picafort.\">\n          <span itemprop=\"occupancy\">4<\/span>\n        <\/li>\n    <\/ul>\n            <span class=\"price\">Ab 121\u20ac \/ Nacht<\/span>\n                <a itemprop=\"url\" class=\"anchor\" href=\"https:\/\/www.vacalia.com\/de\/apartment-ca-na-xisca-1-santa-margalida-h23995\" aria-label=\"Ca na xisca 1\"><\/a>\n<\/div><div class=\"new-card-houses\">\n    <div class=\"likeOut likeDivOut\" style=\"display:none\">\n        <a data-id=\"28\" class=\"likeOut_button_red likeBtnFav\"\n            aria-label=\"Megusta Vacalia\"><\/a>\n    <\/div>\n    <figure>\n        <img loading=\"lazy\" decoding=\"async\" \n            loading=\"lazy\" width=\"301\" height=\"200\"\n            src=\"\/\/media.vacalia.com\/photo\/reformatwebpfolder\/350\/200\/28\/thumb-middle\/28_c02af283cdca9e6db79f9a6f3c0b6491.webp?v=21092023\"\n            alt=\"Can corr\u00f3 - Ferienhaus auf Alc\u00fadia\"\/>\n                                                                        <div class=\"circleDiscount\">-3%<\/div>\n                        <\/figure>\n    <p itemprop=\"address\"><i class=\"ico-marker\"><\/i>Alc\u00fadia, Mallorca<\/p>\n    <h3 itemprop=\"name\">Can corr\u00f3<\/h3>\n    <ul class=\"icon_list inline_list\">\n                              <li class=\"ico-pool\" title=\"Pool\">\n              <span itemprop=\"amenityFeature\">Pool<\/span>\n            <\/li>\n                      <li class=\"ico-airConditioning\" title=\"Klimaanlage\">\n              <span itemprop=\"amenityFeature\">Klimaanlage<\/span>\n            <\/li>\n                      <li class=\"ico-wifi\" title=\"Wifi\">\n              <span itemprop=\"amenityFeature\">Wifi<\/span>\n            <\/li>\n                          <li class=\"ico-guests\" title=\"F\u00fcr 8 G\u00e4ste in Alc\u00fadia.\">\n          <span itemprop=\"occupancy\">8<\/span>\n        <\/li>\n    <\/ul>\n            <span class=\"price\">Ab 209\u20ac \/ Nacht<\/span>\n                <a itemprop=\"url\" class=\"anchor\" href=\"https:\/\/www.vacalia.com\/de\/villa-can-corro-alcudia-h14544\" aria-label=\"Can corr\u00f3\"><\/a>\n<\/div><\/div>\n","protected":false},"excerpt":{"rendered":"<p>Unser heutiger Artikel f\u00fchrt uns noch einmal zu einigen einmaligen Buchten Mallorcas in denen man von wundervoller Natur verzaubert wird. In einem vorherigen Artikel (5 Buchten im S\u00fcden Mallorcas) haben&hellip;<\/p>\n","protected":false},"author":2,"featured_media":0,"comment_status":"closed","ping_status":"open","sticky":false,"template":"","format":"standard","meta":{"_monsterinsights_skip_tracking":false,"_monsterinsights_sitenote_active":false,"_monsterinsights_sitenote_note":"","_monsterinsights_sitenote_category":0,"footnotes":""},"categories":[40],"tags":[],"class_list":["post-1500","post","type-post","status-publish","format-standard","hentry","category-allgemein"],"_links":{"self":[{"href":"https:\/\/www.vacalia.com\/blog\/wp-json\/wp\/v2\/posts\/1500"}],"collection":[{"href":"https:\/\/www.vacalia.com\/blog\/wp-json\/wp\/v2\/posts"}],"about":[{"href":"https:\/\/www.vacalia.com\/blog\/wp-json\/wp\/v2\/types\/post"}],"author":[{"embeddable":true,"href":"https:\/\/www.vacalia.com\/blog\/wp-json\/wp\/v2\/users\/2"}],"replies":[{"embeddable":true,"href":"https:\/\/www.vacalia.com\/blog\/wp-json\/wp\/v2\/comments?post=1500"}],"version-history":[{"count":8,"href":"https:\/\/www.vacalia.com\/blog\/wp-json\/wp\/v2\/posts\/1500\/revisions"}],"predecessor-version":[{"id":7258,"href":"https:\/\/www.vacalia.com\/blog\/wp-json\/wp\/v2\/posts\/1500\/revisions\/7258"}],"wp:attachment":[{"href":"https:\/\/www.vacalia.com\/blog\/wp-json\/wp\/v2\/media?parent=1500"}],"wp:term":[{"taxonomy":"category","embeddable":true,"href":"https:\/\/www.vacalia.com\/blog\/wp-json\/wp\/v2\/categories?post=1500"},{"taxonomy":"post_tag","embeddable":true,"href":"https:\/\/www.vacalia.com\/blog\/wp-json\/wp\/v2\/tags?post=1500"}],"curies":[{"name":"wp","href":"https:\/\/api.w.org\/{rel}","templated":true}]}}