{"id":1518,"date":"2018-05-15T14:16:31","date_gmt":"2018-05-15T14:16:31","guid":{"rendered":"https:\/\/www.vacalia.com\/blog\/?p=1518"},"modified":"2024-02-14T11:23:40","modified_gmt":"2024-02-14T10:23:40","slug":"rutas-en-bicicleta-por-mallorca","status":"publish","type":"post","link":"https:\/\/www.vacalia.com\/blog\/es\/rutas-en-bicicleta-por-mallorca\/","title":{"rendered":"Rutas en bicicleta por Mallorca"},"content":{"rendered":"<p>Mallorca es uno de los lugares m\u00e1s adecuados para realizar rutas ciclistas debido a sus hermosos tramos paisaj\u00edsticos, as\u00ed como el grado de dificultad que hay en ellos. \u00bfPor qu\u00e9? Mallorca es una isla que no solo tiene playas y calas, sino tambi\u00e9n tramos monta\u00f1osos tal como la Sierra de Tramuntana (catalogada como Patrimonio de la Humanidad). Por lo tanto, podemos contar con tramos rectos, tramos con subidas y tramos con bajadas de diferentes desniveles. Unas de las razones que hace que a Mallorca vengan miles de ciclistas cada a\u00f1o para probar estas magn\u00edficas rutas.<\/p>\n<p><img fetchpriority=\"high\" decoding=\"async\" class=\"alignnone wp-image-1525\" src=\"https:\/\/www.vacalia.com\/blog\/wp-content\/uploads\/2018\/05\/5-LUGARES-EN-MALLORCA-CON-ENCANTO-2.png\" alt=\"Rutas en bicicleta por Mallorca\" width=\"1200\" height=\"750\" srcset=\"https:\/\/www.vacalia.com\/blog\/wp-content\/uploads\/2018\/05\/5-LUGARES-EN-MALLORCA-CON-ENCANTO-2.png 800w, https:\/\/www.vacalia.com\/blog\/wp-content\/uploads\/2018\/05\/5-LUGARES-EN-MALLORCA-CON-ENCANTO-2-300x188.png 300w, https:\/\/www.vacalia.com\/blog\/wp-content\/uploads\/2018\/05\/5-LUGARES-EN-MALLORCA-CON-ENCANTO-2-768x480.png 768w\" sizes=\"(max-width: 1200px) 100vw, 1200px\" \/><!--more--><\/p>\n<p>A continuaci\u00f3n, te queremos dejar algunas rutas en bicicleta por Mallorca que debes hacer si te gusta realizar este tipo de deporte. \u00a1No te vayas de Mallorca sin haberlas realizado!<\/p>\n<h2 class=\"post-item__subtitle\">Rutas en bicicleta por Mallorca<\/h2>\n<h3 class=\"post-item__subtitle\">Playa de Palma &#8211; Llucmajor &#8211; Santuario de Cura (Randa) &#8211; Algaida<\/h3>\n<p>La ruta comienza desde la Playa de Palma, en la que se recorre toda la costa hasta llegar al Arenal. De esta forma, disfrutar\u00e1s de un gran paisaje mar\u00edtimo, el mar, la gente, las gaviotas y el sol. Deber\u00edas tener cuidado con el sol debido a las quemaduras que podr\u00eda hacerte, por eso es conveniente echarse protector solar antes de empezar con nuestra actividad. Siguiendo la ruta, llegaremos hasta Llucmajor y continuaremos hasta el Puig de Randa donde se encuentra el Santuario de Cura. En el Puig de Randa podremos descansar y observar las vistas que nos ofrece este maravilloso lugar natural. Y, por \u00faltimo, finalizar la ruta en Algaida alcanzando un total de 40\u20191km de distancia recorrida.<\/p>\n<p><img decoding=\"async\" class=\"alignnone wp-image-1521\" src=\"https:\/\/www.vacalia.com\/blog\/wp-content\/uploads\/2018\/05\/ruta-algaida-1024x528.png\" alt=\"Rutas en bicicleta por Mallorca\" width=\"1200\" height=\"619\" srcset=\"https:\/\/www.vacalia.com\/blog\/wp-content\/uploads\/2018\/05\/ruta-algaida-1024x528.png 1024w, https:\/\/www.vacalia.com\/blog\/wp-content\/uploads\/2018\/05\/ruta-algaida-300x155.png 300w, https:\/\/www.vacalia.com\/blog\/wp-content\/uploads\/2018\/05\/ruta-algaida-768x396.png 768w, https:\/\/www.vacalia.com\/blog\/wp-content\/uploads\/2018\/05\/ruta-algaida-1050x542.png 1050w, https:\/\/www.vacalia.com\/blog\/wp-content\/uploads\/2018\/05\/ruta-algaida.png 1264w\" sizes=\"(max-width: 1200px) 100vw, 1200px\" \/><\/p>\n<h3 class=\"post-item__subtitle\">Sa Pobla &#8211; Port d\u2019Alcudia &#8211; Faro de Formentor<\/h3>\n<p>Esta ruta es una de las mejores rutas en bicicleta por Mallorca con una trayectoria de 43,1km de distancia. El trayecto comienza en Sa Pobla, lugar conocido por el cultivo de las mejores patatas de Mallorca, hasta llegar al Port d\u2019Alc\u00fadia y as\u00ed recorrer un tramo de la gran bah\u00eda de Alcudia. Luego la ruta continua por la Bah\u00eda de Pollen\u00e7a para gozar del ambiente costero, hasta finalizar en el Faro de Formentor. Cabe destacar que una vez que termina el Port de Pollen\u00e7a, la subida hasta llegar al Faro de Formentor es empinada, con muchas curvas cerradas y muy costosa. Sin embargo, una vez en la cima te sentir\u00e1s \u00a1el rey del mundo!<\/p>\n<p><img decoding=\"async\" class=\"alignnone wp-image-1522\" src=\"https:\/\/www.vacalia.com\/blog\/wp-content\/uploads\/2018\/05\/ruta-faro-formentor-1024x665.png\" alt=\"Rutas en bicicleta por Mallorca\" width=\"1200\" height=\"779\" srcset=\"https:\/\/www.vacalia.com\/blog\/wp-content\/uploads\/2018\/05\/ruta-faro-formentor-1024x665.png 1024w, https:\/\/www.vacalia.com\/blog\/wp-content\/uploads\/2018\/05\/ruta-faro-formentor-300x195.png 300w, https:\/\/www.vacalia.com\/blog\/wp-content\/uploads\/2018\/05\/ruta-faro-formentor-768x499.png 768w, https:\/\/www.vacalia.com\/blog\/wp-content\/uploads\/2018\/05\/ruta-faro-formentor-1050x682.png 1050w, https:\/\/www.vacalia.com\/blog\/wp-content\/uploads\/2018\/05\/ruta-faro-formentor.png 1284w\" sizes=\"(max-width: 1200px) 100vw, 1200px\" \/><\/p>\n<h3 class=\"post-item__subtitle\">Palma- Orient<\/h3>\n<p>Palma &#8211; Orient es otra de las rutas en bicicleta por Mallorca a realizar con una distancia de 27km. Comienza en la capital de Mallorca, por lo que hace que conozcas la capital desde otra perspectiva. Una vez que est\u00e9s llegando a Orient, podr\u00e1s observar l\u2019Avenc de Son Pou y es Salt des Freu, dos sitios en los que te has de parar para disfrutarlos y conocerlos. Adem\u00e1s, por estos caminos, disfrutar\u00e1s de una hermosa naturaleza as\u00ed como de un bonito paisaje arbolado.<\/p>\n<p><img loading=\"lazy\" decoding=\"async\" class=\"alignnone wp-image-1520\" src=\"https:\/\/www.vacalia.com\/blog\/wp-content\/uploads\/2018\/05\/ruta-a-orient-1024x704.png\" alt=\"Rutas en bicicleta por Mallorca\" width=\"1200\" height=\"825\" srcset=\"https:\/\/www.vacalia.com\/blog\/wp-content\/uploads\/2018\/05\/ruta-a-orient-1024x704.png 1024w, https:\/\/www.vacalia.com\/blog\/wp-content\/uploads\/2018\/05\/ruta-a-orient-300x206.png 300w, https:\/\/www.vacalia.com\/blog\/wp-content\/uploads\/2018\/05\/ruta-a-orient-768x528.png 768w, https:\/\/www.vacalia.com\/blog\/wp-content\/uploads\/2018\/05\/ruta-a-orient-1050x722.png 1050w, https:\/\/www.vacalia.com\/blog\/wp-content\/uploads\/2018\/05\/ruta-a-orient.png 1241w\" sizes=\"(max-width: 1200px) 100vw, 1200px\" \/><\/p>\n<h3 class=\"post-item__subtitle\">Can Picafort &#8211; Lluc &#8211; Puig Major &#8211; Sa Calobra<\/h3>\n<p>Esta larga y dura ruta es, sin duda, una de las mejores rutas en bicicleta por Mallorca. Cuenta con una distancia de 89,6km apta solo para aquellos entrenados en el ciclismo. Es una muy buena ruta que comienza en Can Picafort pasando por los pueblos de Sa Pobla, Selva y Caimari hasta llegar a LLuc. En este, podr\u00e1s observar el Santuari y el Monestir de Lluc, que son dos lugares de gran inter\u00e9s culural y religioso.<\/p>\n<p>Continuando el trayecto, pasar\u00e1s por el municipio de Escorca y debes desviarte direcci\u00f3n Puig Major. Esta cima alcanza los 1445 metros de altitud y es considerada el punto m\u00e1s alto de Mallorca. Por lo tanto, una vez arriba, seguro que alucinar\u00e1s con las vistas. Finalmente, debes continuar la ruta hasta Sa Calobra. Sa Calobra es un lugar muy tur\u00edstico y hermoso donde desemboca el conocido Torrent de Pareis, una desembocadura que se encuentra rodeada de altos acantilados.<\/p>\n<p><img loading=\"lazy\" decoding=\"async\" class=\"alignnone wp-image-1523\" src=\"https:\/\/www.vacalia.com\/blog\/wp-content\/uploads\/2018\/05\/ruta-sa-calobra-1024x526.png\" alt=\"Rutas en bicicleta por Mallorca\" width=\"1200\" height=\"616\" srcset=\"https:\/\/www.vacalia.com\/blog\/wp-content\/uploads\/2018\/05\/ruta-sa-calobra-1024x526.png 1024w, https:\/\/www.vacalia.com\/blog\/wp-content\/uploads\/2018\/05\/ruta-sa-calobra-300x154.png 300w, https:\/\/www.vacalia.com\/blog\/wp-content\/uploads\/2018\/05\/ruta-sa-calobra-768x394.png 768w, https:\/\/www.vacalia.com\/blog\/wp-content\/uploads\/2018\/05\/ruta-sa-calobra-1050x539.png 1050w, https:\/\/www.vacalia.com\/blog\/wp-content\/uploads\/2018\/05\/ruta-sa-calobra.png 1463w\" sizes=\"(max-width: 1200px) 100vw, 1200px\" \/><\/p>\n<h2 class=\"post-item__subtitle\">\u00bfD\u00f3nde me puedo alojar para disfrutar de estas grandes rutas?<\/h2>\n<p>Esperamos que estas grandes rutas hayan sido de vuestro agrado y teng\u00e1is ganas de coger la bicicleta, el casco y poneros en marcha hasta ellas.<\/p>\n<p>\u00bfYa tienes el alojamiento reservado para tu estancia en Mallorca? Si no es as\u00ed, p\u00e1sate por Vacalia y seguro que encontrar\u00e1s el alojamiento ideal para ti. <a href=\"https:\/\/www.vacalia.com\/es\">\u00a1Visitanos!<\/a><\/p>\n\n<div class=\"bannerBlog\"><div class=\"new-card-houses\">\n    <div class=\"likeOut likeDivOut\" style=\"display:none\">\n        <a data-id=\"2506\" class=\"likeOut_button_red likeBtnFav\"\n            aria-label=\"Megusta Vacalia\"><\/a>\n    <\/div>\n    <figure>\n        <img loading=\"lazy\" decoding=\"async\" \n            loading=\"lazy\" width=\"301\" height=\"200\"\n            src=\"\/\/media.vacalia.com\/photo\/reformatwebpfolder\/350\/200\/2506\/thumb-middle\/2506_400dec268efd8833d697faa523f8910a.webp?v=21092023\"\n            alt=\"Cas barber - Alquiler vacacional en Muro\"\/>\n                                                                        <div class=\"circleDiscount\">-11%<\/div>\n                        <\/figure>\n    <p itemprop=\"address\"><i class=\"ico-marker\"><\/i>Muro, Mallorca<\/p>\n    <h3 itemprop=\"name\">Cas barber<\/h3>\n    <ul class=\"icon_list inline_list\">\n                              <li class=\"ico-pool\" title=\"Piscina\">\n              <span itemprop=\"amenityFeature\">Piscina<\/span>\n            <\/li>\n                      <li class=\"ico-airConditioning\" title=\"Aire Acondicionado\">\n              <span itemprop=\"amenityFeature\">Aire Acondicionado<\/span>\n            <\/li>\n                      <li class=\"ico-wifi\" title=\"Wifi\">\n              <span itemprop=\"amenityFeature\">Wifi<\/span>\n            <\/li>\n                          <li class=\"ico-guests\" title=\"Para 8 hu\u00e9spedes en Muro.\">\n          <span itemprop=\"occupancy\">8<\/span>\n        <\/li>\n    <\/ul>\n            <span class=\"price\">Desde 144\u20ac \/ noche<\/span>\n                <a itemprop=\"url\" class=\"anchor\" href=\"https:\/\/www.vacalia.com\/es\/villa-cas-barber-muro-h18362\" aria-label=\"Cas barber\"><\/a>\n<\/div><div class=\"new-card-houses\">\n    <div class=\"likeOut likeDivOut\" style=\"display:none\">\n        <a data-id=\"1260\" class=\"likeOut_button_red likeBtnFav\"\n            aria-label=\"Megusta Vacalia\"><\/a>\n    <\/div>\n    <figure>\n        <img loading=\"lazy\" decoding=\"async\" \n            loading=\"lazy\" width=\"301\" height=\"200\"\n            src=\"\/\/media.vacalia.com\/photo\/reformatwebpfolder\/350\/200\/1260\/thumb-middle\/42-1-A1245LGM10.webp?v=21092023\"\n            alt=\"Finca s&#039;hort de conies - Alquiler vacacional en Manacor\"\/>\n                                                                        <div class=\"circleDiscount\">-19%<\/div>\n                        <\/figure>\n    <p itemprop=\"address\"><i class=\"ico-marker\"><\/i>Manacor, Mallorca<\/p>\n    <h3 itemprop=\"name\">Finca s&#039;hort de conies<\/h3>\n    <ul class=\"icon_list inline_list\">\n                              <li class=\"ico-pool\" title=\"Piscina\">\n              <span itemprop=\"amenityFeature\">Piscina<\/span>\n            <\/li>\n                      <li class=\"ico-airConditioning\" title=\"Aire Acondicionado\">\n              <span itemprop=\"amenityFeature\">Aire Acondicionado<\/span>\n            <\/li>\n                      <li class=\"ico-wifi\" title=\"Wifi\">\n              <span itemprop=\"amenityFeature\">Wifi<\/span>\n            <\/li>\n                      <li class=\"ico-pets\" title=\"Mascotas\">\n              <span itemprop=\"amenityFeature\">Mascotas<\/span>\n            <\/li>\n                          <li class=\"ico-guests\" title=\"Para 12 hu\u00e9spedes en Manacor.\">\n          <span itemprop=\"occupancy\">12<\/span>\n        <\/li>\n    <\/ul>\n            <span class=\"price\">Desde 711\u20ac \/ noche<\/span>\n                <a itemprop=\"url\" class=\"anchor\" href=\"https:\/\/www.vacalia.com\/es\/villa-finca-short-de-conies-manacor-h18446\" aria-label=\"Finca s&#039;hort de conies\"><\/a>\n<\/div><\/div>\n","protected":false},"excerpt":{"rendered":"<p>Mallorca es uno de los lugares m\u00e1s adecuados para realizar rutas ciclistas debido a sus hermosos tramos paisaj\u00edsticos, as\u00ed como el grado de dificultad que hay en ellos. \u00bfPor qu\u00e9?&hellip;<\/p>\n","protected":false},"author":2,"featured_media":0,"comment_status":"closed","ping_status":"open","sticky":false,"template":"","format":"standard","meta":{"_monsterinsights_skip_tracking":false,"_monsterinsights_sitenote_active":false,"_monsterinsights_sitenote_note":"","_monsterinsights_sitenote_category":0,"footnotes":""},"categories":[1],"tags":[],"class_list":["post-1518","post","type-post","status-publish","format-standard","hentry","category-general-es"],"_links":{"self":[{"href":"https:\/\/www.vacalia.com\/blog\/wp-json\/wp\/v2\/posts\/1518"}],"collection":[{"href":"https:\/\/www.vacalia.com\/blog\/wp-json\/wp\/v2\/posts"}],"about":[{"href":"https:\/\/www.vacalia.com\/blog\/wp-json\/wp\/v2\/types\/post"}],"author":[{"embeddable":true,"href":"https:\/\/www.vacalia.com\/blog\/wp-json\/wp\/v2\/users\/2"}],"replies":[{"embeddable":true,"href":"https:\/\/www.vacalia.com\/blog\/wp-json\/wp\/v2\/comments?post=1518"}],"version-history":[{"count":9,"href":"https:\/\/www.vacalia.com\/blog\/wp-json\/wp\/v2\/posts\/1518\/revisions"}],"predecessor-version":[{"id":4782,"href":"https:\/\/www.vacalia.com\/blog\/wp-json\/wp\/v2\/posts\/1518\/revisions\/4782"}],"wp:attachment":[{"href":"https:\/\/www.vacalia.com\/blog\/wp-json\/wp\/v2\/media?parent=1518"}],"wp:term":[{"taxonomy":"category","embeddable":true,"href":"https:\/\/www.vacalia.com\/blog\/wp-json\/wp\/v2\/categories?post=1518"},{"taxonomy":"post_tag","embeddable":true,"href":"https:\/\/www.vacalia.com\/blog\/wp-json\/wp\/v2\/tags?post=1518"}],"curies":[{"name":"wp","href":"https:\/\/api.w.org\/{rel}","templated":true}]}}