{"id":1648,"date":"2018-05-23T14:52:16","date_gmt":"2018-05-23T14:52:16","guid":{"rendered":"https:\/\/www.vacalia.com\/blog\/?p=1648"},"modified":"2024-02-14T11:57:56","modified_gmt":"2024-02-14T10:57:56","slug":"hiking-routes-in-majorca","status":"publish","type":"post","link":"https:\/\/www.vacalia.com\/blog\/en\/hiking-routes-in-majorca\/","title":{"rendered":"Hiking routes in Majorca"},"content":{"rendered":"<p>This post goes to those hiking lovers out there! In Majorca, due to its multiple mountains, there are plenty of routes that can be made. In here we\u2019d like to talk about some of them that you\u2019ll love for sure:<\/p>\n<p><img fetchpriority=\"high\" decoding=\"async\" class=\"alignnone wp-image-1651\" src=\"https:\/\/www.vacalia.com\/blog\/wp-content\/uploads\/2018\/05\/5-LUGARES-EN-MALLORCA-CON-ENCANTO-3-1.png\" alt=\"Hiking routes in Majorca\" width=\"1200\" height=\"750\" srcset=\"https:\/\/www.vacalia.com\/blog\/wp-content\/uploads\/2018\/05\/5-LUGARES-EN-MALLORCA-CON-ENCANTO-3-1.png 800w, https:\/\/www.vacalia.com\/blog\/wp-content\/uploads\/2018\/05\/5-LUGARES-EN-MALLORCA-CON-ENCANTO-3-1-300x188.png 300w, https:\/\/www.vacalia.com\/blog\/wp-content\/uploads\/2018\/05\/5-LUGARES-EN-MALLORCA-CON-ENCANTO-3-1-768x480.png 768w\" sizes=\"(max-width: 1200px) 100vw, 1200px\" \/><!--more--><\/p>\n<h2 class=\"post-item__subtitle\">Vall de B\u00f3quer<\/h2>\n<p>One of the hiking routes in Majorca is the Vall de B\u00f3quer (Boquer\u2019s Valley). The Vall de B\u00f3quer is located in between the Serra del Cavall Bernat and the mountains of Port de Pollen\u00e7a. In fact, the route is the following: Port de Pollen\u00e7a &#8211; Casas de B\u00f3quer &#8211; Coll del Moro &#8211; Cala B\u00f3quer. Such route has a 2 hours duration (round way) and it\u2019s actually easy. In the route we\u2019ll be able to see an old lime oven, the Font de Sementer (a fountain) and even an old Talaiotic town (Talaiotic people were the ones living in Majorca and Menorca during the Bronze and Iron Age). Once arriving to Cala B\u00f3quer (a cove) you\u2019ll be able to enjoy that nice crystal clear water and the calm that this place gives us.<br \/>\nIt\u2019s also needed to be said that this cove is stone made so be careful choosing the right shoes! Also, to do the route you should also choose a really comfortable pair of shoes and clothes so we can do it correctly and with no problems. Don\u2019t forget to use sun-cream too! Be careful on getting burned, the sun in Majorca is Hot.<br \/>\nFinally, telling you that this zone is protected because many kind of birds stay here so, don\u2019t forget your binoculars!<\/p>\n<p><img decoding=\"async\" class=\"alignnone wp-image-1653\" src=\"https:\/\/www.vacalia.com\/blog\/wp-content\/uploads\/2018\/05\/Cala_Boquer-1-1024x681.jpg\" alt=\"Hiking routes in Majorca\" width=\"1200\" height=\"798\" srcset=\"https:\/\/www.vacalia.com\/blog\/wp-content\/uploads\/2018\/05\/Cala_Boquer-1-1024x681.jpg 1024w, https:\/\/www.vacalia.com\/blog\/wp-content\/uploads\/2018\/05\/Cala_Boquer-1-300x199.jpg 300w, https:\/\/www.vacalia.com\/blog\/wp-content\/uploads\/2018\/05\/Cala_Boquer-1-768x511.jpg 768w, https:\/\/www.vacalia.com\/blog\/wp-content\/uploads\/2018\/05\/Cala_Boquer-1-1050x698.jpg 1050w, https:\/\/www.vacalia.com\/blog\/wp-content\/uploads\/2018\/05\/Cala_Boquer-1-1600x1064.jpg 1600w\" sizes=\"(max-width: 1200px) 100vw, 1200px\" \/><\/p>\n<h2 class=\"post-item__subtitle\">Embassament de C\u00faber<\/h2>\n<p>This route is ideal to make in family due its easynes, kids will totally love it! This circular route lasts for about an hour. Obviously, this will depend on each one\u2019s rhythm and how many stops are being made and how much you\u2019d like to enjoy this unique environment. The route in Embassament de C\u00faber starts in km 33\u20198 in Soller &#8211; Pollen\u00e7a road.<br \/>\nYou\u2019ll be able to park in the Font des Noguer parking where there\u2019s also space for tables, barbeques and bathrooms. The path on Embassament de C\u00faber\u2019s route is plain. Besides, this path is well taken care of so, deciding which shoes to wear won\u2019t take you long.<\/p>\n<p><img decoding=\"async\" class=\"alignnone wp-image-1652\" src=\"https:\/\/www.vacalia.com\/blog\/wp-content\/uploads\/2018\/05\/1200px-C\u00faber-1-1024x768.jpg\" alt=\"Hiking routes in Majorca\" width=\"1200\" height=\"900\" srcset=\"https:\/\/www.vacalia.com\/blog\/wp-content\/uploads\/2018\/05\/1200px-C\u00faber-1-1024x768.jpg 1024w, https:\/\/www.vacalia.com\/blog\/wp-content\/uploads\/2018\/05\/1200px-C\u00faber-1-300x225.jpg 300w, https:\/\/www.vacalia.com\/blog\/wp-content\/uploads\/2018\/05\/1200px-C\u00faber-1-768x576.jpg 768w, https:\/\/www.vacalia.com\/blog\/wp-content\/uploads\/2018\/05\/1200px-C\u00faber-1-1050x788.jpg 1050w, https:\/\/www.vacalia.com\/blog\/wp-content\/uploads\/2018\/05\/1200px-C\u00faber-1.jpg 1200w\" sizes=\"(max-width: 1200px) 100vw, 1200px\" \/><\/p>\n<h2 class=\"post-item__subtitle\">Cam\u00ed des Correu<\/h2>\n<p>Inside the hiking routes in Majorca there\u2019s the one of Cam\u00ed des Correu. This road is dated from 1401 and it\u2019s considered a classic path with medieval routes. Besides, this path was the only one that connected Esporles and Banyalbufar until they made the road. In 1999 it was reconstructed and was included in the dried stone paths of Majorca. This path was also included inside the GR Paths, which means that it\u2019s a long duration route (GR= Gran Recorrido, LD= long duration). This is a really cool route cause you\u2019ll be able to enjoy the Serra de Tramuntana environment such as the nature that it hides.<\/p>\n<figure id=\"attachment_1658\" aria-describedby=\"caption-attachment-1658\" style=\"width: 1200px\" class=\"wp-caption alignnone\"><img loading=\"lazy\" decoding=\"async\" class=\"wp-image-1658\" src=\"https:\/\/www.vacalia.com\/blog\/wp-content\/uploads\/2018\/05\/Imagen-de-Senderismo-Fotogr\u00e1fico-Mallorca-1-1024x768.jpg\" alt=\"Hiking routes in Majorca\" width=\"1200\" height=\"900\" srcset=\"https:\/\/www.vacalia.com\/blog\/wp-content\/uploads\/2018\/05\/Imagen-de-Senderismo-Fotogr\u00e1fico-Mallorca-1-1024x768.jpg 1024w, https:\/\/www.vacalia.com\/blog\/wp-content\/uploads\/2018\/05\/Imagen-de-Senderismo-Fotogr\u00e1fico-Mallorca-1-300x225.jpg 300w, https:\/\/www.vacalia.com\/blog\/wp-content\/uploads\/2018\/05\/Imagen-de-Senderismo-Fotogr\u00e1fico-Mallorca-1-768x576.jpg 768w, https:\/\/www.vacalia.com\/blog\/wp-content\/uploads\/2018\/05\/Imagen-de-Senderismo-Fotogr\u00e1fico-Mallorca-1-1050x788.jpg 1050w, https:\/\/www.vacalia.com\/blog\/wp-content\/uploads\/2018\/05\/Imagen-de-Senderismo-Fotogr\u00e1fico-Mallorca-1.jpg 1600w\" sizes=\"(max-width: 1200px) 100vw, 1200px\" \/><figcaption id=\"caption-attachment-1658\" class=\"wp-caption-text\">Picture: Senderismo Fotogr\u00e1fico Mallorca<\/figcaption><\/figure>\n<h2 class=\"post-item__subtitle\">Puig de Galatz\u00f3<\/h2>\n<p>The Puig de Galatz\u00f3 is located in the Serra de Tramuntana, concretly 1027m high. This amazing route starts in Andratx-Estellencs road in km 97. The duration of this route is about 4h. Nevertheless it\u2019s totally worth it to do. In it, you\u2019ll be able to appreciate the wonderful Majorcan views. A landscape that can\u2019t be described with words cause, to know what it feels, you have to do it, specially arriving to the top. In there, we can promise you that there are impressive views and that you\u2019ll be surrounded by a natural and wonderful space. Don\u2019t even hesitate on doing this magic route!<\/p>\n<p><img loading=\"lazy\" decoding=\"async\" class=\"alignnone wp-image-1655\" src=\"https:\/\/www.vacalia.com\/blog\/wp-content\/uploads\/2018\/05\/Puig-de-Galatz\u00f3-1-1024x765.jpg\" alt=\"Hiking routes in Majorca\" width=\"1200\" height=\"897\" srcset=\"https:\/\/www.vacalia.com\/blog\/wp-content\/uploads\/2018\/05\/Puig-de-Galatz\u00f3-1-1024x765.jpg 1024w, https:\/\/www.vacalia.com\/blog\/wp-content\/uploads\/2018\/05\/Puig-de-Galatz\u00f3-1-300x224.jpg 300w, https:\/\/www.vacalia.com\/blog\/wp-content\/uploads\/2018\/05\/Puig-de-Galatz\u00f3-1-768x574.jpg 768w, https:\/\/www.vacalia.com\/blog\/wp-content\/uploads\/2018\/05\/Puig-de-Galatz\u00f3-1-1050x785.jpg 1050w, https:\/\/www.vacalia.com\/blog\/wp-content\/uploads\/2018\/05\/Puig-de-Galatz\u00f3-1.jpg 1200w\" sizes=\"(max-width: 1200px) 100vw, 1200px\" \/><\/p>\n<h2 class=\"post-item__subtitle\">Puig de Massanella<\/h2>\n<p>The Puig de Massanella is 1365m high and it\u2019s considered as the second highest top of Majorca (after the Puig Major). This route starts in the point GR-222 and has a total duration of 5h. It\u2019s convenient to wear comfortable shoes due to the different ups and downs. It\u2019s also recommended to carry a lot of water to be hydrated all way long. As long as you\u2019ll be hiking, you\u2019ll find a lovely landscape and, once on top, you\u2019ll be able to see almost all the island. A nice route to do!<\/p>\n<figure id=\"attachment_1654\" aria-describedby=\"caption-attachment-1654\" style=\"width: 1200px\" class=\"wp-caption alignnone\"><img loading=\"lazy\" decoding=\"async\" class=\"wp-image-1654\" src=\"https:\/\/www.vacalia.com\/blog\/wp-content\/uploads\/2018\/05\/Massanella-de-Youtube-1-1024x576.jpg\" alt=\"Hiking routes in Majorca\" width=\"1200\" height=\"675\" srcset=\"https:\/\/www.vacalia.com\/blog\/wp-content\/uploads\/2018\/05\/Massanella-de-Youtube-1-1024x576.jpg 1024w, https:\/\/www.vacalia.com\/blog\/wp-content\/uploads\/2018\/05\/Massanella-de-Youtube-1-300x169.jpg 300w, https:\/\/www.vacalia.com\/blog\/wp-content\/uploads\/2018\/05\/Massanella-de-Youtube-1-768x432.jpg 768w, https:\/\/www.vacalia.com\/blog\/wp-content\/uploads\/2018\/05\/Massanella-de-Youtube-1-1050x591.jpg 1050w, https:\/\/www.vacalia.com\/blog\/wp-content\/uploads\/2018\/05\/Massanella-de-Youtube-1.jpg 1280w\" sizes=\"(max-width: 1200px) 100vw, 1200px\" \/><figcaption id=\"caption-attachment-1654\" class=\"wp-caption-text\">Picture: Youtube<\/figcaption><\/figure>\n<h2 class=\"post-item__subtitle\">Hiking routes in Majorca<\/h2>\n<p>We highly hope you\u2019ll give a try to these hiking routes in Majorca! Of course, don\u2019t forget to enjoy and have a nice time.<br \/>\nDo you already have you holiday villa in Majorca? Maybe you\u2019ll want to book it now? Get in our <a href=\"https:\/\/www.vacalia.com\/en\">website<\/a> and you\u2019ll find your ideal villa for you holidays for sure.<\/p>\n\n<div class=\"bannerBlog\"><div class=\"new-card-houses\">\n    <div class=\"likeOut likeDivOut\" style=\"display:none\">\n        <a data-id=\"2731\" class=\"likeOut_button_red likeBtnFav\"\n            aria-label=\"Megusta Vacalia\"><\/a>\n    <\/div>\n    <figure>\n        <img loading=\"lazy\" decoding=\"async\" \n            loading=\"lazy\" width=\"301\" height=\"200\"\n            src=\"\/\/media.vacalia.com\/photo\/reformatwebpfolder\/350\/200\/2731\/thumb-middle\/2731_5126507968ddca8477c982c0b6ea164f.webp?v=21092023\"\n            alt=\"Na molla - Holiday rentals in Manacor\"\/>\n                                                                        <div class=\"circleDiscount\">-5%<\/div>\n                        <\/figure>\n    <p itemprop=\"address\"><i class=\"ico-marker\"><\/i>Manacor, Mallorca<\/p>\n    <h3 itemprop=\"name\">Na molla<\/h3>\n    <ul class=\"icon_list inline_list\">\n                              <li class=\"ico-pool\" title=\"Pool\">\n              <span itemprop=\"amenityFeature\">Pool<\/span>\n            <\/li>\n                      <li class=\"ico-airConditioning\" title=\"Air conditioning\">\n              <span itemprop=\"amenityFeature\">Air conditioning<\/span>\n            <\/li>\n                      <li class=\"ico-wifi\" title=\"Wifi\">\n              <span itemprop=\"amenityFeature\">Wifi<\/span>\n            <\/li>\n                          <li class=\"ico-guests\" title=\"For 6+2   guests in Manacor.\">\n          <span itemprop=\"occupancy\">6+2  <\/span>\n        <\/li>\n    <\/ul>\n            <span class=\"price\">From 157\u20ac \/ night<\/span>\n                <a itemprop=\"url\" class=\"anchor\" href=\"https:\/\/www.vacalia.com\/en\/villa-na-molla-manacor-h19075\" aria-label=\"Na molla\"><\/a>\n<\/div><div class=\"new-card-houses\">\n    <div class=\"likeOut likeDivOut\" style=\"display:none\">\n        <a data-id=\"1878\" class=\"likeOut_button_red likeBtnFav\"\n            aria-label=\"Megusta Vacalia\"><\/a>\n    <\/div>\n    <figure>\n        <img loading=\"lazy\" decoding=\"async\" \n            loading=\"lazy\" width=\"301\" height=\"200\"\n            src=\"\/\/media.vacalia.com\/photo\/reformatwebpfolder\/350\/200\/1878\/thumb-middle\/1878_506aaa1c6c0b09d0cbe289c4b38fcb58.webp?v=21092023\"\n            alt=\"Es coco de sa mola - Holiday rentals in s&#039;Alqueria Blanca\"\/>\n                                                                        <div class=\"circleDiscount\">-7%<\/div>\n                        <\/figure>\n    <p itemprop=\"address\"><i class=\"ico-marker\"><\/i>s&#039;Alqueria Blanca, Mallorca<\/p>\n    <h3 itemprop=\"name\">Es coco de sa mola<\/h3>\n    <ul class=\"icon_list inline_list\">\n                              <li class=\"ico-pool\" title=\"Pool\">\n              <span itemprop=\"amenityFeature\">Pool<\/span>\n            <\/li>\n                      <li class=\"ico-airConditioning\" title=\"Air conditioning\">\n              <span itemprop=\"amenityFeature\">Air conditioning<\/span>\n            <\/li>\n                      <li class=\"ico-wifi\" title=\"Wifi\">\n              <span itemprop=\"amenityFeature\">Wifi<\/span>\n            <\/li>\n                          <li class=\"ico-guests\" title=\"For 6 guests in S&#039;alqueria Blanca.\">\n          <span itemprop=\"occupancy\">6<\/span>\n        <\/li>\n    <\/ul>\n            <span class=\"price\">From 163\u20ac \/ night<\/span>\n                <a itemprop=\"url\" class=\"anchor\" href=\"https:\/\/www.vacalia.com\/en\/villa-es-coco-de-sa-mola-santanyi-h17083\" aria-label=\"Es coco de sa mola\"><\/a>\n<\/div><\/div>\n","protected":false},"excerpt":{"rendered":"<p>This post goes to those hiking lovers out there! In Majorca, due to its multiple mountains, there are plenty of routes that can be made. In here we\u2019d like to&hellip;<\/p>\n","protected":false},"author":2,"featured_media":0,"comment_status":"closed","ping_status":"open","sticky":false,"template":"","format":"standard","meta":{"_monsterinsights_skip_tracking":false,"_monsterinsights_sitenote_active":false,"_monsterinsights_sitenote_note":"","_monsterinsights_sitenote_category":0,"footnotes":""},"categories":[36],"tags":[],"class_list":["post-1648","post","type-post","status-publish","format-standard","hentry","category-general-en"],"_links":{"self":[{"href":"https:\/\/www.vacalia.com\/blog\/wp-json\/wp\/v2\/posts\/1648"}],"collection":[{"href":"https:\/\/www.vacalia.com\/blog\/wp-json\/wp\/v2\/posts"}],"about":[{"href":"https:\/\/www.vacalia.com\/blog\/wp-json\/wp\/v2\/types\/post"}],"author":[{"embeddable":true,"href":"https:\/\/www.vacalia.com\/blog\/wp-json\/wp\/v2\/users\/2"}],"replies":[{"embeddable":true,"href":"https:\/\/www.vacalia.com\/blog\/wp-json\/wp\/v2\/comments?post=1648"}],"version-history":[{"count":7,"href":"https:\/\/www.vacalia.com\/blog\/wp-json\/wp\/v2\/posts\/1648\/revisions"}],"predecessor-version":[{"id":4846,"href":"https:\/\/www.vacalia.com\/blog\/wp-json\/wp\/v2\/posts\/1648\/revisions\/4846"}],"wp:attachment":[{"href":"https:\/\/www.vacalia.com\/blog\/wp-json\/wp\/v2\/media?parent=1648"}],"wp:term":[{"taxonomy":"category","embeddable":true,"href":"https:\/\/www.vacalia.com\/blog\/wp-json\/wp\/v2\/categories?post=1648"},{"taxonomy":"post_tag","embeddable":true,"href":"https:\/\/www.vacalia.com\/blog\/wp-json\/wp\/v2\/tags?post=1648"}],"curies":[{"name":"wp","href":"https:\/\/api.w.org\/{rel}","templated":true}]}}