{"id":1665,"date":"2018-05-23T14:51:10","date_gmt":"2018-05-23T14:51:10","guid":{"rendered":"https:\/\/www.vacalia.com\/blog\/?p=1665"},"modified":"2024-02-14T12:25:53","modified_gmt":"2024-02-14T11:25:53","slug":"buchten-im-suden-mallorcas","status":"publish","type":"post","link":"https:\/\/www.vacalia.com\/blog\/buchten-im-suden-mallorcas\/","title":{"rendered":"5 Buchten im s\u00fcden Mallorcas"},"content":{"rendered":"<p>Was w\u00e4re Mallorca ohne seine Buchten mit kristallklarem Wasser? Ohne Zweifel gibt es zahlreiche traumhafte Buchten auf Mallorca und es ist ein \u201cMuss\u201d f\u00fcr jeden Mallorcabesucher einige davon zu sehen. Lassen Sie sich von unterschiedlichen Landschaften beeindrucken und vergessen Sie dabei Ihren Alltag.<\/p>\n<p><img fetchpriority=\"high\" decoding=\"async\" class=\"alignnone wp-image-1675\" src=\"https:\/\/www.vacalia.com\/blog\/wp-content\/uploads\/2018\/05\/5-LUGARES-EN-MALLORCA-CON-ENCANTO-4-1.png\" alt=\"Buchten im s\u00fcden Mallorcas\" width=\"1200\" height=\"750\" srcset=\"https:\/\/www.vacalia.com\/blog\/wp-content\/uploads\/2018\/05\/5-LUGARES-EN-MALLORCA-CON-ENCANTO-4-1.png 800w, https:\/\/www.vacalia.com\/blog\/wp-content\/uploads\/2018\/05\/5-LUGARES-EN-MALLORCA-CON-ENCANTO-4-1-300x188.png 300w, https:\/\/www.vacalia.com\/blog\/wp-content\/uploads\/2018\/05\/5-LUGARES-EN-MALLORCA-CON-ENCANTO-4-1-768x480.png 768w\" sizes=\"(max-width: 1200px) 100vw, 1200px\" \/><!--more--><\/p>\n<h2 class=\"post-item__subtitle\">Die folgenden 5 Buchten im s\u00fcden Mallorcas m\u00f6chten wir Ihnen empfehlen.<\/h2>\n<h3 class=\"post-item__subtitle\">Cala Santany\u00ed<\/h3>\n<p>Eine der sch\u00f6nen Buchten im S\u00fcden Mallorcas ist Cala Santanyi. Auf einer L\u00e4nge von 130m wechseln sich feiner Sand und Felsstrand ab. Die Bucht ist ideal zum Schnorcheln, Tauchen oder Surfen. Im Sommer f\u00fcllt sich der Strand mit Urlaubern und Inselbewohnern, die die Landschaft genie\u00dfen und sich im Meer erfrischen. Es ist ein beliebter Ort f\u00fcr Familienausfl\u00fcge und Treffen mit Freunden, da er leicht zu erreichen ist und es einen gro\u00dfen Parkplatz in unmittelbarer N\u00e4he gibt.<\/p>\n<p>Der charakteristische Naturstein der Bucht \u201cEs Pont\u00e0s\u201d ist durch Erosion zu einem Br\u00fcckenbogen geformt und zieht Kletterer aus unterschiedlichsten Regionen an. Cala Santanyi ist mit einer blauen Flagge ausgezeichnet, was bedeutet, dass dieser Strand die notwendigen Installationen und Dienstleistungen hat um den Strand und die Umgebung sauber zu halten. Wenn wir alle darauf achten, dann bleibt es auch noch lange Zeit ein besonderer Ort den man gerne besucht.<br \/>\nArtikel Sie Sie auch interessieren k\u00f6nnten: <a href=\"https:\/\/www.vacalia.com\/blog\/3-tage-im-sueden-von-mallorca\/\">Tage im sueden von Mallorca<\/a><\/p>\n<figure id=\"attachment_1680\" aria-describedby=\"caption-attachment-1680\" style=\"width: 1200px\" class=\"wp-caption alignnone\"><img decoding=\"async\" class=\"wp-image-1680\" src=\"https:\/\/www.vacalia.com\/blog\/wp-content\/uploads\/2018\/05\/Pinterest-Cala-Santany\u00ed-2-1024x683.jpg\" alt=\"Buchten im s\u00fcden Mallorcas\" width=\"1200\" height=\"800\" srcset=\"https:\/\/www.vacalia.com\/blog\/wp-content\/uploads\/2018\/05\/Pinterest-Cala-Santany\u00ed-2-1024x683.jpg 1024w, https:\/\/www.vacalia.com\/blog\/wp-content\/uploads\/2018\/05\/Pinterest-Cala-Santany\u00ed-2-300x200.jpg 300w, https:\/\/www.vacalia.com\/blog\/wp-content\/uploads\/2018\/05\/Pinterest-Cala-Santany\u00ed-2-768x512.jpg 768w, https:\/\/www.vacalia.com\/blog\/wp-content\/uploads\/2018\/05\/Pinterest-Cala-Santany\u00ed-2-1050x700.jpg 1050w, https:\/\/www.vacalia.com\/blog\/wp-content\/uploads\/2018\/05\/Pinterest-Cala-Santany\u00ed-2.jpg 1200w\" sizes=\"(max-width: 1200px) 100vw, 1200px\" \/><figcaption id=\"caption-attachment-1680\" class=\"wp-caption-text\">Photo: Pinterest<\/figcaption><\/figure>\n<h3 class=\"post-item__subtitle\">Cala Llombards<\/h3>\n<p>Cala Llombards ist eine spektakul\u00e4re Bucht in dem Wohngebiet Es Llombards, das meist aus Einfamilienh\u00e4usern besteht. Feiner Sandstrand erstreckt sich auf einer L\u00e4nge von 55m, die Breite der Bucht betr\u00e4gt 150m und die Bucht ist somit relativ klein. Umso \u00fcberraschender ist das kristallklare Wasser, welches in der Ferne intensiv T\u00fcrkis scheint und sofort zum Baden verlockt. Cala Llombarts hat ideale Voraussetzungen zum Schnorcheln und wenn Sie dazu keine Lust haben, k\u00f6nnen Sie die Ruhe der Gegend genie\u00dfen.<\/p>\n<p>Risikofreudige Badeg\u00e4ste springen von den Klippen der Bucht in das Wasser, schlie\u00dfen Sie sich einfach dem Spa\u00df an und versuchen Sie einen Sprung. Gleich neben der Bucht gibt es Parkm\u00f6glichkeiten und sie ist leicht zu erreichen.<\/p>\n<figure id=\"attachment_1677\" aria-describedby=\"caption-attachment-1677\" style=\"width: 1200px\" class=\"wp-caption alignnone\"><img decoding=\"async\" class=\"wp-image-1677\" src=\"https:\/\/www.vacalia.com\/blog\/wp-content\/uploads\/2018\/05\/cala-llombars-Playas-Baleares-2-1024x681.jpg\" alt=\"Buchten im s\u00fcden Mallorcas\" width=\"1200\" height=\"797\" srcset=\"https:\/\/www.vacalia.com\/blog\/wp-content\/uploads\/2018\/05\/cala-llombars-Playas-Baleares-2-1024x681.jpg 1024w, https:\/\/www.vacalia.com\/blog\/wp-content\/uploads\/2018\/05\/cala-llombars-Playas-Baleares-2-300x199.jpg 300w, https:\/\/www.vacalia.com\/blog\/wp-content\/uploads\/2018\/05\/cala-llombars-Playas-Baleares-2-768x510.jpg 768w, https:\/\/www.vacalia.com\/blog\/wp-content\/uploads\/2018\/05\/cala-llombars-Playas-Baleares-2-1050x698.jpg 1050w, https:\/\/www.vacalia.com\/blog\/wp-content\/uploads\/2018\/05\/cala-llombars-Playas-Baleares-2-1600x1063.jpg 1600w, https:\/\/www.vacalia.com\/blog\/wp-content\/uploads\/2018\/05\/cala-llombars-Playas-Baleares-2.jpg 2048w\" sizes=\"(max-width: 1200px) 100vw, 1200px\" \/><figcaption id=\"caption-attachment-1677\" class=\"wp-caption-text\">Photo: Playas Baleares<\/figcaption><\/figure>\n<h3 class=\"post-item__subtitle\">Cal\u00f3 des Moro und Cala S\u2019Almunia<\/h3>\n<p>Cal\u00f3 des Moro und Cala S\u2019Almunia liegen nebeneinander und beeindrucken durch die Sch\u00f6nheit der Landschaft. Cal\u00f3 des Moro liegt zwischen zwei Klippen, ist ca 40m lang und sehr schmal. F\u00fcr Kinder gibt es in der schmalen Bucht keinen Platz zum spielen und wir raten, kleine Kinder nicht mit in die Bucht zu nehmen. In beiden Buchten werden Sie haupts\u00e4chlich schwimmen und die Landschaft geniessen.<\/p>\n<p>Cala S\u2019Almunia liegt gleich nebenan und verliert nicht an eigenem Charme, obwohl Sie von der Cal\u00f3 des Moro \u00fcberschattet wird. In der Bucht gibt es nur wenig Sand und der Strand wird \u00fcberwiegend aus Felsen gebildet. Parkm\u00f6glichkeiten stehen entlang der Stra\u00dfe zur Verf\u00fcgung.<\/p>\n<p><img loading=\"lazy\" decoding=\"async\" class=\"alignnone wp-image-1678\" src=\"https:\/\/www.vacalia.com\/blog\/wp-content\/uploads\/2018\/05\/calo-des-moro-947612_1920-2-1024x576.jpg\" alt=\"Buchten im s\u00fcden Mallorcas\" width=\"1200\" height=\"675\" srcset=\"https:\/\/www.vacalia.com\/blog\/wp-content\/uploads\/2018\/05\/calo-des-moro-947612_1920-2-1024x576.jpg 1024w, https:\/\/www.vacalia.com\/blog\/wp-content\/uploads\/2018\/05\/calo-des-moro-947612_1920-2-300x169.jpg 300w, https:\/\/www.vacalia.com\/blog\/wp-content\/uploads\/2018\/05\/calo-des-moro-947612_1920-2-768x432.jpg 768w, https:\/\/www.vacalia.com\/blog\/wp-content\/uploads\/2018\/05\/calo-des-moro-947612_1920-2-1050x591.jpg 1050w, https:\/\/www.vacalia.com\/blog\/wp-content\/uploads\/2018\/05\/calo-des-moro-947612_1920-2-1600x900.jpg 1600w, https:\/\/www.vacalia.com\/blog\/wp-content\/uploads\/2018\/05\/calo-des-moro-947612_1920-2.jpg 1920w\" sizes=\"(max-width: 1200px) 100vw, 1200px\" \/><\/p>\n<p><img loading=\"lazy\" decoding=\"async\" class=\"alignnone wp-image-1676\" src=\"https:\/\/www.vacalia.com\/blog\/wp-content\/uploads\/2018\/05\/Cala-SAlmunia-2-1024x576.jpg\" alt=\"Buchten im s\u00fcden Mallorcas\" width=\"1200\" height=\"675\" srcset=\"https:\/\/www.vacalia.com\/blog\/wp-content\/uploads\/2018\/05\/Cala-SAlmunia-2-1024x576.jpg 1024w, https:\/\/www.vacalia.com\/blog\/wp-content\/uploads\/2018\/05\/Cala-SAlmunia-2-300x169.jpg 300w, https:\/\/www.vacalia.com\/blog\/wp-content\/uploads\/2018\/05\/Cala-SAlmunia-2-768x432.jpg 768w, https:\/\/www.vacalia.com\/blog\/wp-content\/uploads\/2018\/05\/Cala-SAlmunia-2-1050x591.jpg 1050w, https:\/\/www.vacalia.com\/blog\/wp-content\/uploads\/2018\/05\/Cala-SAlmunia-2-1600x900.jpg 1600w, https:\/\/www.vacalia.com\/blog\/wp-content\/uploads\/2018\/05\/Cala-SAlmunia-2.jpg 1920w\" sizes=\"(max-width: 1200px) 100vw, 1200px\" \/><\/p>\n<h3 class=\"post-item__subtitle\">Cala Mondrag\u00f3<\/h3>\n<p>Cala Mondrag\u00f3 oder Cal\u00f3 de Sa Font d\u2019en Al\u00eds ist eine weitere Bucht im s\u00fcden Mallorcas. Sie liegt im Naturpark von Mondrag\u00f3, der 1992 als Naturschutzgebiet erkl\u00e4rt wurde. Auf einer L\u00e4nge von 75m wechseln sich Sand und Felsstrand ab und wenn Sie keine Lust haben Ihr Handtuch auf dem Sand auszubreiten k\u00f6nnen Sie auch eine der Sonnenliegen mit Schirmen, die hier angeboten werden, mieten.<\/p>\n<p>Auch diese Bucht ist mit der blauen Flagge ausgezeichnet und dadurch, dass sie in einem Naturschutzgebiet liegt wird besonders auf die \u00f6kologische Verantwortung geachtet. Sowohl das Ambiente als auch die Landschaft dieser Bucht sind unvergleichlich. Drehen Sie eine Runde mit dem Tretboot oder nutzen Sie die Gelegenheit sich die k\u00fcstennahe Unterwasserwelt beim Schnorcheln anzusehen. Ein Parkplatz liegt direkt neben der Bucht und sie ist leicht zu erreichen.<\/p>\n<p>Sie erreichen die Cala Mondrag\u00f3 auch mit dem Fahrrad oder \u00fcber einen Wanderweg. Eine sch\u00f6ne Alternative um den Naturschutz des Parkes zu respektieren und sich sportlich zu bet\u00e4tigen.<\/p>\n<p><img loading=\"lazy\" decoding=\"async\" class=\"alignnone wp-image-1679\" src=\"https:\/\/www.vacalia.com\/blog\/wp-content\/uploads\/2018\/05\/Mallorca_sch\u00f6nste_Str\u00e4nde_Cala_Mondrago_30182060844-2-1024x767.jpg\" alt=\"Buchten im s\u00fcden Mallorcas\" width=\"1200\" height=\"899\" srcset=\"https:\/\/www.vacalia.com\/blog\/wp-content\/uploads\/2018\/05\/Mallorca_sch\u00f6nste_Str\u00e4nde_Cala_Mondrago_30182060844-2-1024x767.jpg 1024w, https:\/\/www.vacalia.com\/blog\/wp-content\/uploads\/2018\/05\/Mallorca_sch\u00f6nste_Str\u00e4nde_Cala_Mondrago_30182060844-2-300x225.jpg 300w, https:\/\/www.vacalia.com\/blog\/wp-content\/uploads\/2018\/05\/Mallorca_sch\u00f6nste_Str\u00e4nde_Cala_Mondrago_30182060844-2-768x576.jpg 768w, https:\/\/www.vacalia.com\/blog\/wp-content\/uploads\/2018\/05\/Mallorca_sch\u00f6nste_Str\u00e4nde_Cala_Mondrago_30182060844-2-1050x787.jpg 1050w, https:\/\/www.vacalia.com\/blog\/wp-content\/uploads\/2018\/05\/Mallorca_sch\u00f6nste_Str\u00e4nde_Cala_Mondrago_30182060844-2-1600x1199.jpg 1600w\" sizes=\"(max-width: 1200px) 100vw, 1200px\" \/><\/p>\n<h2 class=\"post-item__subtitle\">Genie\u00dfen Sie Ihren Urlaub<\/h2>\n<p>Um Ihren Urlaub in vollen Z\u00fcgen zu genie\u00dfen empfehlen wir den Besuch dieser 5 Buchten im s\u00fcden Mallorcas, Sie werden es nicht bereuen. Wir hoffen der Artikel hat Ihnen gefallen.<\/p>\n<p>Falls Sie jetzt Lust bekommen haben die zauberhaften Buchten zu besuchen, schauen Sie vorher in unsere <a href=\"https:\/\/www.vacalia.com\/\">Auswahl<\/a> an Ferienh\u00e4usern und finden Sie Ihr Traumhaus!<\/p>\n\n<div class=\"bannerBlog\"><div class=\"new-card-houses\">\n    <div class=\"likeOut likeDivOut\" style=\"display:none\">\n        <a data-id=\"4612\" class=\"likeOut_button_red likeBtnFav\"\n            aria-label=\"Megusta Vacalia\"><\/a>\n    <\/div>\n    <figure>\n        <img loading=\"lazy\" decoding=\"async\" \n            loading=\"lazy\" width=\"301\" height=\"200\"\n            src=\"\/\/media.vacalia.com\/photo\/reformatwebpfolder\/350\/200\/4612\/thumb-middle\/4612_3ab3e84a252485987b4a0cbb233ac1a0.webp?v=21092023\"\n            alt=\"Calamari - Ferienhaus auf Felanitx\"\/>\n                                                                        <div class=\"circleDiscount\">-9%<\/div>\n                        <\/figure>\n    <p itemprop=\"address\"><i class=\"ico-marker\"><\/i>Felanitx, Mallorca<\/p>\n    <h3 itemprop=\"name\">Calamari<\/h3>\n    <ul class=\"icon_list inline_list\">\n                              <li class=\"ico-pool\" title=\"Pool\">\n              <span itemprop=\"amenityFeature\">Pool<\/span>\n            <\/li>\n                      <li class=\"ico-airConditioning\" title=\"Klimaanlage\">\n              <span itemprop=\"amenityFeature\">Klimaanlage<\/span>\n            <\/li>\n                      <li class=\"ico-wifi\" title=\"Wifi\">\n              <span itemprop=\"amenityFeature\">Wifi<\/span>\n            <\/li>\n                          <li class=\"ico-guests\" title=\"F\u00fcr 6 G\u00e4ste in Felanitx.\">\n          <span itemprop=\"occupancy\">6<\/span>\n        <\/li>\n    <\/ul>\n            <span class=\"price\">Ab 172\u20ac \/ Nacht<\/span>\n                <a itemprop=\"url\" class=\"anchor\" href=\"https:\/\/www.vacalia.com\/de\/villa-calamari-felanitx-h26990\" aria-label=\"Calamari\"><\/a>\n<\/div><div class=\"new-card-houses\">\n    <div class=\"likeOut likeDivOut\" style=\"display:none\">\n        <a data-id=\"4996\" class=\"likeOut_button_red likeBtnFav\"\n            aria-label=\"Megusta Vacalia\"><\/a>\n    <\/div>\n    <figure>\n        <img loading=\"lazy\" decoding=\"async\" \n            loading=\"lazy\" width=\"301\" height=\"200\"\n            src=\"\/\/media.vacalia.com\/photo\/reformatwebpfolder\/350\/200\/4996\/thumb-middle\/4996_8af46e86fae031858cc92c537f0d6d0c.webp?v=21092023\"\n            alt=\"La ceiba - Ferienhaus auf Cala d&#039;Or\"\/>\n                                                                        <div class=\"circleDiscount\">-20%<\/div>\n                        <\/figure>\n    <p itemprop=\"address\"><i class=\"ico-marker\"><\/i>Cala d&#039;Or, Mallorca<\/p>\n    <h3 itemprop=\"name\">La ceiba<\/h3>\n    <ul class=\"icon_list inline_list\">\n                              <li class=\"ico-airConditioning\" title=\"Klimaanlage\">\n              <span itemprop=\"amenityFeature\">Klimaanlage<\/span>\n            <\/li>\n                      <li class=\"ico-wifi\" title=\"Wifi\">\n              <span itemprop=\"amenityFeature\">Wifi<\/span>\n            <\/li>\n                          <li class=\"ico-guests\" title=\"F\u00fcr 2+1   G\u00e4ste in Cala D&#039;or.\">\n          <span itemprop=\"occupancy\">2+1  <\/span>\n        <\/li>\n    <\/ul>\n            <span class=\"price\">Ab 46\u20ac \/ Nacht<\/span>\n                <a itemprop=\"url\" class=\"anchor\" href=\"https:\/\/www.vacalia.com\/de\/hotelzimmer-la-ceiba-santanyi-h29195\" aria-label=\"La ceiba\"><\/a>\n<\/div><\/div>\n","protected":false},"excerpt":{"rendered":"<p>Was w\u00e4re Mallorca ohne seine Buchten mit kristallklarem Wasser? Ohne Zweifel gibt es zahlreiche traumhafte Buchten auf Mallorca und es ist ein \u201cMuss\u201d f\u00fcr jeden Mallorcabesucher einige davon zu sehen.&hellip;<\/p>\n","protected":false},"author":2,"featured_media":0,"comment_status":"closed","ping_status":"open","sticky":false,"template":"","format":"standard","meta":{"_monsterinsights_skip_tracking":false,"_monsterinsights_sitenote_active":false,"_monsterinsights_sitenote_note":"","_monsterinsights_sitenote_category":0,"footnotes":""},"categories":[40],"tags":[],"class_list":["post-1665","post","type-post","status-publish","format-standard","hentry","category-allgemein"],"_links":{"self":[{"href":"https:\/\/www.vacalia.com\/blog\/wp-json\/wp\/v2\/posts\/1665"}],"collection":[{"href":"https:\/\/www.vacalia.com\/blog\/wp-json\/wp\/v2\/posts"}],"about":[{"href":"https:\/\/www.vacalia.com\/blog\/wp-json\/wp\/v2\/types\/post"}],"author":[{"embeddable":true,"href":"https:\/\/www.vacalia.com\/blog\/wp-json\/wp\/v2\/users\/2"}],"replies":[{"embeddable":true,"href":"https:\/\/www.vacalia.com\/blog\/wp-json\/wp\/v2\/comments?post=1665"}],"version-history":[{"count":5,"href":"https:\/\/www.vacalia.com\/blog\/wp-json\/wp\/v2\/posts\/1665\/revisions"}],"predecessor-version":[{"id":4893,"href":"https:\/\/www.vacalia.com\/blog\/wp-json\/wp\/v2\/posts\/1665\/revisions\/4893"}],"wp:attachment":[{"href":"https:\/\/www.vacalia.com\/blog\/wp-json\/wp\/v2\/media?parent=1665"}],"wp:term":[{"taxonomy":"category","embeddable":true,"href":"https:\/\/www.vacalia.com\/blog\/wp-json\/wp\/v2\/categories?post=1665"},{"taxonomy":"post_tag","embeddable":true,"href":"https:\/\/www.vacalia.com\/blog\/wp-json\/wp\/v2\/tags?post=1665"}],"curies":[{"name":"wp","href":"https:\/\/api.w.org\/{rel}","templated":true}]}}