{"id":1706,"date":"2018-05-30T13:06:34","date_gmt":"2018-05-30T13:06:34","guid":{"rendered":"https:\/\/www.vacalia.com\/blog\/?p=1706"},"modified":"2025-07-01T08:33:57","modified_gmt":"2025-07-01T06:33:57","slug":"atardecer-en-javea","status":"publish","type":"post","link":"https:\/\/www.vacalia.com\/blog\/es\/atardecer-en-javea\/","title":{"rendered":"\u00bfD\u00f3nde ver el atardecer en J\u00e1vea?"},"content":{"rendered":"<p><a href=\"https:\/\/www.vacalia.com\/es\/xabia-javea-alicante-p1271\">J\u00e1vea <\/a>es un tremendo lugar tur\u00edstico situado en la Comunidad Valenciana. En este bello municipio encontramos lugares y rincones magn\u00edficos para visitar sobretodo en verano, porque lo que m\u00e1s se disfruta en J\u00e1vea son sus paradis\u00edacas calas.<!--more--><\/p>\n<p>Ahora bien, en este art\u00edculo queremos hablarte de aquellos sitios ideales para ver el atardecer en J\u00e1vea. Por lo tanto, \u00a1toma nota y no te olvides de visitarlos!<\/p>\n<h2 class=\"post-item__subtitle\">Sitios para ver el atardecer en J\u00e1vea<\/h2>\n<h3 class=\"post-item__subtitle\">Cap de Sant Antoni<\/h3>\n<p>El Cap de Sant Antoni se encuentra en el Parc Natural del Montg\u00f3 donde se pueden apreciar acantilados de unos 150 metros sobre el nivel del mar. Adem\u00e1s, a sus pies encontramos la Reserva Marina, que es un lugar muy protegido debido a su gran inter\u00e9s ambiental y ecol\u00f3gico. En el <a href=\"https:\/\/www.vacalia.com\/es\/playa-sant-antoni-valencia-p1182\">Cap de Sant Antoni<\/a> podemos hallar el Far del Cap de Sant Antoni donde podemos ver toda la costa de J\u00e1vea y D\u00e9nia. Incluso, si hace muy buen d\u00eda, se pueden ver las islas de Ibiza y Formentera. Por lo tanto, este es un gran lugar para ver el atardecer en J\u00e1vea y, a su vez, disfrutar de un bello paisaje.<\/p>\n<p><img fetchpriority=\"high\" decoding=\"async\" class=\"wp-image-1740 alignnone\" src=\"https:\/\/www.vacalia.com\/blog\/wp-content\/uploads\/2018\/05\/IMG_20180525_195322-1024x768.jpg\" alt=\"atardecer en J\u00e1vea\" width=\"1200\" height=\"900\" srcset=\"https:\/\/www.vacalia.com\/blog\/wp-content\/uploads\/2018\/05\/IMG_20180525_195322-1024x768.jpg 1024w, https:\/\/www.vacalia.com\/blog\/wp-content\/uploads\/2018\/05\/IMG_20180525_195322-300x225.jpg 300w, https:\/\/www.vacalia.com\/blog\/wp-content\/uploads\/2018\/05\/IMG_20180525_195322-768x576.jpg 768w, https:\/\/www.vacalia.com\/blog\/wp-content\/uploads\/2018\/05\/IMG_20180525_195322-1050x788.jpg 1050w, https:\/\/www.vacalia.com\/blog\/wp-content\/uploads\/2018\/05\/IMG_20180525_195322-1600x1200.jpg 1600w\" sizes=\"(max-width: 1200px) 100vw, 1200px\" \/><\/p>\n<h3 class=\"post-item__subtitle\">Mirador dels Molins de la Plana<\/h3>\n<p>En este lugar encontraremos antiguos molinos de viento donde la gente de la zona sol\u00eda moler el grano. Hoy en d\u00eda algunos de estos molinos han perdido sus aspas debido al paso del tiempo. En cambio, otros se encuentran restaurados. En esta zona dels Molins de la Plana podemos ver unas muy buenas vistas del municipio de J\u00e1vea, as\u00ed como del mar y su costa. \u00a1Un bonito lugar para visitar y ver el atardecer!<\/p>\n<p><img decoding=\"async\" class=\"alignnone wp-image-1741\" src=\"https:\/\/www.vacalia.com\/blog\/wp-content\/uploads\/2018\/05\/IMG_20180525_201249-1024x768.jpg\" alt=\"atardecer en J\u00e1vea\" width=\"1200\" height=\"900\" srcset=\"https:\/\/www.vacalia.com\/blog\/wp-content\/uploads\/2018\/05\/IMG_20180525_201249-1024x768.jpg 1024w, https:\/\/www.vacalia.com\/blog\/wp-content\/uploads\/2018\/05\/IMG_20180525_201249-300x225.jpg 300w, https:\/\/www.vacalia.com\/blog\/wp-content\/uploads\/2018\/05\/IMG_20180525_201249-768x576.jpg 768w, https:\/\/www.vacalia.com\/blog\/wp-content\/uploads\/2018\/05\/IMG_20180525_201249-1050x788.jpg 1050w, https:\/\/www.vacalia.com\/blog\/wp-content\/uploads\/2018\/05\/IMG_20180525_201249-1600x1200.jpg 1600w\" sizes=\"(max-width: 1200px) 100vw, 1200px\" \/><\/p>\n<h3 class=\"post-item__subtitle\">Cap de la Nau<\/h3>\n<p>Cap de la Nau es un lugar muy caracter\u00edstico, porque es el punto m\u00e1s oriental de la Comunidad Valenciana. En este lugar podemos encontrar el Mirador del Cap de la Nau y el Far del Cap de la Nau. Aqu\u00ed, podremos observar y apreciar unas maravillosas vistas de la Costa Blanca. Sin duda, un buen lugar para desconectar y relajarte tranquilamente mientras ves el atardecer con tu pareja, familia o amigos.<\/p>\n<p><img decoding=\"async\" class=\"alignnone wp-image-1742\" src=\"https:\/\/www.vacalia.com\/blog\/wp-content\/uploads\/2018\/05\/lighthouse-1529014_1920-1024x676.jpg\" alt=\"atardecer en J\u00e1vea\" width=\"1200\" height=\"792\" srcset=\"https:\/\/www.vacalia.com\/blog\/wp-content\/uploads\/2018\/05\/lighthouse-1529014_1920-1024x676.jpg 1024w, https:\/\/www.vacalia.com\/blog\/wp-content\/uploads\/2018\/05\/lighthouse-1529014_1920-300x198.jpg 300w, https:\/\/www.vacalia.com\/blog\/wp-content\/uploads\/2018\/05\/lighthouse-1529014_1920-768x507.jpg 768w, https:\/\/www.vacalia.com\/blog\/wp-content\/uploads\/2018\/05\/lighthouse-1529014_1920-1050x693.jpg 1050w, https:\/\/www.vacalia.com\/blog\/wp-content\/uploads\/2018\/05\/lighthouse-1529014_1920-1600x1056.jpg 1600w, https:\/\/www.vacalia.com\/blog\/wp-content\/uploads\/2018\/05\/lighthouse-1529014_1920.jpg 1920w\" sizes=\"(max-width: 1200px) 100vw, 1200px\" \/><\/p>\n<h3 class=\"post-item__subtitle\">Mirador del Castell de la Granadella<\/h3>\n<p>Un buen plan para disfrutar de un buen d\u00eda en J\u00e1vea ser\u00eda pasar el d\u00eda en la Cala de la Granadella. Es una hermosa cala cristalina de grava y roca ideal para realizar submarinismo y snorkel. Por lo tanto, una vez que se vaya acercando el atardecer, lo ideal ser\u00eda subir hasta los restos del Castell de la Granadella. All\u00ed, en el mirador del Castell de la Granadella, podremos divisar la zona costera y el paisaje tan magn\u00edfico que nos ofrece el lugar. De esta forma, acabar\u00edamos con un gran d\u00eda en J\u00e1vea. \u00a1No te lo pierdas!<\/p>\n<figure id=\"attachment_1745\" aria-describedby=\"caption-attachment-1745\" style=\"width: 1200px\" class=\"wp-caption alignnone\"><img loading=\"lazy\" decoding=\"async\" class=\"wp-image-1745\" src=\"https:\/\/www.vacalia.com\/blog\/wp-content\/uploads\/2018\/05\/Wikiloc-1024x576.jpg\" alt=\"atardecer en J\u00e1vea\" width=\"1200\" height=\"675\" srcset=\"https:\/\/www.vacalia.com\/blog\/wp-content\/uploads\/2018\/05\/Wikiloc-1024x576.jpg 1024w, https:\/\/www.vacalia.com\/blog\/wp-content\/uploads\/2018\/05\/Wikiloc-300x169.jpg 300w, https:\/\/www.vacalia.com\/blog\/wp-content\/uploads\/2018\/05\/Wikiloc-768x432.jpg 768w, https:\/\/www.vacalia.com\/blog\/wp-content\/uploads\/2018\/05\/Wikiloc-1050x591.jpg 1050w, https:\/\/www.vacalia.com\/blog\/wp-content\/uploads\/2018\/05\/Wikiloc.jpg 1600w\" sizes=\"(max-width: 1200px) 100vw, 1200px\" \/><figcaption id=\"caption-attachment-1745\" class=\"wp-caption-text\">Imagen: Wikiloc<\/figcaption><\/figure>\n<h3 class=\"post-item__subtitle\">Mirador de la Creu del Portitxol<\/h3>\n<p>Desde el Mirador de la Creu del Portitxol podremos observar unas preciosas vistas de la Isla de Portixol. Tambi\u00e9n, podremos ver el azul del mar y los verdes \u00e1rboles que nos rodean. Sin lugar a dudas, un fascinante lugar para ver el atardecer en J\u00e1vea. Adem\u00e1s, durante el d\u00eda podemos pasar el tiempo en la preciosa Cala Sardinera, que se encuentra cerca de este mirador. Es una cala de grava que cuenta con unos 200 metros de longitud, ideal para disfrutar de un buen ambiente natural y de una tranquilidad tremenda.<\/p>\n<figure id=\"attachment_1744\" aria-describedby=\"caption-attachment-1744\" style=\"width: 1200px\" class=\"wp-caption alignnone\"><img loading=\"lazy\" decoding=\"async\" class=\"wp-image-1744\" src=\"https:\/\/www.vacalia.com\/blog\/wp-content\/uploads\/2018\/05\/Por-ah\u00ed-no-es-1024x698.jpg\" alt=\"atardecer en J\u00e1vea\" width=\"1200\" height=\"817\" srcset=\"https:\/\/www.vacalia.com\/blog\/wp-content\/uploads\/2018\/05\/Por-ah\u00ed-no-es-1024x698.jpg 1024w, https:\/\/www.vacalia.com\/blog\/wp-content\/uploads\/2018\/05\/Por-ah\u00ed-no-es-300x204.jpg 300w, https:\/\/www.vacalia.com\/blog\/wp-content\/uploads\/2018\/05\/Por-ah\u00ed-no-es-768x523.jpg 768w, https:\/\/www.vacalia.com\/blog\/wp-content\/uploads\/2018\/05\/Por-ah\u00ed-no-es-1050x715.jpg 1050w, https:\/\/www.vacalia.com\/blog\/wp-content\/uploads\/2018\/05\/Por-ah\u00ed-no-es.jpg 1280w\" sizes=\"(max-width: 1200px) 100vw, 1200px\" \/><figcaption id=\"caption-attachment-1744\" class=\"wp-caption-text\">Imagen: Por ah\u00ed no es<\/figcaption><\/figure>\n<h3 class=\"post-item__subtitle\">Mirador Cap Negre<\/h3>\n<p>En este mirador podremos ver y disfrutar de un buen atardecer en J\u00e1vea. Sobretodo porque estar\u00e1s rodeado de naturaleza caracterizada por el pino carrasco. Por lo tanto, podr\u00e1s disfrutar de un buen ambiente natural y de unas vistas que te dejar\u00e1n totalmente at\u00f3nito.<\/p>\n<figure id=\"attachment_1743\" aria-describedby=\"caption-attachment-1743\" style=\"width: 1200px\" class=\"wp-caption alignnone\"><img loading=\"lazy\" decoding=\"async\" class=\"wp-image-1743\" src=\"https:\/\/www.vacalia.com\/blog\/wp-content\/uploads\/2018\/05\/Mirador-de-cap-negre-wikiloc-1024x768.jpg\" alt=\"atardecer en J\u00e1vea\" width=\"1200\" height=\"900\" srcset=\"https:\/\/www.vacalia.com\/blog\/wp-content\/uploads\/2018\/05\/Mirador-de-cap-negre-wikiloc-1024x768.jpg 1024w, https:\/\/www.vacalia.com\/blog\/wp-content\/uploads\/2018\/05\/Mirador-de-cap-negre-wikiloc-300x225.jpg 300w, https:\/\/www.vacalia.com\/blog\/wp-content\/uploads\/2018\/05\/Mirador-de-cap-negre-wikiloc-768x576.jpg 768w, https:\/\/www.vacalia.com\/blog\/wp-content\/uploads\/2018\/05\/Mirador-de-cap-negre-wikiloc-1050x788.jpg 1050w, https:\/\/www.vacalia.com\/blog\/wp-content\/uploads\/2018\/05\/Mirador-de-cap-negre-wikiloc.jpg 1600w\" sizes=\"(max-width: 1200px) 100vw, 1200px\" \/><figcaption id=\"caption-attachment-1743\" class=\"wp-caption-text\">Imagen: Wikiloc<\/figcaption><\/figure>\n<h2 class=\"post-item__subtitle\">\u00bfD\u00f3nde ver el atardecer en J\u00e1vea?<\/h2>\n<p>Estos son algunos maravillosos lugares donde podr\u00e1s disfrutar a gusto de un buen atardecer en J\u00e1vea, sobretodo en los meses de verano ya que podr\u00e1s disfrutar tambi\u00e9n de la bonitas calas que ofrece el municipio. \u00a1Esperamos que te hayan gustado!<\/p>\n<p>Por cierto, \u00bfTe gustar\u00eda saber d\u00f3nde encontrar un buen <a href=\"https:\/\/www.vacalia.com\/es\/alquiler-vacacional-xabia-javea\">alojamiento en J\u00e1vea<\/a> en la zona para tus vacaciones? \u00a1Has dado con la soluci\u00f3n! En Vacalia encontrar\u00e1s una variedad de alojamientos tur\u00edsticos ideales para ti. <a href=\"https:\/\/www.vacalia.com\/es\">\u00a1Visitanos!<\/a><\/p>\n\n<div class=\"bannerBlog\"><div class=\"new-card-houses\">\n    <div class=\"likeOut likeDivOut\" style=\"display:none\">\n        <a data-id=\"2837\" class=\"likeOut_button_red likeBtnFav\"\n            aria-label=\"Megusta Vacalia\"><\/a>\n    <\/div>\n    <figure>\n        <img loading=\"lazy\" decoding=\"async\" \n            loading=\"lazy\" width=\"301\" height=\"200\"\n            src=\"\/\/media.vacalia.com\/photo\/reformatwebpfolder\/350\/200\/2837\/thumb-middle\/2837_a5029b586275288353e119c208bf09d4.webp?v=21092023\"\n            alt=\"Gladiolo - Alquiler vacacional en X\u00e0bia\/J\u00e1vea\"\/>\n                                                                        <div class=\"circleDiscount\">-11%<\/div>\n                        <\/figure>\n    <p itemprop=\"address\"><i class=\"ico-marker\"><\/i>X\u00e0bia\/J\u00e1vea, Alicante<\/p>\n    <h3 itemprop=\"name\">Gladiolo<\/h3>\n    <ul class=\"icon_list inline_list\">\n                              <li class=\"ico-pool\" title=\"Piscina\">\n              <span itemprop=\"amenityFeature\">Piscina<\/span>\n            <\/li>\n                      <li class=\"ico-airConditioning\" title=\"Aire Acondicionado\">\n              <span itemprop=\"amenityFeature\">Aire Acondicionado<\/span>\n            <\/li>\n                      <li class=\"ico-wifi\" title=\"Wifi\">\n              <span itemprop=\"amenityFeature\">Wifi<\/span>\n            <\/li>\n                          <li class=\"ico-guests\" title=\"Para 6 hu\u00e9spedes en X\u00e0bia\/j\u00e1vea.\">\n          <span itemprop=\"occupancy\">6<\/span>\n        <\/li>\n    <\/ul>\n            <span class=\"price\">Desde 101\u20ac \/ noche<\/span>\n                <a itemprop=\"url\" class=\"anchor\" href=\"https:\/\/www.vacalia.com\/es\/villa-gladiolo-xabia-javea-h19643\" aria-label=\"Gladiolo\"><\/a>\n<\/div><div class=\"new-card-houses\">\n    <div class=\"likeOut likeDivOut\" style=\"display:none\">\n        <a data-id=\"2838\" class=\"likeOut_button_red likeBtnFav\"\n            aria-label=\"Megusta Vacalia\"><\/a>\n    <\/div>\n    <figure>\n        <img loading=\"lazy\" decoding=\"async\" \n            loading=\"lazy\" width=\"301\" height=\"200\"\n            src=\"\/\/media.vacalia.com\/photo\/reformatwebpfolder\/350\/200\/2838\/thumb-middle\/2838_06c902e5155c905c9c7ca2e45a53fefd.webp?v=21092023\"\n            alt=\"Frederic - Alquiler vacacional en X\u00e0bia\/J\u00e1vea\"\/>\n                                                                        <div class=\"circleDiscount\">-8%<\/div>\n                        <\/figure>\n    <p itemprop=\"address\"><i class=\"ico-marker\"><\/i>X\u00e0bia\/J\u00e1vea, Alicante<\/p>\n    <h3 itemprop=\"name\">Frederic<\/h3>\n    <ul class=\"icon_list inline_list\">\n                              <li class=\"ico-pool\" title=\"Piscina\">\n              <span itemprop=\"amenityFeature\">Piscina<\/span>\n            <\/li>\n                      <li class=\"ico-wifi\" title=\"Wifi\">\n              <span itemprop=\"amenityFeature\">Wifi<\/span>\n            <\/li>\n                          <li class=\"ico-guests\" title=\"Para 6 hu\u00e9spedes en X\u00e0bia\/j\u00e1vea.\">\n          <span itemprop=\"occupancy\">6<\/span>\n        <\/li>\n    <\/ul>\n            <span class=\"price\">Desde 100\u20ac \/ noche<\/span>\n                <a itemprop=\"url\" class=\"anchor\" href=\"https:\/\/www.vacalia.com\/es\/villa-frederic-xabia-javea-h19853\" aria-label=\"Frederic\"><\/a>\n<\/div><div class=\"new-card-houses\">\n    <div class=\"likeOut likeDivOut\" style=\"display:none\">\n        <a data-id=\"5645\" class=\"likeOut_button_red likeBtnFav\"\n            aria-label=\"Megusta Vacalia\"><\/a>\n    <\/div>\n    <figure>\n        <img loading=\"lazy\" decoding=\"async\" \n            loading=\"lazy\" width=\"301\" height=\"200\"\n            src=\"\/\/media.vacalia.com\/photo\/reformatwebpfolder\/350\/200\/5645\/thumb-middle\/5645_2ac1ffb0bf223e112b9acfa237f98e9b.webp?v=21092023\"\n            alt=\"Marina bay i - Alquiler vacacional en X\u00e0bia\/J\u00e1vea\"\/>\n                                                                    <\/figure>\n    <p itemprop=\"address\"><i class=\"ico-marker\"><\/i>X\u00e0bia\/J\u00e1vea, Alicante<\/p>\n    <h3 itemprop=\"name\">Marina bay i<\/h3>\n    <ul class=\"icon_list inline_list\">\n                              <li class=\"ico-pool\" title=\"Piscina\">\n              <span itemprop=\"amenityFeature\">Piscina<\/span>\n            <\/li>\n                      <li class=\"ico-airConditioning\" title=\"Aire Acondicionado\">\n              <span itemprop=\"amenityFeature\">Aire Acondicionado<\/span>\n            <\/li>\n                      <li class=\"ico-wifi\" title=\"Wifi\">\n              <span itemprop=\"amenityFeature\">Wifi<\/span>\n            <\/li>\n                          <li class=\"ico-guests\" title=\"Para 4 hu\u00e9spedes en X\u00e0bia\/j\u00e1vea.\">\n          <span itemprop=\"occupancy\">4<\/span>\n        <\/li>\n    <\/ul>\n            <span class=\"price\">Desde 142\u20ac \/ noche<\/span>\n                <a itemprop=\"url\" class=\"anchor\" href=\"https:\/\/www.vacalia.com\/es\/apartamento-marina-bay-i-xabia-javea-h32086\" aria-label=\"Marina bay i\"><\/a>\n<\/div><\/div>\n","protected":false},"excerpt":{"rendered":"<p>J\u00e1vea es un tremendo lugar tur\u00edstico situado en la Comunidad Valenciana. En este bello municipio encontramos lugares y rincones magn\u00edficos para visitar sobretodo en verano, porque lo que m\u00e1s se&hellip;<\/p>\n","protected":false},"author":2,"featured_media":1746,"comment_status":"closed","ping_status":"open","sticky":false,"template":"","format":"standard","meta":{"_monsterinsights_skip_tracking":false,"_monsterinsights_sitenote_active":false,"_monsterinsights_sitenote_note":"","_monsterinsights_sitenote_category":0,"footnotes":""},"categories":[1],"tags":[],"class_list":["post-1706","post","type-post","status-publish","format-standard","has-post-thumbnail","hentry","category-general-es"],"_links":{"self":[{"href":"https:\/\/www.vacalia.com\/blog\/wp-json\/wp\/v2\/posts\/1706"}],"collection":[{"href":"https:\/\/www.vacalia.com\/blog\/wp-json\/wp\/v2\/posts"}],"about":[{"href":"https:\/\/www.vacalia.com\/blog\/wp-json\/wp\/v2\/types\/post"}],"author":[{"embeddable":true,"href":"https:\/\/www.vacalia.com\/blog\/wp-json\/wp\/v2\/users\/2"}],"replies":[{"embeddable":true,"href":"https:\/\/www.vacalia.com\/blog\/wp-json\/wp\/v2\/comments?post=1706"}],"version-history":[{"count":11,"href":"https:\/\/www.vacalia.com\/blog\/wp-json\/wp\/v2\/posts\/1706\/revisions"}],"predecessor-version":[{"id":7261,"href":"https:\/\/www.vacalia.com\/blog\/wp-json\/wp\/v2\/posts\/1706\/revisions\/7261"}],"wp:featuredmedia":[{"embeddable":true,"href":"https:\/\/www.vacalia.com\/blog\/wp-json\/wp\/v2\/media\/1746"}],"wp:attachment":[{"href":"https:\/\/www.vacalia.com\/blog\/wp-json\/wp\/v2\/media?parent=1706"}],"wp:term":[{"taxonomy":"category","embeddable":true,"href":"https:\/\/www.vacalia.com\/blog\/wp-json\/wp\/v2\/categories?post=1706"},{"taxonomy":"post_tag","embeddable":true,"href":"https:\/\/www.vacalia.com\/blog\/wp-json\/wp\/v2\/tags?post=1706"}],"curies":[{"name":"wp","href":"https:\/\/api.w.org\/{rel}","templated":true}]}}