{"id":1712,"date":"2018-05-28T14:16:02","date_gmt":"2018-05-28T14:16:02","guid":{"rendered":"https:\/\/www.vacalia.com\/blog\/?p=1712"},"modified":"2024-02-14T12:26:26","modified_gmt":"2024-02-14T11:26:26","slug":"wanderrouten-auf-mallorca","status":"publish","type":"post","link":"https:\/\/www.vacalia.com\/blog\/wanderrouten-auf-mallorca\/","title":{"rendered":"Wanderrouten auf Mallorca"},"content":{"rendered":"<p>Unser Artikel richtet sich heute an Personen die gerne Wandern und solche die sich f\u00fcr Ausfl\u00fcge begeistern. Auf Mallorca gibt es eine beachtliche Anzahl an Bergen die sich gut zum Wandern und f\u00fcr Ausfl\u00fcge eignen.<\/p>\n<p><img fetchpriority=\"high\" decoding=\"async\" class=\"alignnone wp-image-1717\" src=\"https:\/\/www.vacalia.com\/blog\/wp-content\/uploads\/2018\/05\/5-LUGARES-EN-MALLORCA-CON-ENCANTO-6.png\" alt=\"Wanderrouten auf Mallorca\" width=\"1200\" height=\"750\" srcset=\"https:\/\/www.vacalia.com\/blog\/wp-content\/uploads\/2018\/05\/5-LUGARES-EN-MALLORCA-CON-ENCANTO-6.png 800w, https:\/\/www.vacalia.com\/blog\/wp-content\/uploads\/2018\/05\/5-LUGARES-EN-MALLORCA-CON-ENCANTO-6-300x188.png 300w, https:\/\/www.vacalia.com\/blog\/wp-content\/uploads\/2018\/05\/5-LUGARES-EN-MALLORCA-CON-ENCANTO-6-768x480.png 768w\" sizes=\"(max-width: 1200px) 100vw, 1200px\" \/><!--more--><\/p>\n<p>Aus diesem Grund stellen wir Ihnen heute einige Wanderrouten auf Mallorca vor die Sie sich nicht entgehen lassen sollten.<\/p>\n<h2 class=\"post-item__subtitle\">Vall de B\u00f3quer<\/h2>\n<p>Eine sehr sch\u00f6ne Wanderrouten auf Mallorca f\u00fchrt zum Tal von B\u00f3quer (Vall de B\u00f3quer). Das Tal zieschen der Gebirgskette von Cavall Bernat (Sierra del Cavall Bernat) und Port de Pollen\u00e7a. Die einfache Strecke, die sich auch f\u00fcr Anf\u00e4nger und Unge\u00fcbte eignet, hat folgende Punkte Port de Pollen\u00e7a &#8211; Casas de B\u00f3quer &#8211; Coll de Moro &#8211; Cala B\u00f3quer und dauert ca. 2 Stunden (hin und zur\u00fcck). Auf dieser Route k\u00f6nnen Sie einen antike Kalkbrennofen (Font de Sementer) und eine talayotische Siedlung sehen. In der Cala B\u00f3quer lohnt sich eine Badepause um im klaren Wasser zu schwimmen und die Ruhe dieser Bucht zu genie\u00dfen.<\/p>\n<p>Die Bucht hat einen Kieselstrand und Sie sollten adequate Schuhe mitnehmen, wenn Sie baden m\u00f6chten. Wie bei allen sportlichen Aktivit\u00e4ten sollten Sie auch f\u00fcr die Strecke auf angemessene, bequeme Kleidung und geeignete Schuhe achten, damit Sie unterwegs keine Probleme haben. Denken Sie bitte daran, dass es nicht immer Schatten gibt und sch\u00fctzen Sie sich ausreichend vor der Sonne. Auch m\u00f6chten wir nicht vergessen zu erw\u00e4hnen, dass die Strecke in einem Naturschutzgebiet liegt und es eine Vielzahl gesch\u00fctzter Vogelarten gibt, die Sie bestimmt mit einem Fernglas beobachten k\u00f6nnen.<\/p>\n<p><img decoding=\"async\" class=\"alignnone wp-image-1719\" src=\"https:\/\/www.vacalia.com\/blog\/wp-content\/uploads\/2018\/05\/Cala_Boquer-2-1024x681.jpg\" alt=\"Wanderrouten auf Mallorca\" width=\"1200\" height=\"798\" srcset=\"https:\/\/www.vacalia.com\/blog\/wp-content\/uploads\/2018\/05\/Cala_Boquer-2-1024x681.jpg 1024w, https:\/\/www.vacalia.com\/blog\/wp-content\/uploads\/2018\/05\/Cala_Boquer-2-300x199.jpg 300w, https:\/\/www.vacalia.com\/blog\/wp-content\/uploads\/2018\/05\/Cala_Boquer-2-768x511.jpg 768w, https:\/\/www.vacalia.com\/blog\/wp-content\/uploads\/2018\/05\/Cala_Boquer-2-1050x698.jpg 1050w, https:\/\/www.vacalia.com\/blog\/wp-content\/uploads\/2018\/05\/Cala_Boquer-2-1600x1064.jpg 1600w\" sizes=\"(max-width: 1200px) 100vw, 1200px\" \/><\/p>\n<h2 class=\"post-item__subtitle\">Embassament de C\u00faber<\/h2>\n<p>Diese wirklich sehr einfache Strecke eignet sich hervorragend als Ziel f\u00fcr einen Familienausflug, Ihren Kindern wird es an Spass und Abwechslung nicht fehlen. Die Strecke f\u00fchrt in einem Kreis und dauert ca. 1 Stunde obwohl dies nat\u00fcrlich von der einzelnen Person und den Pausen abh\u00e4ngig ist, die Sie einlegen, um die Landschaft zu bewundern. Die Route des Embassament de C\u00faber beginnt am Kilometerstein 33\u20198 der Landstra\u00dfe von Soller nach Pollen\u00e7a. Das Auto k\u00f6nnen Sie ohne Probleme auf dem Parkplatz Font des Noguer abstellen, hier gibt es einen \u00f6ffentlichen Picknickplatz mit B\u00e4nken, Tischen, Grillpl\u00e4tzen und Toiletten. Die Tour ist sehr einfach, da sie praktisch keine Steigung hat und sehr gut gepflegt wird, auch mit guten Turnschuhen ist die Strecke einfach zu bew\u00e4ltigen.<\/p>\n<p><img decoding=\"async\" class=\"alignnone wp-image-1718\" src=\"https:\/\/www.vacalia.com\/blog\/wp-content\/uploads\/2018\/05\/1200px-C\u00faber-2-1024x768.jpg\" alt=\"Wanderrouten auf Mallorca\" width=\"1200\" height=\"900\" srcset=\"https:\/\/www.vacalia.com\/blog\/wp-content\/uploads\/2018\/05\/1200px-C\u00faber-2-1024x768.jpg 1024w, https:\/\/www.vacalia.com\/blog\/wp-content\/uploads\/2018\/05\/1200px-C\u00faber-2-300x225.jpg 300w, https:\/\/www.vacalia.com\/blog\/wp-content\/uploads\/2018\/05\/1200px-C\u00faber-2-768x576.jpg 768w, https:\/\/www.vacalia.com\/blog\/wp-content\/uploads\/2018\/05\/1200px-C\u00faber-2-1050x788.jpg 1050w, https:\/\/www.vacalia.com\/blog\/wp-content\/uploads\/2018\/05\/1200px-C\u00faber-2.jpg 1200w\" sizes=\"(max-width: 1200px) 100vw, 1200px\" \/><\/p>\n<h2 class=\"post-item__subtitle\">Cam\u00ed des Correu<\/h2>\n<p>Eine der Wanderrouten auf Mallorca ist der alte \u201cCam\u00ed des Correu\u201d (Postweg). Dieser Postweg wurde auf das Jahr 1401 datiert und gilt als klassischer Weg mit mittelalterlichen Wurzeln. Er war die einzige Verbindung zwischen den D\u00f6rfern Esporles und Banyalbufar bis eine Stra\u00dfe zwischen den D\u00f6rfern gebaut wurde. 1999 wurde die Route erweitert und in die Trockenmauerwege aufgenommen. Mit der Katalogisierung GR und einer Dauer von ca. 2,15 Stunden (f\u00fcr 1 Weg) geh\u00f6rt er zu den anspruchsvolleren Routen. Die M\u00fche lohnt sich denn Sie k\u00f6nnen die Natur, Flora und Fauna der Sierra Tramuntana, in vollen Z\u00fcgen auskosten.<\/p>\n<figure id=\"attachment_1720\" aria-describedby=\"caption-attachment-1720\" style=\"width: 1200px\" class=\"wp-caption alignnone\"><img loading=\"lazy\" decoding=\"async\" class=\"wp-image-1720\" src=\"https:\/\/www.vacalia.com\/blog\/wp-content\/uploads\/2018\/05\/Imagen-de-Senderismo-Fotogr\u00e1fico-Mallorca-2-1024x768.jpg\" alt=\"Wanderrouten auf Mallorca\" width=\"1200\" height=\"900\" srcset=\"https:\/\/www.vacalia.com\/blog\/wp-content\/uploads\/2018\/05\/Imagen-de-Senderismo-Fotogr\u00e1fico-Mallorca-2-1024x768.jpg 1024w, https:\/\/www.vacalia.com\/blog\/wp-content\/uploads\/2018\/05\/Imagen-de-Senderismo-Fotogr\u00e1fico-Mallorca-2-300x225.jpg 300w, https:\/\/www.vacalia.com\/blog\/wp-content\/uploads\/2018\/05\/Imagen-de-Senderismo-Fotogr\u00e1fico-Mallorca-2-768x576.jpg 768w, https:\/\/www.vacalia.com\/blog\/wp-content\/uploads\/2018\/05\/Imagen-de-Senderismo-Fotogr\u00e1fico-Mallorca-2-1050x788.jpg 1050w, https:\/\/www.vacalia.com\/blog\/wp-content\/uploads\/2018\/05\/Imagen-de-Senderismo-Fotogr\u00e1fico-Mallorca-2.jpg 1600w\" sizes=\"(max-width: 1200px) 100vw, 1200px\" \/><figcaption id=\"caption-attachment-1720\" class=\"wp-caption-text\">Photo: Senderismo Fotogr\u00e1fico Mallorca<\/figcaption><\/figure>\n<h2 class=\"post-item__subtitle\">Puig de Galatz\u00f3<\/h2>\n<p>Der Puig de Galatz\u00f3 liegt in der Sierra Tramuntana und hat eine H\u00f6he von 1027m. Die Strecke startet an der Landstrasse von Andratx nach Estellencs und hat eine L\u00e4nge von 97km. Mit einer Dauer von ca. 4 Stunden ist sie anspruchsvoll aber auf jeden Fall die M\u00fche wert. So fantastische Ausblicke und beeindruckende Landschaften wie sie es auf dieser Strecke gibt, finden Sie nicht noch einmal auf der Insel und man kann die Eindr\u00fccke, die diese Route hinterl\u00e4sst, eigentlich nicht in Worte fassen, vor allem wenn Sie den Gipfel erreichen. Z\u00f6gern Sie nicht es auszuprobieren!<\/p>\n<p><img loading=\"lazy\" decoding=\"async\" class=\"alignnone wp-image-1722\" src=\"https:\/\/www.vacalia.com\/blog\/wp-content\/uploads\/2018\/05\/Puig-de-Galatz\u00f3-2-1024x765.jpg\" alt=\"Wanderrouten auf Mallorca\" width=\"1200\" height=\"897\" srcset=\"https:\/\/www.vacalia.com\/blog\/wp-content\/uploads\/2018\/05\/Puig-de-Galatz\u00f3-2-1024x765.jpg 1024w, https:\/\/www.vacalia.com\/blog\/wp-content\/uploads\/2018\/05\/Puig-de-Galatz\u00f3-2-300x224.jpg 300w, https:\/\/www.vacalia.com\/blog\/wp-content\/uploads\/2018\/05\/Puig-de-Galatz\u00f3-2-768x574.jpg 768w, https:\/\/www.vacalia.com\/blog\/wp-content\/uploads\/2018\/05\/Puig-de-Galatz\u00f3-2-1050x785.jpg 1050w, https:\/\/www.vacalia.com\/blog\/wp-content\/uploads\/2018\/05\/Puig-de-Galatz\u00f3-2.jpg 1200w\" sizes=\"(max-width: 1200px) 100vw, 1200px\" \/><\/p>\n<h2 class=\"post-item__subtitle\">Puig de Massanella<\/h2>\n<p>Der Puig de Massanella ist mit einer H\u00f6he von 1365m der 2 h\u00f6chste Gipfel (nach dem Puig Major) auf Mallorca. Die Route startet am Punkt GR-222 und ist mit einer Dauer von ca. 5 Stunden die L\u00e4ngste die wir Ihnen empfehlen m\u00f6chten. Die anspruchsvolle Strecke hat verschiedene Steigungen, aus diesem Grund sollten Sie auf geeignete Schuhe und bequeme Kleidung achten und ausreichend Wasser mitnehmen. Je h\u00f6her Sie steigen desto fantastischer wird der Ausblick, vom Gipfel \u00fcberblicken Sie einen gro\u00dfen Teil der Insel und allein dies entsch\u00e4digt f\u00fcr alle M\u00fchen. Ein gro\u00dfartiger Wanderausflug.<\/p>\n<figure id=\"attachment_1721\" aria-describedby=\"caption-attachment-1721\" style=\"width: 1200px\" class=\"wp-caption alignnone\"><img loading=\"lazy\" decoding=\"async\" class=\"wp-image-1721\" src=\"https:\/\/www.vacalia.com\/blog\/wp-content\/uploads\/2018\/05\/Massanella-de-Youtube-2-1024x576.jpg\" alt=\"Wanderrouten auf Mallorca\" width=\"1200\" height=\"675\" srcset=\"https:\/\/www.vacalia.com\/blog\/wp-content\/uploads\/2018\/05\/Massanella-de-Youtube-2-1024x576.jpg 1024w, https:\/\/www.vacalia.com\/blog\/wp-content\/uploads\/2018\/05\/Massanella-de-Youtube-2-300x169.jpg 300w, https:\/\/www.vacalia.com\/blog\/wp-content\/uploads\/2018\/05\/Massanella-de-Youtube-2-768x432.jpg 768w, https:\/\/www.vacalia.com\/blog\/wp-content\/uploads\/2018\/05\/Massanella-de-Youtube-2-1050x591.jpg 1050w, https:\/\/www.vacalia.com\/blog\/wp-content\/uploads\/2018\/05\/Massanella-de-Youtube-2.jpg 1280w\" sizes=\"(max-width: 1200px) 100vw, 1200px\" \/><figcaption id=\"caption-attachment-1721\" class=\"wp-caption-text\">Photo: Youtube<\/figcaption><\/figure>\n<h2 class=\"post-item__subtitle\">Wanderrouten auf Mallorca<\/h2>\n<p>Wir hoffen diese Wanderrouten haben Ihnen gefallen und Sie k\u00f6nnen die eine oder andere Strecke bei Ihrem n\u00e4chsten Mallorca Urlaub realisieren. Wir w\u00fcnschen extrem viel Spass dabei!<\/p>\n<p>Haben Sie schon eine Unterkunft f\u00fcr Ihren Urlaub? M\u00f6chten Sie die Unterkunft jetzt reservieren? Besuchen Sie unsere <a href=\"https:\/\/www.vacalia.com\/\">Website<\/a> und finden Sie die ideale Unterkunft f\u00fcr Ihren Urlaub.<\/p>\n\n<div class=\"bannerBlog\"><div class=\"new-card-houses\">\n    <div class=\"likeOut likeDivOut\" style=\"display:none\">\n        <a data-id=\"1760\" class=\"likeOut_button_red likeBtnFav\"\n            aria-label=\"Megusta Vacalia\"><\/a>\n    <\/div>\n    <figure>\n        <img loading=\"lazy\" decoding=\"async\" \n            loading=\"lazy\" width=\"301\" height=\"200\"\n            src=\"\/\/media.vacalia.com\/photo\/reformatwebpfolder\/350\/200\/1760\/thumb-middle\/1760_f840c7c625749c534dd5e93447e252b0.webp?v=21092023\"\n            alt=\"Sun of the bay 3 (b3 - a3) - Ferienhaus auf Port d&#039;Alc\u00fadia\"\/>\n                                                                        <div class=\"circleDiscount\">-25%<\/div>\n                        <\/figure>\n    <p itemprop=\"address\"><i class=\"ico-marker\"><\/i>Port d&#039;Alc\u00fadia, Mallorca<\/p>\n    <h3 itemprop=\"name\">Sun of the bay 3 (b3 - a3)<\/h3>\n    <ul class=\"icon_list inline_list\">\n                              <li class=\"ico-airConditioning\" title=\"Klimaanlage\">\n              <span itemprop=\"amenityFeature\">Klimaanlage<\/span>\n            <\/li>\n                      <li class=\"ico-wifi\" title=\"Wifi\">\n              <span itemprop=\"amenityFeature\">Wifi<\/span>\n            <\/li>\n                      <li class=\"ico-views\" title=\"Ausblick\">\n              <span itemprop=\"amenityFeature\">Ausblick<\/span>\n            <\/li>\n                          <li class=\"ico-guests\" title=\"F\u00fcr 4 G\u00e4ste in Port D&#039;alc\u00fadia.\">\n          <span itemprop=\"occupancy\">4<\/span>\n        <\/li>\n    <\/ul>\n            <span class=\"price\">Ab 165\u20ac \/ Nacht<\/span>\n                <a itemprop=\"url\" class=\"anchor\" href=\"https:\/\/www.vacalia.com\/de\/apartment-sun-of-the-bay-3-b3-a3-alcudia-h20223\" aria-label=\"Sun of the bay 3 (b3 - a3)\"><\/a>\n<\/div><div class=\"new-card-houses\">\n    <div class=\"likeOut likeDivOut\" style=\"display:none\">\n        <a data-id=\"2527\" class=\"likeOut_button_red likeBtnFav\"\n            aria-label=\"Megusta Vacalia\"><\/a>\n    <\/div>\n    <figure>\n        <img loading=\"lazy\" decoding=\"async\" \n            loading=\"lazy\" width=\"301\" height=\"200\"\n            src=\"\/\/media.vacalia.com\/photo\/reformatwebpfolder\/350\/200\/2527\/thumb-middle\/2527_00870f84b7f263f1441fedd56a0483f3.webp?v=21092023\"\n            alt=\"Ca na martina - Ferienhaus auf Cala d&#039;Or\"\/>\n                                                                        <div class=\"circleDiscount\">-14%<\/div>\n                        <\/figure>\n    <p itemprop=\"address\"><i class=\"ico-marker\"><\/i>Cala d&#039;Or, Mallorca<\/p>\n    <h3 itemprop=\"name\">Ca na martina<\/h3>\n    <ul class=\"icon_list inline_list\">\n                              <li class=\"ico-pool\" title=\"Pool\">\n              <span itemprop=\"amenityFeature\">Pool<\/span>\n            <\/li>\n                      <li class=\"ico-airConditioning\" title=\"Klimaanlage\">\n              <span itemprop=\"amenityFeature\">Klimaanlage<\/span>\n            <\/li>\n                      <li class=\"ico-wifi\" title=\"Wifi\">\n              <span itemprop=\"amenityFeature\">Wifi<\/span>\n            <\/li>\n                      <li class=\"ico-pets\" title=\"Haustiere\">\n              <span itemprop=\"amenityFeature\">Haustiere<\/span>\n            <\/li>\n                          <li class=\"ico-guests\" title=\"F\u00fcr 8 G\u00e4ste in Cala D&#039;or.\">\n          <span itemprop=\"occupancy\">8<\/span>\n        <\/li>\n    <\/ul>\n            <span class=\"price\">Ab 199\u20ac \/ Nacht<\/span>\n                <a itemprop=\"url\" class=\"anchor\" href=\"https:\/\/www.vacalia.com\/de\/villa-ca-na-martina-santanyi-h18471\" aria-label=\"Ca na martina\"><\/a>\n<\/div><\/div>\n","protected":false},"excerpt":{"rendered":"<p>Unser Artikel richtet sich heute an Personen die gerne Wandern und solche die sich f\u00fcr Ausfl\u00fcge begeistern. Auf Mallorca gibt es eine beachtliche Anzahl an Bergen die sich gut zum&hellip;<\/p>\n","protected":false},"author":2,"featured_media":0,"comment_status":"closed","ping_status":"open","sticky":false,"template":"","format":"standard","meta":{"_monsterinsights_skip_tracking":false,"_monsterinsights_sitenote_active":false,"_monsterinsights_sitenote_note":"","_monsterinsights_sitenote_category":0,"footnotes":""},"categories":[40],"tags":[],"class_list":["post-1712","post","type-post","status-publish","format-standard","hentry","category-allgemein"],"_links":{"self":[{"href":"https:\/\/www.vacalia.com\/blog\/wp-json\/wp\/v2\/posts\/1712"}],"collection":[{"href":"https:\/\/www.vacalia.com\/blog\/wp-json\/wp\/v2\/posts"}],"about":[{"href":"https:\/\/www.vacalia.com\/blog\/wp-json\/wp\/v2\/types\/post"}],"author":[{"embeddable":true,"href":"https:\/\/www.vacalia.com\/blog\/wp-json\/wp\/v2\/users\/2"}],"replies":[{"embeddable":true,"href":"https:\/\/www.vacalia.com\/blog\/wp-json\/wp\/v2\/comments?post=1712"}],"version-history":[{"count":7,"href":"https:\/\/www.vacalia.com\/blog\/wp-json\/wp\/v2\/posts\/1712\/revisions"}],"predecessor-version":[{"id":4895,"href":"https:\/\/www.vacalia.com\/blog\/wp-json\/wp\/v2\/posts\/1712\/revisions\/4895"}],"wp:attachment":[{"href":"https:\/\/www.vacalia.com\/blog\/wp-json\/wp\/v2\/media?parent=1712"}],"wp:term":[{"taxonomy":"category","embeddable":true,"href":"https:\/\/www.vacalia.com\/blog\/wp-json\/wp\/v2\/categories?post=1712"},{"taxonomy":"post_tag","embeddable":true,"href":"https:\/\/www.vacalia.com\/blog\/wp-json\/wp\/v2\/tags?post=1712"}],"curies":[{"name":"wp","href":"https:\/\/api.w.org\/{rel}","templated":true}]}}