{"id":174,"date":"2017-03-15T16:13:42","date_gmt":"2017-03-15T16:13:42","guid":{"rendered":"https:\/\/www.vacalia.com\/blog\/?p=174"},"modified":"2024-02-14T11:36:14","modified_gmt":"2024-02-14T10:36:14","slug":"5-lugares-que-visitar-en-mallorca","status":"publish","type":"post","link":"https:\/\/www.vacalia.com\/blog\/es\/5-lugares-que-visitar-en-mallorca\/","title":{"rendered":"5 lugares que visitar en Mallorca"},"content":{"rendered":"\n<p>Descubre los 5 lugares que visitar en Mallorca con m\u00e1s encanto. Adem\u00e1s, tambi\u00e9n hablaremos sobre qu\u00e9 encontrar en Mallorca m\u00e1s all\u00e1 de sus playas.<\/p>\n\n\n\n<figure class=\"wp-block-image\"><a href=\"https:\/\/www.vacalia.com\"><img fetchpriority=\"high\" decoding=\"async\" width=\"1024\" height=\"680\" src=\"https:\/\/www.vacalia.com\/blog\/wp-content\/uploads\/2017\/03\/9593162620_dea06b3b5b_b-1024x680.jpg\" alt=\"lugares que visitar en Mallorca\" class=\"wp-image-221\" srcset=\"https:\/\/www.vacalia.com\/blog\/wp-content\/uploads\/2017\/03\/9593162620_dea06b3b5b_b.jpg 1024w, https:\/\/www.vacalia.com\/blog\/wp-content\/uploads\/2017\/03\/9593162620_dea06b3b5b_b-300x199.jpg 300w, https:\/\/www.vacalia.com\/blog\/wp-content\/uploads\/2017\/03\/9593162620_dea06b3b5b_b-768x510.jpg 768w\" sizes=\"(max-width: 1024px) 100vw, 1024px\" \/><\/a><\/figure>\n\n\n\n<p><\/p>\n\n\n\n<p><\/p>\n\n\n\n<!--more-->\n\n\n\n<p>Mallorca es uno de los destinos tur\u00edsticos favoritos del Mediterr\u00e1neo. No s\u00f3lo por sus aguas cristalinas, sino, porque est\u00e1 llena de rincones con encanto, pueblos de postal, monumentos hist\u00f3ricos, playas que compiten con el mismo caribe, parajes naturales preciosos, etc.<\/p>\n\n\n\n<p>Te invitamos a hacer un peque\u00f1o recorrido por 5 lugares que visitar en Mallorca, llenos de encanto y que recogen la esencia de la isla.<\/p>\n\n\n\n<h2 class=\"wp-block-heading\">\u00bfQu\u00e9 visitar en Valldemossa, Mallorca?<\/h2>\n\n\n<div class=\"wp-block-image\">\n<figure class=\"aligncenter\"><a href=\"https:\/\/www.vacalia.com\" target=\"_blank\" rel=\"noopener noreferrer\"><img decoding=\"async\" width=\"1024\" height=\"765\" src=\"https:\/\/www.vacalia.com\/blog\/wp-content\/uploads\/2017\/03\/mallorca-185595_1280-1024x765.jpg\" alt=\"Valldemossa, Mallorca\" class=\"wp-image-175\" title=\"5 lugares que visitar en Mallorca | Vacalia.com\" srcset=\"https:\/\/www.vacalia.com\/blog\/wp-content\/uploads\/2017\/03\/mallorca-185595_1280-1024x765.jpg 1024w, https:\/\/www.vacalia.com\/blog\/wp-content\/uploads\/2017\/03\/mallorca-185595_1280-300x224.jpg 300w, https:\/\/www.vacalia.com\/blog\/wp-content\/uploads\/2017\/03\/mallorca-185595_1280-768x574.jpg 768w, https:\/\/www.vacalia.com\/blog\/wp-content\/uploads\/2017\/03\/mallorca-185595_1280-1050x784.jpg 1050w, https:\/\/www.vacalia.com\/blog\/wp-content\/uploads\/2017\/03\/mallorca-185595_1280.jpg 1280w\" sizes=\"(max-width: 1024px) 100vw, 1024px\" \/><\/a><\/figure><\/div>\n\n\n<p><\/p>\n\n\n\n<p>Valldemossa, Mallorca, es un peque\u00f1o pueblo situado en el norte de la Isla, en la Serra de Tramuntana (patrimonio de la humanidad). Sus calles empinadas y estrechas situadas entre las fachadas de piedra vestidas con flores, ofrecen un encanto especial.<\/p>\n\n\n\n<p>Este encantador pueblo, ha sido el refugio de personajes como el erudito y m\u00edstico Ram\u00f3n Llull, el virtuoso compositor polaco Fr\u00e9d\u00e9ric Chopin y el productor de cine estadounidense Michael Douglas, entre otros. Todos ellos atra\u00eddos por esta peque\u00f1a perla del Mediterr\u00e1neo.<\/p>\n\n\n\n<p>La mejor forma de disfrutas de los encantos que ofrece, es empezar a caminar y perderse en sus revoltijo de calles estrechas y contemplar las fachadas que las rodean, todas ellas cuidadas y decoradas de manera que hacen del lugar un sitio especial en el que relajarse.<\/p>\n\n\n\n<p>Es obligado hacer una visita a la Cartuja. Se trata de un palacio que fue la residencia del rey Sancho I de Mallorca y que posteriormente fue cedido a los frailes cartujos. El conjunto del edificio engloba el claustro, la antigua farmacia de los cartujos, el jard\u00edn y las habitaciones de la celda prioral, (capilla, biblioteca, sala de audiencias, dormitorios\u2026). En una de sus celdas, todav\u00eda se conservas los documentos y recuerdos del compositor Fr\u00e9d\u00e9ric Chopin y la escritora George Sand. D\u00f3nde Chopin compuso sus Preludios Op. 28 y Sand escribi\u00f3 Un invierno en Mallorca.<br>Sin duda, uno de los 5 lugares que visitar en Mallorca.<\/p>\n\n\n\n<h2 class=\"wp-block-heading\">\u00bfQu\u00e9 visitar en Cala Dei\u00e0, Mallorca?<\/h2>\n\n\n<div class=\"wp-block-image\">\n<figure class=\"aligncenter\"><a href=\"https:\/\/www.vacalia.com\" target=\"_blank\" rel=\"noopener noreferrer\"><img decoding=\"async\" width=\"1024\" height=\"765\" src=\"https:\/\/www.vacalia.com\/blog\/wp-content\/uploads\/2017\/03\/deia-185581_1920-1024x765.jpg\" alt=\"Deia\" class=\"wp-image-176\" title=\"5 lugares que visitar en Mallorca| Vacalia.com\" srcset=\"https:\/\/www.vacalia.com\/blog\/wp-content\/uploads\/2017\/03\/deia-185581_1920-1024x765.jpg 1024w, https:\/\/www.vacalia.com\/blog\/wp-content\/uploads\/2017\/03\/deia-185581_1920-300x224.jpg 300w, https:\/\/www.vacalia.com\/blog\/wp-content\/uploads\/2017\/03\/deia-185581_1920-768x574.jpg 768w, https:\/\/www.vacalia.com\/blog\/wp-content\/uploads\/2017\/03\/deia-185581_1920-1050x784.jpg 1050w, https:\/\/www.vacalia.com\/blog\/wp-content\/uploads\/2017\/03\/deia-185581_1920-1600x1195.jpg 1600w, https:\/\/www.vacalia.com\/blog\/wp-content\/uploads\/2017\/03\/deia-185581_1920.jpg 1920w\" sizes=\"(max-width: 1024px) 100vw, 1024px\" \/><\/a><\/figure><\/div>\n\n\n<p>El segundo de los 5 lugares que visitar en Mallorca es Cala Dei\u00e0, Mallorca, es una peque\u00f1a cala situada en el municipio de Dei\u00e0 en la Serra de Tramuntana.<\/p>\n\n\n\n<p>Con un ambiente bohemio que se deriva de recibir a artistas, m\u00fasicos y escritores de todo el mundo para establecerse en este peque\u00f1o pueblo, ha adquirido un ambiente relajado y acogedor.<br>Cuando hablamos de Dei\u00e0, hablamos de un peque\u00f1o pueblo encauzado entre las impresionantes monta\u00f1as de la Serra de Tramuntana, compuesto por casas tradicionales construidas en piedra, ofreciendo de esta manera, unas vistas impresionantes.<\/p>\n\n\n\n<p>Cerca, se encuentra Cala Dei\u00e0, es una peque\u00f1a y r\u00fastica cala de cantos rodados, rodeada de casas antiguas y embarcaderos y de un bar que asoma su terraza a las aguas del Mediterr\u00e1neo.<br>Se llega a trav\u00e9s de una estrecha carretera con curvas (no apta para todos) d\u00f3nde finaliza en un parking situado a 200m de la cala. Tambi\u00e9n se puede llegar caminando unos 20 minutos desde el pueblo.<\/p>\n\n\n\n<h2 class=\"wp-block-heading\">\u00bfQu\u00e9 visitar en Betlem, Mallorca?<\/h2>\n\n\n<div class=\"wp-block-image\">\n<figure class=\"aligncenter\"><a href=\"https:\/\/www.vacalia.com\" target=\"_blank\" rel=\"noopener noreferrer\"><img loading=\"lazy\" decoding=\"async\" width=\"1024\" height=\"678\" src=\"https:\/\/www.vacalia.com\/blog\/wp-content\/uploads\/2017\/03\/Ermita_de_Betlem-1024x678.jpg\" alt=\"Betlem, Mallorca\" class=\"wp-image-177\" title=\"5 lugares que visitar en Mallorca| Vacalia.com\" srcset=\"https:\/\/www.vacalia.com\/blog\/wp-content\/uploads\/2017\/03\/Ermita_de_Betlem-1024x678.jpg 1024w, https:\/\/www.vacalia.com\/blog\/wp-content\/uploads\/2017\/03\/Ermita_de_Betlem-300x199.jpg 300w, https:\/\/www.vacalia.com\/blog\/wp-content\/uploads\/2017\/03\/Ermita_de_Betlem-768x509.jpg 768w, https:\/\/www.vacalia.com\/blog\/wp-content\/uploads\/2017\/03\/Ermita_de_Betlem-1050x696.jpg 1050w, https:\/\/www.vacalia.com\/blog\/wp-content\/uploads\/2017\/03\/Ermita_de_Betlem.jpg 1280w\" sizes=\"(max-width: 1024px) 100vw, 1024px\" \/><\/a><\/figure><\/div>\n\n\n<p>Nos trasladamos al este de la isla para visitar Betlem, Mallorca. Se trata de un rinc\u00f3n m\u00e1gico situado a unos 70 km de Palma en direcci\u00f3n Manacor-Art\u00e1-Alcudia. Se trata de una urbanizaci\u00f3n muy especial, con casas bajas y que conserva la vegetaci\u00f3n de la zona.<br>Cerca se encuentra Es Cal\u00f3, una preciosa cala de unos 25 metros de largo situada cerca de unos acantilados, principalmente compuesta por arena dorada y grava.<\/p>\n\n\n\n<p>Otro lugar de inter\u00e9s que ofrece, es la Ermita de Betlem. Para llegar, hay que hacer una peque\u00f1a excursi\u00f3n por la Serra de Llevant. Se trata de una ruta sencilla de unas dos horas de duraci\u00f3n total (1h ida-1h vuelta), que sin duda merece la pena.<br>La excursi\u00f3n empieza con un paso de escalera situado en medio de una pista forestal, que nos permite cruzare el valle con unas vistas excepcionales de la monta\u00f1a y el mar.<\/p>\n\n\n\n<h2 class=\"wp-block-heading\">\u00bfA\u00fan te preguntas qu\u00e9 lugares visitar en Mallorca? Galilea.<\/h2>\n\n\n<div class=\"wp-block-image\">\n<figure class=\"aligncenter\"><a href=\"https:\/\/www.vacalia.com\" target=\"_blank\" rel=\"noopener noreferrer\"><img loading=\"lazy\" decoding=\"async\" width=\"653\" height=\"288\" src=\"https:\/\/www.vacalia.com\/blog\/wp-content\/uploads\/2017\/03\/Galilea_Mallorca.jpg\" alt=\"Galilea\" class=\"wp-image-178\" title=\"5 lugares que visitar en Mallorca| Vacalia.com\" srcset=\"https:\/\/www.vacalia.com\/blog\/wp-content\/uploads\/2017\/03\/Galilea_Mallorca.jpg 653w, https:\/\/www.vacalia.com\/blog\/wp-content\/uploads\/2017\/03\/Galilea_Mallorca-300x132.jpg 300w\" sizes=\"(max-width: 767px) 100vw, 653px\" \/><\/a><\/figure><\/div>\n\n\n<p>Galilea, Mallorca es una localidad situada en la Serra de Tramuntana en el municipio de Puigpu\u00f1ent. Es un tranquilo refugio, d\u00f3nde dejar atr\u00e1s el estr\u00e9s de la vida moderna. Sin duda, uno de nuestros 5 lugares que visitar en Mallorca favoritos.<\/p>\n\n\n\n<p>Galilea, es famoso por su belleza salvaje y sus cabras, que deambulan libremente con campanas alrededor del cuello. Lo \u00fanico que se puede escuchar es el tintineo de esos tradicionales collares y el sonido de alg\u00fan coche que pasa de manera ocasional.<\/p>\n\n\n\n<p>Es uno de los 5 lugares que visitar en Mallorca que hemos elegido porque, aunque no se trata de uno de los principales destinos destinos m\u00e1s conocidos de la isla, merece la pena ir, para experimentar una Mallorca aut\u00e9nticamente rural.<\/p>\n\n\n\n<h2 class=\"wp-block-heading\">\u00bfQu\u00e9 visitar en Es Trenc, Mallorca?<\/h2>\n\n\n<div class=\"wp-block-image\">\n<figure class=\"aligncenter\"><a href=\"https:\/\/www.vacalia.com\" target=\"_blank\" rel=\"noopener noreferrer\"><img loading=\"lazy\" decoding=\"async\" width=\"960\" height=\"644\" src=\"https:\/\/www.vacalia.com\/blog\/wp-content\/uploads\/2017\/03\/es_trenc.jpg\" alt=\"Es Trenc\" class=\"wp-image-179\" title=\"5 lugares que visitar en Mallorca| Vacalia.com\" srcset=\"https:\/\/www.vacalia.com\/blog\/wp-content\/uploads\/2017\/03\/es_trenc.jpg 960w, https:\/\/www.vacalia.com\/blog\/wp-content\/uploads\/2017\/03\/es_trenc-300x201.jpg 300w, https:\/\/www.vacalia.com\/blog\/wp-content\/uploads\/2017\/03\/es_trenc-768x515.jpg 768w\" sizes=\"(max-width: 960px) 100vw, 960px\" \/><\/a><\/figure><\/div>\n\n\n<p>Es Trenc es un oasis perdido en medio del mediterr\u00e1neo que encandila a cualquiera que decida &nbsp;visitarlo.<\/p>\n\n\n\n<p>Se trata de una playa paradisiaca de arena blanca y playas cristalinas que se extiende varios quil\u00f3metros.&nbsp;Ofrece unas vistas espl\u00e9ndidas. Es Trenc est\u00e1 situada en el municipio de Campos en frente de la isla de Cabrera.<\/p>\n\n\n\n<p>Se trata de una playa es ideal para ir a pasar el d\u00eda con algo para comer. Tambi\u00e9n pod\u00e9is picar algo en alguno de los encantadores beach clubs que est\u00e1n en la playa.<br>Tambi\u00e9n hay un chiringuito que se llama S\u2019Embat, con muy buen ambiente y m\u00fasica. El mejor d\u00eda para ir es el domingo. Llegar temprano, pasar el d\u00eda en la playa, y cuando cae la tarde disfrutar de la m\u00fasica en directo que ofrece este lugar id\u00edlico.<\/p>\n\n\n\n<p>Descubre m\u00e1s en: <a href=\"https:\/\/www.vacalia.com\/blog\/es\/que-ver-en-mallorca-en-primavera\/\">qu\u00e9 ver&nbsp;en Mallorca en Primavera<\/a><\/p>\n\n\n\n<p>Y si al final te decides y quieres conocer estas maravillas isle\u00f1as por ti mismo, <a href=\"https:\/\/www.vacalia.com\">aqu\u00ed puedes elegir&nbsp;una finca<\/a> donde relajarte y sentir que est\u00e1s en tu segunda casa.<\/p>\n\n\n<div class=\"bannerBlog\"><div class=\"new-card-houses\">\n    <div class=\"likeOut likeDivOut\" style=\"display:none\">\n        <a data-id=\"4610\" class=\"likeOut_button_red likeBtnFav\"\n            aria-label=\"Megusta Vacalia\"><\/a>\n    <\/div>\n    <figure>\n        <img loading=\"lazy\" decoding=\"async\" \n            loading=\"lazy\" width=\"301\" height=\"200\"\n            src=\"\/\/media.vacalia.com\/photo\/reformatwebpfolder\/350\/200\/4610\/thumb-middle\/4610_ecd0c46c318daf2abc8e81a8858f2d5d.webp?v=21092023\"\n            alt=\"Son march i - Alquiler vacacional en Sa Pobla\"\/>\n                                                                        <div class=\"circleDiscount\">-30%<\/div>\n                        <\/figure>\n    <p itemprop=\"address\"><i class=\"ico-marker\"><\/i>Sa Pobla, Mallorca<\/p>\n    <h3 itemprop=\"name\">Son march i<\/h3>\n    <ul class=\"icon_list inline_list\">\n                              <li class=\"ico-pool\" title=\"Piscina\">\n              <span itemprop=\"amenityFeature\">Piscina<\/span>\n            <\/li>\n                      <li class=\"ico-airConditioning\" title=\"Aire Acondicionado\">\n              <span itemprop=\"amenityFeature\">Aire Acondicionado<\/span>\n            <\/li>\n                      <li class=\"ico-wifi\" title=\"Wifi\">\n              <span itemprop=\"amenityFeature\">Wifi<\/span>\n            <\/li>\n                          <li class=\"ico-guests\" title=\"Para 6 hu\u00e9spedes en Sa Pobla.\">\n          <span itemprop=\"occupancy\">6<\/span>\n        <\/li>\n    <\/ul>\n            <span class=\"price\">Desde 114\u20ac \/ noche<\/span>\n                <a itemprop=\"url\" class=\"anchor\" href=\"https:\/\/www.vacalia.com\/es\/villa-son-march-i-sa-pobla-h26879\" aria-label=\"Son march i\"><\/a>\n<\/div><div class=\"new-card-houses\">\n    <div class=\"likeOut likeDivOut\" style=\"display:none\">\n        <a data-id=\"2403\" class=\"likeOut_button_red likeBtnFav\"\n            aria-label=\"Megusta Vacalia\"><\/a>\n    <\/div>\n    <figure>\n        <img loading=\"lazy\" decoding=\"async\" \n            loading=\"lazy\" width=\"301\" height=\"200\"\n            src=\"\/\/media.vacalia.com\/photo\/reformatwebpfolder\/350\/200\/2403\/thumb-middle\/2403_f6a889196b5762733d7873c6e1a9e2d2.webp?v=21092023\"\n            alt=\"Sa marjal - Alquiler vacacional en Muro\"\/>\n                                                                        <div class=\"circleDiscount\">-10%<\/div>\n                        <\/figure>\n    <p itemprop=\"address\"><i class=\"ico-marker\"><\/i>Muro, Mallorca<\/p>\n    <h3 itemprop=\"name\">Sa marjal<\/h3>\n    <ul class=\"icon_list inline_list\">\n                              <li class=\"ico-pool\" title=\"Piscina\">\n              <span itemprop=\"amenityFeature\">Piscina<\/span>\n            <\/li>\n                      <li class=\"ico-wifi\" title=\"Wifi\">\n              <span itemprop=\"amenityFeature\">Wifi<\/span>\n            <\/li>\n                          <li class=\"ico-guests\" title=\"Para 3 hu\u00e9spedes en Muro.\">\n          <span itemprop=\"occupancy\">3<\/span>\n        <\/li>\n    <\/ul>\n            <span class=\"price\">Desde 134\u20ac \/ noche<\/span>\n                <a itemprop=\"url\" class=\"anchor\" href=\"https:\/\/www.vacalia.com\/es\/casa-vacacional-sa-marjal-muro-h18227\" aria-label=\"Sa marjal\"><\/a>\n<\/div><\/div>\n","protected":false},"excerpt":{"rendered":"<p>Descubre los 5 lugares que visitar en Mallorca con m\u00e1s encanto. Adem\u00e1s, tambi\u00e9n hablaremos sobre qu\u00e9 encontrar en Mallorca m\u00e1s all\u00e1 de sus playas.<\/p>\n","protected":false},"author":1,"featured_media":0,"comment_status":"closed","ping_status":"open","sticky":false,"template":"","format":"standard","meta":{"_monsterinsights_skip_tracking":false,"_monsterinsights_sitenote_active":false,"_monsterinsights_sitenote_note":"","_monsterinsights_sitenote_category":0,"footnotes":""},"categories":[1],"tags":[],"class_list":["post-174","post","type-post","status-publish","format-standard","hentry","category-general-es"],"_links":{"self":[{"href":"https:\/\/www.vacalia.com\/blog\/wp-json\/wp\/v2\/posts\/174"}],"collection":[{"href":"https:\/\/www.vacalia.com\/blog\/wp-json\/wp\/v2\/posts"}],"about":[{"href":"https:\/\/www.vacalia.com\/blog\/wp-json\/wp\/v2\/types\/post"}],"author":[{"embeddable":true,"href":"https:\/\/www.vacalia.com\/blog\/wp-json\/wp\/v2\/users\/1"}],"replies":[{"embeddable":true,"href":"https:\/\/www.vacalia.com\/blog\/wp-json\/wp\/v2\/comments?post=174"}],"version-history":[{"count":13,"href":"https:\/\/www.vacalia.com\/blog\/wp-json\/wp\/v2\/posts\/174\/revisions"}],"predecessor-version":[{"id":4810,"href":"https:\/\/www.vacalia.com\/blog\/wp-json\/wp\/v2\/posts\/174\/revisions\/4810"}],"wp:attachment":[{"href":"https:\/\/www.vacalia.com\/blog\/wp-json\/wp\/v2\/media?parent=174"}],"wp:term":[{"taxonomy":"category","embeddable":true,"href":"https:\/\/www.vacalia.com\/blog\/wp-json\/wp\/v2\/categories?post=174"},{"taxonomy":"post_tag","embeddable":true,"href":"https:\/\/www.vacalia.com\/blog\/wp-json\/wp\/v2\/tags?post=174"}],"curies":[{"name":"wp","href":"https:\/\/api.w.org\/{rel}","templated":true}]}}