{"id":1789,"date":"2018-06-08T09:41:26","date_gmt":"2018-06-08T09:41:26","guid":{"rendered":"https:\/\/www.vacalia.com\/blog\/?p=1789"},"modified":"2024-02-14T12:27:18","modified_gmt":"2024-02-14T11:27:18","slug":"sonnenuntergang-in-javea","status":"publish","type":"post","link":"https:\/\/www.vacalia.com\/blog\/sonnenuntergang-in-javea\/","title":{"rendered":"Wo kann man einen sch\u00f6nen Sonnenuntergang in J\u00e1vea beobachten?"},"content":{"rendered":"<p><span style=\"font-weight: 400;\">J\u00e1vea ist ein beliebtes Urlaubsziel in der Gemeinde von Valencia. Besonders im Sommer lohnt es sich die herrlichen Ecken der sch\u00f6nen Gemeinde zu erkunden, die Str\u00e4nde und paradiesischen Buchten von J\u00e1vea sind besonders beliebt.<\/span><\/p>\n<p><img fetchpriority=\"high\" decoding=\"async\" class=\"alignnone wp-image-1790\" src=\"https:\/\/www.vacalia.com\/blog\/wp-content\/uploads\/2018\/06\/5-LUGARES-EN-MALLORCA-CON-ENCANTO-1.png\" alt=\"Sonnenuntergang in J\u00e1vea\" width=\"1200\" height=\"675\" srcset=\"https:\/\/www.vacalia.com\/blog\/wp-content\/uploads\/2018\/06\/5-LUGARES-EN-MALLORCA-CON-ENCANTO-1.png 800w, https:\/\/www.vacalia.com\/blog\/wp-content\/uploads\/2018\/06\/5-LUGARES-EN-MALLORCA-CON-ENCANTO-1-300x169.png 300w, https:\/\/www.vacalia.com\/blog\/wp-content\/uploads\/2018\/06\/5-LUGARES-EN-MALLORCA-CON-ENCANTO-1-768x432.png 768w\" sizes=\"(max-width: 1200px) 100vw, 1200px\" \/><\/p>\n<p><!--more--><br \/>\nJ\u00e1vea ist ein beliebtes Urlaubsziel in der Gemeinde von Valencia. Besonders im Sommer lohnt es sich die herrlichen Ecken der sch\u00f6nen Gemeinde zu erkunden, die Str\u00e4nde und paradiesischen Buchten von J\u00e1vea sind besonders beliebt.<\/p>\n<p>In diesem Artikel m\u00f6chten wir einige Orte vorstellen an denen man ganz besonders sch\u00f6ne Sonnenunterg\u00e4nge beobachten kann, also machen Sie sich Notizen und besuchen Sie die besonders reizvollen Orte!<\/p>\n<h2 class=\"post-item__subtitle\">Orte zum beobachten von Sonnenunterg\u00e4ng in J\u00e1vea<\/h2>\n<h3 class=\"post-item__subtitle\">Cap de Sant Antoni<\/h3>\n<p>Im Naturpark Montg\u00f3 liegt das Kap von Sant Antoni, mit Klippen von mehr als 150m \u00fcber dem Meeresspiegel. Zu Ihren F\u00fc\u00dfen befindet sich ein Meeresschutzgebiet von gro\u00dfem \u00f6kologischem Interesse. Es gibt einen Leuchtturm und von hier aus \u00fcberblicken Sie die gesamte K\u00fcste von Javea und Denia. An sehr klaren Tagen kann man in der Ferne, am Horizont die Inseln Ibiza und Formentera sehen. Ein fantastischer Ort um einen besonders sch\u00f6nen Abend zu verbringen und die Landschaft zu geniessen.<\/p>\n<p><a href=\"https:\/\/www.vacalia.com\"><img decoding=\"async\" class=\"size-large wp-image-1792 alignnone\" src=\"https:\/\/www.vacalia.com\/blog\/wp-content\/uploads\/2018\/06\/IMG_20180525_195322-1024x768-1024x768.jpg\" alt=\"Sonnenuntergang in J\u00e1vea\" width=\"1024\" height=\"768\" srcset=\"https:\/\/www.vacalia.com\/blog\/wp-content\/uploads\/2018\/06\/IMG_20180525_195322-1024x768.jpg 1024w, https:\/\/www.vacalia.com\/blog\/wp-content\/uploads\/2018\/06\/IMG_20180525_195322-1024x768-300x225.jpg 300w, https:\/\/www.vacalia.com\/blog\/wp-content\/uploads\/2018\/06\/IMG_20180525_195322-1024x768-768x576.jpg 768w\" sizes=\"(max-width: 1024px) 100vw, 1024px\" \/><\/a><\/p>\n<h3 class=\"post-item__subtitle\">Aussichtspunkt \u201cdels Molins de la Plana\u201d<\/h3>\n<p>Bei den alten Windm\u00fchlen, die fr\u00fcher genutzt wurden um Korn zu mahlen, hat man einen sehr sch\u00f6nen Blick auf die Landschaft der Gemeinde J\u00e1vea, die K\u00fcste und das Meer. Einige der Windm\u00fchlen haben keine Windfl\u00fcgel mehr, sie sind der Zeit zum Opfer gefallen, andere sind restauriert und funktionst\u00fcchtig. In jedem Fall ein bezaubernder Ort den man abends besuchen kann um den Sonnenuntergang zu beobachten.<\/p>\n<p><a href=\"https:\/\/www.vacalia.com\/\"><img decoding=\"async\" class=\"wp-image-1791 alignnone\" title=\"Sonnenuntergang in J\u00e1vea\" src=\"https:\/\/www.vacalia.com\/blog\/wp-content\/uploads\/2018\/06\/IMG_20180525_201249-1024x768-1024x768.jpg\" alt=\"Sonnenuntergang in J\u00e1vea\" width=\"1024\" height=\"768\" srcset=\"https:\/\/www.vacalia.com\/blog\/wp-content\/uploads\/2018\/06\/IMG_20180525_201249-1024x768.jpg 1024w, https:\/\/www.vacalia.com\/blog\/wp-content\/uploads\/2018\/06\/IMG_20180525_201249-1024x768-300x225.jpg 300w, https:\/\/www.vacalia.com\/blog\/wp-content\/uploads\/2018\/06\/IMG_20180525_201249-1024x768-768x576.jpg 768w\" sizes=\"(max-width: 1024px) 100vw, 1024px\" \/><\/a><\/p>\n<h3 class=\"post-item__subtitle\">Cap de la Nau<\/h3>\n<p>Der \u00f6stlichste Punkt der Gemeinde von Valencia wird als Cap de la Nau bezeichnet und hier befindet sich ein ausgezeichneter Aussichtspunkt und ein Leuchtturm. Es ist ein tolles Fleckchen Erde um den Alltag auszublenden, den Tag mit Freunden und Familie ausklingen zu lassen und die zauberhafte Landschaft der Costa Blanca zu bewundern.<\/p>\n<p><a href=\"https:\/\/www.vacalia.com\/\"><img loading=\"lazy\" decoding=\"async\" class=\"size-large wp-image-1796 alignnone\" src=\"https:\/\/www.vacalia.com\/blog\/wp-content\/uploads\/2018\/06\/lighthouse-1529014_1920-1024x676-1024x676.jpg\" alt=\"Sonnenuntergang in J\u00e1vea\" width=\"1024\" height=\"676\" srcset=\"https:\/\/www.vacalia.com\/blog\/wp-content\/uploads\/2018\/06\/lighthouse-1529014_1920-1024x676.jpg 1024w, https:\/\/www.vacalia.com\/blog\/wp-content\/uploads\/2018\/06\/lighthouse-1529014_1920-1024x676-300x198.jpg 300w, https:\/\/www.vacalia.com\/blog\/wp-content\/uploads\/2018\/06\/lighthouse-1529014_1920-1024x676-768x507.jpg 768w\" sizes=\"(max-width: 1024px) 100vw, 1024px\" \/><\/a><\/p>\n<h3 class=\"post-item__subtitle\">Aussichtspunkt \u201cdel Castell de la Granadella\u201d<\/h3>\n<p>Die Bucht von Granadella hat einen Strand aus feinem Kiesel und Felsen und kristallklares Wasser. Sie eignet sich hervorragend zum Tauchen und Schnorcheln, ein Tag in dieser Bucht wird zum Spa\u00df f\u00fcr die ganze Familie. Am Abend, wenn der Sonnenuntergang n\u00e4her r\u00fcckt, k\u00f6nnen Sie zu den \u00dcberresten der alten Burg von Granadella aufsteigen. Bietet neben dem kulturellen Interesse, am Aussichtspunkt einen fantastischen Ausblick auf das K\u00fcstengebiet. Das klingt nach einem perfekten Plan, f\u00fcr einen Tag in J\u00e1vea den Sie sich nicht entgehen lassen sollten!<\/p>\n<figure id=\"attachment_1795\" aria-describedby=\"caption-attachment-1795\" style=\"width: 1024px\" class=\"wp-caption alignnone\"><a href=\"https:\/\/www.vacalia.com\/\"><img loading=\"lazy\" decoding=\"async\" class=\"wp-image-1795 size-large\" src=\"https:\/\/www.vacalia.com\/blog\/wp-content\/uploads\/2018\/06\/Wikiloc-1024x576-1024x576.jpg\" alt=\"Sonnenuntergang in J\u00e1vea\" width=\"1024\" height=\"576\" srcset=\"https:\/\/www.vacalia.com\/blog\/wp-content\/uploads\/2018\/06\/Wikiloc-1024x576.jpg 1024w, https:\/\/www.vacalia.com\/blog\/wp-content\/uploads\/2018\/06\/Wikiloc-1024x576-300x169.jpg 300w, https:\/\/www.vacalia.com\/blog\/wp-content\/uploads\/2018\/06\/Wikiloc-1024x576-768x432.jpg 768w\" sizes=\"(max-width: 1024px) 100vw, 1024px\" \/><\/a><figcaption id=\"caption-attachment-1795\" class=\"wp-caption-text\">Photo: Wikiloc<\/figcaption><\/figure>\n<h3 class=\"post-item__subtitle\">Aussichtspunkt \u201cde la Creu del Portitxol\u201d<\/h3>\n<p>Einen imposanten Blick auf die Insel Protixol haben Sie vom Aussichtspunkt \u201cde la Creu del Portixiol\u201d. Einen sch\u00f6nen Kontrast zum tiefen Blau des Meeres bilden die gr\u00fcnen B\u00e4ume der Umgebung. Ohne Zweifel ein eindrucksvoller Ort um den Sonnenuntergang zu beobachten. Den Alltag und Stress k\u00f6nnen Sie in der ca. 200m langen Bucht Sardinera hinter sich lassen. Die Bucht mit einem Strand aus Kiesel und Felsen ist wenig frequentiert, absolut ruhig und nicht weit vom Aussichtspunkt entfernt. Was gibt es sch\u00f6neres als einen relaxten Tag mit einem spektakul\u00e4ren Sonnenuntergang zu beschlie\u00dfen?<\/p>\n<figure id=\"attachment_1794\" aria-describedby=\"caption-attachment-1794\" style=\"width: 1024px\" class=\"wp-caption alignnone\"><a href=\"https:\/\/www.vacalia.com\/\"><img loading=\"lazy\" decoding=\"async\" class=\"wp-image-1794 size-large\" src=\"https:\/\/www.vacalia.com\/blog\/wp-content\/uploads\/2018\/06\/Por-ah\u00ed-no-es-1024x698-1024x698.jpg\" alt=\"Sonnenuntergang in J\u00e1vea\" width=\"1024\" height=\"698\" srcset=\"https:\/\/www.vacalia.com\/blog\/wp-content\/uploads\/2018\/06\/Por-ah\u00ed-no-es-1024x698.jpg 1024w, https:\/\/www.vacalia.com\/blog\/wp-content\/uploads\/2018\/06\/Por-ah\u00ed-no-es-1024x698-300x204.jpg 300w, https:\/\/www.vacalia.com\/blog\/wp-content\/uploads\/2018\/06\/Por-ah\u00ed-no-es-1024x698-768x524.jpg 768w\" sizes=\"(max-width: 1024px) 100vw, 1024px\" \/><\/a><figcaption id=\"caption-attachment-1794\" class=\"wp-caption-text\">Photo: Por ah\u00ed no es<\/figcaption><\/figure>\n<h3 class=\"post-item__subtitle\">Aussichtspunkt Cap Negre<\/h3>\n<p>Umgeben von charakteristischer Landschaft mit kleinen W\u00e4ldern aus Aleppo Kiefer bietet der Aussichtspunkt einen fantastischen Blick auf die K\u00fcste. Besonders am Abend ein beeindruckender Ort den Sie unbedingt besuchen sollten.<\/p>\n<figure id=\"attachment_1793\" aria-describedby=\"caption-attachment-1793\" style=\"width: 1024px\" class=\"wp-caption alignnone\"><a href=\"https:\/\/www.vacalia.com\/\"><img loading=\"lazy\" decoding=\"async\" class=\"wp-image-1793 size-large\" src=\"https:\/\/www.vacalia.com\/blog\/wp-content\/uploads\/2018\/06\/Mirador-de-cap-negre-wikiloc-1024x768-1024x768.jpg\" alt=\"Sonnenuntergang in J\u00e1vea\" width=\"1024\" height=\"768\" srcset=\"https:\/\/www.vacalia.com\/blog\/wp-content\/uploads\/2018\/06\/Mirador-de-cap-negre-wikiloc-1024x768.jpg 1024w, https:\/\/www.vacalia.com\/blog\/wp-content\/uploads\/2018\/06\/Mirador-de-cap-negre-wikiloc-1024x768-300x225.jpg 300w, https:\/\/www.vacalia.com\/blog\/wp-content\/uploads\/2018\/06\/Mirador-de-cap-negre-wikiloc-1024x768-768x576.jpg 768w\" sizes=\"(max-width: 1024px) 100vw, 1024px\" \/><\/a><figcaption id=\"caption-attachment-1793\" class=\"wp-caption-text\">Photo: Wikiloc<\/figcaption><\/figure>\n<h2 class=\"post-item__subtitle\">\u00bfWo kann man einen sch\u00f6nen Sonnenuntergang in J\u00e1vea beobachten?<\/h2>\n<p>Wir hoffen diese kleine Auswahl, an besonders sch\u00f6nen Orten um einen Sonnenuntergang in J\u00e1vea zu beobachten, hat Ihnen gefallen. Besonders im Sommer, wenn man dieses Naturspektakel, mit dem Besuch einer der zahlreichen, hervorragenden Buchten der Gemeinde verbinden kann, wird ein Tagesausflug zum Vergn\u00fcgen f\u00fcr die ganze Familie.<\/p>\n<p>Ach ja, brauchen Sie f\u00fcr Ihren Urlaub noch eine sch\u00f6ne Unterkunft in der Region? Dann sind Sie hier genau richtig! Bei Vacalia haben wir eine grosse Auswahl an Ferienunterk\u00fcnften und genau die Richtige f\u00fcr Sie! <a href=\"https:\/\/www.vacalia.com\/\">Besuchen Sie uns!<\/a><\/p>\n\n<div class=\"bannerBlog\"><div class=\"new-card-houses\">\n    <div class=\"likeOut likeDivOut\" style=\"display:none\">\n        <a data-id=\"2837\" class=\"likeOut_button_red likeBtnFav\"\n            aria-label=\"Megusta Vacalia\"><\/a>\n    <\/div>\n    <figure>\n        <img loading=\"lazy\" decoding=\"async\" \n            loading=\"lazy\" width=\"301\" height=\"200\"\n            src=\"\/\/media.vacalia.com\/photo\/reformatwebpfolder\/350\/200\/2837\/thumb-middle\/2837_a5029b586275288353e119c208bf09d4.webp?v=21092023\"\n            alt=\"Gladiolo - Ferienhaus auf X\u00e0bia\/J\u00e1vea\"\/>\n                                                                        <div class=\"circleDiscount\">-11%<\/div>\n                        <\/figure>\n    <p itemprop=\"address\"><i class=\"ico-marker\"><\/i>X\u00e0bia\/J\u00e1vea, Alicante<\/p>\n    <h3 itemprop=\"name\">Gladiolo<\/h3>\n    <ul class=\"icon_list inline_list\">\n                              <li class=\"ico-pool\" title=\"Pool\">\n              <span itemprop=\"amenityFeature\">Pool<\/span>\n            <\/li>\n                      <li class=\"ico-airConditioning\" title=\"Klimaanlage\">\n              <span itemprop=\"amenityFeature\">Klimaanlage<\/span>\n            <\/li>\n                      <li class=\"ico-wifi\" title=\"Wifi\">\n              <span itemprop=\"amenityFeature\">Wifi<\/span>\n            <\/li>\n                          <li class=\"ico-guests\" title=\"F\u00fcr 6 G\u00e4ste in X\u00e0bia\/j\u00e1vea.\">\n          <span itemprop=\"occupancy\">6<\/span>\n        <\/li>\n    <\/ul>\n            <span class=\"price\">Ab 101\u20ac \/ Nacht<\/span>\n                <a itemprop=\"url\" class=\"anchor\" href=\"https:\/\/www.vacalia.com\/de\/villa-gladiolo-xabia-javea-h19641\" aria-label=\"Gladiolo\"><\/a>\n<\/div><div class=\"new-card-houses\">\n    <div class=\"likeOut likeDivOut\" style=\"display:none\">\n        <a data-id=\"2838\" class=\"likeOut_button_red likeBtnFav\"\n            aria-label=\"Megusta Vacalia\"><\/a>\n    <\/div>\n    <figure>\n        <img loading=\"lazy\" decoding=\"async\" \n            loading=\"lazy\" width=\"301\" height=\"200\"\n            src=\"\/\/media.vacalia.com\/photo\/reformatwebpfolder\/350\/200\/2838\/thumb-middle\/2838_06c902e5155c905c9c7ca2e45a53fefd.webp?v=21092023\"\n            alt=\"Frederic - Ferienhaus auf X\u00e0bia\/J\u00e1vea\"\/>\n                                                                        <div class=\"circleDiscount\">-8%<\/div>\n                        <\/figure>\n    <p itemprop=\"address\"><i class=\"ico-marker\"><\/i>X\u00e0bia\/J\u00e1vea, Alicante<\/p>\n    <h3 itemprop=\"name\">Frederic<\/h3>\n    <ul class=\"icon_list inline_list\">\n                              <li class=\"ico-pool\" title=\"Pool\">\n              <span itemprop=\"amenityFeature\">Pool<\/span>\n            <\/li>\n                      <li class=\"ico-wifi\" title=\"Wifi\">\n              <span itemprop=\"amenityFeature\">Wifi<\/span>\n            <\/li>\n                          <li class=\"ico-guests\" title=\"F\u00fcr 6 G\u00e4ste in X\u00e0bia\/j\u00e1vea.\">\n          <span itemprop=\"occupancy\">6<\/span>\n        <\/li>\n    <\/ul>\n            <span class=\"price\">Ab 100\u20ac \/ Nacht<\/span>\n                <a itemprop=\"url\" class=\"anchor\" href=\"https:\/\/www.vacalia.com\/de\/villa-frederic-xabia-javea-h19851\" aria-label=\"Frederic\"><\/a>\n<\/div><\/div>\n","protected":false},"excerpt":{"rendered":"<p>J\u00e1vea ist ein beliebtes Urlaubsziel in der Gemeinde von Valencia. Besonders im Sommer lohnt es sich die herrlichen Ecken der sch\u00f6nen Gemeinde zu erkunden, die Str\u00e4nde und paradiesischen Buchten von&hellip;<\/p>\n","protected":false},"author":2,"featured_media":0,"comment_status":"closed","ping_status":"open","sticky":false,"template":"","format":"standard","meta":{"_monsterinsights_skip_tracking":false,"_monsterinsights_sitenote_active":false,"_monsterinsights_sitenote_note":"","_monsterinsights_sitenote_category":0,"footnotes":""},"categories":[40],"tags":[],"class_list":["post-1789","post","type-post","status-publish","format-standard","hentry","category-allgemein"],"_links":{"self":[{"href":"https:\/\/www.vacalia.com\/blog\/wp-json\/wp\/v2\/posts\/1789"}],"collection":[{"href":"https:\/\/www.vacalia.com\/blog\/wp-json\/wp\/v2\/posts"}],"about":[{"href":"https:\/\/www.vacalia.com\/blog\/wp-json\/wp\/v2\/types\/post"}],"author":[{"embeddable":true,"href":"https:\/\/www.vacalia.com\/blog\/wp-json\/wp\/v2\/users\/2"}],"replies":[{"embeddable":true,"href":"https:\/\/www.vacalia.com\/blog\/wp-json\/wp\/v2\/comments?post=1789"}],"version-history":[{"count":8,"href":"https:\/\/www.vacalia.com\/blog\/wp-json\/wp\/v2\/posts\/1789\/revisions"}],"predecessor-version":[{"id":4897,"href":"https:\/\/www.vacalia.com\/blog\/wp-json\/wp\/v2\/posts\/1789\/revisions\/4897"}],"wp:attachment":[{"href":"https:\/\/www.vacalia.com\/blog\/wp-json\/wp\/v2\/media?parent=1789"}],"wp:term":[{"taxonomy":"category","embeddable":true,"href":"https:\/\/www.vacalia.com\/blog\/wp-json\/wp\/v2\/categories?post=1789"},{"taxonomy":"post_tag","embeddable":true,"href":"https:\/\/www.vacalia.com\/blog\/wp-json\/wp\/v2\/tags?post=1789"}],"curies":[{"name":"wp","href":"https:\/\/api.w.org\/{rel}","templated":true}]}}