{"id":1888,"date":"2018-07-19T08:15:33","date_gmt":"2018-07-19T08:15:33","guid":{"rendered":"https:\/\/www.vacalia.com\/blog\/?p=1888"},"modified":"2024-02-14T11:22:35","modified_gmt":"2024-02-14T10:22:35","slug":"porque-alquilar-un-coche-en-mallorca","status":"publish","type":"post","link":"https:\/\/www.vacalia.com\/blog\/es\/porque-alquilar-un-coche-en-mallorca\/","title":{"rendered":"Porqu\u00e9 alquilar un coche en Mallorca"},"content":{"rendered":"<p style=\"text-align: justify;\"><span style=\"font-weight: 400;\">Si vas a viajar a Mallorca en breves, seguramente ya estar\u00e1s organizando todo el planing paso por paso. Si has llegado hasta aqu\u00ed es porque, seguramente, habr\u00e1s alquilado una casa vacacional en Mallorca con nosotros. \u00a1Genial! El pr\u00f3ximo paso ser\u00e1 decidir c\u00f3mo vas a moverte por los diferentes escenarios del para\u00edso y, por ello, hemos querido darte algunas razones sobre por qu\u00e9 <strong>alquilar un coche en Mallorca<\/strong> nos parece la mejor opci\u00f3n.<\/span><\/p>\n<p style=\"text-align: justify;\"><img fetchpriority=\"high\" decoding=\"async\" class=\"aligncenter size-full wp-image-1889\" src=\"https:\/\/www.vacalia.com\/blog\/wp-content\/uploads\/2018\/07\/BLOG-VACALIA.png\" alt=\"Alquilar un coche en Mallorca\" width=\"800\" height=\"450\" srcset=\"https:\/\/www.vacalia.com\/blog\/wp-content\/uploads\/2018\/07\/BLOG-VACALIA.png 800w, https:\/\/www.vacalia.com\/blog\/wp-content\/uploads\/2018\/07\/BLOG-VACALIA-300x169.png 300w, https:\/\/www.vacalia.com\/blog\/wp-content\/uploads\/2018\/07\/BLOG-VACALIA-768x432.png 768w\" sizes=\"(max-width: 800px) 100vw, 800px\" \/><\/p>\n<p style=\"text-align: justify;\"><!--more--><\/p>\n<ol style=\"text-align: justify;\">\n<li style=\"font-weight: 400;\"><span style=\"font-weight: 400;\"><strong>Recogida directa<\/strong>. Si decides alquilar un coche en Mallorca, podr\u00e1s llevarte el coche directamente desde el aeropuerto a tu destino. Olv\u00eddate de tener que coger bus, tren o taxi para tener que llegar a la oficina de recogida de tu coche de alquiler, simplemente sal del avi\u00f3n o barco y \u00a1entra en el coche!<\/span><\/li>\n<li style=\"font-weight: 400;\"><span style=\"font-weight: 400;\"><strong>Movilidad total.<\/strong> Una de las principales ventajas que tiene alquilar un coche en Mallorca es que podr\u00e1s moverte libremente por toda la isla. No habr\u00e1 carretera que se te resista y, adem\u00e1s, podr\u00e1s ser t\u00fa el creador de tu propia ruta. Al escoger el coche deber\u00e1s mirar cu\u00e1l se adapta mejor a tus necesidades, lo que nos lleva al punto 3.<\/span><\/li>\n<li style=\"font-weight: 400;\"><span style=\"font-weight: 400;\"><strong>Cambio.<\/strong> A la hora de viajar buscamos salir de la rutina, cambiar los elementos que nos rodean y a los que estamos acostumbrados. Lo mismo sucede si decid\u00eds alquilar un coche de alquiler en Mallorca. Si sois una familia lo m\u00e1s seguro es que opt\u00e9is por un mono-vol\u00famen que seguramente no conducir\u00edais en casa (m\u00e1s grande, m\u00e1s lujoso, con m\u00e1s prestaciones, etc.). En cambio, si sois una pareja, optar por un descapotable es una idea estupenda para visitar la isla mientras la brisa mediterr\u00e1nea os rodea. <\/span><\/li>\n<li style=\"font-weight: 400;\"><span style=\"font-weight: 400;\"><strong>Visitar lugares escondidos.<\/strong> Seguramente si opt\u00e1is por el transporte p\u00fablico no podr\u00e9is acceder a tantos lugares como podr\u00edais hacerlo al alquilar un coche en Mallorca. Hay much\u00edsimo lugares a los que ni siquiera se puede llegar en coche, pero al menos si dispon\u00e9is de vuestro propio veh\u00edculo podr\u00e9is ir andando haciendo una peque\u00f1a excursi\u00f3n y no tendr\u00e9is que estar pendientes del transporte p\u00fablico. <\/span><\/li>\n<li style=\"font-weight: 400;\"><span style=\"font-weight: 400;\"><strong>Espacio para extras.<\/strong> Aqu\u00ed entra otro punto muy importante relacionado con el n\u00famero 4. Si decid\u00eds ir a la playa o realizar una excursi\u00f3n, ser\u00eda interesante poder llevar equipamiento necesario de \u201cpor si acaso\u201d. Toallas extras, ropa de recambio, accesorios para hacer escalada, botellas de agua para manteneros hidratados\u2026 Y ya \u00a1que decir si viaj\u00e1is con ni\u00f1os!<\/span><\/li>\n<li style=\"font-weight: 400;\"><span style=\"font-weight: 400;\"><strong>Seguridad.<\/strong> Este punto es de los m\u00e1s importantes ya que puede ahorrarnos muchos disgustos en nuestro paso por las carreteras. Si decid\u00eds alquilar un coche en Mallorca tendr\u00e9is la seguridad de que est\u00e1 todo revisado y se han hecho los cambios y comprobaciones correspondientes. En cambio, si vinierais con el vuestro, deber\u00edais hacerlo previamente al llegar a la isla, lo cual se traduce en una inversi\u00f3n de tiempo y dinero innecesarios.<\/span><\/li>\n<\/ol>\n<p><img decoding=\"async\" class=\"aligncenter size-large wp-image-1892\" src=\"https:\/\/www.vacalia.com\/blog\/wp-content\/uploads\/2018\/07\/break-car-couple-196666-1024x683.jpg\" alt=\"Alquilar un coche en Mallorca\" width=\"1024\" height=\"683\" srcset=\"https:\/\/www.vacalia.com\/blog\/wp-content\/uploads\/2018\/07\/break-car-couple-196666-1024x683.jpg 1024w, https:\/\/www.vacalia.com\/blog\/wp-content\/uploads\/2018\/07\/break-car-couple-196666-300x200.jpg 300w, https:\/\/www.vacalia.com\/blog\/wp-content\/uploads\/2018\/07\/break-car-couple-196666-768x512.jpg 768w, https:\/\/www.vacalia.com\/blog\/wp-content\/uploads\/2018\/07\/break-car-couple-196666-1050x700.jpg 1050w, https:\/\/www.vacalia.com\/blog\/wp-content\/uploads\/2018\/07\/break-car-couple-196666-1600x1067.jpg 1600w\" sizes=\"(max-width: 1024px) 100vw, 1024px\" \/><\/p>\n<p style=\"text-align: justify;\"><strong>Recomendaciones al alquilar un coche en Mallorca:<\/strong><\/p>\n<ol style=\"text-align: justify;\">\n<li style=\"font-weight: 400;\"><span style=\"font-weight: 400;\"><strong>Comprobar el estado del coche al recogerlo.<\/strong> Antes de marcharos con el coche, deber\u00e9is comprobar que el estado sea el adecuado para que, al devolverlo, no os encontr\u00e9is con ninguna sorpresa. <\/span><\/li>\n<li style=\"font-weight: 400;\"><span style=\"font-weight: 400;\"><strong>Hidrataci\u00f3n.<\/strong> Si viajamos a Mallorca, especialmente en verano, debemos tener en cuenta que es una isla muy h\u00fameda. Es recomendable llevar siempre previsiones de agua con nosotros, a ser posible una botella congelada y una fr\u00eda para poder tener siempre agua fr\u00eda a nuestra disposici\u00f3n. <\/span><\/li>\n<li style=\"font-weight: 400;\"><span style=\"font-weight: 400;\"><strong>Protecci\u00f3n solar.<\/strong> Si el viaje es largo, deberemos optar por llevar con nosotros protecci\u00f3n solar alta para no quemarnos durante el recorrido. Intentad evitar moveros mucho en coche durante las horas m\u00e1s calientes (de 12pm a 17pm) y recordad estar siempre protegidos ante los rayos de sol. Entendemos que ven\u00eds a disfrutar del calor mediterr\u00e1neo, pero recordad hacerlo siempre con protecci\u00f3n. <\/span><\/li>\n<li style=\"font-weight: 400;\"><span style=\"font-weight: 400;\"><strong>Parasoles.<\/strong> Antes de llegar a la isla comprobad si el coche que hab\u00e9is alquilado lleva parasoles o si deb\u00e9is llevarlos de casa o comprarlos en el destino. Es un punto muy importante ya que, si dejamos el coche al sol, hay d\u00edas en que podr\u00eda llegar a temperaturas que ronden los 40 grados si hace mucha calor. Tener con nosotros parasoles nos ayudar\u00e1 a reducir el impacto del sol y poder disfrutar de una temperatura mucho m\u00e1s amena al volver al coche. \u00a0<\/span><\/li>\n<li style=\"font-weight: 400;\"><span style=\"font-weight: 400;\"><strong>Mapa o GPS.<\/strong> Es cierto que la isla en si no es muy grande, pero si que hay muchas carreteras secundarias en las que podr\u00edamos perdernos. Es importante llevar con nosotros o bien un mapa o bien un dispositivo GPS para poder garantizar en todo momento que sabemos donde nos encontramos. Comprobad con la agencia de alquiler de coches si vuestro autom\u00f3vil tiene dichos dispositivos.<\/span><\/li>\n<li style=\"font-weight: 400;\"><span style=\"font-weight: 400;\"><strong>Entretenimiento para los m\u00e1s peque\u00f1os.<\/strong> Los trayectos m\u00e1s largos pueden tener una duraci\u00f3n de una hora, as\u00ed que es aconsejable llevar consigo entretenimiento para los m\u00e1s peque\u00f1os. Debemos asegurarnos de que todos disfrutan el viaje tanto como nosotros.<\/span><\/li>\n<\/ol>\n<p><img decoding=\"async\" class=\"aligncenter size-large wp-image-1893\" src=\"https:\/\/www.vacalia.com\/blog\/wp-content\/uploads\/2018\/07\/blank-destination-geography-437646-1024x707.jpg\" alt=\"Alquilar un coche en Mallorca\" width=\"1024\" height=\"707\" srcset=\"https:\/\/www.vacalia.com\/blog\/wp-content\/uploads\/2018\/07\/blank-destination-geography-437646-1024x707.jpg 1024w, https:\/\/www.vacalia.com\/blog\/wp-content\/uploads\/2018\/07\/blank-destination-geography-437646-300x207.jpg 300w, https:\/\/www.vacalia.com\/blog\/wp-content\/uploads\/2018\/07\/blank-destination-geography-437646-768x530.jpg 768w, https:\/\/www.vacalia.com\/blog\/wp-content\/uploads\/2018\/07\/blank-destination-geography-437646-1050x725.jpg 1050w, https:\/\/www.vacalia.com\/blog\/wp-content\/uploads\/2018\/07\/blank-destination-geography-437646-1600x1105.jpg 1600w\" sizes=\"(max-width: 1024px) 100vw, 1024px\" \/><\/p>\n<p style=\"text-align: justify;\"><span style=\"font-weight: 400;\">Estas han sido nuestras recomendaciones para <strong>alquilar un coche en Mallorca.<\/strong> Recordad que casi todas nuestras casas de alquiler vacacional tienen espacio suficiente para que vuestro coche pueda descansar tambi\u00e9n dentro y no os teng\u00e1is que preocupar por nada. <a href=\"https:\/\/www.vacalia.com\/es\">Y si todav\u00eda no tienes una finca, te invitamos a visitar nuestra web<\/a>. \u00a1Os esperamos!<\/span><\/p>\n\n<div class=\"bannerBlog\"><div class=\"new-card-houses\">\n    <div class=\"likeOut likeDivOut\" style=\"display:none\">\n        <a data-id=\"3044\" class=\"likeOut_button_red likeBtnFav\"\n            aria-label=\"Megusta Vacalia\"><\/a>\n    <\/div>\n    <figure>\n        <img loading=\"lazy\" decoding=\"async\" \n            loading=\"lazy\" width=\"301\" height=\"200\"\n            src=\"\/\/media.vacalia.com\/photo\/reformatwebpfolder\/350\/200\/3044\/thumb-middle\/3044_ea74568296df13355ed223779a95bcb8.webp?v=21092023\"\n            alt=\"Na maians - Alquiler vacacional en Capdepera\"\/>\n                                                                        <div class=\"circleDiscount\">-10%<\/div>\n                        <\/figure>\n    <p itemprop=\"address\"><i class=\"ico-marker\"><\/i>Capdepera, Mallorca<\/p>\n    <h3 itemprop=\"name\">Na maians<\/h3>\n    <ul class=\"icon_list inline_list\">\n                              <li class=\"ico-pool\" title=\"Piscina\">\n              <span itemprop=\"amenityFeature\">Piscina<\/span>\n            <\/li>\n                      <li class=\"ico-airConditioning\" title=\"Aire Acondicionado\">\n              <span itemprop=\"amenityFeature\">Aire Acondicionado<\/span>\n            <\/li>\n                      <li class=\"ico-wifi\" title=\"Wifi\">\n              <span itemprop=\"amenityFeature\">Wifi<\/span>\n            <\/li>\n                          <li class=\"ico-guests\" title=\"Para 6 hu\u00e9spedes en Capdepera.\">\n          <span itemprop=\"occupancy\">6<\/span>\n        <\/li>\n    <\/ul>\n            <span class=\"price\">Desde 257\u20ac \/ noche<\/span>\n                <a itemprop=\"url\" class=\"anchor\" href=\"https:\/\/www.vacalia.com\/es\/villa-na-maians-capdepera-h20306\" aria-label=\"Na maians\"><\/a>\n<\/div><div class=\"new-card-houses\">\n    <div class=\"likeOut likeDivOut\" style=\"display:none\">\n        <a data-id=\"353\" class=\"likeOut_button_red likeBtnFav\"\n            aria-label=\"Megusta Vacalia\"><\/a>\n    <\/div>\n    <figure>\n        <img loading=\"lazy\" decoding=\"async\" \n            loading=\"lazy\" width=\"301\" height=\"200\"\n            src=\"\/\/media.vacalia.com\/photo\/reformatwebpfolder\/350\/200\/353\/thumb-middle\/02-1-A0680LGM09.webp?v=21092023\"\n            alt=\"Casa rural sa sorda - Alquiler vacacional en Campos\"\/>\n                                                                        <div class=\"circleDiscount\">-9%<\/div>\n                        <\/figure>\n    <p itemprop=\"address\"><i class=\"ico-marker\"><\/i>Campos, Mallorca<\/p>\n    <h3 itemprop=\"name\">Casa rural sa sorda<\/h3>\n    <ul class=\"icon_list inline_list\">\n                              <li class=\"ico-pool\" title=\"Piscina\">\n              <span itemprop=\"amenityFeature\">Piscina<\/span>\n            <\/li>\n                      <li class=\"ico-airConditioning\" title=\"Aire Acondicionado\">\n              <span itemprop=\"amenityFeature\">Aire Acondicionado<\/span>\n            <\/li>\n                      <li class=\"ico-wifi\" title=\"Wifi\">\n              <span itemprop=\"amenityFeature\">Wifi<\/span>\n            <\/li>\n                          <li class=\"ico-guests\" title=\"Para 8 hu\u00e9spedes en Campos.\">\n          <span itemprop=\"occupancy\">8<\/span>\n        <\/li>\n    <\/ul>\n            <span class=\"price\">Desde 137\u20ac \/ noche<\/span>\n                <a itemprop=\"url\" class=\"anchor\" href=\"https:\/\/www.vacalia.com\/es\/villa-casa-rural-sa-sorda-campos-h15185\" aria-label=\"Casa rural sa sorda\"><\/a>\n<\/div><\/div>\n","protected":false},"excerpt":{"rendered":"<p>Si vas a viajar a Mallorca en breves, seguramente ya estar\u00e1s organizando todo el planing paso por paso. Si has llegado hasta aqu\u00ed es porque, seguramente, habr\u00e1s alquilado una casa&hellip;<\/p>\n","protected":false},"author":2,"featured_media":0,"comment_status":"closed","ping_status":"open","sticky":false,"template":"","format":"standard","meta":{"_monsterinsights_skip_tracking":false,"_monsterinsights_sitenote_active":false,"_monsterinsights_sitenote_note":"","_monsterinsights_sitenote_category":0,"footnotes":""},"categories":[1],"tags":[],"class_list":["post-1888","post","type-post","status-publish","format-standard","hentry","category-general-es"],"_links":{"self":[{"href":"https:\/\/www.vacalia.com\/blog\/wp-json\/wp\/v2\/posts\/1888"}],"collection":[{"href":"https:\/\/www.vacalia.com\/blog\/wp-json\/wp\/v2\/posts"}],"about":[{"href":"https:\/\/www.vacalia.com\/blog\/wp-json\/wp\/v2\/types\/post"}],"author":[{"embeddable":true,"href":"https:\/\/www.vacalia.com\/blog\/wp-json\/wp\/v2\/users\/2"}],"replies":[{"embeddable":true,"href":"https:\/\/www.vacalia.com\/blog\/wp-json\/wp\/v2\/comments?post=1888"}],"version-history":[{"count":5,"href":"https:\/\/www.vacalia.com\/blog\/wp-json\/wp\/v2\/posts\/1888\/revisions"}],"predecessor-version":[{"id":4778,"href":"https:\/\/www.vacalia.com\/blog\/wp-json\/wp\/v2\/posts\/1888\/revisions\/4778"}],"wp:attachment":[{"href":"https:\/\/www.vacalia.com\/blog\/wp-json\/wp\/v2\/media?parent=1888"}],"wp:term":[{"taxonomy":"category","embeddable":true,"href":"https:\/\/www.vacalia.com\/blog\/wp-json\/wp\/v2\/categories?post=1888"},{"taxonomy":"post_tag","embeddable":true,"href":"https:\/\/www.vacalia.com\/blog\/wp-json\/wp\/v2\/tags?post=1888"}],"curies":[{"name":"wp","href":"https:\/\/api.w.org\/{rel}","templated":true}]}}