{"id":1925,"date":"2018-09-05T11:55:07","date_gmt":"2018-09-05T11:55:07","guid":{"rendered":"https:\/\/www.vacalia.com\/blog\/?p=1925"},"modified":"2024-02-14T12:28:21","modified_gmt":"2024-02-14T11:28:21","slug":"wanderrouten-auf-mallorca-teil-2","status":"publish","type":"post","link":"https:\/\/www.vacalia.com\/blog\/wanderrouten-auf-mallorca-teil-2\/","title":{"rendered":"Wanderrouten auf Mallorca (Teil 2)"},"content":{"rendered":"<p>An was denkst Du, wenn Du das Wort Herbst h\u00f6rst? An bunte Bl\u00e4tter, die den Boden bedecken, nebelige Nachmittage auf der Couch oder an eine w\u00e4rmende Tasse Tee am Kamin? Im Gro\u00dfteil Europas zeigt sich der Herbst wahrscheinlich von dieser Seite, aber auf Mallorca verl\u00e4ngern wir die warme Jahreszeit und freuen uns auf einen richtigen Altweibersommer! Und mit unseren sch\u00f6nen Ferienh\u00e4usern bist Du bestens ger\u00fcstet, um nach einem Wandertag zu entspannen. In diesem Artikel zeigen wir Euch weitere sch\u00f6ne Wanderrouten auf Mallorca. Auf ins Abenteuer!<\/p>\n<p><img fetchpriority=\"high\" decoding=\"async\" class=\"alignnone wp-image-1964\" src=\"https:\/\/www.vacalia.com\/blog\/wp-content\/uploads\/2018\/09\/5-LUGARES-EN-MALLORCA-CON-ENCANTO-1.png\" alt=\"Wanderrouten auf Mallorca (Teil 2)\" width=\"1200\" height=\"675\" srcset=\"https:\/\/www.vacalia.com\/blog\/wp-content\/uploads\/2018\/09\/5-LUGARES-EN-MALLORCA-CON-ENCANTO-1.png 800w, https:\/\/www.vacalia.com\/blog\/wp-content\/uploads\/2018\/09\/5-LUGARES-EN-MALLORCA-CON-ENCANTO-1-300x169.png 300w, https:\/\/www.vacalia.com\/blog\/wp-content\/uploads\/2018\/09\/5-LUGARES-EN-MALLORCA-CON-ENCANTO-1-768x432.png 768w\" sizes=\"(max-width: 1200px) 100vw, 1200px\" \/><!--more--><\/p>\n<h2 class=\"post-item__subtitle\">Wanderrouten auf Mallorca<\/h2>\n<p>Auf Mallorca geniessen wir unseren sogenannten \u201cestiu de San Miquel\u201d &#8211; zu Deutsch Altweibersommer &#8211; mit Bergwanderungen und langen Spazierg\u00e4ngen an der frischen Luft. Wenn die Tage k\u00fcrzer werden und die Sonne an Intensit\u00e4t verliert, ist der perfekte Moment f\u00fcr Abenteurer und Aktivurlauber gekommen und man kann viele sch\u00f6ne Wanderrouten auf Mallorca unternehmen. Heute zeigen wir Dir ein paar wundersch\u00f6ne Ecken des Westens, der von der Bergkette Sierra de Tramuntana durchzogen wird. Das Gebirge h\u00e4lt aufregende Routen f\u00fcr die Wanderer bereit; vorbei an endlos weiten Olivenhainen, durch \u00fcppige T\u00e4ler, gr\u00fcne W\u00e4lder, hinauf zu majest\u00e4tisch anmutenden Berggipfeln. Mit 1445 Metern ist der Puig Major die h\u00f6chste Erhebung der Insel und ihm folgen weitere beeindruckende \u00fcber 1000 Meter hohe Berge wie der Puig Tomir, Puig de Masanella oder Puig de Galatz\u00f3. Also, rein in die Wanderschuhe und los gehts!<\/p>\n<p><img decoding=\"async\" class=\"alignnone wp-image-1967\" src=\"https:\/\/www.vacalia.com\/blog\/wp-content\/uploads\/2018\/09\/Puig_Tomir-2-1024x768.jpg\" alt=\"Wanderrouten auf Mallorca (Teil 2)\" width=\"1200\" height=\"900\" srcset=\"https:\/\/www.vacalia.com\/blog\/wp-content\/uploads\/2018\/09\/Puig_Tomir-2-1024x768.jpg 1024w, https:\/\/www.vacalia.com\/blog\/wp-content\/uploads\/2018\/09\/Puig_Tomir-2-300x225.jpg 300w, https:\/\/www.vacalia.com\/blog\/wp-content\/uploads\/2018\/09\/Puig_Tomir-2-768x576.jpg 768w, https:\/\/www.vacalia.com\/blog\/wp-content\/uploads\/2018\/09\/Puig_Tomir-2-1050x788.jpg 1050w, https:\/\/www.vacalia.com\/blog\/wp-content\/uploads\/2018\/09\/Puig_Tomir-2-1600x1200.jpg 1600w\" sizes=\"(max-width: 1200px) 100vw, 1200px\" \/><\/p>\n<h3 class=\"post-item__subtitle\">Kloster Lluc: Der alte Weg von Caimari nach Lluc<\/h3>\n<p>Der Cam\u00ed Vell verbindet den charmante Ort Caimar\u00ed mit dem Kloster Lluc und geh\u00f6rt zu den sch\u00f6nsten Wanderrouten auf Mallorca. Nicht nur Wanderer sondern auch Pilgerer treten jedes Jahr den ca. 4 Stunden langen Weg bis zum Kloster an. Den Beginn der Wanderung stellt ein mit Steinen gepflasterter Weg dar, der sich etwas au\u00dferhalb von Caimar\u00ed befindet. Vorbei an Olivenhainen und Pinienw\u00e4ldern steigt der gut ausgeschilderte Pfad stetig an und mehrere Aussichtspunkte bieten sch\u00f6ne Fotomotive. Die Luft ist erf\u00fcllt von k\u00f6stlichen D\u00fcften nach Pinien und Pilzen, w\u00e4hrend der Wanderer den weiten Blick aufs Tal genie\u00dft.<\/p>\n<p>Eine kleine Brotzeit kann man an der Herberge vor Lluc einlegen, die gleichzeitig Blick aufs Kloster bietet. Noch schnell ein paar Fotos gemacht und weiter gehts bis zum eigentlichen Ziel der Wanderung &#8211; nun sind es nur noch 30 Minuten. Damit Du Deine Pilgerreise mit einem gut gef\u00fcllten Bauch beginnen kannst, empfehlen wir Dir unser Fincahotel Sa Parellada in Binibona als Unterkunft.<\/p>\n<p><a href=\"https:\/\/www.vacalia.com\/de\/hotelzimmer-sa-parellada---gold-selva-h19581\">Agroturismo Sa Parellada: ab 82\u20ac \/ Nacht, inklusive Fr\u00fchst\u00fcck<\/a><\/p>\n<figure id=\"attachment_1966\" aria-describedby=\"caption-attachment-1966\" style=\"width: 1200px\" class=\"wp-caption alignnone\"><img decoding=\"async\" class=\"wp-image-1966\" src=\"https:\/\/www.vacalia.com\/blog\/wp-content\/uploads\/2018\/09\/cami-vell-lluc-1-TrailRunningMallorca-2-1024x575.jpg\" alt=\"Wanderrouten auf Mallorca (Teil 2)\" width=\"1200\" height=\"674\" srcset=\"https:\/\/www.vacalia.com\/blog\/wp-content\/uploads\/2018\/09\/cami-vell-lluc-1-TrailRunningMallorca-2-1024x575.jpg 1024w, https:\/\/www.vacalia.com\/blog\/wp-content\/uploads\/2018\/09\/cami-vell-lluc-1-TrailRunningMallorca-2-300x169.jpg 300w, https:\/\/www.vacalia.com\/blog\/wp-content\/uploads\/2018\/09\/cami-vell-lluc-1-TrailRunningMallorca-2-768x432.jpg 768w, https:\/\/www.vacalia.com\/blog\/wp-content\/uploads\/2018\/09\/cami-vell-lluc-1-TrailRunningMallorca-2-1050x590.jpg 1050w, https:\/\/www.vacalia.com\/blog\/wp-content\/uploads\/2018\/09\/cami-vell-lluc-1-TrailRunningMallorca-2-1600x899.jpg 1600w, https:\/\/www.vacalia.com\/blog\/wp-content\/uploads\/2018\/09\/cami-vell-lluc-1-TrailRunningMallorca-2.jpg 2000w\" sizes=\"(max-width: 1200px) 100vw, 1200px\" \/><figcaption id=\"caption-attachment-1966\" class=\"wp-caption-text\">Photo: TrailRunningMallorca<\/figcaption><\/figure>\n<h3 class=\"post-item__subtitle\">Das B\u00f3quer-Tal: Von Puerto de Pollen\u00e7a zur Cala B\u00f3quer<\/h3>\n<p>Dieser mediterrane Wanderweg f\u00fchrt durchs B\u00f3quer Tal, das an der Seite von der Bergkette Cavall Bernat flankiert wird und geh\u00f6rt zu den leichtesten und familienfreundlichsten Wanderrouten auf Mallorca. F\u00fcr den Hin- und R\u00fcckweg sollte man ohne Pausen ca. 2 Stunden einplanen. Obwohl der Weg leicht zu bew\u00e4ltigen ist, sollte man gutes Schuhwerk anziehen und gen\u00fcgend Wasser dabei haben, da das letzte Wegst\u00fcck etwas steil abf\u00e4llt und felsig ist. Ungef\u00e4hr eine halbe Stunde vor der Bucht erreicht man einen Aussichtspunkt mit traumhaftem Blick aufs Mittelmeer &#8211; perfekt f\u00fcr ein paar Panoramafotos!<\/p>\n<p>Die Cala an sich besteht aus Felsen und runden Steinen und h\u00e4lt eine kleine \u00dcberraschung bereit: die Bucht wird von wilden Ziegen bewohnt, die keine Scheu vor Menschen haben und hoffen, die eine oder andere Leckerei abstauben zu k\u00f6nnen. Hast Du schon mal ein Selfie mit einer wilden Ziege gemacht? Nach diesem mediterranen Erlebnis empfehlen wir Dir eine Siesta im Garten unserer Finca \u201cCan Llamas\u201d mit privatem Pool in Pollen\u00e7a.<\/p>\n<p><a href=\"https:\/\/www.vacalia.com\/de\/villa-mieten-can-llamas-pollenca-h18888\">Finca Can Llamas: ab 294\u20ac \/ Nacht<\/a><\/p>\n<p><img loading=\"lazy\" decoding=\"async\" class=\"alignnone wp-image-1969\" src=\"https:\/\/www.vacalia.com\/blog\/wp-content\/uploads\/2018\/09\/Vall_de_B\u00f3quer_08-2-1024x767.jpg\" alt=\"Wanderrouten auf Mallorca (Teil 2)\" width=\"1200\" height=\"899\" srcset=\"https:\/\/www.vacalia.com\/blog\/wp-content\/uploads\/2018\/09\/Vall_de_B\u00f3quer_08-2-1024x767.jpg 1024w, https:\/\/www.vacalia.com\/blog\/wp-content\/uploads\/2018\/09\/Vall_de_B\u00f3quer_08-2-300x225.jpg 300w, https:\/\/www.vacalia.com\/blog\/wp-content\/uploads\/2018\/09\/Vall_de_B\u00f3quer_08-2-768x576.jpg 768w, https:\/\/www.vacalia.com\/blog\/wp-content\/uploads\/2018\/09\/Vall_de_B\u00f3quer_08-2-1050x787.jpg 1050w, https:\/\/www.vacalia.com\/blog\/wp-content\/uploads\/2018\/09\/Vall_de_B\u00f3quer_08-2-1600x1199.jpg 1600w\" sizes=\"(max-width: 1200px) 100vw, 1200px\" \/><\/p>\n<h3 class=\"post-item__subtitle\">Der alte Postweg: Von Esporles nach Banyalbufar<\/h3>\n<p>Diese Wanderung geh\u00f6rt zu den sch\u00f6nsten der Insel und \u00fcberrascht mit spektakul\u00e4rem Blick aufs Mittelmeer und die Steilk\u00fcste. Bis zum 19. Jahrhundert war der sogenannte \u201cCam\u00ed des Correu\u201d die einzige Verbindungsstra\u00dfe zwischen den Orten Banyalbufar und Esporles. Der Ursprung l\u00e4sst sich sogar bis ins Mittelalter zur\u00fcckverfolgen, was den Weg zu einem St\u00fcck mallorquinischer Kultur macht. Der Beginn des gut beschilderten Wanderweges befindet sich an der Kirche von Esporles. Man durchquert gr\u00fcne W\u00e4lder und gelangt schlie\u00dflich zur 450 Meter hohen Aussichtsplattform Coll des Pi. In Banyalbufar angekommen kann man einen Spaziergang durch den pittoresken Altstadtkern machen und die treppenf\u00f6rmig angelegten Beete bestaunen, auf denen Wein angebaut wird. Ohne Pausen sollte man ca. 5 Stunden f\u00fcr den Hin- und R\u00fcckweg einplanen. Damit Du den traumhaften Blick aufs Mittelmeer auch in Deiner Ferienunterkunft nicht missen musst, legen wir Dir die Finca \u201cSobremunt\u201d in Esporles ans Herz.<\/p>\n<p><a href=\"https:\/\/www.vacalia.com\/de\/villa-mieten-sobreamunt-esporles-h18711\">Finca Sobremunt: ab 129\u20ac \/ Nacht<\/a><\/p>\n<p><img loading=\"lazy\" decoding=\"async\" class=\"alignnone wp-image-1965\" src=\"https:\/\/www.vacalia.com\/blog\/wp-content\/uploads\/2018\/09\/1280px-Banyalbufar_07-2-1024x768.jpg\" alt=\"Wanderrouten auf Mallorca (Teil 2)\" width=\"1200\" height=\"900\" srcset=\"https:\/\/www.vacalia.com\/blog\/wp-content\/uploads\/2018\/09\/1280px-Banyalbufar_07-2-1024x768.jpg 1024w, https:\/\/www.vacalia.com\/blog\/wp-content\/uploads\/2018\/09\/1280px-Banyalbufar_07-2-300x225.jpg 300w, https:\/\/www.vacalia.com\/blog\/wp-content\/uploads\/2018\/09\/1280px-Banyalbufar_07-2-768x576.jpg 768w, https:\/\/www.vacalia.com\/blog\/wp-content\/uploads\/2018\/09\/1280px-Banyalbufar_07-2-1050x788.jpg 1050w, https:\/\/www.vacalia.com\/blog\/wp-content\/uploads\/2018\/09\/1280px-Banyalbufar_07-2.jpg 1280w\" sizes=\"(max-width: 1200px) 100vw, 1200px\" \/><\/p>\n<h3 class=\"post-item__subtitle\">Tossals Verds: Vom Stausee C\u00faber bis zum Gipfel Puig de Tossals Verds<\/h3>\n<p>Dieser ca. 6 st\u00fcndige Wanderweg ist nichts f\u00fcr Unge\u00fcbte. Beginn ist der Stausee C\u00faber, der idyllisch inmitten der Berge ruht. Im Winter gibt es dort oftmals sogar Schnee. Der Weg kann nur mit guten Wanderschuhen bew\u00e4ltigt werden und ist relativ gut ausgeschildert. Die Route f\u00fchrt \u00fcber mit B\u00e4umen und Str\u00e4uchern bewachsene Berge bis zum Torrent de Almadr\u00e1, der in der Regel Wasser f\u00fchrt. Weiter gehts zum sogenannten Pas Llis, ein Wegst\u00fcck f\u00fcr schwindelfreie Wanderer, die sich an einem Seil festhalten m\u00fcssen, um den Felsvorsprung zu \u00fcberqueren. All die Anstrengung wird am Ende jedoch mit einem unbeschreiblich sch\u00f6nen Blick vom Puig de Tossals Verds \u00fcber die Berge Mallorcas belohnt, was diesen Ausflug zu einem der bekanntesten Wanderrouten auf Mallorca macht. Nach dieser nicht unanstrengenden Wanderung kannst Du im Pool unserer Finca \u201cSes Veles\u201d in Lloseta die Seele baumeln lassen.<\/p>\n<p><a href=\"https:\/\/www.vacalia.com\/de\/villa-mieten-ses-veles-lloseta-h20127\">Finca Ses Veles: desde 180\u20ac\/noche<\/a><\/p>\n<figure id=\"attachment_1968\" aria-describedby=\"caption-attachment-1968\" style=\"width: 1200px\" class=\"wp-caption alignnone\"><img loading=\"lazy\" decoding=\"async\" class=\"wp-image-1968\" src=\"https:\/\/www.vacalia.com\/blog\/wp-content\/uploads\/2018\/09\/tossals-verds-Wikiloc-2-1024x768.jpg\" alt=\"Wanderrouten auf Mallorca (Teil 2)\" width=\"1200\" height=\"900\" srcset=\"https:\/\/www.vacalia.com\/blog\/wp-content\/uploads\/2018\/09\/tossals-verds-Wikiloc-2-1024x768.jpg 1024w, https:\/\/www.vacalia.com\/blog\/wp-content\/uploads\/2018\/09\/tossals-verds-Wikiloc-2-300x225.jpg 300w, https:\/\/www.vacalia.com\/blog\/wp-content\/uploads\/2018\/09\/tossals-verds-Wikiloc-2-768x576.jpg 768w, https:\/\/www.vacalia.com\/blog\/wp-content\/uploads\/2018\/09\/tossals-verds-Wikiloc-2-1050x788.jpg 1050w, https:\/\/www.vacalia.com\/blog\/wp-content\/uploads\/2018\/09\/tossals-verds-Wikiloc-2.jpg 1600w\" sizes=\"(max-width: 1200px) 100vw, 1200px\" \/><figcaption id=\"caption-attachment-1968\" class=\"wp-caption-text\">Photo: Wikiloc<\/figcaption><\/figure>\n<h2 class=\"post-item__subtitle\">Ausfl\u00fcge in Mallorca<\/h2>\n<p>Unsere Empfehlung: Vergiss nicht, bei Deiner Wanderung gen\u00fcgend Wasser, Essen und eine leichte Jacke mitzunehmen, da es fr\u00fch morgens k\u00fchl sein kann. Gutes Schuhwerk ist ein Muss.<br \/>\nUnd nicht vergessen: Wenn Du ein Haus in den Bergen Mallorcas suchst, <a href=\"https:\/\/www.vacalia.com\/\">hat Vacalia das richtige f\u00fcr Dich!<\/a><\/p>\n\n<div class=\"bannerBlog\"><div class=\"new-card-houses\">\n    <div class=\"likeOut likeDivOut\" style=\"display:none\">\n        <a data-id=\"3305\" class=\"likeOut_button_red likeBtnFav\"\n            aria-label=\"Megusta Vacalia\"><\/a>\n    <\/div>\n    <figure>\n        <img loading=\"lazy\" decoding=\"async\" \n            loading=\"lazy\" width=\"301\" height=\"200\"\n            src=\"\/\/media.vacalia.com\/photo\/reformatwebpfolder\/350\/200\/3305\/thumb-middle\/3305_fd9b900d776899f8b22a29330adf3993.webp?v=21092023\"\n            alt=\"Hostal talamanca - Ferienhaus auf Cala d&#039;Or\"\/>\n                                                                        <div class=\"circleDiscount\">-25%<\/div>\n                        <\/figure>\n    <p itemprop=\"address\"><i class=\"ico-marker\"><\/i>Cala d&#039;Or, Mallorca<\/p>\n    <h3 itemprop=\"name\">Hostal talamanca<\/h3>\n    <ul class=\"icon_list inline_list\">\n                              <li class=\"ico-airConditioning\" title=\"Klimaanlage\">\n              <span itemprop=\"amenityFeature\">Klimaanlage<\/span>\n            <\/li>\n                      <li class=\"ico-wifi\" title=\"Wifi\">\n              <span itemprop=\"amenityFeature\">Wifi<\/span>\n            <\/li>\n                          <li class=\"ico-guests\" title=\"F\u00fcr 2 G\u00e4ste in Cala D&#039;or.\">\n          <span itemprop=\"occupancy\">2<\/span>\n        <\/li>\n    <\/ul>\n            <span class=\"price\">Ab 57\u20ac \/ Nacht<\/span>\n                <a itemprop=\"url\" class=\"anchor\" href=\"https:\/\/www.vacalia.com\/de\/hotelzimmer-hostal-talamanca-santanyi-h23219\" aria-label=\"Hostal talamanca\"><\/a>\n<\/div><div class=\"new-card-houses\">\n    <div class=\"likeOut likeDivOut\" style=\"display:none\">\n        <a data-id=\"1526\" class=\"likeOut_button_red likeBtnFav\"\n            aria-label=\"Megusta Vacalia\"><\/a>\n    <\/div>\n    <figure>\n        <img loading=\"lazy\" decoding=\"async\" \n            loading=\"lazy\" width=\"301\" height=\"200\"\n            src=\"\/\/media.vacalia.com\/photo\/reformatwebpfolder\/350\/200\/1526\/thumb-middle\/1526_6c275e39a55b6094d3c9c7ca9968d674.webp?v=21092023\"\n            alt=\"Casa garonda - Ferienhaus auf Cala Pi\"\/>\n                                                                        <div class=\"circleDiscount\">-9%<\/div>\n                        <\/figure>\n    <p itemprop=\"address\"><i class=\"ico-marker\"><\/i>Cala Pi, Mallorca<\/p>\n    <h3 itemprop=\"name\">Casa garonda<\/h3>\n    <ul class=\"icon_list inline_list\">\n                              <li class=\"ico-pool\" title=\"Pool\">\n              <span itemprop=\"amenityFeature\">Pool<\/span>\n            <\/li>\n                      <li class=\"ico-airConditioning\" title=\"Klimaanlage\">\n              <span itemprop=\"amenityFeature\">Klimaanlage<\/span>\n            <\/li>\n                      <li class=\"ico-wifi\" title=\"Wifi\">\n              <span itemprop=\"amenityFeature\">Wifi<\/span>\n            <\/li>\n                          <li class=\"ico-guests\" title=\"F\u00fcr 6 G\u00e4ste in Cala Pi.\">\n          <span itemprop=\"occupancy\">6<\/span>\n        <\/li>\n    <\/ul>\n            <span class=\"price\">Ab 211\u20ac \/ Nacht<\/span>\n                <a itemprop=\"url\" class=\"anchor\" href=\"https:\/\/www.vacalia.com\/de\/villa-casa-garonda-llucmajor-h16407\" aria-label=\"Casa garonda\"><\/a>\n<\/div><\/div>\n","protected":false},"excerpt":{"rendered":"<p>An was denkst Du, wenn Du das Wort Herbst h\u00f6rst? An bunte Bl\u00e4tter, die den Boden bedecken, nebelige Nachmittage auf der Couch oder an eine w\u00e4rmende Tasse Tee am Kamin?&hellip;<\/p>\n","protected":false},"author":2,"featured_media":0,"comment_status":"closed","ping_status":"open","sticky":false,"template":"","format":"standard","meta":{"_monsterinsights_skip_tracking":false,"_monsterinsights_sitenote_active":false,"_monsterinsights_sitenote_note":"","_monsterinsights_sitenote_category":0,"footnotes":""},"categories":[40],"tags":[],"class_list":["post-1925","post","type-post","status-publish","format-standard","hentry","category-allgemein"],"_links":{"self":[{"href":"https:\/\/www.vacalia.com\/blog\/wp-json\/wp\/v2\/posts\/1925"}],"collection":[{"href":"https:\/\/www.vacalia.com\/blog\/wp-json\/wp\/v2\/posts"}],"about":[{"href":"https:\/\/www.vacalia.com\/blog\/wp-json\/wp\/v2\/types\/post"}],"author":[{"embeddable":true,"href":"https:\/\/www.vacalia.com\/blog\/wp-json\/wp\/v2\/users\/2"}],"replies":[{"embeddable":true,"href":"https:\/\/www.vacalia.com\/blog\/wp-json\/wp\/v2\/comments?post=1925"}],"version-history":[{"count":6,"href":"https:\/\/www.vacalia.com\/blog\/wp-json\/wp\/v2\/posts\/1925\/revisions"}],"predecessor-version":[{"id":4900,"href":"https:\/\/www.vacalia.com\/blog\/wp-json\/wp\/v2\/posts\/1925\/revisions\/4900"}],"wp:attachment":[{"href":"https:\/\/www.vacalia.com\/blog\/wp-json\/wp\/v2\/media?parent=1925"}],"wp:term":[{"taxonomy":"category","embeddable":true,"href":"https:\/\/www.vacalia.com\/blog\/wp-json\/wp\/v2\/categories?post=1925"},{"taxonomy":"post_tag","embeddable":true,"href":"https:\/\/www.vacalia.com\/blog\/wp-json\/wp\/v2\/tags?post=1925"}],"curies":[{"name":"wp","href":"https:\/\/api.w.org\/{rel}","templated":true}]}}