{"id":1926,"date":"2018-09-05T11:54:49","date_gmt":"2018-09-05T11:54:49","guid":{"rendered":"https:\/\/www.vacalia.com\/blog\/?p=1926"},"modified":"2024-02-14T11:22:20","modified_gmt":"2024-02-14T10:22:20","slug":"rutas-de-senderismo-en-mallorca-parte-2","status":"publish","type":"post","link":"https:\/\/www.vacalia.com\/blog\/es\/rutas-de-senderismo-en-mallorca-parte-2\/","title":{"rendered":"Rutas de senderismo en Mallorca (Parte 2)"},"content":{"rendered":"<p>Cuando escuchas la palabra oto\u00f1o, \u00bfen qu\u00e9 sueles pensar? \u00bfEn hojas coloridas que cubren el suelo, tardes frescas de lluvia y la primera taza de chocolate caliente? Puede que en la mayor parte de Europa el oto\u00f1o tenga esta cara, pero en Mallorca, nada m\u00e1s lejos, \u00a1viva el veranito de Sant Miguel! Adem\u00e1s, con nuestras casas de ensue\u00f1o tienes el lugar perfecto para descansar despu\u00e9s de realizar unas fant\u00e1sticas rutas de senderismo. Por lo tanto, en este art\u00edculo queremos continuar hablando de las rutas de senderismo en Mallorca para que puedas realizar en tu estancia . \u00a1Acomp\u00e1\u00f1anos a la aventura!<\/p>\n<p><img fetchpriority=\"high\" decoding=\"async\" class=\"alignnone wp-image-1936\" src=\"https:\/\/www.vacalia.com\/blog\/wp-content\/uploads\/2018\/09\/5-LUGARES-EN-MALLORCA-CON-ENCANTO.png\" alt=\"Rutas de senderismo en Mallorca (parte 2)\" width=\"1200\" height=\"675\" srcset=\"https:\/\/www.vacalia.com\/blog\/wp-content\/uploads\/2018\/09\/5-LUGARES-EN-MALLORCA-CON-ENCANTO.png 800w, https:\/\/www.vacalia.com\/blog\/wp-content\/uploads\/2018\/09\/5-LUGARES-EN-MALLORCA-CON-ENCANTO-300x169.png 300w, https:\/\/www.vacalia.com\/blog\/wp-content\/uploads\/2018\/09\/5-LUGARES-EN-MALLORCA-CON-ENCANTO-768x432.png 768w\" sizes=\"(max-width: 1200px) 100vw, 1200px\" \/><!--more--><\/p>\n<h2 class=\"post-item__subtitle\">Rutas de senderismo en Mallorca<\/h2>\n<p>En Mallorca disfrutamos de nuestro as\u00ed llamado estiu de Sant Miquel con excursiones por las monta\u00f1as y paseos largos al aire libre. Cuando los d\u00edas empiezan a ser m\u00e1s cortos y el sol empieza a brillar con menos intensidad es el momento ideal para explorar la cara m\u00e1s verde y aventurera de la isla. Hoy te queremos ense\u00f1ar algunos rincones del oeste. All\u00ed se encuentra la majestuosa cadena monta\u00f1osa llamada Serra de Tramuntana. La Serra de Tramuntana ofrece infinitas rutas que gu\u00edan por exuberantes valles, inmensos bosques, pe\u00f1as impresionantes y extensos campos de olivos.<\/p>\n<p>En la zona encontramos el Puig Major, que con sus 1.445 metros de altura es considerado el pico m\u00e1s alto de la isla. Tambi\u00e9n encontramos el Puig Tomir, el Puig de Massanella o el Puig de Galatz\u00f3. Estos son otros picos importantes que forman parte de la Serra de Tramuntana. As\u00ed que, \u00a1coge tu calzado de senderismo y vamos a la monta\u00f1a!<\/p>\n<p><img decoding=\"async\" class=\"alignnone wp-image-1939\" src=\"https:\/\/www.vacalia.com\/blog\/wp-content\/uploads\/2018\/09\/Puig_Tomir-1024x768.jpg\" alt=\"Rutas de senderismo en Mallorca (parte 2)\" width=\"1200\" height=\"900\" srcset=\"https:\/\/www.vacalia.com\/blog\/wp-content\/uploads\/2018\/09\/Puig_Tomir-1024x768.jpg 1024w, https:\/\/www.vacalia.com\/blog\/wp-content\/uploads\/2018\/09\/Puig_Tomir-300x225.jpg 300w, https:\/\/www.vacalia.com\/blog\/wp-content\/uploads\/2018\/09\/Puig_Tomir-768x576.jpg 768w, https:\/\/www.vacalia.com\/blog\/wp-content\/uploads\/2018\/09\/Puig_Tomir-1050x788.jpg 1050w, https:\/\/www.vacalia.com\/blog\/wp-content\/uploads\/2018\/09\/Puig_Tomir-1600x1200.jpg 1600w\" sizes=\"(max-width: 1200px) 100vw, 1200px\" \/><\/p>\n<h3 class=\"post-item__subtitle\">Monestir de Lluc: El Cam\u00ed Vell de Caimari a Lluc<\/h3>\n<p>Empezamos con una de las rutas de senderismo en Mallorca bastante famosa que une el pueblecito encantador de Caimari con el Monestir de Lluc. Cada a\u00f1o muchos peregrinos hacen este camino de unas 4 horas (ida y vuelta). La ruta comienza en las afueras de Caimari por un camino ascendente de piedra que est\u00e1 bien se\u00f1alado y pasando por bosques de olivos y pinos. Hay muchas posibilidades de hacer fotos panor\u00e1micas y de disfrutar de vistas despejadas a la llanura mientras el aire lleva olor a pinos y setas. Ahora bien, media hora antes de llegar a Lluc encontramos un refugio donde se puede merendar y hacer fotos del monasterio desde lejos. Adem\u00e1s, para que empieces el camino descansado y con la barriga llena de un buen desayuno, te recomendamos nuestro Agroturismo Sa Parellada en Binibona.<\/p>\n<p><a href=\"https:\/\/www.vacalia.com\/es\/habitacion-de-hotel-sa-parellada---gold-selva-h19583\">Agroturismo Sa Parellada: desde 82\u20ac \/ noche con desayuno incluido<\/a><\/p>\n<figure id=\"attachment_1938\" aria-describedby=\"caption-attachment-1938\" style=\"width: 1200px\" class=\"wp-caption alignnone\"><img decoding=\"async\" class=\"wp-image-1938\" src=\"https:\/\/www.vacalia.com\/blog\/wp-content\/uploads\/2018\/09\/cami-vell-lluc-1-TrailRunningMallorca-1024x575.jpg\" alt=\"Rutas de senderismo en Mallorca (parte 2)\" width=\"1200\" height=\"674\" srcset=\"https:\/\/www.vacalia.com\/blog\/wp-content\/uploads\/2018\/09\/cami-vell-lluc-1-TrailRunningMallorca-1024x575.jpg 1024w, https:\/\/www.vacalia.com\/blog\/wp-content\/uploads\/2018\/09\/cami-vell-lluc-1-TrailRunningMallorca-300x169.jpg 300w, https:\/\/www.vacalia.com\/blog\/wp-content\/uploads\/2018\/09\/cami-vell-lluc-1-TrailRunningMallorca-768x432.jpg 768w, https:\/\/www.vacalia.com\/blog\/wp-content\/uploads\/2018\/09\/cami-vell-lluc-1-TrailRunningMallorca-1050x590.jpg 1050w, https:\/\/www.vacalia.com\/blog\/wp-content\/uploads\/2018\/09\/cami-vell-lluc-1-TrailRunningMallorca-1600x899.jpg 1600w, https:\/\/www.vacalia.com\/blog\/wp-content\/uploads\/2018\/09\/cami-vell-lluc-1-TrailRunningMallorca.jpg 2000w\" sizes=\"(max-width: 1200px) 100vw, 1200px\" \/><figcaption id=\"caption-attachment-1938\" class=\"wp-caption-text\">Foto: TrailRunningMallorca<\/figcaption><\/figure>\n<h3 class=\"post-item__subtitle\">El Vall de B\u00f3quer: De Puerto de Pollen\u00e7a a Cala B\u00f3quer<\/h3>\n<p>\u00c9sta es una de las rutas de senderismo en Mallorca que est\u00e1 llena del sabor aut\u00e9ntico del Mediterr\u00e1neo. Es una excursi\u00f3n c\u00f3moda y perfecta para llevar a cabo con toda la familia. El camino atraviesa el vall de B\u00f3quer y est\u00e1 flanqueado por la Serra del Cavall Bernat. La duraci\u00f3n es de m\u00e1s o menos 2 horas (ida y vuelta). Aunque es f\u00e1cil, recomendamos que lleves buen calzado y suficiente agua ya que el \u00faltimo tramo de grava y piedras es descendente. Una media hora antes de llegar a la cala, hay un mirador que ofrece unas vistas espectaculares al Mediterr\u00e1neo y a la cala. \u00a1Ideal para hacer fotos estupendas para el recuerdo!<\/p>\n<p>Cala B\u00f3quer es una cala que est\u00e1 compuesta por grava y piedras. Incluso, lo m\u00e1s curioso es que est\u00e1 habitada por cabras que no tienen miedo a sus visitantes ya que esperan sacar una que otra golosina. Por cierto, \u00bfte has hecho alguna vez una selfie con una cabra? esta es tu oportunidad. Despu\u00e9s de un d\u00eda lleno de mar y monta\u00f1a, te recomendamos descansar en nuestra villa Can Llamas con piscina privada y jard\u00edn en Pollen\u00e7a.<\/p>\n<p><a href=\"https:\/\/www.vacalia.com\/en\/villa-can-llamas-pollenca-h18889\">Finca Can Llamas: desde 294\u20ac\/noche<\/a><\/p>\n<p><img loading=\"lazy\" decoding=\"async\" class=\"alignnone wp-image-1941\" src=\"https:\/\/www.vacalia.com\/blog\/wp-content\/uploads\/2018\/09\/Vall_de_B\u00f3quer_08-1024x767.jpg\" alt=\"Rutas de senderismo en Mallorca (parte 2)\" width=\"1200\" height=\"899\" srcset=\"https:\/\/www.vacalia.com\/blog\/wp-content\/uploads\/2018\/09\/Vall_de_B\u00f3quer_08-1024x767.jpg 1024w, https:\/\/www.vacalia.com\/blog\/wp-content\/uploads\/2018\/09\/Vall_de_B\u00f3quer_08-300x225.jpg 300w, https:\/\/www.vacalia.com\/blog\/wp-content\/uploads\/2018\/09\/Vall_de_B\u00f3quer_08-768x576.jpg 768w, https:\/\/www.vacalia.com\/blog\/wp-content\/uploads\/2018\/09\/Vall_de_B\u00f3quer_08-1050x787.jpg 1050w, https:\/\/www.vacalia.com\/blog\/wp-content\/uploads\/2018\/09\/Vall_de_B\u00f3quer_08-1600x1199.jpg 1600w\" sizes=\"(max-width: 1200px) 100vw, 1200px\" \/><\/p>\n<h3 class=\"post-item__subtitle\">Cam\u00ed des Correu: De Esporles a Banyalbufar<\/h3>\n<p>Este camino es uno de los m\u00e1s espectaculares de la isla ya que ofrece impresionantes vistas al Mediterr\u00e1neo y a la costa. Hasta el siglo XIX el Cam\u00ed des Correu era el \u00fanico camino que comunicaba Banyalbufar y Esporles. Las ra\u00edces de esta v\u00eda tienen su origen en la edad media, lo que lo convierte en un peque\u00f1o trozo de cultura mallorquina. El comienzo de esta ruta se encuentra en la iglesia de Esporles y luego solamente hay que seguir las indicaciones. Por esta ruta se puede caminar por bosques verdes hasta llegar al Coll des Pi. Este lugar que cuenta con 450 metros de altura presenta un buen mirador.<\/p>\n<p>Al final del recorrido espera el tranquilo y aut\u00e9ntico pueblo de Banyalbufar, que sorprende con sus bancales donde cultivan vino. Adem\u00e1s, en la peque\u00f1a cala te puedes dar un merecido ba\u00f1o. El tiempo de duraci\u00f3n es aproximadamente 5 horas (ida y vuelta). Incluso para que sigas disfrutando de vistas espectaculares al Mediterr\u00e1neo, te recomendamos alojarte en nuestra joya de casa Sobremunt en Esporles.<\/p>\n<p><a href=\"https:\/\/www.vacalia.com\/es\/villa-sobreamunt-esporles-h18713\">Finca Sobremunt: desde 129\u20ac\/noche<\/a><\/p>\n<p><img loading=\"lazy\" decoding=\"async\" class=\"alignnone wp-image-1937\" src=\"https:\/\/www.vacalia.com\/blog\/wp-content\/uploads\/2018\/09\/1280px-Banyalbufar_07-1024x768.jpg\" alt=\"Rutas de senderismo en Mallorca (parte 2)\" width=\"1200\" height=\"900\" srcset=\"https:\/\/www.vacalia.com\/blog\/wp-content\/uploads\/2018\/09\/1280px-Banyalbufar_07-1024x768.jpg 1024w, https:\/\/www.vacalia.com\/blog\/wp-content\/uploads\/2018\/09\/1280px-Banyalbufar_07-300x225.jpg 300w, https:\/\/www.vacalia.com\/blog\/wp-content\/uploads\/2018\/09\/1280px-Banyalbufar_07-768x576.jpg 768w, https:\/\/www.vacalia.com\/blog\/wp-content\/uploads\/2018\/09\/1280px-Banyalbufar_07-1050x788.jpg 1050w, https:\/\/www.vacalia.com\/blog\/wp-content\/uploads\/2018\/09\/1280px-Banyalbufar_07.jpg 1280w\" sizes=\"(max-width: 1200px) 100vw, 1200px\" \/><\/p>\n<h3 class=\"post-item__subtitle\">Tossals Verds: Del embalse de C\u00faber al Puig de Tossals Verds<\/h3>\n<p>\u00c9sta es una de las rutas de senderismo en Mallorca para senderistas m\u00e1s entrenados. Es un trayecto circular de unas 6 horas de duraci\u00f3n (aproximadamente). Comienza en el id\u00edlico embalse de C\u00faber, que durante los meses de invierno incluso puede estar cubierto de nieve. El trayecto est\u00e1 bien se\u00f1alizado, pero requiere llevar buen calzado. \u00c9sta ruta pasa por las monta\u00f1as cubiertas de \u00e1rboles y matas hasta llegar al Torrent de Almadr\u00e0. Luego sigue hasta el Pas Llis, un tramo dificultuso debido a que te tienes que agarrar a una cuerda y pasar por rocas. Sin embargo, vale la pena. Desde la cima del Puig de Tossals Verds se disfrutan unas vistas panor\u00e1micas incre\u00edbles de Mallorca. Despu\u00e9s de esta excursi\u00f3n avanzada, te recomendamos relajarte en la piscina de nuestra casa Ses Veles en Lloseta.<\/p>\n<p><a href=\"https:\/\/www.vacalia.com\/de\/villa-mieten-ses-veles-lloseta-h20127\">Finca Ses Veles: desde 180\u20ac\/noche<\/a><\/p>\n<figure id=\"attachment_1940\" aria-describedby=\"caption-attachment-1940\" style=\"width: 1200px\" class=\"wp-caption alignnone\"><img loading=\"lazy\" decoding=\"async\" class=\"wp-image-1940\" src=\"https:\/\/www.vacalia.com\/blog\/wp-content\/uploads\/2018\/09\/tossals-verds-Wikiloc-1024x768.jpg\" alt=\"Rutas de senderismo en Mallorca (parte 2)\" width=\"1200\" height=\"900\" srcset=\"https:\/\/www.vacalia.com\/blog\/wp-content\/uploads\/2018\/09\/tossals-verds-Wikiloc-1024x768.jpg 1024w, https:\/\/www.vacalia.com\/blog\/wp-content\/uploads\/2018\/09\/tossals-verds-Wikiloc-300x225.jpg 300w, https:\/\/www.vacalia.com\/blog\/wp-content\/uploads\/2018\/09\/tossals-verds-Wikiloc-768x576.jpg 768w, https:\/\/www.vacalia.com\/blog\/wp-content\/uploads\/2018\/09\/tossals-verds-Wikiloc-1050x788.jpg 1050w, https:\/\/www.vacalia.com\/blog\/wp-content\/uploads\/2018\/09\/tossals-verds-Wikiloc.jpg 1600w\" sizes=\"(max-width: 1200px) 100vw, 1200px\" \/><figcaption id=\"caption-attachment-1940\" class=\"wp-caption-text\">Foto: Wikiloc<\/figcaption><\/figure>\n<h2 class=\"post-item__subtitle\">Excursiones en Mallorca<\/h2>\n<p>En todas las excursiones ll\u00e9vate suficiente agua, comida, buen calzado y una chaqueta porque por la ma\u00f1ana puede hacer fresquito. Y no te olvides, si buscas casa en las monta\u00f1as de Mallorca\u00a0<a href=\"https:\/\/www.vacalia.com\/es\">\u00a1Vacalia tiene la tuya!<\/a><\/p>\n\n<div class=\"bannerBlog\"><div class=\"new-card-houses\">\n    <div class=\"likeOut likeDivOut\" style=\"display:none\">\n        <a data-id=\"2403\" class=\"likeOut_button_red likeBtnFav\"\n            aria-label=\"Megusta Vacalia\"><\/a>\n    <\/div>\n    <figure>\n        <img loading=\"lazy\" decoding=\"async\" \n            loading=\"lazy\" width=\"301\" height=\"200\"\n            src=\"\/\/media.vacalia.com\/photo\/reformatwebpfolder\/350\/200\/2403\/thumb-middle\/2403_f6a889196b5762733d7873c6e1a9e2d2.webp?v=21092023\"\n            alt=\"Sa marjal - Alquiler vacacional en Muro\"\/>\n                                                                        <div class=\"circleDiscount\">-10%<\/div>\n                        <\/figure>\n    <p itemprop=\"address\"><i class=\"ico-marker\"><\/i>Muro, Mallorca<\/p>\n    <h3 itemprop=\"name\">Sa marjal<\/h3>\n    <ul class=\"icon_list inline_list\">\n                              <li class=\"ico-pool\" title=\"Piscina\">\n              <span itemprop=\"amenityFeature\">Piscina<\/span>\n            <\/li>\n                      <li class=\"ico-wifi\" title=\"Wifi\">\n              <span itemprop=\"amenityFeature\">Wifi<\/span>\n            <\/li>\n                          <li class=\"ico-guests\" title=\"Para 3 hu\u00e9spedes en Muro.\">\n          <span itemprop=\"occupancy\">3<\/span>\n        <\/li>\n    <\/ul>\n            <span class=\"price\">Desde 134\u20ac \/ noche<\/span>\n                <a itemprop=\"url\" class=\"anchor\" href=\"https:\/\/www.vacalia.com\/es\/casa-vacacional-sa-marjal-muro-h18227\" aria-label=\"Sa marjal\"><\/a>\n<\/div><div class=\"new-card-houses\">\n    <div class=\"likeOut likeDivOut\" style=\"display:none\">\n        <a data-id=\"2138\" class=\"likeOut_button_red likeBtnFav\"\n            aria-label=\"Megusta Vacalia\"><\/a>\n    <\/div>\n    <figure>\n        <img loading=\"lazy\" decoding=\"async\" \n            loading=\"lazy\" width=\"301\" height=\"200\"\n            src=\"\/\/media.vacalia.com\/photo\/reformatwebpfolder\/350\/200\/2138\/thumb-middle\/2138_7d143fed18036e63eedf3f22d81d56b3.webp?v=21092023\"\n            alt=\"Can nicolau - Alquiler vacacional en Col\u00f2nia de Sant Pere\"\/>\n                                                                        <div class=\"circleDiscount\">-15%<\/div>\n                        <\/figure>\n    <p itemprop=\"address\"><i class=\"ico-marker\"><\/i>Col\u00f2nia de Sant Pere, Mallorca<\/p>\n    <h3 itemprop=\"name\">Can nicolau<\/h3>\n    <ul class=\"icon_list inline_list\">\n                              <li class=\"ico-pool\" title=\"Piscina\">\n              <span itemprop=\"amenityFeature\">Piscina<\/span>\n            <\/li>\n                      <li class=\"ico-airConditioning\" title=\"Aire Acondicionado\">\n              <span itemprop=\"amenityFeature\">Aire Acondicionado<\/span>\n            <\/li>\n                      <li class=\"ico-wifi\" title=\"Wifi\">\n              <span itemprop=\"amenityFeature\">Wifi<\/span>\n            <\/li>\n                          <li class=\"ico-guests\" title=\"Para 8 hu\u00e9spedes en Col\u00f2nia De Sant Pere.\">\n          <span itemprop=\"occupancy\">8<\/span>\n        <\/li>\n    <\/ul>\n            <span class=\"price\">Desde 167\u20ac \/ noche<\/span>\n                <a itemprop=\"url\" class=\"anchor\" href=\"https:\/\/www.vacalia.com\/es\/villa-can-nicolau-arta-h17606\" aria-label=\"Can nicolau\"><\/a>\n<\/div><\/div>\n","protected":false},"excerpt":{"rendered":"<p>Cuando escuchas la palabra oto\u00f1o, \u00bfen qu\u00e9 sueles pensar? \u00bfEn hojas coloridas que cubren el suelo, tardes frescas de lluvia y la primera taza de chocolate caliente? Puede que en&hellip;<\/p>\n","protected":false},"author":2,"featured_media":0,"comment_status":"closed","ping_status":"open","sticky":false,"template":"","format":"standard","meta":{"_monsterinsights_skip_tracking":false,"_monsterinsights_sitenote_active":false,"_monsterinsights_sitenote_note":"","_monsterinsights_sitenote_category":0,"footnotes":""},"categories":[1],"tags":[],"class_list":["post-1926","post","type-post","status-publish","format-standard","hentry","category-general-es"],"_links":{"self":[{"href":"https:\/\/www.vacalia.com\/blog\/wp-json\/wp\/v2\/posts\/1926"}],"collection":[{"href":"https:\/\/www.vacalia.com\/blog\/wp-json\/wp\/v2\/posts"}],"about":[{"href":"https:\/\/www.vacalia.com\/blog\/wp-json\/wp\/v2\/types\/post"}],"author":[{"embeddable":true,"href":"https:\/\/www.vacalia.com\/blog\/wp-json\/wp\/v2\/users\/2"}],"replies":[{"embeddable":true,"href":"https:\/\/www.vacalia.com\/blog\/wp-json\/wp\/v2\/comments?post=1926"}],"version-history":[{"count":12,"href":"https:\/\/www.vacalia.com\/blog\/wp-json\/wp\/v2\/posts\/1926\/revisions"}],"predecessor-version":[{"id":4777,"href":"https:\/\/www.vacalia.com\/blog\/wp-json\/wp\/v2\/posts\/1926\/revisions\/4777"}],"wp:attachment":[{"href":"https:\/\/www.vacalia.com\/blog\/wp-json\/wp\/v2\/media?parent=1926"}],"wp:term":[{"taxonomy":"category","embeddable":true,"href":"https:\/\/www.vacalia.com\/blog\/wp-json\/wp\/v2\/categories?post=1926"},{"taxonomy":"post_tag","embeddable":true,"href":"https:\/\/www.vacalia.com\/blog\/wp-json\/wp\/v2\/tags?post=1926"}],"curies":[{"name":"wp","href":"https:\/\/api.w.org\/{rel}","templated":true}]}}