{"id":193,"date":"2017-08-10T10:38:33","date_gmt":"2017-08-10T10:38:33","guid":{"rendered":"https:\/\/www.vacalia.com\/blog\/?p=193"},"modified":"2025-06-27T12:50:22","modified_gmt":"2025-06-27T10:50:22","slug":"3-villas-en-pollenca-donde-hospedarte","status":"publish","type":"post","link":"https:\/\/www.vacalia.com\/blog\/es\/3-villas-en-pollenca-donde-hospedarte\/","title":{"rendered":"3 Villas en Pollen\u00e7a donde hospedarte"},"content":{"rendered":"<p style=\"text-align: justify;\">Encontrar villas en Pollen\u00e7a donde pasar tus vacaciones no suele ser una tarea f\u00e1cil. Sabemos que hay muchas opciones y no todas coinciden con lo que buscas. Es por ello que en <a href=\"https:\/\/www.vacalia.com\">Vacalia.com<\/a> te hemos hecho una selecci\u00f3n de las 3 <a title=\"Alquiler Villa en Pollen\u00e7a\" href=\"https:\/\/www.vacalia.com\/es\/villas-alquiler-vacacional-pollenca\">villas en Pollen\u00e7a<\/a>\u00a0que pensamos que te enamorar\u00edan.<\/p>\n<p style=\"text-align: justify;\"><a href=\"https:\/\/www.vacalia.com\"><img fetchpriority=\"high\" decoding=\"async\" class=\"alignnone size-large wp-image-442\" src=\"https:\/\/www.vacalia.com\/blog\/wp-content\/uploads\/2017\/03\/1203_0e0c53e44f9578195b1fd6d0c199b967-1024x681.jpg\" alt=\"Pollensa finca mieten\" width=\"1024\" height=\"681\" srcset=\"https:\/\/www.vacalia.com\/blog\/wp-content\/uploads\/2017\/03\/1203_0e0c53e44f9578195b1fd6d0c199b967-1024x681.jpg 1024w, https:\/\/www.vacalia.com\/blog\/wp-content\/uploads\/2017\/03\/1203_0e0c53e44f9578195b1fd6d0c199b967-300x199.jpg 300w, https:\/\/www.vacalia.com\/blog\/wp-content\/uploads\/2017\/03\/1203_0e0c53e44f9578195b1fd6d0c199b967-768x511.jpg 768w, https:\/\/www.vacalia.com\/blog\/wp-content\/uploads\/2017\/03\/1203_0e0c53e44f9578195b1fd6d0c199b967-1050x698.jpg 1050w, https:\/\/www.vacalia.com\/blog\/wp-content\/uploads\/2017\/03\/1203_0e0c53e44f9578195b1fd6d0c199b967-1600x1064.jpg 1600w\" sizes=\"(max-width: 1024px) 100vw, 1024px\" \/><\/a><\/p>\n<p style=\"text-align: justify;\"><!--more--><\/p>\n<h2 class=\"post-item__subtitle\" style=\"text-align: justify;\">Villas en Pollen\u00e7a: Villa Clarita<\/h2>\n<p style=\"text-align: justify;\"><a href=\"https:\/\/www.vacalia.com\/es\">Villa Clarita<\/a> se encuentra ubicada en Cala Sant Vicen\u00e7, una hermosa cala de la que os hablamos <a href=\"https:\/\/www.vacalia.com\/blog\/es\/casas-en-pollensa-norte-de-mallorca\/\">en otro post<\/a>. \u00a1Os aseguro que disfrutar\u00e9is de leerlo si os v\u00e1is a hospedar en Pollen\u00e7a! Esta coqueta propiedad se encuentra muy cerca tanto del mar como de la monta\u00f1a, y tiene una capacidad de hasta 6 personas.<br \/>Si quer\u00e9is relajaros sin salir de ella, podr\u00e9is disfrutar de una incre\u00edble piscina de 8x4m entre la barbacoa y los jardines. Sin duda, una de las villas en Pollen\u00e7a que puede encandilar a cualquiera que la visite. Con tres habitaciones, dos ba\u00f1os y un sal\u00f3n-cocina-comedor, no os faltar\u00e1 ninguna comodidad que pudierais tener en vuestra propia casa.<\/p>\n<p style=\"text-align: justify;\">[slideshow_deploy id=&#8217;443&#8242;]<\/p>\n<h2 class=\"post-item__subtitle\" style=\"text-align: justify;\">Villa el Coster<\/h2>\n<p style=\"text-align: justify;\"><a href=\"https:\/\/www.vacalia.com\/es\">El Coster<\/a> es una de las villa en Pollen\u00e7a con unas excelentes vistas a la Serra de Tramuntana. Su piscina color turquesa combina perfectamente con el entorno natural de Mallorca. Si sois un grupo grande os vendr\u00e1 perfecto, puesto que tiene una capacidad de hasta 10 personas.<br \/>La finca cuenta con dos plantas, cinco dormitorios, un sal\u00f3n con chimenea, comedor, cocina de vitro y calefacci\u00f3n central. Adem\u00e1s esta es una de las villas en Pollensa donde se aceptan mascotas. \u00a1Todo un lujo si quieres traer a tu compa\u00f1ero!<\/p>\n<p style=\"text-align: justify;\">[slideshow_deploy id=&#8217;419&#8242;]<\/p>\n<h2 class=\"post-item__subtitle\" style=\"text-align: justify;\">Villa Can Verga<\/h2>\n<p style=\"text-align: justify;\"><a href=\"https:\/\/www.vacalia.com\/es\">Villa Can Verga <\/a>es una preciosa villa en Pollen\u00e7a ubicada en medio de la naturaleza y con vistas a la monta\u00f1a. De estilo rural y con un encanto \u00fanico, esta finca os proporcionar\u00e1 toda la comodidad que estabais buscando.<\/p>\n<p style=\"text-align: justify;\">Esta finca puede albergar hasta 12 personas y en ella encontraremos un porche con barbacoa para celebrar sus noches al aire libre con total privacidad y libertad, un precioso sal\u00f3n comedor, cocina totalmente amueblada y 3 ba\u00f1os. Al igual que la propiedad anterior, tambi\u00e9n son bienvenidas vuestras mascotas.<\/p>\n<p style=\"text-align: justify;\">[slideshow_deploy id=&#8217;430&#8242;]<\/p>\n<h2 class=\"post-item__subtitle\" style=\"text-align: justify;\">\u00bfQuieres ver a\u00fan m\u00e1s villas en Pollen\u00e7a?<\/h2>\n<p style=\"text-align: justify;\">Si te has quedado con ganas de ver todas nuestras villas en Pollen\u00e7a, \u00bfa qu\u00e9 est\u00e1s esperando? <a title=\"Villas en Pollen\u00e7a\" href=\"https:\/\/www.vacalia.com\/es\/villas-alquiler-vacacional-pollenca\">\u00a1Desc\u00fabrelas aqu\u00ed!<\/a><\/p>\n\n<div class=\"bannerBlog\"><div class=\"new-card-houses\">\n    <div class=\"likeOut likeDivOut\" style=\"display:none\">\n        <a data-id=\"29\" class=\"likeOut_button_red likeBtnFav\"\n            aria-label=\"Megusta Vacalia\"><\/a>\n    <\/div>\n    <figure>\n        <img loading=\"lazy\" decoding=\"async\" \n            loading=\"lazy\" width=\"301\" height=\"200\"\n            src=\"\/\/media.vacalia.com\/photo\/reformatwebpfolder\/350\/200\/29\/thumb-middle\/29_c016e85cc2f4689baeeb1aec46255535.webp?v=21092023\"\n            alt=\"Can guillo - Alquiler vacacional en Pollen\u00e7a\"\/>\n                                                                        <div class=\"circleDiscount\">-8%<\/div>\n                        <\/figure>\n    <p itemprop=\"address\"><i class=\"ico-marker\"><\/i>Pollen\u00e7a, Mallorca<\/p>\n    <h3 itemprop=\"name\">Can guillo<\/h3>\n    <ul class=\"icon_list inline_list\">\n                              <li class=\"ico-pool\" title=\"Piscina\">\n              <span itemprop=\"amenityFeature\">Piscina<\/span>\n            <\/li>\n                      <li class=\"ico-wifi\" title=\"Wifi\">\n              <span itemprop=\"amenityFeature\">Wifi<\/span>\n            <\/li>\n                          <li class=\"ico-guests\" title=\"Para 8 hu\u00e9spedes en Pollen\u00e7a.\">\n          <span itemprop=\"occupancy\">8<\/span>\n        <\/li>\n    <\/ul>\n            <span class=\"price\">Desde 241\u20ac \/ noche<\/span>\n                <a itemprop=\"url\" class=\"anchor\" href=\"https:\/\/www.vacalia.com\/es\/villa-can-guillo-pollenca-h14549\" aria-label=\"Can guillo\"><\/a>\n<\/div><div class=\"new-card-houses\">\n    <div class=\"likeOut likeDivOut\" style=\"display:none\">\n        <a data-id=\"3064\" class=\"likeOut_button_red likeBtnFav\"\n            aria-label=\"Megusta Vacalia\"><\/a>\n    <\/div>\n    <figure>\n        <img loading=\"lazy\" decoding=\"async\" \n            loading=\"lazy\" width=\"301\" height=\"200\"\n            src=\"\/\/media.vacalia.com\/photo\/reformatwebpfolder\/350\/200\/3064\/thumb-middle\/3064_b4950609ae43095676ec334f50e6d395.webp?v=21092023\"\n            alt=\"Can ferrer - Alquiler vacacional en Pollen\u00e7a\"\/>\n                                                                        <div class=\"circleDiscount\">-30%<\/div>\n                        <\/figure>\n    <p itemprop=\"address\"><i class=\"ico-marker\"><\/i>Pollen\u00e7a, Mallorca<\/p>\n    <h3 itemprop=\"name\">Can ferrer<\/h3>\n    <ul class=\"icon_list inline_list\">\n                              <li class=\"ico-pool\" title=\"Piscina\">\n              <span itemprop=\"amenityFeature\">Piscina<\/span>\n            <\/li>\n                      <li class=\"ico-airConditioning\" title=\"Aire Acondicionado\">\n              <span itemprop=\"amenityFeature\">Aire Acondicionado<\/span>\n            <\/li>\n                      <li class=\"ico-wifi\" title=\"Wifi\">\n              <span itemprop=\"amenityFeature\">Wifi<\/span>\n            <\/li>\n                          <li class=\"ico-guests\" title=\"Para 4 hu\u00e9spedes en Pollen\u00e7a.\">\n          <span itemprop=\"occupancy\">4<\/span>\n        <\/li>\n    <\/ul>\n            <span class=\"price\">Desde 105\u20ac \/ noche<\/span>\n                <a itemprop=\"url\" class=\"anchor\" href=\"https:\/\/www.vacalia.com\/es\/villa-can-ferrer-pollenca-h20432\" aria-label=\"Can ferrer\"><\/a>\n<\/div><div class=\"new-card-houses\">\n    <div class=\"likeOut likeDivOut\" style=\"display:none\">\n        <a data-id=\"3602\" class=\"likeOut_button_red likeBtnFav\"\n            aria-label=\"Megusta Vacalia\"><\/a>\n    <\/div>\n    <figure>\n        <img loading=\"lazy\" decoding=\"async\" \n            loading=\"lazy\" width=\"301\" height=\"200\"\n            src=\"\/\/media.vacalia.com\/photo\/reformatwebpfolder\/350\/200\/3602\/thumb-middle\/3602_bdcc9bc358e48685788e6cb6b5c70002.webp?v=21092023\"\n            alt=\"La llimona - Alquiler vacacional en Port de Pollen\u00e7a\"\/>\n                                                                        <div class=\"circleDiscount\">-8%<\/div>\n                        <\/figure>\n    <p itemprop=\"address\"><i class=\"ico-marker\"><\/i>Port de Pollen\u00e7a, Mallorca<\/p>\n    <h3 itemprop=\"name\">La llimona<\/h3>\n    <ul class=\"icon_list inline_list\">\n                              <li class=\"ico-airConditioning\" title=\"Aire Acondicionado\">\n              <span itemprop=\"amenityFeature\">Aire Acondicionado<\/span>\n            <\/li>\n                      <li class=\"ico-wifi\" title=\"Wifi\">\n              <span itemprop=\"amenityFeature\">Wifi<\/span>\n            <\/li>\n                      <li class=\"ico-views\" title=\"Vistas\">\n              <span itemprop=\"amenityFeature\">Vistas<\/span>\n            <\/li>\n                          <li class=\"ico-guests\" title=\"Para 4 hu\u00e9spedes en Port De Pollen\u00e7a.\">\n          <span itemprop=\"occupancy\">4<\/span>\n        <\/li>\n    <\/ul>\n            <span class=\"price\">Desde 104\u20ac \/ noche<\/span>\n                <a itemprop=\"url\" class=\"anchor\" href=\"https:\/\/www.vacalia.com\/es\/apartamento-la-llimona-pollenca-h24335\" aria-label=\"La llimona\"><\/a>\n<\/div><\/div>\n","protected":false},"excerpt":{"rendered":"<p>Encontrar villas en Pollen\u00e7a donde pasar tus vacaciones no suele ser una tarea f\u00e1cil. Sabemos que hay muchas opciones y no todas coinciden con lo que buscas. Es por ello&hellip;<\/p>\n","protected":false},"author":2,"featured_media":0,"comment_status":"closed","ping_status":"open","sticky":false,"template":"","format":"standard","meta":{"_monsterinsights_skip_tracking":false,"_monsterinsights_sitenote_active":false,"_monsterinsights_sitenote_note":"","_monsterinsights_sitenote_category":0,"footnotes":""},"categories":[1],"tags":[],"class_list":["post-193","post","type-post","status-publish","format-standard","hentry","category-general-es"],"_links":{"self":[{"href":"https:\/\/www.vacalia.com\/blog\/wp-json\/wp\/v2\/posts\/193"}],"collection":[{"href":"https:\/\/www.vacalia.com\/blog\/wp-json\/wp\/v2\/posts"}],"about":[{"href":"https:\/\/www.vacalia.com\/blog\/wp-json\/wp\/v2\/types\/post"}],"author":[{"embeddable":true,"href":"https:\/\/www.vacalia.com\/blog\/wp-json\/wp\/v2\/users\/2"}],"replies":[{"embeddable":true,"href":"https:\/\/www.vacalia.com\/blog\/wp-json\/wp\/v2\/comments?post=193"}],"version-history":[{"count":22,"href":"https:\/\/www.vacalia.com\/blog\/wp-json\/wp\/v2\/posts\/193\/revisions"}],"predecessor-version":[{"id":7245,"href":"https:\/\/www.vacalia.com\/blog\/wp-json\/wp\/v2\/posts\/193\/revisions\/7245"}],"wp:attachment":[{"href":"https:\/\/www.vacalia.com\/blog\/wp-json\/wp\/v2\/media?parent=193"}],"wp:term":[{"taxonomy":"category","embeddable":true,"href":"https:\/\/www.vacalia.com\/blog\/wp-json\/wp\/v2\/categories?post=193"},{"taxonomy":"post_tag","embeddable":true,"href":"https:\/\/www.vacalia.com\/blog\/wp-json\/wp\/v2\/tags?post=193"}],"curies":[{"name":"wp","href":"https:\/\/api.w.org\/{rel}","templated":true}]}}