{"id":1995,"date":"2018-11-06T22:12:41","date_gmt":"2018-11-06T22:12:41","guid":{"rendered":"https:\/\/www.vacalia.com\/blog\/?p=1995"},"modified":"2025-07-15T10:55:44","modified_gmt":"2025-07-15T08:55:44","slug":"funf-slow-food-restaurants-auf-mallorca","status":"publish","type":"post","link":"https:\/\/www.vacalia.com\/blog\/funf-slow-food-restaurants-auf-mallorca\/","title":{"rendered":"F\u00fcnf Restaurants mit \u201cSlow Food\u201d die Sie auf Mallorca besuchen k\u00f6nnen"},"content":{"rendered":"\n<p>Das \u201cSlow Food\u201d Konzept stammt aus Italien und hat sich in eine internationale Bewegung verwandelt, die Tradition in der K\u00fcche und traditionelle Elemente bei der Herstellung und Gewinnung der Lebensmittel einer jeden Region ber\u00fccksichtigt. Dieses Bewusstsein mit der&nbsp; Verantwortung f\u00fcr die Lebensmittel die wir essen, sind zu einer Lebensweise geworden. \u201cEssen mit Aufmerksamkeit\u201d f\u00fcr jede Zutat, die Beurteilung der Qualit\u00e4t, des Ursprungs und der Zubereitung hat sich auch auf Restaurants \u00fcbertragen die besonderen Wert auf den nat\u00fcrlichen Geschmack legen und lokale Produkte bevorzugen.<\/p>\n\n\n<div class=\"wp-block-image\">\n<figure class=\"aligncenter\"><img fetchpriority=\"high\" decoding=\"async\" width=\"1100\" height=\"673\" src=\"https:\/\/www.vacalia.com\/blog\/wp-content\/uploads\/2018\/11\/5restaurantesslowfoodMallorca_2-1-e1541542319532.jpg\" alt=\"F\u00fcnf Restaurants mit \u201cSlow Food\u201d die Sie auf Mallorca besuchen k\u00f6nnen\" class=\"wp-image-1997\" srcset=\"https:\/\/www.vacalia.com\/blog\/wp-content\/uploads\/2018\/11\/5restaurantesslowfoodMallorca_2-1-e1541542319532.jpg 1100w, https:\/\/www.vacalia.com\/blog\/wp-content\/uploads\/2018\/11\/5restaurantesslowfoodMallorca_2-1-e1541542319532-300x184.jpg 300w, https:\/\/www.vacalia.com\/blog\/wp-content\/uploads\/2018\/11\/5restaurantesslowfoodMallorca_2-1-e1541542319532-768x470.jpg 768w, https:\/\/www.vacalia.com\/blog\/wp-content\/uploads\/2018\/11\/5restaurantesslowfoodMallorca_2-1-e1541542319532-1024x627.jpg 1024w, https:\/\/www.vacalia.com\/blog\/wp-content\/uploads\/2018\/11\/5restaurantesslowfoodMallorca_2-1-e1541542319532-1050x642.jpg 1050w\" sizes=\"(max-width: 1100px) 100vw, 1100px\" \/><\/figure><\/div>\n\n\n<p><\/p>\n\n\n\n<!--more-->\n\n\n\n<p>Auf Mallorca ist dieser \u00d6ko &#8211; Trend sehr pr\u00e4sent und es gibt immer vielf\u00e4ltigere M\u00f6glichkeiten Produkte, die direkt aus dem mallorquinischen Land stammen, nachhaltig behandelt wurden und einen nat\u00fcrlicheren Geschmack haben, zu probieren.<\/p>\n\n\n\n<h2 class=\"wp-block-heading has-medium-font-size\">Wir von Vacalia! schlagen 5 Slow Food Restaurants vor, damit Sie die traditionellen und authentischen Produkte Mallorcas genie\u00dfen k\u00f6nnen:<\/h2>\n\n\n\n<p class=\"has-medium-font-size\"><a href=\"https:\/\/www.santoshapalma.com\/\" target=\"_blank\" rel=\"noopener\">1.Santosha<strong> Eco-Caf\u00e9<\/strong><\/a><\/p>\n\n\n\n<ul class=\"wp-block-list\">\n<li>\u00d6ffnungszeiten: Dienstags bis Freitags von 12:00 Uhr bis 16:00 Uhr und Donnerstags bis Samstags von 20:00 Uhr bis 00.00 Uhr.<\/li>\n\n\n\n<li>Adresse: Carrer Metge Matas, 2, Palma<\/li>\n<\/ul>\n\n\n\n<p>Santosha Eco-Caf\u00e9 ist ein gem\u00fctliches Lokal und bietet Speisen mit regionalen, organischen und saisonalen Produkten an. Am Tage die perfekte L\u00f6sung f\u00fcr einen gesunden Snack oder einen Kaffee, mit einem St\u00fcck hausgemachten Kuchen am Nachmittag.&nbsp;Abends ist die Karte reduziert und \u00e4ndert sich h\u00e4ufig, je nach Verf\u00fcgbarkeit der regionalen Produkte. Das Santosha Eco-Caf\u00e9 bietet vegetarische und vegane Speisen, sowie Fleisch von Tieren die auf freiem Land gehalten wurden und Fisch mit nachhaltiger Herkunft. Es gibt auch eine Auswahl an lokalen Bio-Weinen.<\/p>\n\n\n\n<p>Neben der \u00fcblichen Karte gibt es ein Mittagsmen\u00fc und Brunch, mit Bloody Mary oder Mimosa, an den Wochenenden. Die Donnerstage sind im Santosha Eco-Caf\u00e9 etwas Besonderes, hier findet der Filmclub mit Abendessen statt. Samstags gibt es Live-Musik, um den Abend zu beleben. Ein sehr empfehlenswerter Ort, der sowohl von Touristen als auch von Inselbewohnern besucht wird.<\/p>\n\n\n\n<h2 class=\"wp-block-heading has-medium-font-size\"><strong>In der N\u00e4he des Restaurants finden Sie die Fincas <a href=\"https:\/\/www.vacalia.com\/es\/casa-vacacional-centric-palma--h16178\">Centric<\/a>&nbsp;y&nbsp;<a href=\"https:\/\/www.vacalia.com\/es\/villa-sargantana-palma--h15908\">Sargantana<\/a>, ideal f\u00fcr einen Familienurlaub.<\/strong><\/h2>\n\n\n\n<p class=\"has-medium-font-size\"><u>2.<a href=\"https:\/\/www.restaurantsantitaura.com\/\" target=\"_blank\" rel=\"noopener\">Santi Taura<\/a><\/u><\/p>\n\n\n\n<ul class=\"wp-block-list\">\n<li>\u00d6ffnungszeiten: Mittwoch bis Donnerstag von 13.00 Uhr bis 15.00 Uhr und von 20.00 bis 22.00 Uhr. Montags von 20.00 Uhr bis 22.00 Uhr<\/li>\n\n\n\n<li>Adresse: Joan Carles I, Nr. 48, Lloseta<\/li>\n<\/ul>\n\n\n\n<p>Santi Taura befindet sich in einem kleinen Dorf im Landesinneren von Mallorca &#8211; Lloseta. Der Chef ist einer der mallorquinischen K\u00f6che, die regionale Produkte am besten behandeln. In seinen eigenen Worten besteht sein Werk darin, \u00abdie kulinarische Kultur unseres Ortes zu aktualisieren und die K\u00fcche und das Ged\u00e4chtnis der Balearen bestm\u00f6glich zu verteidigen\u00bb. Die Gerichte sind ein Juwel f\u00fcr den Gaumen aller Feinschmecker.<\/p>\n\n\n\n<p>Dar\u00fcber hinaus hat der Chefkoch ein weiteres Restaurant im selben Lokal &#8211; Dins -, in dem er Verkostungsmen\u00fcs der balearischen K\u00fcche mit \u201cslow\u201d Produkten anbietet, die er jeden Tag pers\u00f6nlich ausw\u00e4hlt. Im Sommer finden Sie im &#8211; Gust &#8211; Restaurant diese spezielle K\u00fcche im Hotel Iberostar Playa de Muro. Unbedingt notieren f\u00fcr den n\u00e4chsten Sommerurlaub!<\/p>\n\n\n\n<h2 class=\"wp-block-heading has-medium-font-size\"><strong>In der N\u00e4he des Restaurants finden Sie die Fincas <a href=\"https:\/\/www.vacalia.com\/es\/villa-finca-alegre-lloseta-h14870\">Alegre (Lloseta)<\/a>&nbsp;y&nbsp;<a href=\"https:\/\/www.vacalia.com\/es\/villa-can-ponset-binissalem-h14720\">Via Roma (Binissalem)<\/a>, ideal f\u00fcr einen Familienurlaub.<\/strong><\/h2>\n\n\n\n<p class=\"has-medium-font-size\"><strong><a href=\"https:\/\/www.tripadvisor.es\/Restaurant_Review-g187463-d1126640-Reviews-Restaurante_Plaer_Natural-Palma_de_Mallorca_Majorca_Balearic_Islands.html\" target=\"_blank\" rel=\"noopener\">3. Plaer Natural<\/a><\/strong><\/p>\n\n\n\n<ul class=\"wp-block-list\">\n<li>\u00d6ffnungszeiten: von Montag bis Freitag von 13.00 Uhr bis 16.00 Uhr<\/li>\n\n\n\n<li>Pla\u00e7a de la Quartera, Nr. 3, Palma<\/li>\n<\/ul>\n\n\n\n<p>Dieses kleine Lokal bietet eine sorgf\u00e4ltige, \u00f6kologische und vegetarische K\u00fcche in originellen Gerichten, mit einer interessanten Kombination aus Aromen, Farben und Texturen an. Die Speisekarte enth\u00e4lt alles von Risotto \u00fcber Soja bis hin zu Hummus- und Tofu-Kuchen. Au\u00dferdem gibt es Gerichte, die f\u00fcr Z\u00f6liakie geeignet sind und Desserts ohne Zucker. T\u00e4glich gibt es ein Mittagsmen\u00fc, bestehend aus Vorspeise,&nbsp; 2 Hauptgerichten und Dessert. Drei Optionen stehen zur Auswahl. Ebenso hat Plaer Natural eine gro\u00dfe Auswahl an Bieren.<\/p>\n\n\n\n<h2 class=\"wp-block-heading has-medium-font-size\"><strong>In der N\u00e4he des Restaurants finden Sie die <a href=\"https:\/\/www.vacalia.com\/es\/villa-ca-na-salera-palma--h17114\">Ca na Salera<\/a>, ideal f\u00fcr einen Familienurlaub.<\/strong><\/h2>\n\n\n\n<p class=\"has-medium-font-size\"><strong><u><a href=\"https:\/\/www.thewineside.es\/\" target=\"_blank\" rel=\"noopener\">4. The Wine Side<\/a><\/u><\/strong><\/p>\n\n\n\n<ul class=\"wp-block-list\">\n<li>\u00d6ffnungszeiten: Dienstags bis Sonntags von 12:00 Uhr bis 16:00 Uhr und von 19:00 Uhr bis 23:30 Uhr<\/li>\n\n\n\n<li>Adresse: Mariners, Nr. 3, Puerto de Alc\u00fadia<\/li>\n<\/ul>\n\n\n\n<p>Diese Gastrobar &#8211; ein Familienunternehmen &#8211; ist auf lokale Frischwaren mit 0-km spezialisiert. Die K\u00fcche ist einfach, auf der Basis des frischen Produkts, haupts\u00e4chlich Meeresfr\u00fcchte, ohne Fleisch und Fisch zu vergessen. Die Ressourcen des Meeres, das die Insel umgibt, werden genutzt und man konzentriert sich auf die Fische und Muscheln aus der Bucht von Alcudia: Zackenbarsch, Gallo de San Pedro, Cap Roig, Meer\u00e4sche, rote Garnelen, Flusskrebs oder Seesprotten. Es gibt auch saisonale Produkte wie Hummer und einige galizische Meeresfr\u00fcchte wie Muscheln, Austern, Miesmuscheln, Messermuscheln, K\u00f6nigskrabben oder Garnelen. Das Fleisch kommt von der Finca de Jim\u00e9nez Barbero &#8211; mit nachhaltiger Tierhaltung von -sogenannten- gl\u00fccklichen Tieren. The Wine Side hat kein festes Men\u00fc, sondern wechselt jede Woche mit saisonalen Produkten und versucht Sie beim Abendessen zu \u00fcberraschen. Es gibt auch eine umfangreiche Auswahl an mallorquinischen und nationalen Weinen.<\/p>\n\n\n\n<h2 class=\"wp-block-heading has-medium-font-size\"><strong>In der N\u00e4he des Restaurants finden Sie die Fincas <a href=\"https:\/\/www.vacalia.com\/es\/villa-can-corro-alcudia-h14546\">Can Corr\u00f3<\/a>, ideal f\u00fcr einen Familienurlaub.<\/strong><\/h2>\n\n\n\n<p class=\"has-medium-font-size\"><strong><u><a href=\"https:\/\/www.canatoneta.com\/\" target=\"_blank\" rel=\"noopener\">5. Ca Na Toneta<\/a><\/u><\/strong><\/p>\n\n\n\n<ul class=\"wp-block-list\">\n<li>\u00d6ffnungszeiten:Im Sommer an allen Tagen ab 20.00 Uhr, Im Winter nur Freitags und Samstags, Tischbestellung erforderlich!<\/li>\n\n\n\n<li>Adresse: Calle Horitz\u00f3, en Caimari<\/li>\n<\/ul>\n\n\n\n<p>Hier finden Sie die traditionelle mallorquinische K\u00fcche mit 0-km und \u00f6kologischen Produkten, die bei lokalen Lieferanten gekauft oder direkt im eigenen Garten geerntet werden. Der Chefkoch hat das Ziel, dass das Verkostungssmen\u00fc \u201cvoll von Mallorca\u201d ist. In Ca Na Toneta werden saisonale Gerichte nach traditionellen Rezepten und mit traditioneller Inspiration gekocht.<\/p>\n\n\n\n<p>Dieses Restaurant bietet nur ein Verkostungsmen\u00fc mit sechs wechselnden Gerichten, Es gibt jedoch immer die typisch mallorquinische Coca. 2016 w\u00e4hlte die Zeitschrift Cond\u00e9 Nast Travele dieses Restaurant als eines der 207 besten der Welt.<\/p>\n\n\n\n<h2 class=\"wp-block-heading has-medium-font-size\"><strong>In der N\u00e4he des Restaurants finden Sie die Fincas &nbsp;<a href=\"https:\/\/www.vacalia.com\/es\/villa-picara-mancor-de-la-vall-h20000\">Picara (Mancor)<\/a>, ideal f\u00fcr einen Familienurlaub.<\/strong><\/h2>\n\n\n\n<p><em><strong>Wenn Sie Ihren <a href=\"https:\/\/www.vacalia.com\/\">Urlaub auf Mallorca f\u00fcr 2019 schon planen<\/a>, sollten Sie diese Empfehlung der 5 Restaurants \u00abslow food\u00bb mit einschlie\u00dfen. So wird Ihr Urlaub perfekt!<\/strong><\/em><\/p>\n\n\n<div class=\"bannerBlog\"><div class=\"new-card-houses\">\n    <div class=\"likeOut likeDivOut\" style=\"display:none\">\n        <a data-id=\"3113\" class=\"likeOut_button_red likeBtnFav\"\n            aria-label=\"Megusta Vacalia\"><\/a>\n    <\/div>\n    <figure>\n        <img loading=\"lazy\" decoding=\"async\" \n            loading=\"lazy\" width=\"301\" height=\"200\"\n            src=\"\/\/media.vacalia.com\/photo\/reformatwebpfolder\/350\/200\/3113\/thumb-middle\/3113_8cd008dea844ddd3749b8765fb511762.webp?v=21092023\"\n            alt=\"Can vallori - Ferienhaus auf Sencelles\"\/>\n                                                                        <div class=\"circleDiscount\">-9%<\/div>\n                        <\/figure>\n    <p itemprop=\"address\"><i class=\"ico-marker\"><\/i>Sencelles, Mallorca<\/p>\n    <h3 itemprop=\"name\">Can vallori<\/h3>\n    <ul class=\"icon_list inline_list\">\n                              <li class=\"ico-airConditioning\" title=\"Klimaanlage\">\n              <span itemprop=\"amenityFeature\">Klimaanlage<\/span>\n            <\/li>\n                      <li class=\"ico-wifi\" title=\"Wifi\">\n              <span itemprop=\"amenityFeature\">Wifi<\/span>\n            <\/li>\n                          <li class=\"ico-guests\" title=\"F\u00fcr 6 G\u00e4ste in Sencelles.\">\n          <span itemprop=\"occupancy\">6<\/span>\n        <\/li>\n    <\/ul>\n            <span class=\"price\">Ab 118\u20ac \/ Nacht<\/span>\n                <a itemprop=\"url\" class=\"anchor\" href=\"https:\/\/www.vacalia.com\/de\/ferienhaus-can-vallori-sencelles-h20523\" aria-label=\"Can vallori\"><\/a>\n<\/div><div class=\"new-card-houses\">\n    <div class=\"likeOut likeDivOut\" style=\"display:none\">\n        <a data-id=\"3125\" class=\"likeOut_button_red likeBtnFav\"\n            aria-label=\"Megusta Vacalia\"><\/a>\n    <\/div>\n    <figure>\n        <img loading=\"lazy\" decoding=\"async\" \n            loading=\"lazy\" width=\"301\" height=\"200\"\n            src=\"\/\/media.vacalia.com\/photo\/reformatwebpfolder\/350\/200\/3125\/thumb-middle\/3125_87d0745e8400e86ad2ee3a72ce8497d9.webp?v=21092023\"\n            alt=\"Sun of alcanada - Ferienhaus auf Port d&#039;Alc\u00fadia\"\/>\n                                                                        <div class=\"circleDiscount\">-14%<\/div>\n                        <\/figure>\n    <p itemprop=\"address\"><i class=\"ico-marker\"><\/i>Port d&#039;Alc\u00fadia, Mallorca<\/p>\n    <h3 itemprop=\"name\">Sun of alcanada<\/h3>\n    <ul class=\"icon_list inline_list\">\n                              <li class=\"ico-airConditioning\" title=\"Klimaanlage\">\n              <span itemprop=\"amenityFeature\">Klimaanlage<\/span>\n            <\/li>\n                      <li class=\"ico-wifi\" title=\"Wifi\">\n              <span itemprop=\"amenityFeature\">Wifi<\/span>\n            <\/li>\n                      <li class=\"ico-views\" title=\"Ausblick\">\n              <span itemprop=\"amenityFeature\">Ausblick<\/span>\n            <\/li>\n                          <li class=\"ico-guests\" title=\"F\u00fcr 3 G\u00e4ste in Port D&#039;alc\u00fadia.\">\n          <span itemprop=\"occupancy\">3<\/span>\n        <\/li>\n    <\/ul>\n            <span class=\"price\">Ab 91\u20ac \/ Nacht<\/span>\n                <a itemprop=\"url\" class=\"anchor\" href=\"https:\/\/www.vacalia.com\/de\/apartment-sun-of-alcanada-alcudia-h20538\" aria-label=\"Sun of alcanada\"><\/a>\n<\/div><\/div>\n","protected":false},"excerpt":{"rendered":"<p>Das \u201cSlow Food\u201d Konzept stammt aus Italien und hat sich in eine internationale Bewegung verwandelt, die Tradition in der K\u00fcche und traditionelle Elemente bei der Herstellung und Gewinnung der Lebensmittel&hellip;<\/p>\n","protected":false},"author":2,"featured_media":2226,"comment_status":"closed","ping_status":"open","sticky":false,"template":"","format":"standard","meta":{"_monsterinsights_skip_tracking":false,"_monsterinsights_sitenote_active":false,"_monsterinsights_sitenote_note":"","_monsterinsights_sitenote_category":0,"footnotes":""},"categories":[40],"tags":[],"class_list":["post-1995","post","type-post","status-publish","format-standard","has-post-thumbnail","hentry","category-allgemein"],"_links":{"self":[{"href":"https:\/\/www.vacalia.com\/blog\/wp-json\/wp\/v2\/posts\/1995"}],"collection":[{"href":"https:\/\/www.vacalia.com\/blog\/wp-json\/wp\/v2\/posts"}],"about":[{"href":"https:\/\/www.vacalia.com\/blog\/wp-json\/wp\/v2\/types\/post"}],"author":[{"embeddable":true,"href":"https:\/\/www.vacalia.com\/blog\/wp-json\/wp\/v2\/users\/2"}],"replies":[{"embeddable":true,"href":"https:\/\/www.vacalia.com\/blog\/wp-json\/wp\/v2\/comments?post=1995"}],"version-history":[{"count":7,"href":"https:\/\/www.vacalia.com\/blog\/wp-json\/wp\/v2\/posts\/1995\/revisions"}],"predecessor-version":[{"id":7821,"href":"https:\/\/www.vacalia.com\/blog\/wp-json\/wp\/v2\/posts\/1995\/revisions\/7821"}],"wp:featuredmedia":[{"embeddable":true,"href":"https:\/\/www.vacalia.com\/blog\/wp-json\/wp\/v2\/media\/2226"}],"wp:attachment":[{"href":"https:\/\/www.vacalia.com\/blog\/wp-json\/wp\/v2\/media?parent=1995"}],"wp:term":[{"taxonomy":"category","embeddable":true,"href":"https:\/\/www.vacalia.com\/blog\/wp-json\/wp\/v2\/categories?post=1995"},{"taxonomy":"post_tag","embeddable":true,"href":"https:\/\/www.vacalia.com\/blog\/wp-json\/wp\/v2\/tags?post=1995"}],"curies":[{"name":"wp","href":"https:\/\/api.w.org\/{rel}","templated":true}]}}