{"id":2039,"date":"2018-11-21T11:30:59","date_gmt":"2018-11-21T11:30:59","guid":{"rendered":"https:\/\/www.vacalia.com\/blog\/?p=2039"},"modified":"2025-07-15T10:52:08","modified_gmt":"2025-07-15T08:52:08","slug":"planes-familiares-para-tus-vacaciones-en-mallorca-con-ninos-de-entre-0-y-5-anos","status":"publish","type":"post","link":"https:\/\/www.vacalia.com\/blog\/es\/planes-familiares-para-tus-vacaciones-en-mallorca-con-ninos-de-entre-0-y-5-anos\/","title":{"rendered":"Planes familiares para tus vacaciones en Mallorca con ni\u00f1os de entre 0 y 5 a\u00f1os"},"content":{"rendered":"\n<p>Mallorca es un para\u00edso mediterr\u00e1neo dominado hist\u00f3ricamente por romanos y \u00e1rabes y un destino de vacaciones ideal para ir con ni\u00f1os peque\u00f1os. Desde beb\u00e9s con meses hasta adolescentes pueden disfrutar de la belleza de la isla.<\/p>\n\n\n<div class=\"wp-block-image\">\n<figure class=\"aligncenter\"><img fetchpriority=\"high\" decoding=\"async\" width=\"1200\" height=\"675\" src=\"https:\/\/www.vacalia.com\/blog\/wp-content\/uploads\/2018\/11\/ES_PlanesNi\u00f1osblog_Vacalia.jpg\" alt=\"planes en mallorca con ni\u00f1os de 0 a 3 a\u00f1os\" class=\"wp-image-2059\" srcset=\"https:\/\/www.vacalia.com\/blog\/wp-content\/uploads\/2018\/11\/ES_PlanesNi\u00f1osblog_Vacalia.jpg 1200w, https:\/\/www.vacalia.com\/blog\/wp-content\/uploads\/2018\/11\/ES_PlanesNi\u00f1osblog_Vacalia-300x169.jpg 300w, https:\/\/www.vacalia.com\/blog\/wp-content\/uploads\/2018\/11\/ES_PlanesNi\u00f1osblog_Vacalia-768x432.jpg 768w, https:\/\/www.vacalia.com\/blog\/wp-content\/uploads\/2018\/11\/ES_PlanesNi\u00f1osblog_Vacalia-1024x576.jpg 1024w, https:\/\/www.vacalia.com\/blog\/wp-content\/uploads\/2018\/11\/ES_PlanesNi\u00f1osblog_Vacalia-1050x591.jpg 1050w\" sizes=\"(max-width: 1200px) 100vw, 1200px\" \/><\/figure><\/div>\n\n\n<p><\/p>\n\n\n\n<h4 class=\"wp-block-heading\">No obstante, hoy nos vamos a centrar en planes para hacer con ni\u00f1os de entre 0 y 5 a\u00f1os. \u00a1\u00bfTe apuntas?!<\/h4>\n\n\n\n<!--more-->\n\n\n\n<h3 class=\"wp-block-heading\"><strong style=\"font-family: 'Noto sans', sans-serif; font-size: 27px; letter-spacing: -0.2px;\">Parques tem\u00e1ticos infantiles<\/strong><\/h3>\n\n\n<div class=\"wp-block-image\">\n<figure class=\"aligncenter\"><img decoding=\"async\" width=\"1200\" height=\"801\" src=\"https:\/\/www.vacalia.com\/blog\/wp-content\/uploads\/2018\/11\/mallorca-con-ninos-0-3-anos.jpg\" alt=\"parques infantiles con ni\u00f1os de 0 a 3 a\u00f1os en mallorca\" class=\"wp-image-2055\" srcset=\"https:\/\/www.vacalia.com\/blog\/wp-content\/uploads\/2018\/11\/mallorca-con-ninos-0-3-anos.jpg 1200w, https:\/\/www.vacalia.com\/blog\/wp-content\/uploads\/2018\/11\/mallorca-con-ninos-0-3-anos-300x200.jpg 300w, https:\/\/www.vacalia.com\/blog\/wp-content\/uploads\/2018\/11\/mallorca-con-ninos-0-3-anos-768x513.jpg 768w, https:\/\/www.vacalia.com\/blog\/wp-content\/uploads\/2018\/11\/mallorca-con-ninos-0-3-anos-1024x684.jpg 1024w, https:\/\/www.vacalia.com\/blog\/wp-content\/uploads\/2018\/11\/mallorca-con-ninos-0-3-anos-1050x701.jpg 1050w\" sizes=\"(max-width: 1200px) 100vw, 1200px\" \/><\/figure><\/div>\n\n\n<p><\/p>\n\n\n\n<h2 class=\"wp-block-heading has-medium-font-size\"><strong><a href=\"https:\/\/www.katmandupark.com\/es\/\" target=\"_blank\" rel=\"noopener\">Katmandu Park<\/a><\/strong><\/h2>\n\n\n\n<p>Situado en el coraz\u00f3n de la playa de Calvi\u00e1, Kamandu Park ofrece la libertad de jugar a tu manera. Este parque tem\u00e1tico cuenta con multitud de atracciones que ofrecen una experiencia inolvidable: desde trepar obst\u00e1culos hasta ver y sentir el cine en 4D o lanzarte por toboganes acu\u00e1ticos. \u00a1La aventura te espera!<\/p>\n\n\n\n<h2 class=\"wp-block-heading has-medium-font-size\"><strong><a href=\"https:\/\/www.marineland.es\/mallorca\/\" target=\"_blank\" rel=\"noopener\">Marineland<\/a><\/strong><\/h2>\n\n\n\n<p>Marineland es uno de los primeros zoos marinos de Europa y su \u00e9xito se debe principalmente a su espect\u00e1culo de delfines, considerado uno de los mejores del mundo.<\/p>\n\n\n\n<h2 class=\"wp-block-heading has-medium-font-size\"><strong><a href=\"https:\/\/www.aqualand.es\/elarenal\/\" target=\"_blank\" rel=\"noopener\">Aqualand,<\/a> <a href=\"https:\/\/www.westernpark.com\/\" target=\"_blank\" rel=\"noopener\">Western<\/a><\/strong><\/h2>\n\n\n\n<p>Aqualand es el parque acu\u00e1tico m\u00e1s grande de Mallorca y cuenta con toboganes de alta velocidad, piscinas para ni\u00f1os y viajes en balsa. Tiene una zona bastante amplia habilitada para ni\u00f1os de menor edad con piscinas donde el agua no cubre, toboganes peque\u00f1os, chorros de agua\u2026 Western Park est\u00e1 ubicado en Magaluf y cuenta con tres \u00e1reas tem\u00e1ticas: Indian Town, El Paso y Westerland. El parque tiene el d\u00e9cimo tobog\u00e1n de agua m\u00e1s alto del mundo: La Bestia. No obstante, tambi\u00e9n tiene atracciones para los m\u00e1s peque\u00f1os de la casa y un \u00e1rea donde encontrar momentos de tranquilidad con atracciones m\u00e1s relajas y zona chill out. Tres opciones refrescantes para los calurosos d\u00edas de verano.<\/p>\n\n\n\n<p>Cerca de estos parques y de Katmandu, encontramos maravillosas viviendas vacacionales como <a href=\"https:\/\/www.vacalia.com\/es\/villa-can-blau-puigpunyent-h14519\">Blau nit<\/a> en Puigpunyent o <a href=\"https:\/\/www.vacalia.com\/es\/villa-can-jordi-bunyola-h14600\">Es Freu<\/a> en Bunyola.<\/p>\n\n\n\n<h2 class=\"wp-block-heading has-medium-font-size\"><strong><a href=\"https:\/\/www.naturaparc.net\/\" target=\"_blank\" rel=\"noopener\">Natura Parc<\/a><\/strong><\/h2>\n\n\n\n<p>En el coraz\u00f3n de la isla de Mallorca, en la localidad de Santa Eugenia, se encuentra Natural Parc, un zoo con m\u00e1s de 500 especies animales distribuidas en 6 hect\u00e1reas. El 80% de los animales que habitan en este centro no pueden vivir en libertad debido principalmente a experiencias pasadas (maltrato, tr\u00e1fico ilegal, abandono\u2026). Desde Natura Parc se llevan a cabo distintos programas de conservaci\u00f3n, investigaci\u00f3n y cr\u00eda en cautividad de especies protegidas y en peligro de extinci\u00f3n. Para hospedarse, proponemos el municipio de Inca donde podemos encontrar casas <a href=\"https:\/\/www.vacalia.com\/es\/villa-granja-inca-h14618\">Granja<\/a>, <a href=\"https:\/\/www.vacalia.com\/es\/villa-ines-inca-h14531\">Ines<\/a> o <a href=\"https:\/\/www.vacalia.com\/es\/villa-sa-caseta-caseta-inca-h14567\">Caseta<\/a>.<\/p>\n\n\n\n<h2 class=\"wp-block-heading has-medium-font-size\"><strong><a href=\"https:\/\/palmaaquarium.com\/es\" target=\"_blank\" rel=\"noopener\">Palma Aquarium<\/a><\/strong><\/h2>\n\n\n\n<p>El Palma Aquarium ofrece m\u00e1s de 8.000 animales de 700 especies diferentes. En su interior podr\u00e1s descubrir las curiosidades m\u00e1s profundas del fondo marino as\u00ed como conocer y cuidar a algunos animales de la mano de gu\u00edas. Explora la jungla y disfruta del sol en los jardines del parque mientras los ni\u00f1os juegan en el barco pirata o se refrescan en las fuentes de chorros.<\/p>\n\n\n\n<h2 class=\"wp-block-heading has-medium-font-size\"><strong>Cuevas m\u00e1gicas<\/strong><\/h2>\n\n\n<div class=\"wp-block-image\">\n<figure class=\"aligncenter\"><img decoding=\"async\" width=\"1200\" height=\"800\" src=\"https:\/\/www.vacalia.com\/blog\/wp-content\/uploads\/2018\/11\/mallorca-con-ninos-0-3-anos-4.jpg\" alt=\"cuevas mallorca para ir con ni\u00f1os 0 3 a\u00f1os\" class=\"wp-image-2056\" srcset=\"https:\/\/www.vacalia.com\/blog\/wp-content\/uploads\/2018\/11\/mallorca-con-ninos-0-3-anos-4.jpg 1200w, https:\/\/www.vacalia.com\/blog\/wp-content\/uploads\/2018\/11\/mallorca-con-ninos-0-3-anos-4-300x200.jpg 300w, https:\/\/www.vacalia.com\/blog\/wp-content\/uploads\/2018\/11\/mallorca-con-ninos-0-3-anos-4-768x512.jpg 768w, https:\/\/www.vacalia.com\/blog\/wp-content\/uploads\/2018\/11\/mallorca-con-ninos-0-3-anos-4-1024x683.jpg 1024w, https:\/\/www.vacalia.com\/blog\/wp-content\/uploads\/2018\/11\/mallorca-con-ninos-0-3-anos-4-1050x700.jpg 1050w\" sizes=\"(max-width: 1200px) 100vw, 1200px\" \/><\/figure><\/div>\n\n\n<h2 class=\"wp-block-heading has-medium-font-size\"><strong><a href=\"https:\/\/www.cuevasdeldrach.com\/\" target=\"_blank\" rel=\"noopener\">Coves del Drac,<\/a>&nbsp; <a href=\"https:\/\/cuevasdelshams.com\/\" target=\"_blank\" rel=\"noopener\">Coves dels Hams,<\/a>&nbsp;<a href=\"https:\/\/www.covesdecampanet.com\/\" target=\"_blank\" rel=\"noopener\">Coves de Campanet,<\/a>&nbsp;<a href=\"https:\/\/cuevasdegenova.com\/\" target=\"_blank\" rel=\"noopener\">Coves de G\u00e8nova,<\/a>&nbsp;&nbsp;<a href=\"https:\/\/cuevasdearta.com\/\" target=\"_blank\" rel=\"noopener\">Coves d\u2019Art\u00e0<\/a><\/strong><\/h2>\n\n\n\n<p>Famosas por sus perlas naturales, Coves del Drach son cuatro grandes cuevas (Cova Negra, Cova Blanca, Cova de Lluis Salvador y Cova dels francesos) conectadas entre s\u00ed formando un lago subterr\u00e1neo en el municipio de Manacor. Las cuevas se extienden hasta una profundidad de 5 metros alcanzando los 2,4 kil\u00f3metros de longitud. Cerca se encuentra las Coves del Hams, conocidas por sus peculiares formaciones en forma de anzuelos, Hams en mallorqu\u00edn. Ambas cuevas son muy famosas y tambi\u00e9n muy concurrida recibiendo cada a\u00f1o decenas de visitantes.<\/p>\n\n\n\n<p>Si queremos visitar cuevas de forma m\u00e1s tranquila\u2026 En el monte de Sant Miquel, encontramos las Coves de Campanet. Tienen una superficie de 3.200 metros cuadrados y su recorrido con visita guiada dura unos 40 minutos. Estas cuevas han despertado el inter\u00e9s cient\u00edfico porque albergan una especie end\u00e9mica de escarabajo ciego carn\u00edvoro: el Henrotius Jordai. La Cova de G\u00e8nova tienen origen calc\u00e1reo y su belleza reside en el colorido de los minerales que ese encuentra en sus paredes. Ofrecen un recorrido a pie de aproximadamente un kil\u00f3metro que desciende a 36 metros de profundidad. Por \u00faltimo, las Coves d\u2019Art\u00e0 ofrece una visita guiada que dura unos 40 minutos.<\/p>\n\n\n\n<p>En el interior de todas estas cuevas hace una temperatura entorno a los 18 grados cent\u00edgrados y una humedad que llega a alcanzar el 80%, por lo que se aconseja abrigarse para la visita. Tanto Coves d\u2019Art\u00e0 como Coves del Drach y Cova de Lluis Salvador se pueden visitar desde Capdepera donde encontraremos casas vacacionales como <a href=\"https:\/\/www.vacalia.com\/es\/villa-casa-angela-capdepera-h14507\">Casa \u00c1ngela<\/a>&nbsp;y&nbsp;<u><a href=\"https:\/\/www.vacalia.com\/es\/villa-villa-bona-vista-capdepera-h14525\">Bongust<\/a><\/u>. Las Coves Campanet y la Cova de G\u00e8nova est\u00e1n en la parte oeste de la isla y un buen alojamiento ser\u00eda en <a href=\"https:\/\/www.vacalia.com\/es\/villa-picara-mancor-de-la-vall-h20000\">Picara<\/a> en Mancor de la Vall, <a href=\"https:\/\/www.vacalia.com\/es\/villa-granja-inca-h14618\">Granja<\/a> en Inca o <a href=\"https:\/\/www.vacalia.com\/es\/villa-can-ponset-binissalem-h14720\">V\u00eda Roma<\/a> en Binissalem.<\/p>\n\n\n\n<h2 class=\"wp-block-heading has-medium-font-size\"><strong>Playas para ir con ni\u00f1os<\/strong><\/h2>\n\n\n<div class=\"wp-block-image\">\n<figure class=\"aligncenter\"><img loading=\"lazy\" decoding=\"async\" width=\"1200\" height=\"815\" src=\"https:\/\/www.vacalia.com\/blog\/wp-content\/uploads\/2018\/11\/mallorca-con-ninos-0-3-anos-6.jpg\" alt=\"mallorca-con-ninos-0-3-anos-6\" class=\"wp-image-2058\" srcset=\"https:\/\/www.vacalia.com\/blog\/wp-content\/uploads\/2018\/11\/mallorca-con-ninos-0-3-anos-6.jpg 1200w, https:\/\/www.vacalia.com\/blog\/wp-content\/uploads\/2018\/11\/mallorca-con-ninos-0-3-anos-6-300x204.jpg 300w, https:\/\/www.vacalia.com\/blog\/wp-content\/uploads\/2018\/11\/mallorca-con-ninos-0-3-anos-6-768x522.jpg 768w, https:\/\/www.vacalia.com\/blog\/wp-content\/uploads\/2018\/11\/mallorca-con-ninos-0-3-anos-6-1024x695.jpg 1024w, https:\/\/www.vacalia.com\/blog\/wp-content\/uploads\/2018\/11\/mallorca-con-ninos-0-3-anos-6-1050x713.jpg 1050w\" sizes=\"(max-width: 1200px) 100vw, 1200px\" \/><\/figure><\/div>\n\n\n<h2 class=\"wp-block-heading has-medium-font-size\"><strong><a href=\"https:\/\/www.ajmuro.net\/platges\/index.es.html\" target=\"_blank\" rel=\"noopener\">Playa de Muro,<\/a> <a href=\"https:\/\/www.alcudiamallorca.com\/es\/que-ver\/playas\/\" target=\"_blank\" rel=\"noopener\">Playa&nbsp;d\u2019Alc\u00fadia<\/a><\/strong><\/h2>\n\n\n\n<p>Playa de Muro se sit\u00faa junto al Parque Natural de S\u2019Albufera. Esta playa de arena fina tiene un oleaje suave ideal para los ni\u00f1os y ha sido premiada con la bandera azul que solo obtienen las mejores playas de Europa. Es una de las playas m\u00e1s familiares de la isla y cuenta con servicio de seguridad infantil que funciona con pulseras. A tres kil\u00f3metros encontramos la larga playa d\u2019Alcudia famosa por su arena blanca. Tambi\u00e9n dispone de bandera azul y es muy popular entre las familias. Alc\u00fadia y alrededores ofrece alojamientos de ensue\u00f1o como <a href=\"https:\/\/www.vacalia.com\/es\/villa-can-corro-alcudia-h14546\">Can Corro<\/a>, <a href=\"https:\/\/www.vacalia.com\/es\/villa-els-pins-sa-pobla-h14591\">Els Pins<\/a> en Crestatx y <a href=\"https:\/\/www.vacalia.com\/es\/villa-can-guillo-pollenca-h14549\">Can Guillo<\/a> en Pollensa.<\/p>\n\n\n\n<h2 class=\"wp-block-heading has-medium-font-size\"><a href=\"https:\/\/www.infomallorca.net\/?te=sec&amp;e=17395&amp;te2=con&amp;e2=197\" target=\"_blank\" rel=\"noopener\">Playa des Trenc<\/a><\/h2>\n\n\n\n<p>El \u00faltimo gran arenal sin urbanizar de Mallorca es la Playa des Trenc, un rinc\u00f3n pr\u00e1cticamente virgen. Rodeada de vegetaci\u00f3n, cuenta con dos manantiales subterr\u00e1neos que la hacen muy especial. La parte negativa es que es tan popular que est\u00e1 muy concurrida en verano. A esta playa se llega f\u00e1cilmente desde Petra donde podemos encontrar casas como <a href=\"https:\/\/www.vacalia.com\/es\/villa-ses-covetes-petra-h14570\">Cirera<\/a> y Sant Joan con inmuebles como <a href=\"https:\/\/www.vacalia.com\/es\/villa-ses-roques-binifarda-sant-joan-h14513\">Binafarda<\/a>.<\/p>\n\n\n\n<h2 class=\"wp-block-heading has-medium-font-size\"><strong>Paseos en bicicleta<\/strong><\/h2>\n\n\n<div class=\"wp-block-image\">\n<figure class=\"aligncenter\"><img loading=\"lazy\" decoding=\"async\" width=\"1200\" height=\"788\" src=\"https:\/\/www.vacalia.com\/blog\/wp-content\/uploads\/2018\/11\/mallorca-con-ninos-0-3-anos-5.jpg\" alt=\"playas mallorca para ir con ni\u00f1os 0 a 3 a\u00f1os\" class=\"wp-image-2057\" srcset=\"https:\/\/www.vacalia.com\/blog\/wp-content\/uploads\/2018\/11\/mallorca-con-ninos-0-3-anos-5.jpg 1200w, https:\/\/www.vacalia.com\/blog\/wp-content\/uploads\/2018\/11\/mallorca-con-ninos-0-3-anos-5-300x197.jpg 300w, https:\/\/www.vacalia.com\/blog\/wp-content\/uploads\/2018\/11\/mallorca-con-ninos-0-3-anos-5-768x504.jpg 768w, https:\/\/www.vacalia.com\/blog\/wp-content\/uploads\/2018\/11\/mallorca-con-ninos-0-3-anos-5-1024x672.jpg 1024w, https:\/\/www.vacalia.com\/blog\/wp-content\/uploads\/2018\/11\/mallorca-con-ninos-0-3-anos-5-1050x690.jpg 1050w\" sizes=\"(max-width: 1200px) 100vw, 1200px\" \/><\/figure><\/div>\n\n\n<h2 class=\"wp-block-heading has-medium-font-size\"><strong><a href=\"https:\/\/www.visitpalma.cat\/es\/contenido\/lugares-de-interes\/lugarinteres\/Es-Carnatge\/\" target=\"_blank\" rel=\"noopener\">Es Carnatge<\/a><\/strong><\/h2>\n\n\n\n<p>Entre Cala Gamba y Can Pastilla, a menos de 10 minutos del centro de Mallorca, encontramos Es Carnatge. Este lugar cuenta con un paseo de 2 kil\u00f3metros ideal para ir en bicicleta, ruinas de bunkers defensivos como historia de las guerras en la isla y un enclave costero con un escal\u00f3n rocoso de gran valor cient\u00edfico. Es una zona muy tranquila donde poder disfrutar de bonitas puestas de sol.<\/p>\n\n\n\n<h2 class=\"wp-block-heading has-medium-font-size\"><strong><a href=\"https:\/\/www.abc-mallorca.es\/cala-ratjada\/\" target=\"_blank\" rel=\"noopener\">Cala Ratjada<\/a><\/strong><\/h2>\n\n\n\n<p>Cala Ratjada es el segundo puerto pesquero m\u00e1s importante de la isla y se sit\u00faa en el municipio de Capdepera. Es el punto m\u00e1s cercado de Mallorca hacia Menorca y ofrece unas vistas espectaculares para disfrutar desde la bicicleta mientras paseamos en familia. Algunos alojamiento destacados son <a href=\"https:\/\/www.vacalia.com\/es\/villa-cas-padri-capdepera-h19568\">Cas Padr\u00ed Gaball\u00ed<\/a> y <a href=\"https:\/\/www.vacalia.com\/es\/villa-son-xona-capdepera-h19571\">Son Xona<\/a>.<\/p>\n\n\n\n<h2 class=\"wp-block-heading has-medium-font-size\"><strong><a href=\"https:\/\/www.portocolom.com\/es\/\" target=\"_blank\" rel=\"noopener\">Portocolom<\/a><\/strong><\/h2>\n\n\n\n<p>Otro paseo en bici para toda la familia es por Portocolom. Este pueblo pesquero tradicional es un distrito de Felanitx y est\u00e1 enclavado alrededor de una gran bah\u00eda irregular en la que los cobertizos, el faro y los barcos anclados suman a su belleza natura. Un paseo totalmente recomendable es ir hasta el Faro desde cualquier punto del pueblo. En esta zona, Vacalia te recomienda alojamientos como <a href=\"https:\/\/www.vacalia.com\/es\/villa-can-fiol-felanitx-h16748\">Fiol des Port.<\/a><\/p>\n\n\n\n<p><em>Si est\u00e1s planificando ya tus vacaciones en Mallorca para el 2019, <a href=\"https:\/\/www.vacalia.com\/\"><strong>adem\u00e1s de escoger la casa de vacaciones perfecta<\/strong><\/a>, no olvides incluir esta lista actividades para disfrutar Mallorca con ni\u00f1os de 0 a 5 a\u00f1os.<\/em><\/p>\n\n\n<div class=\"bannerBlog\"><div class=\"new-card-houses\">\n    <div class=\"likeOut likeDivOut\" style=\"display:none\">\n        <a data-id=\"2134\" class=\"likeOut_button_red likeBtnFav\"\n            aria-label=\"Megusta Vacalia\"><\/a>\n    <\/div>\n    <figure>\n        <img loading=\"lazy\" decoding=\"async\" \n            loading=\"lazy\" width=\"301\" height=\"200\"\n            src=\"\/\/media.vacalia.com\/photo\/reformatwebpfolder\/350\/200\/2134\/thumb-middle\/2134_4a7146e105cbddc47e352d232c731484.webp?v=21092023\"\n            alt=\"Can kalet - Alquiler vacacional en Costitx\"\/>\n                                                                        <div class=\"circleDiscount\">-5%<\/div>\n                        <\/figure>\n    <p itemprop=\"address\"><i class=\"ico-marker\"><\/i>Costitx, Mallorca<\/p>\n    <h3 itemprop=\"name\">Can kalet<\/h3>\n    <ul class=\"icon_list inline_list\">\n                              <li class=\"ico-pool\" title=\"Piscina\">\n              <span itemprop=\"amenityFeature\">Piscina<\/span>\n            <\/li>\n                      <li class=\"ico-airConditioning\" title=\"Aire Acondicionado\">\n              <span itemprop=\"amenityFeature\">Aire Acondicionado<\/span>\n            <\/li>\n                      <li class=\"ico-wifi\" title=\"Wifi\">\n              <span itemprop=\"amenityFeature\">Wifi<\/span>\n            <\/li>\n                          <li class=\"ico-guests\" title=\"Para 6 hu\u00e9spedes en Costitx.\">\n          <span itemprop=\"occupancy\">6<\/span>\n        <\/li>\n    <\/ul>\n            <span class=\"price\">Desde 177\u20ac \/ noche<\/span>\n                <a itemprop=\"url\" class=\"anchor\" href=\"https:\/\/www.vacalia.com\/es\/villa-can-kalet-costitx-h26191\" aria-label=\"Can kalet\"><\/a>\n<\/div><div class=\"new-card-houses\">\n    <div class=\"likeOut likeDivOut\" style=\"display:none\">\n        <a data-id=\"5616\" class=\"likeOut_button_red likeBtnFav\"\n            aria-label=\"Megusta Vacalia\"><\/a>\n    <\/div>\n    <figure>\n        <img loading=\"lazy\" decoding=\"async\" \n            loading=\"lazy\" width=\"301\" height=\"200\"\n            src=\"\/\/media.vacalia.com\/photo\/reformatwebpfolder\/350\/200\/5616\/thumb-middle\/5616_48f40484d81f8451a89dd063a950c5b4.webp?v=21092023\"\n            alt=\"Agroturismo mondrago (antic na martina) - Alquiler vacacional en Portopetro\"\/>\n                                                                        <div class=\"circleDiscount\">-20%<\/div>\n                        <\/figure>\n    <p itemprop=\"address\"><i class=\"ico-marker\"><\/i>Portopetro, Mallorca<\/p>\n    <h3 itemprop=\"name\">Agroturismo mondrago (antic na martina)<\/h3>\n    <ul class=\"icon_list inline_list\">\n                              <li class=\"ico-pool\" title=\"Piscina\">\n              <span itemprop=\"amenityFeature\">Piscina<\/span>\n            <\/li>\n                      <li class=\"ico-airConditioning\" title=\"Aire Acondicionado\">\n              <span itemprop=\"amenityFeature\">Aire Acondicionado<\/span>\n            <\/li>\n                      <li class=\"ico-wifi\" title=\"Wifi\">\n              <span itemprop=\"amenityFeature\">Wifi<\/span>\n            <\/li>\n                          <li class=\"ico-guests\" title=\"Para 2 hu\u00e9spedes en Portopetro.\">\n          <span itemprop=\"occupancy\">2<\/span>\n        <\/li>\n    <\/ul>\n            <span class=\"price\">Desde 96\u20ac \/ noche<\/span>\n                <a itemprop=\"url\" class=\"anchor\" href=\"https:\/\/www.vacalia.com\/es\/habitacion-de-hotel-agroturismo-mondrago-antic-na-martina-santanyi-h32045\" aria-label=\"Agroturismo mondrago (antic na martina)\"><\/a>\n<\/div><\/div>\n","protected":false},"excerpt":{"rendered":"<p>Mallorca es un para\u00edso mediterr\u00e1neo dominado hist\u00f3ricamente por romanos y \u00e1rabes y un destino de vacaciones ideal para ir con ni\u00f1os peque\u00f1os. Desde beb\u00e9s con meses hasta adolescentes pueden disfrutar&hellip;<\/p>\n","protected":false},"author":2,"featured_media":2244,"comment_status":"closed","ping_status":"open","sticky":false,"template":"","format":"standard","meta":{"_monsterinsights_skip_tracking":false,"_monsterinsights_sitenote_active":false,"_monsterinsights_sitenote_note":"","_monsterinsights_sitenote_category":0,"footnotes":""},"categories":[1],"tags":[],"class_list":["post-2039","post","type-post","status-publish","format-standard","has-post-thumbnail","hentry","category-general-es"],"_links":{"self":[{"href":"https:\/\/www.vacalia.com\/blog\/wp-json\/wp\/v2\/posts\/2039"}],"collection":[{"href":"https:\/\/www.vacalia.com\/blog\/wp-json\/wp\/v2\/posts"}],"about":[{"href":"https:\/\/www.vacalia.com\/blog\/wp-json\/wp\/v2\/types\/post"}],"author":[{"embeddable":true,"href":"https:\/\/www.vacalia.com\/blog\/wp-json\/wp\/v2\/users\/2"}],"replies":[{"embeddable":true,"href":"https:\/\/www.vacalia.com\/blog\/wp-json\/wp\/v2\/comments?post=2039"}],"version-history":[{"count":9,"href":"https:\/\/www.vacalia.com\/blog\/wp-json\/wp\/v2\/posts\/2039\/revisions"}],"predecessor-version":[{"id":7824,"href":"https:\/\/www.vacalia.com\/blog\/wp-json\/wp\/v2\/posts\/2039\/revisions\/7824"}],"wp:featuredmedia":[{"embeddable":true,"href":"https:\/\/www.vacalia.com\/blog\/wp-json\/wp\/v2\/media\/2244"}],"wp:attachment":[{"href":"https:\/\/www.vacalia.com\/blog\/wp-json\/wp\/v2\/media?parent=2039"}],"wp:term":[{"taxonomy":"category","embeddable":true,"href":"https:\/\/www.vacalia.com\/blog\/wp-json\/wp\/v2\/categories?post=2039"},{"taxonomy":"post_tag","embeddable":true,"href":"https:\/\/www.vacalia.com\/blog\/wp-json\/wp\/v2\/tags?post=2039"}],"curies":[{"name":"wp","href":"https:\/\/api.w.org\/{rel}","templated":true}]}}