{"id":2084,"date":"2018-11-28T11:00:39","date_gmt":"2018-11-28T11:00:39","guid":{"rendered":"https:\/\/www.vacalia.com\/blog\/?p=2084"},"modified":"2025-07-08T11:59:20","modified_gmt":"2025-07-08T09:59:20","slug":"que-se-come-y-bebe-en-mallorca-te-presentamos-un-menu-tipico-mallorquin","status":"publish","type":"post","link":"https:\/\/www.vacalia.com\/blog\/es\/que-se-come-y-bebe-en-mallorca-te-presentamos-un-menu-tipico-mallorquin\/","title":{"rendered":"\u00bfQu\u00e9 se come y bebe en Mallorca? Te presentamos un men\u00fa t\u00edpico mallorqu\u00edn"},"content":{"rendered":"\n<p>Qu\u00e9 se come y se bebe en Mallorca dice mucho de la isla.&nbsp;El <strong>turismo gastron\u00f3mico<\/strong> constituye uno de los principales segmentos emergentes dentro del sector y la comida mallorquina se ajusta perfectamente a lo que sus visitantes esperan. La isla cuenta con restaurantes, tradici\u00f3n y un mercado local rico en productos de primera calidad que enriquecen cada plato. La <a href=\"https:\/\/www.vacalia.com\/blog\/en\/years-of-tradition-in-majorcas-easter\/\">cultura gastron\u00f3mica<\/a> de Mallorca ofrece opciones para todo tipo de gustos y dietas o lifestyle.<\/p>\n\n\n\n<figure class=\"wp-block-image\"><img decoding=\"async\" src=\"https:\/\/www.vacalia.com\/blog\/wp-content\/uploads\/2018\/11\/ES_Men\u00faMallorqu\u00ednblog_Vacalia.jpg\" alt=\"\u00bfQu\u00e9 se come y bebe en Mallorca?\" title=\"Qu\u00e9 se come y se bebe en Mallorca\"\/><\/figure>\n\n\n\n<p><\/p>\n\n\n\n<h2 class=\"wp-block-heading has-medium-font-size\">Con el objetivo de dar a conocer los platos mallorquines m\u00e1s t\u00edpicos, en Vacalia! hemos confeccionado un men\u00fa variado para que te hagas una idea de qu\u00e9 se come y se bebe en Mallorca:<\/h2>\n\n\n\n<!--more-->\n\n\n\n<h3 class=\"wp-block-heading\">Sobrassada<\/h3>\n\n\n\n<p>La <em>Sobrassada<\/em> de Mallorca es un ingrediente que enriquece todo tipo de <strong>platos tanto salados como dulces<\/strong> y est\u00e1 muy presente en la gastronom\u00eda de la isla. Sepia con sobrasada, bacalao con sobrasada o la ensaimada de sobrasada son algunos ejemplos de recetas donde este ingrediente pone el punto m\u00e1s mallorqu\u00edn. La <strong>aut\u00e9ntica sobrasada mallorquina<\/strong>, especialmente si est\u00e1 hecha con <em>porc negre<\/em>, es consistente, con poca grasa y se puede tomar tanto en fr\u00edo como en caliente. Sencillamente sobre pan ya es un manjar exquisito y puede ser un magn\u00edfico aperitivo.<\/p>\n\n\n\n<h3 class=\"wp-block-heading\">Palo amb sifon<\/h3>\n\n\n\n<p>Para macerar el aperitivo podemos optar por un <em>Palo amb sifon<\/em>, es una especie de <strong>c\u00f3ctel mallorqu\u00edn hecho con licor de palo y sif\u00f3n<\/strong>, se puede beber con o sin hielo a gusto de cada consumidor.<\/p>\n\n\n\n<figure class=\"wp-block-image\"><img decoding=\"async\" src=\"https:\/\/www.vacalia.com\/blog\/wp-content\/uploads\/2018\/11\/restaurant-2697945_1920.jpg\" alt=\"Cultura gastron\u00f3mica de Mallorca\"\/><\/figure>\n\n\n\n<p><strong><em>&nbsp;<\/em><\/strong><\/p>\n\n\n\n<h3 class=\"wp-block-heading\">Arr\u00f2s brut<\/h3>\n\n\n\n<p>\u00c9sta es una receta t\u00edpica de invierno y el primer plato de muchas celebraciones as\u00ed que tambi\u00e9n ser\u00e1 el primero de nuestro men\u00fa mallorqu\u00edn. Se trata de un <strong>arroz caldoso y especiado<\/strong>, de ah\u00ed su nombre \u201carroz sucio\u201d ya que las especias enturbian el caldo. Entre las especias m\u00e1s usadas para este plano encontramos el azafr\u00e1n, la canela y la pimienta, aunque var\u00edan en funci\u00f3n del cocinero. Algunos restaurantes donde degustar este plato de la cocina tradicional mallorquina: Restaurante Ca\u2019l Dimoni cerca de la Algaida, Es Celler de Petra en el centro del pueblo de Petra, Restaurante Ca\u2019n Antonio en el pueblo de Montu\u00efri y Restaurante Sa Fonda de Lluc que est\u00e1 ubicado en el interior del monasterio de Lluc.<\/p>\n\n\n\n<h3 class=\"wp-block-heading\">Frit mallorqu\u00ed<\/h3>\n\n\n\n<p>Este plato de tradici\u00f3n medieval, pues su receta se remonta al siglo XIV, es una delicia que no puede faltar en ning\u00fan viaje gastron\u00f3mico por Mallorca. El \u201c<strong>frito mallorqu\u00edn<\/strong>\u201d es una fritura que puede ser <strong>de carne de cerdo, de verduras o de marisco<\/strong>. El ingrediente principal se condimenta con guindillas, ajo, pimienta, laurel, hinojo, clavo y canela. Tambi\u00e9n se le suele a\u00f1adir patatas, pimientos rojos, cebolletas, habas tiernas, alcachofas\u2026 dependiendo de la temporada. Este plato se suele encontrar en los t\u00edpicos <em>cellers<\/em>, antiguas bodegas hoy convertidas en restaurantes de cocina tradicional.<strong><em><br><img fetchpriority=\"high\" decoding=\"async\" src=\"https:\/\/www.vacalia.com\/blog\/wp-content\/uploads\/2018\/11\/bell-pepper-569070_1920.jpg\" alt=\"Productos de primera calidad que enriquecen cada plato\" width=\"1920\" height=\"1280\"><\/em><\/strong><\/p>\n\n\n\n<h3 class=\"wp-block-heading\">Porcella<\/h3>\n\n\n\n<p>La <em>Porcella<\/em> rostida es un plato f\u00e1cil de elaborar con el que muchos mallorquines despiden el a\u00f1o. Se trata de un <strong>cochinillo adobado<\/strong> antes de ser horneado con sal, pimienta negra, zumo de lim\u00f3n y aceite de oliva. Luego se asa acompa\u00f1ado de patatas y boniatos. Este plato se sirve en muchos restaurantes entre ellos Orient, situado en el pueblo del mismo nombre, donde la Porcella que sirven es tan tierna que el camarero la corta utilizando un plato.<strong><em><br><\/em><\/strong><\/p>\n\n\n\n<h3 class=\"wp-block-heading\">Variat<\/h3>\n\n\n\n<p>El <em>Variat<\/em> es una <strong>curiosidad de la gastronom\u00eda mallorquina<\/strong> y se podr\u00eda definir como un variado de distintos platos t\u00edpicos mallorquines en tama\u00f1o tapa. Quienes lo descubren por primera vez siempre se sorprenden ya que en ning\u00fan sitio se hace esta mezcla de recetas ya que normalmente se sirven por separado. Las posibilidades de combinaciones es ilimitada: <em>frit mallorqu\u00ed<\/em>, alb\u00f3ndigas, sepia en salsa, banderillas, champi\u00f1ones al ajillo\u2026 El plato se suele completar con una o dos piezas de fritura: croquetas, calamares a la romana, gambas con gabardina, mejillones rellenos\u2026 Tampoco puede faltar un trozo de pan moreno.<\/p>\n\n\n\n<figure class=\"wp-block-image\"><img decoding=\"async\" src=\"https:\/\/www.vacalia.com\/blog\/wp-content\/uploads\/2018\/11\/bakery-1868396_1920.jpg\" alt=\"Platos tanto salados como dulces\"\/><\/figure>\n\n\n\n<p><\/p>\n\n\n\n<h3 class=\"wp-block-heading\">Panades i robiols<\/h3>\n\n\n\n<p><em>Panades i robiols<\/em> son t\u00edpicos de la <strong>Semana Santa de Mallorca<\/strong>. La <em>panades<\/em> son una especie de pastel individual relleno de carne, guisantes, sobrasada y tocino. Los <em>robiols<\/em> son un bocado dulce relleno de reques\u00f3n, cabello de \u00e1ngel o mermelada, incluso la receta se ha ido actualizando y ahora podemos encontrarlo relleno de Nutella. Ambas delicias pueden encontrarse en cualquier panader\u00eda pero, si te parece divertido, puede apuntarte a un <a href=\"https:\/\/crisodriozola.com\/taller-curso\/panades-especiales\/\" target=\"_blank\" rel=\"noopener\">taller<\/a> y hacerlos t\u00fa mismo.<\/p>\n\n\n\n<h3 class=\"wp-block-heading\">Herbes mallorquines, Tres Caires o Amazonas<\/h3>\n\n\n\n<p>Las Hierbas de Mallorca son una <strong>bebida alcoh\u00f3lica anisada t\u00edpica<\/strong> de la isla que se obtiene de la maceraci\u00f3n o destilaci\u00f3n hidroalcoh\u00f3lica de plantas arom\u00e1ticas de la isla. Hay de tres tipos: dulce, mezcladas y secas. Este licor se bebe popularmente despu\u00e9s de las comidas por sus propiedades digestivas. Uno de estos populares licores de hierbas dulces es Tres Caires.&nbsp; La misma funci\u00f3n cumple el ron Amazonas, un licor tradicional mallorqu\u00edn que naci\u00f3 en el siglo XVII a ra\u00edz de los intercambios comerciales con Cuba.<\/p>\n\n\n\n<figure class=\"wp-block-image\"><img decoding=\"async\" src=\"https:\/\/www.vacalia.com\/blog\/wp-content\/uploads\/2018\/11\/brandy-402572_1920.jpg\" alt=\"Herbes mallorquines, Tres Caires o Amazonas\"\/><\/figure>\n\n\n\n<p><\/p>\n\n\n\n<h4 class=\"wp-block-heading\">En cualquier punto de la isla se puede disfrutar de la gastronom\u00eda t\u00edpica mallorquina. Si est\u00e1s planificando tus vacaciones en Mallorca, escoger la casa de vacaciones perfecta en una ubicaci\u00f3n que se adapte a tus gustos y necesidades. En la costa podemos ofrecerte <a href=\"https:\/\/www.vacalia.com\/\">viviendas acogedoras<\/a> como <a href=\"https:\/\/www.vacalia.com\/es\/villa-domus-genti-santa-margalida-h14615\">Gerani<\/a> en el municipio de Son Serra De Marina y en el interior propiedades relajantes como <a href=\"https:\/\/www.vacalia.com\/es\/villa-eden-son-manyo-223-sa-pobla-h14588\">Eden iuca 223<\/a> en Sa Pobla.<\/h4>\n\n\n<div class=\"bannerBlog\"><div class=\"new-card-houses\">\n    <div class=\"likeOut likeDivOut\" style=\"display:none\">\n        <a data-id=\"1909\" class=\"likeOut_button_red likeBtnFav\"\n            aria-label=\"Megusta Vacalia\"><\/a>\n    <\/div>\n    <figure>\n        <img loading=\"lazy\" decoding=\"async\" \n            loading=\"lazy\" width=\"301\" height=\"200\"\n            src=\"\/\/media.vacalia.com\/photo\/reformatwebpfolder\/350\/200\/1909\/thumb-middle\/1909_8f7636e4a1d618bf26e971ade5265f93.webp?v=21092023\"\n            alt=\"Ca hado xucla - Alquiler vacacional en Valldemossa\"\/>\n                                                                        <div class=\"circleDiscount\">-3%<\/div>\n                        <\/figure>\n    <p itemprop=\"address\"><i class=\"ico-marker\"><\/i>Valldemossa, Mallorca<\/p>\n    <h3 itemprop=\"name\">Ca hado xucla<\/h3>\n    <ul class=\"icon_list inline_list\">\n                              <li class=\"ico-pool\" title=\"Piscina\">\n              <span itemprop=\"amenityFeature\">Piscina<\/span>\n            <\/li>\n                      <li class=\"ico-wifi\" title=\"Wifi\">\n              <span itemprop=\"amenityFeature\">Wifi<\/span>\n            <\/li>\n                          <li class=\"ico-guests\" title=\"Para 12 hu\u00e9spedes en Valldemossa.\">\n          <span itemprop=\"occupancy\">12<\/span>\n        <\/li>\n    <\/ul>\n            <span class=\"price\">Desde 361\u20ac \/ noche<\/span>\n                <a itemprop=\"url\" class=\"anchor\" href=\"https:\/\/www.vacalia.com\/es\/villa-ca-hado-xucla-valldemossa-h17150\" aria-label=\"Ca hado xucla\"><\/a>\n<\/div><div class=\"new-card-houses\">\n    <div class=\"likeOut likeDivOut\" style=\"display:none\">\n        <a data-id=\"3687\" class=\"likeOut_button_red likeBtnFav\"\n            aria-label=\"Megusta Vacalia\"><\/a>\n    <\/div>\n    <figure>\n        <img loading=\"lazy\" decoding=\"async\" \n            loading=\"lazy\" width=\"301\" height=\"200\"\n            src=\"\/\/media.vacalia.com\/photo\/reformatwebpfolder\/350\/200\/3687\/thumb-middle\/3687_44846673f92036b9898a112250cf2709.webp?v=21092023\"\n            alt=\"Mulholland villa - Alquiler vacacional en Can Picafort\"\/>\n                                                                        <div class=\"circleDiscount\">-4%<\/div>\n                        <\/figure>\n    <p itemprop=\"address\"><i class=\"ico-marker\"><\/i>Can Picafort, Mallorca<\/p>\n    <h3 itemprop=\"name\">Mulholland villa<\/h3>\n    <ul class=\"icon_list inline_list\">\n                              <li class=\"ico-pool\" title=\"Piscina\">\n              <span itemprop=\"amenityFeature\">Piscina<\/span>\n            <\/li>\n                      <li class=\"ico-airConditioning\" title=\"Aire Acondicionado\">\n              <span itemprop=\"amenityFeature\">Aire Acondicionado<\/span>\n            <\/li>\n                      <li class=\"ico-wifi\" title=\"Wifi\">\n              <span itemprop=\"amenityFeature\">Wifi<\/span>\n            <\/li>\n                          <li class=\"ico-guests\" title=\"Para 8 hu\u00e9spedes en Can Picafort.\">\n          <span itemprop=\"occupancy\">8<\/span>\n        <\/li>\n    <\/ul>\n            <span class=\"price\">Desde 458\u20ac \/ noche<\/span>\n                <a itemprop=\"url\" class=\"anchor\" href=\"https:\/\/www.vacalia.com\/es\/villa-mulholland-villa-santa-margalida-h24727\" aria-label=\"Mulholland villa\"><\/a>\n<\/div><div class=\"new-card-houses\">\n    <div class=\"likeOut likeDivOut\" style=\"display:none\">\n        <a data-id=\"260\" class=\"likeOut_button_red likeBtnFav\"\n            aria-label=\"Megusta Vacalia\"><\/a>\n    <\/div>\n    <figure>\n        <img loading=\"lazy\" decoding=\"async\" \n            loading=\"lazy\" width=\"301\" height=\"200\"\n            src=\"\/\/media.vacalia.com\/photo\/reformatwebpfolder\/350\/200\/260\/thumb-middle\/260_e5796ce7a6a82b0efcc3ac605ba367af.webp?v=21092023\"\n            alt=\"Golf - Alquiler vacacional en Alcanada\"\/>\n                                                                        <div class=\"circleDiscount\">-24%<\/div>\n                        <\/figure>\n    <p itemprop=\"address\"><i class=\"ico-marker\"><\/i>Alcanada, Mallorca<\/p>\n    <h3 itemprop=\"name\">Golf<\/h3>\n    <ul class=\"icon_list inline_list\">\n                              <li class=\"ico-airConditioning\" title=\"Aire Acondicionado\">\n              <span itemprop=\"amenityFeature\">Aire Acondicionado<\/span>\n            <\/li>\n                      <li class=\"ico-wifi\" title=\"Wifi\">\n              <span itemprop=\"amenityFeature\">Wifi<\/span>\n            <\/li>\n                      <li class=\"ico-views\" title=\"Vistas\">\n              <span itemprop=\"amenityFeature\">Vistas<\/span>\n            <\/li>\n                          <li class=\"ico-guests\" title=\"Para 7 hu\u00e9spedes en Alcanada.\">\n          <span itemprop=\"occupancy\">7<\/span>\n        <\/li>\n    <\/ul>\n            <span class=\"price\">Desde 203\u20ac \/ noche<\/span>\n                <a itemprop=\"url\" class=\"anchor\" href=\"https:\/\/www.vacalia.com\/es\/casa-vacacional-golf-alcudia-h14987\" aria-label=\"Golf\"><\/a>\n<\/div><\/div>\n","protected":false},"excerpt":{"rendered":"<p>Qu\u00e9 se come y se bebe en Mallorca dice mucho de la isla.&nbsp;El turismo gastron\u00f3mico constituye uno de los principales segmentos emergentes dentro del sector y la comida mallorquina se&hellip;<\/p>\n","protected":false},"author":2,"featured_media":2242,"comment_status":"closed","ping_status":"open","sticky":false,"template":"","format":"standard","meta":{"_monsterinsights_skip_tracking":false,"_monsterinsights_sitenote_active":false,"_monsterinsights_sitenote_note":"","_monsterinsights_sitenote_category":0,"footnotes":""},"categories":[1],"tags":[],"class_list":["post-2084","post","type-post","status-publish","format-standard","has-post-thumbnail","hentry","category-general-es"],"_links":{"self":[{"href":"https:\/\/www.vacalia.com\/blog\/wp-json\/wp\/v2\/posts\/2084"}],"collection":[{"href":"https:\/\/www.vacalia.com\/blog\/wp-json\/wp\/v2\/posts"}],"about":[{"href":"https:\/\/www.vacalia.com\/blog\/wp-json\/wp\/v2\/types\/post"}],"author":[{"embeddable":true,"href":"https:\/\/www.vacalia.com\/blog\/wp-json\/wp\/v2\/users\/2"}],"replies":[{"embeddable":true,"href":"https:\/\/www.vacalia.com\/blog\/wp-json\/wp\/v2\/comments?post=2084"}],"version-history":[{"count":14,"href":"https:\/\/www.vacalia.com\/blog\/wp-json\/wp\/v2\/posts\/2084\/revisions"}],"predecessor-version":[{"id":7650,"href":"https:\/\/www.vacalia.com\/blog\/wp-json\/wp\/v2\/posts\/2084\/revisions\/7650"}],"wp:featuredmedia":[{"embeddable":true,"href":"https:\/\/www.vacalia.com\/blog\/wp-json\/wp\/v2\/media\/2242"}],"wp:attachment":[{"href":"https:\/\/www.vacalia.com\/blog\/wp-json\/wp\/v2\/media?parent=2084"}],"wp:term":[{"taxonomy":"category","embeddable":true,"href":"https:\/\/www.vacalia.com\/blog\/wp-json\/wp\/v2\/categories?post=2084"},{"taxonomy":"post_tag","embeddable":true,"href":"https:\/\/www.vacalia.com\/blog\/wp-json\/wp\/v2\/tags?post=2084"}],"curies":[{"name":"wp","href":"https:\/\/api.w.org\/{rel}","templated":true}]}}