{"id":2109,"date":"2018-11-28T11:00:04","date_gmt":"2018-11-28T11:00:04","guid":{"rendered":"https:\/\/www.vacalia.com\/blog\/?p=2109"},"modified":"2025-07-15T10:03:21","modified_gmt":"2025-07-15T08:03:21","slug":"was-isst-und-trinkt-man-auf-mallorca-wir-stellen-ihnen-ein-typisch-mallorquinisches-menue-vor","status":"publish","type":"post","link":"https:\/\/www.vacalia.com\/blog\/was-isst-und-trinkt-man-auf-mallorca-wir-stellen-ihnen-ein-typisch-mallorquinisches-menue-vor\/","title":{"rendered":"Was isst und trinkt man auf Mallorca? Wir stellen Ihnen ein typisch, mallorquinisches \u201cMen\u00fc\u201d vor"},"content":{"rendered":"\n<p>Der <strong>gastronomische Tourismus<\/strong> ist eines der wichtigsten, aufstrebenden Segmente der Branche und die mallorquinische K\u00fcche passt perfekt zu den Erwartungen der Besucher. Die Insel verf\u00fcgt \u00fcber Restaurants, Tradition und einen lokalen Markt mit hochwertigen Produkten, die jedes Gericht bereichern. Die gastronomische <a href=\"https:\/\/www.vacalia.com\/blog\/man-ostern-auf-mallorca-machen-kann-2\/\">Kultur von Mallorca<\/a> bietet Optionen f\u00fcr jeden Geschmack und jede Di\u00e4t oder Lebensweise.<\/p>\n\n\n<div class=\"wp-block-image\">\n<figure class=\"aligncenter\"><img fetchpriority=\"high\" decoding=\"async\" width=\"1200\" height=\"675\" src=\"https:\/\/www.vacalia.com\/blog\/wp-content\/uploads\/2018\/11\/DE_Men\u00faMallorqu\u00ednblog_Vacalia.jpg\" alt=\"WAS ISST UND TRINKT MAN AUF MALLORCA?\" class=\"wp-image-2110\" srcset=\"https:\/\/www.vacalia.com\/blog\/wp-content\/uploads\/2018\/11\/DE_Men\u00faMallorqu\u00ednblog_Vacalia.jpg 1200w, https:\/\/www.vacalia.com\/blog\/wp-content\/uploads\/2018\/11\/DE_Men\u00faMallorqu\u00ednblog_Vacalia-300x169.jpg 300w, https:\/\/www.vacalia.com\/blog\/wp-content\/uploads\/2018\/11\/DE_Men\u00faMallorqu\u00ednblog_Vacalia-768x432.jpg 768w, https:\/\/www.vacalia.com\/blog\/wp-content\/uploads\/2018\/11\/DE_Men\u00faMallorqu\u00ednblog_Vacalia-1024x576.jpg 1024w, https:\/\/www.vacalia.com\/blog\/wp-content\/uploads\/2018\/11\/DE_Men\u00faMallorqu\u00ednblog_Vacalia-1050x591.jpg 1050w\" sizes=\"(max-width: 1200px) 100vw, 1200px\" \/><\/figure><\/div>\n\n\n<h4 class=\"wp-block-heading\"><strong><em>Mit dem Ziel, die typischsten, mallorquinischen Gerichte in Vacalia! bekannt zu machen haben wir ein abwechslungsreiches Men\u00fc zusammengestellt, um Ihnen eine Vorstellung davon zu geben, was Sie auf Mallorca essen und trinken:<\/em><\/strong><\/h4>\n\n\n\n<!--more-->\n\n\n\n<h2 class=\"wp-block-heading has-medium-font-size\"><span style=\"color: #5ec5ec;\"><strong>Sobrassada<\/strong><\/span><\/h2>\n\n\n\n<p>Die Sobrassada de Mallorca, eine mit Paprika konservierte Streichwurst,&nbsp; ist eine Zutat, die sowohl <strong>salzige als auch s\u00fc\u00dfe<\/strong> Gerichte bereichert und in der Gastronomie der Insel sehr pr\u00e4sent ist. Sepia mit Sobrasada, Kabeljau mit Sobrasada oder Ensaimada de Sobrasada sind einige Beispiele typischer Rezepte, bei denen diese Zutat den mallorquinischen Charakter ausmacht. Die authentische, <strong>mallorquinische Sobrasada<\/strong>, vor allem wenn sie aus Schweinefleisch vom \u201cPorc Negre\u201d (schwarzem Schwein) hergestellt wird, ist konsistent, hat wenig Fett und kann sowohl kalt als auch hei\u00df gegessen werden. Einfach auf Brot ist es schon eine vorz\u00fcgliche K\u00f6stlichkeit und kann eine gro\u00dfartige&nbsp; Vorspeise sein.<\/p>\n\n\n\n<h2 class=\"wp-block-heading has-medium-font-size\"><span style=\"color: #5ec5ec;\"><strong>Palo amb sifon<\/strong><\/span><\/h2>\n\n\n\n<p>Als perfektes Getr\u00e4nk zu dieser typischen Vorspeise eignet sich ein \u201cPalo con Sifon\u201d, eine Art <strong>mallorquinischer Cocktail<\/strong> aus dem typischen Schnaps \u201cPalo\u201d mit Soda von der Insel \u201cSifon\u201d. Je nach Geschmack trinkt man es mit oder ohne Eis.<\/p>\n\n\n<div class=\"wp-block-image\">\n<figure class=\"aligncenter\"><img decoding=\"async\" width=\"1920\" height=\"710\" src=\"https:\/\/www.vacalia.com\/blog\/wp-content\/uploads\/2018\/11\/restaurant-2697945_1920-2.jpg\" alt=\"Die gastronomische Kultur von Mallorca\" class=\"wp-image-2111\" srcset=\"https:\/\/www.vacalia.com\/blog\/wp-content\/uploads\/2018\/11\/restaurant-2697945_1920-2.jpg 1920w, https:\/\/www.vacalia.com\/blog\/wp-content\/uploads\/2018\/11\/restaurant-2697945_1920-2-300x111.jpg 300w, https:\/\/www.vacalia.com\/blog\/wp-content\/uploads\/2018\/11\/restaurant-2697945_1920-2-768x284.jpg 768w, https:\/\/www.vacalia.com\/blog\/wp-content\/uploads\/2018\/11\/restaurant-2697945_1920-2-1024x379.jpg 1024w, https:\/\/www.vacalia.com\/blog\/wp-content\/uploads\/2018\/11\/restaurant-2697945_1920-2-1050x388.jpg 1050w, https:\/\/www.vacalia.com\/blog\/wp-content\/uploads\/2018\/11\/restaurant-2697945_1920-2-1600x592.jpg 1600w\" sizes=\"(max-width: 1920px) 100vw, 1920px\" \/><\/figure><\/div>\n\n\n<h2 class=\"wp-block-heading has-medium-font-size\"><span style=\"color: #5ec5ec;\"><strong>Arr\u00f2s brut<\/strong><\/span><\/h2>\n\n\n\n<p>Als typisches Wintergericht und Vorspeise bei Festen f\u00fchrt es auch unsere Liste des typisch, mallorquinischen Men\u00fcs an. <strong>Arr\u00f2s brut<\/strong> ist eine Art Reissuppe mit vielen Gew\u00fcrzen neben anderen Zutaten, daher sein Name \u201cschmutziger Reis\u201d, die Gew\u00fcrze geben der Suppe ein tr\u00fcbes Aussehen. In der Regel werden zum W\u00fcrzen Safran, Zimt und Pfeffer verwendet, jedoch hat jeder Koch sein individuelles Rezept. Probieren k\u00f6nnen Sie dieses Gericht besonders gut in folgenden Restaurants: Restaurante Ca\u2019l Dimoni in der N\u00e4he von Algaida, Es Celler de Petra im Zentrum des Dorfes Petra, Restaurante Ca\u2019n Antonio im Dorf von Montu\u00efri und Restaurante Sa Fonda de Lluc welches sich im Inneren des Klosters von Lluc befindet.<\/p>\n\n\n\n<h2 class=\"wp-block-heading has-medium-font-size\"><span style=\"color: #5ec5ec;\"><strong>Frit mallorqu\u00ed <\/strong><\/span><\/h2>\n\n\n\n<p>Das Rezept stammt aus dem Mittelalter, Aufzeichnungen zu diesem Rezept sind aus dem 14. Jahrhundert und dieser Genuss sollte auf keiner gastronomischen Reise durch Mallorca fehlen. Das \u201c<strong>mallorquinische geratene<\/strong>\u201d kann aus gebratenem Schweinefleisch,&nbsp; Meeresfr\u00fcchten oder Gem\u00fcse bestehen. Die Hauptzutat wird mit Chilischoten, Knoblauch, Pfeffer, Lorbeer, Fenchel, Nelken und Zimt gew\u00fcrzt. Je nach Jahreszeit werden normalerweise Kartoffeln, Paprika, Fr\u00fchlingszwiebeln, zarte Bohnen oder Artischocken hinzugef\u00fcgt. Das Gericht wird h\u00e4ufig in \u201cCellers\u201d Weinkellern und alten Gasth\u00e4usern, die sich heute zu Restaurants mit traditioneller K\u00fcche gewandelt haben, angeboten.<\/p>\n\n\n<div class=\"wp-block-image\">\n<figure class=\"aligncenter\"><img decoding=\"async\" width=\"1920\" height=\"1280\" src=\"https:\/\/www.vacalia.com\/blog\/wp-content\/uploads\/2018\/11\/bell-pepper-569070_1920-3.jpg\" alt=\"Einen lokalen Markt mit hochwertigen Produkten, die jedes Gericht bereichern\" class=\"wp-image-2113\" srcset=\"https:\/\/www.vacalia.com\/blog\/wp-content\/uploads\/2018\/11\/bell-pepper-569070_1920-3.jpg 1920w, https:\/\/www.vacalia.com\/blog\/wp-content\/uploads\/2018\/11\/bell-pepper-569070_1920-3-300x200.jpg 300w, https:\/\/www.vacalia.com\/blog\/wp-content\/uploads\/2018\/11\/bell-pepper-569070_1920-3-768x512.jpg 768w, https:\/\/www.vacalia.com\/blog\/wp-content\/uploads\/2018\/11\/bell-pepper-569070_1920-3-1024x683.jpg 1024w, https:\/\/www.vacalia.com\/blog\/wp-content\/uploads\/2018\/11\/bell-pepper-569070_1920-3-1050x700.jpg 1050w, https:\/\/www.vacalia.com\/blog\/wp-content\/uploads\/2018\/11\/bell-pepper-569070_1920-3-1600x1067.jpg 1600w\" sizes=\"(max-width: 1920px) 100vw, 1920px\" \/><\/figure><\/div>\n\n\n<h2 class=\"wp-block-heading has-medium-font-size\"><span style=\"color: #5ec5ec;\"><strong>Porcella<\/strong><\/span><\/h2>\n\n\n\n<p>\u201c<strong>Procella rostida<\/strong>\u201d ist leicht nachzukochen und wird gerne zum Jahreswechsel gekocht. F\u00fcr dieses Gericht braucht man Spanferkel, das mit Salz, Pfeffer, Zitronensaft und Oliven\u00f6l gew\u00fcrzt wird. Zusammen mit kleinen Kartoffeln und S\u00fc\u00dfkartoffeln wird es im Ofen gebacken. Angeboten wird dieses Gericht in vielen Restaurants, jedoch m\u00f6chten wir das Restaurant Orient im gleichnamigen Ort hervorheben, weil das Fleisch hier so zart ist, dass der Kellner es mit einem Teller schneiden kann.<\/p>\n\n\n\n<h2 class=\"wp-block-heading has-medium-font-size\"><span style=\"color: #5ec5ec;\"><strong>Variat <\/strong><\/span><\/h2>\n\n\n\n<p>Das Variat ist eine <strong>Kuriosit\u00e4t der mallorquinischen K\u00fcche<\/strong> und k\u00f6nnte als eine Vielfalt typisch mallorquinischer Gerichte in Tapa-Gr\u00f6\u00dfe definiert werden. Die Rezeptmischung wird Sie \u00fcberraschen wenn Sie es zum ersten mal probieren, normalerweise werden die Gerichte separat angeboten. Es gibt unbegrenzte Kombinationsm\u00f6glichkeiten: Frit Mallorquin, Fleischb\u00e4llchen (Albondigas), Sepia in Sauce, Banderillas, Knoblauchpilze &#8230; gekr\u00f6nt von, normalerweise zwei bis drei St\u00fccken Frittiertem: Kroketten, r\u00f6mischer Tintenfisch, Gambas mit Gabardine, gef\u00fcllte Muscheln &#8230; Dazu gibt es ein wenig Brot.<\/p>\n\n\n<div class=\"wp-block-image\">\n<figure class=\"aligncenter\"><img loading=\"lazy\" decoding=\"async\" width=\"1920\" height=\"1278\" src=\"https:\/\/www.vacalia.com\/blog\/wp-content\/uploads\/2018\/11\/bakery-1868396_1920-2.jpg\" alt=\"Salzige als auch s\u00fc\u00dfe Gerichte \" class=\"wp-image-2112\" srcset=\"https:\/\/www.vacalia.com\/blog\/wp-content\/uploads\/2018\/11\/bakery-1868396_1920-2.jpg 1920w, https:\/\/www.vacalia.com\/blog\/wp-content\/uploads\/2018\/11\/bakery-1868396_1920-2-300x200.jpg 300w, https:\/\/www.vacalia.com\/blog\/wp-content\/uploads\/2018\/11\/bakery-1868396_1920-2-768x511.jpg 768w, https:\/\/www.vacalia.com\/blog\/wp-content\/uploads\/2018\/11\/bakery-1868396_1920-2-1024x682.jpg 1024w, https:\/\/www.vacalia.com\/blog\/wp-content\/uploads\/2018\/11\/bakery-1868396_1920-2-1050x699.jpg 1050w, https:\/\/www.vacalia.com\/blog\/wp-content\/uploads\/2018\/11\/bakery-1868396_1920-2-1600x1065.jpg 1600w\" sizes=\"(max-width: 1920px) 100vw, 1920px\" \/><\/figure><\/div>\n\n\n<h2 class=\"wp-block-heading has-medium-font-size\"><span style=\"color: #5ec5ec;\"><strong>Panades i robiols<\/strong><\/span><\/h2>\n\n\n\n<p>Panadas i robiols ist typisches Backwerk und wird speziell in der <strong>Osterzeit verzehrt<\/strong>. <em>Panades<\/em> sind individuelle Teigtaschen, die mit Fleisch, Erbsen, Sobrasada und Speck gef\u00fcllt werden. <em>Robiols<\/em> sind eine s\u00fc\u00dfe Variante der Teigtaschen, die mit Engelshaar, Quark oder Marmelade gef\u00fcllt sind. Das Rezept f\u00fcr Robiols hat sich aber im Laufe der Jahrzehnte auch aktualisiert, so findet man heute auch Robiols mit Nutella. Beide Delikatessen kann man bei jedem B\u00e4cker kaufen aber wenn es Ihnen Spa\u00df macht, k\u00f6nnen Sie sich auch bei einem <a href=\"https:\/\/crisodriozola.com\/taller-curso\/panades-especiales\/\" target=\"_blank\" rel=\"noopener\">Workshop<\/a> anmelden um diese K\u00f6stlichkeiten selber zu machen.<\/p>\n\n\n\n<h2 class=\"wp-block-heading has-medium-font-size\"><span style=\"color: #5ec5ec;\"><strong>Herbes mallorquines, Tres Caires o Amazonas<\/strong><\/span><\/h2>\n\n\n\n<p><strong>Typisch f\u00fcr Mallorca und Ibiza ist der Anisschnaps<\/strong> \u201clas Hierbas de Mallorca\u201d. Man unterscheidet drei Arten: s\u00fc\u00df, trocken und gemischt, und obwohl man das alkoholische Getr\u00e4nk \u00fcberall kaufen kann, gibt es viele Familien, die den Schnaps zu Hause machen. Die Produktion ist einfach: Kr\u00e4uter und Aromapflanzen der Insel werden in Alkohol mazeriert, dann muss die Mischung ruhen. Das Ergebnis ist dieser Lik\u00f6r, der aufgrund seiner Verdauungseigenschaften h\u00e4ufig nach dem Essen getrunken wird. Einer dieser beliebten S\u00fc\u00dfkr\u00e4uterlik\u00f6re ist \u201cTres Caires\u201d. Die gleichen guten Verdauungseigenschaften&nbsp; treffen auf Rum \u201cAmazonas\u201d zu. Dies ist ein traditioneller, mallorquinischer Lik\u00f6r, der seinen Ursprung im 17. Jahrhundert hat, nachdem der Handel mit Kuba einen Aufschwung hatte.<\/p>\n\n\n<div class=\"wp-block-image\">\n<figure class=\"aligncenter\"><img loading=\"lazy\" decoding=\"async\" width=\"1920\" height=\"1280\" src=\"https:\/\/www.vacalia.com\/blog\/wp-content\/uploads\/2018\/11\/brandy-402572_1920-2.jpg\" alt=\"Herbes mallorquines, Tres Caires o Amazonas\" class=\"wp-image-2114\" srcset=\"https:\/\/www.vacalia.com\/blog\/wp-content\/uploads\/2018\/11\/brandy-402572_1920-2.jpg 1920w, https:\/\/www.vacalia.com\/blog\/wp-content\/uploads\/2018\/11\/brandy-402572_1920-2-300x200.jpg 300w, https:\/\/www.vacalia.com\/blog\/wp-content\/uploads\/2018\/11\/brandy-402572_1920-2-768x512.jpg 768w, https:\/\/www.vacalia.com\/blog\/wp-content\/uploads\/2018\/11\/brandy-402572_1920-2-1024x683.jpg 1024w, https:\/\/www.vacalia.com\/blog\/wp-content\/uploads\/2018\/11\/brandy-402572_1920-2-1050x700.jpg 1050w, https:\/\/www.vacalia.com\/blog\/wp-content\/uploads\/2018\/11\/brandy-402572_1920-2-1600x1067.jpg 1600w\" sizes=\"(max-width: 1920px) 100vw, 1920px\" \/><\/figure><\/div>\n\n\n<p><strong><em>Die mallorquinische K\u00fcche k\u00f6nnen Sie an jedem Punkt der Insel kennenlernen. Wenn Sie Ihren Urlaub auf Mallorca planen, sollten Sie darauf achten, dass sich die Lage des gew\u00e4hlten Ferienhauses an Ihre Erwartungen und Bed\u00fcrfnisse anpasst. An der K\u00fcste empfehlen wir so gem\u00fctliche <a href=\"https:\/\/www.vacalia.com\/\">H\u00e4user<\/a> wie <a href=\"https:\/\/www.vacalia.com\/de\/villa-mieten-domus-genti-santa-margalida-h14613\">Gerani<\/a> in der Gemeinde von son Serra de Marina; mehr zur Inselmitte haben wir so behagliche Ferienh\u00e4user wie<a href=\"https:\/\/www.vacalia.com\/en\/villa-eden-son-manyo-223-sa-pobla-h14587\"> Eden Iuca<\/a> in Sa Pobla.<\/em><\/strong><\/p>\n\n\n<div class=\"bannerBlog\"><div class=\"new-card-houses\">\n    <div class=\"likeOut likeDivOut\" style=\"display:none\">\n        <a data-id=\"3688\" class=\"likeOut_button_red likeBtnFav\"\n            aria-label=\"Megusta Vacalia\"><\/a>\n    <\/div>\n    <figure>\n        <img loading=\"lazy\" decoding=\"async\" \n            loading=\"lazy\" width=\"301\" height=\"200\"\n            src=\"\/\/media.vacalia.com\/photo\/reformatwebpfolder\/350\/200\/3688\/thumb-middle\/3688_1a5e92182710470d0fb2d8cc2b298f1d.webp?v=21092023\"\n            alt=\"Casa elena - Ferienhaus auf Cala Lliteres\"\/>\n                                                                        <div class=\"circleDiscount\">-19%<\/div>\n                        <\/figure>\n    <p itemprop=\"address\"><i class=\"ico-marker\"><\/i>Cala Lliteres, Mallorca<\/p>\n    <h3 itemprop=\"name\">Casa elena<\/h3>\n    <ul class=\"icon_list inline_list\">\n                              <li class=\"ico-airConditioning\" title=\"Klimaanlage\">\n              <span itemprop=\"amenityFeature\">Klimaanlage<\/span>\n            <\/li>\n                      <li class=\"ico-wifi\" title=\"Wifi\">\n              <span itemprop=\"amenityFeature\">Wifi<\/span>\n            <\/li>\n                          <li class=\"ico-guests\" title=\"F\u00fcr 2 G\u00e4ste in Cala Lliteres.\">\n          <span itemprop=\"occupancy\">2<\/span>\n        <\/li>\n    <\/ul>\n            <span class=\"price\">Ab 61\u20ac \/ Nacht<\/span>\n                <a itemprop=\"url\" class=\"anchor\" href=\"https:\/\/www.vacalia.com\/de\/apartment-casa-elena-capdepera-h24650\" aria-label=\"Casa elena\"><\/a>\n<\/div><div class=\"new-card-houses\">\n    <div class=\"likeOut likeDivOut\" style=\"display:none\">\n        <a data-id=\"3504\" class=\"likeOut_button_red likeBtnFav\"\n            aria-label=\"Megusta Vacalia\"><\/a>\n    <\/div>\n    <figure>\n        <img loading=\"lazy\" decoding=\"async\" \n            loading=\"lazy\" width=\"301\" height=\"200\"\n            src=\"\/\/media.vacalia.com\/photo\/reformatwebpfolder\/350\/200\/3504\/thumb-middle\/3504_daabe4bcc66ac78bc78d217d05be1bd0.webp?v=21092023\"\n            alt=\"Ca na xisca 1 - Ferienhaus auf Can Picafort\"\/>\n                                                                        <div class=\"circleDiscount\">-2%<\/div>\n                        <\/figure>\n    <p itemprop=\"address\"><i class=\"ico-marker\"><\/i>Can Picafort, Mallorca<\/p>\n    <h3 itemprop=\"name\">Ca na xisca 1<\/h3>\n    <ul class=\"icon_list inline_list\">\n                              <li class=\"ico-airConditioning\" title=\"Klimaanlage\">\n              <span itemprop=\"amenityFeature\">Klimaanlage<\/span>\n            <\/li>\n                      <li class=\"ico-wifi\" title=\"Wifi\">\n              <span itemprop=\"amenityFeature\">Wifi<\/span>\n            <\/li>\n                          <li class=\"ico-guests\" title=\"F\u00fcr 4 G\u00e4ste in Can Picafort.\">\n          <span itemprop=\"occupancy\">4<\/span>\n        <\/li>\n    <\/ul>\n            <span class=\"price\">Ab 121\u20ac \/ Nacht<\/span>\n                <a itemprop=\"url\" class=\"anchor\" href=\"https:\/\/www.vacalia.com\/de\/apartment-ca-na-xisca-1-santa-margalida-h23995\" aria-label=\"Ca na xisca 1\"><\/a>\n<\/div><\/div>\n","protected":false},"excerpt":{"rendered":"<p>Der gastronomische Tourismus ist eines der wichtigsten, aufstrebenden Segmente der Branche und die mallorquinische K\u00fcche passt perfekt zu den Erwartungen der Besucher. Die Insel verf\u00fcgt \u00fcber Restaurants, Tradition und einen&hellip;<\/p>\n","protected":false},"author":2,"featured_media":2222,"comment_status":"closed","ping_status":"open","sticky":false,"template":"","format":"standard","meta":{"_monsterinsights_skip_tracking":false,"_monsterinsights_sitenote_active":false,"_monsterinsights_sitenote_note":"","_monsterinsights_sitenote_category":0,"footnotes":""},"categories":[40],"tags":[],"class_list":["post-2109","post","type-post","status-publish","format-standard","has-post-thumbnail","hentry","category-allgemein"],"_links":{"self":[{"href":"https:\/\/www.vacalia.com\/blog\/wp-json\/wp\/v2\/posts\/2109"}],"collection":[{"href":"https:\/\/www.vacalia.com\/blog\/wp-json\/wp\/v2\/posts"}],"about":[{"href":"https:\/\/www.vacalia.com\/blog\/wp-json\/wp\/v2\/types\/post"}],"author":[{"embeddable":true,"href":"https:\/\/www.vacalia.com\/blog\/wp-json\/wp\/v2\/users\/2"}],"replies":[{"embeddable":true,"href":"https:\/\/www.vacalia.com\/blog\/wp-json\/wp\/v2\/comments?post=2109"}],"version-history":[{"count":6,"href":"https:\/\/www.vacalia.com\/blog\/wp-json\/wp\/v2\/posts\/2109\/revisions"}],"predecessor-version":[{"id":7803,"href":"https:\/\/www.vacalia.com\/blog\/wp-json\/wp\/v2\/posts\/2109\/revisions\/7803"}],"wp:featuredmedia":[{"embeddable":true,"href":"https:\/\/www.vacalia.com\/blog\/wp-json\/wp\/v2\/media\/2222"}],"wp:attachment":[{"href":"https:\/\/www.vacalia.com\/blog\/wp-json\/wp\/v2\/media?parent=2109"}],"wp:term":[{"taxonomy":"category","embeddable":true,"href":"https:\/\/www.vacalia.com\/blog\/wp-json\/wp\/v2\/categories?post=2109"},{"taxonomy":"post_tag","embeddable":true,"href":"https:\/\/www.vacalia.com\/blog\/wp-json\/wp\/v2\/tags?post=2109"}],"curies":[{"name":"wp","href":"https:\/\/api.w.org\/{rel}","templated":true}]}}