{"id":2166,"date":"2018-12-12T18:16:10","date_gmt":"2018-12-12T18:16:10","guid":{"rendered":"https:\/\/www.vacalia.com\/blog\/?p=2166"},"modified":"2024-02-14T11:20:36","modified_gmt":"2024-02-14T10:20:36","slug":"aceite-de-oliva-de-mallorca-con-denominacion-de-origen-2002","status":"publish","type":"post","link":"https:\/\/www.vacalia.com\/blog\/es\/aceite-de-oliva-de-mallorca-con-denominacion-de-origen-2002\/","title":{"rendered":"Mallorca, aceite de oliva con denominaci\u00f3n de origen desde el a\u00f1o 2002"},"content":{"rendered":"<p>El <strong>aceite de Mallorca&nbsp;<\/strong>es un producto agr\u00edcola originario de la isla, con denominaci\u00f3n de origen desde 2002, que se elabora con variedades de olivo como arbequina, empeltre o picual recurriendo a procedimientos que se encargan de conservar el aroma y el sabor que caracterizan a este oro l\u00edquido de origen natural.<\/p>\n<p>La <strong>exportaci\u00f3n del aceite de oliva mallorquina&nbsp;<\/strong>a otros pa\u00edses del mundo comenz\u00f3 en el siglo XIII y se consolid\u00f3 durante el siglo XVI, momento en el que las t\u00e9cnicas de cultivo y producci\u00f3n del producto comenzaron a mejorar y lo convirtieron en la principal fuente de riqueza de la isla, en especial en las fincas que dispon\u00edan de su propia almazara.<\/p>\n<p><img fetchpriority=\"high\" decoding=\"async\" class=\"alignnone size-large wp-image-2167\" src=\"https:\/\/www.vacalia.com\/blog\/wp-content\/uploads\/2018\/12\/ES_Aceiteblog_Vacalia-1024x576.jpg\" alt=\"Mallorca, aceite de oliva con denominaci\u00f3n de origen desde el a\u00f1o 2002\" width=\"1024\" height=\"576\" srcset=\"https:\/\/www.vacalia.com\/blog\/wp-content\/uploads\/2018\/12\/ES_Aceiteblog_Vacalia-1024x576.jpg 1024w, https:\/\/www.vacalia.com\/blog\/wp-content\/uploads\/2018\/12\/ES_Aceiteblog_Vacalia-300x169.jpg 300w, https:\/\/www.vacalia.com\/blog\/wp-content\/uploads\/2018\/12\/ES_Aceiteblog_Vacalia-768x432.jpg 768w, https:\/\/www.vacalia.com\/blog\/wp-content\/uploads\/2018\/12\/ES_Aceiteblog_Vacalia-1050x591.jpg 1050w, https:\/\/www.vacalia.com\/blog\/wp-content\/uploads\/2018\/12\/ES_Aceiteblog_Vacalia.jpg 1200w\" sizes=\"(max-width: 1024px) 100vw, 1024px\" \/><\/p>\n<p><!--more--><\/p>\n<h3>Almazaras propias<\/h3>\n<p>Las almazaras, conocidas en la isla como <strong><em>tafones<\/em><\/strong>, se pueden definir como molinos que se emplean para extraer el aceite de las aceitunas. En la actualidad, la isla de Mallorca cuenta con un total de 14 almazaras que elaboran aceite de oliva con denominaci\u00f3n de origen <strong><em>Oli de Mallorca<\/em><\/strong>.<\/p>\n<p>Encontramos almazaras en Palma, Inca, S\u00f3ller, Manacor, Esporles, Maria de la Salut, Alcudia, Algaida, Valldemossa, Santany\u00ed, Petra, Felanitx, Calvi\u00e0, Porreres, Sa Pobla y Caimari.<\/p>\n<h4>Este tipo de almazaras pueden encontrarse por toda la isla. En Vacalia! contamos con casas vacacionales en Caimari como <a href=\"https:\/\/www.vacalia.com\/es\/villa-sa-casa-de-ses-bicicletes-selva-h16157\">Sentiments<\/a>&nbsp;y&nbsp;<a href=\"https:\/\/www.vacalia.com\/es\/villa-ca-na-tranquila-selva-h19808\">Ca Na Tranquila<\/a>&nbsp;o en Manacor como <a href=\"https:\/\/www.vacalia.com\/es\/villa-villa-fernando-manacor-h15764\">Villa Fernando<\/a> o <a href=\"https:\/\/www.vacalia.com\/es\/villa-sa-caseta-caseta-pipera-manacor-h19658\">Caseta Pipera<\/a>.<\/h4>\n<p><img decoding=\"async\" class=\"alignnone size-large wp-image-2170\" src=\"https:\/\/www.vacalia.com\/blog\/wp-content\/uploads\/2018\/12\/aceite-oliva-denominaci\u00f3n-mallorca-4-1024x683.jpg\" alt=\"Mallorca, aceite de oliva con denominaci\u00f3n de origen desde el a\u00f1o 2002\" width=\"1024\" height=\"683\"><\/p>\n<h3><a href=\"https:\/\/www.olidemallorca.es\/es\/denominacion-de-origen\/\" target=\"_blank\" rel=\"noopener\">D.O. Oli de Mallorca<\/a><\/h3>\n<p>Las caracter\u00edsticas del <strong>aceite de oliva de Mallorca&nbsp;<\/strong>le permitieron obtener la Denominaci\u00f3n de Origen en el a\u00f1o 2002 gracias a la intervenci\u00f3n de factores humanos y naturales en su preparaci\u00f3n y a la zona geogr\u00e1fica en la que se lleva a cabo el proceso de elaboraci\u00f3n.<\/p>\n<p>El aceite de oliva con denominaci\u00f3n de origen <em>Oli de Mallorca&nbsp;<\/em>se comercializa tras haber sido envasado y precintado con un <strong>sello de garant\u00eda&nbsp;<\/strong>del Consejo Regulador y una etiqueta en la que aparece el n\u00famero de registro de la denominaci\u00f3n de origen.<\/p>\n<h3><img decoding=\"async\" class=\"alignnone size-large wp-image-2168\" src=\"https:\/\/www.vacalia.com\/blog\/wp-content\/uploads\/2018\/12\/aceite-oliva-denominaci\u00f3n-mallorca-2-1024x679.jpg\" alt=\"Mallorca, aceite de oliva con denominaci\u00f3n de origen desde el a\u00f1o 2002\" width=\"1024\" height=\"679\"><\/h3>\n<h3><a href=\"https:\/\/www.soncatiu.com\/\" target=\"_blank\" rel=\"noopener\">Son Catiu<\/a><\/h3>\n<p>En la isla de Mallorca es posible encontrar m\u00e1s de 730.000 olivos que permiten elaborar un aceite de oliva de una excelente calidad.<\/p>\n<p>Un ejemplo de ello es Son Catiu, que se encuentra <strong>ubicado entre Inca y Llub\u00ed&nbsp;<\/strong>y que cuenta con una <strong><em>tafona&nbsp;<\/em>propia&nbsp;<\/strong>que forma parte de la Denominaci\u00f3n de Origen <em>Oli de Mallorca&nbsp;<\/em>y que abri\u00f3 en el a\u00f1o 2008.<\/p>\n<p>A d\u00eda de hoy, la almazara de Son Catiu est\u00e1 considerada una de las m\u00e1s grandes y modernas de la isla y se centra en la elaboraci\u00f3n de <strong>aceite de oliva de tres tipos<\/strong>: arbequina, picual y coupage.<\/p>\n<h4>En el municipio de Inca es posible encontrar viviendas exclusivas como <a href=\"https:\/\/www.vacalia.com\/es\/villa-son-frontera-inca-h20249\">Son Frontera<\/a>, <a href=\"https:\/\/www.vacalia.com\/es\/casa-vacacional-son-gual-inca-h18236\">Pinzellada<\/a>&nbsp;y&nbsp;<a href=\"https:\/\/www.vacalia.com\/es\/villa-sa-caseta-can-sastre-inca-h16508\">Can Tresas<\/a>.<\/h4>\n<p><img loading=\"lazy\" decoding=\"async\" class=\"alignnone size-large wp-image-2169\" src=\"https:\/\/www.vacalia.com\/blog\/wp-content\/uploads\/2018\/12\/aceite-oliva-denominaci\u00f3n-mallorca-3-1024x683.jpg\" alt=\"Mallorca, aceite de oliva con denominaci\u00f3n de origen desde el a\u00f1o 2002\" width=\"1024\" height=\"683\"><\/p>\n<h3><a href=\"https:\/\/www.sonmoragues.com\/\" target=\"_blank\" rel=\"noopener\">Son Moragues<\/a><\/h3>\n<p>En Son Moragues, situado en el pueblo de Valldemossa, tambi\u00e9n encontramos una almazara que elabora aceite de oliva con Denominaci\u00f3n de Origen <strong><em>Oli de Mallorca&nbsp;<\/em><\/strong>y que produce este oro l\u00edquido en la Serra de Tramuntana utilizando como variedad de oliva la mallorquina.<\/p>\n<p>La producci\u00f3n de <strong>aceite de oliva en Son Moragues<\/strong>se realiza respetando al m\u00e1ximo el entorno rural y combinando t\u00e9cnicas de cultivo artesanales y tradicionales con la tecnolog\u00eda m\u00e1s avanzada, lo que permite obtener un aceite ecol\u00f3gico y de una calidad excepcional.<\/p>\n<h4>Disfrutar de unas vacaciones inolvidables en plena Serra de Tramuntana y en un pueblo tan id\u00edlico como Valldemossa es sencillo gracias a fincas como <a href=\"https:\/\/www.vacalia.com\/es\/casa-vacacional-arxiduc-valldemossa-h15413\">Arxiduc<\/a>&nbsp;y&nbsp;<a href=\"https:\/\/www.vacalia.com\/es\/villa-ca-hado-xucla-valldemossa-h17150\">Ca Mado Sucla<\/a>.<\/h4>\n<p><img loading=\"lazy\" decoding=\"async\" class=\"alignnone size-large wp-image-2172\" src=\"https:\/\/www.vacalia.com\/blog\/wp-content\/uploads\/2018\/12\/aceite-oliva-denominaci\u00f3n-mallorca-683x1024.jpg\" alt=\"Mallorca, aceite de oliva con denominaci\u00f3n de origen desde el a\u00f1o 2002\" width=\"683\" height=\"1024\" srcset=\"https:\/\/www.vacalia.com\/blog\/wp-content\/uploads\/2018\/12\/aceite-oliva-denominaci\u00f3n-mallorca-683x1024.jpg 683w, https:\/\/www.vacalia.com\/blog\/wp-content\/uploads\/2018\/12\/aceite-oliva-denominaci\u00f3n-mallorca-200x300.jpg 200w, https:\/\/www.vacalia.com\/blog\/wp-content\/uploads\/2018\/12\/aceite-oliva-denominaci\u00f3n-mallorca-768x1152.jpg 768w, https:\/\/www.vacalia.com\/blog\/wp-content\/uploads\/2018\/12\/aceite-oliva-denominaci\u00f3n-mallorca-1050x1575.jpg 1050w, https:\/\/www.vacalia.com\/blog\/wp-content\/uploads\/2018\/12\/aceite-oliva-denominaci\u00f3n-mallorca.jpg 1200w\" sizes=\"(max-width: 767px) 100vw, 683px\" \/><\/p>\n<h3><a href=\"https:\/\/www.olidesantanyi.com\/es\/\" target=\"_blank\" rel=\"noopener\">Oli de Santany\u00ed<\/a><\/h3>\n<p>La <em>tafona&nbsp;<\/em>propia de <strong>Oli de Santany\u00ed&nbsp;<\/strong>ha sido fabricada en acero inoxidable y cuenta con la m\u00e1s alta tecnolog\u00eda al poderse controlar por ordenador. Adem\u00e1s, produce aceite de oliva con Denominaci\u00f3n de Origen <em>Oli de Mallorca&nbsp;<\/em>de una gran calidad y unas condiciones de higiene \u00f3ptimas combinando las variedades arbequina, empeltre y picual.<\/p>\n<p>La finca dispone de <strong>alrededor de 600 olivos&nbsp;<\/strong>y apuesta por la elaboraci\u00f3n de aceite de oliva ecol\u00f3gico, por lo que en Oli de Santany\u00ed los fertilizantes, insecticidas y herbicidas artificiales se sustituyen por hierbas y plantas destinadas a nutrir y enriquecer el suelo y a combatir plagas.<\/p>\n<p>La isla de Mallorca pone a disposici\u00f3n de quienes sienten pasi\u00f3n por el aceite de oliva el proyecto <strong><em>Oleorutas Mallorca. El Arte de la Naturaleza<\/em><\/strong>. Se trata de un conjunto de actividades destinadas a sumergir al visitante en el entorno de los olivos mallorquines y de su aceite con Denominaci\u00f3n de Origen.<\/p>\n<p>Si quieres deleitar tu paladar con el aceite de oliva mallorqu\u00edn tambi\u00e9n puedes visitar establecimientos como <strong>Banc de s\u2019Oli<\/strong>, una oleoteca que dispone de una amplia selecci\u00f3n de aceite de oliva virgen extra de Mallorca y que tambi\u00e9n ofrece catas, talleres y rutas guiadas.<\/p>\n<p><strong><em>Si quieres disfrutar del aceite mallorqu\u00edn y est\u00e1s planificando tus vacaciones en Mallorca para el a\u00f1o 2019, <a href=\"https:\/\/www.vacalia.com\/\">elige una casa de vacaciones que se adapte a tus necesidades<\/a>&nbsp;y no olvides incluir en tus planes algunas de las opciones que ofrecen las almazaras de Mallorca. \u00a1Disfruta el oro l\u00edquido mallorqu\u00edn!<\/em><\/strong><\/p>\n\n<div class=\"bannerBlog\"><div class=\"new-card-houses\">\n    <div class=\"likeOut likeDivOut\" style=\"display:none\">\n        <a data-id=\"3311\" class=\"likeOut_button_red likeBtnFav\"\n            aria-label=\"Megusta Vacalia\"><\/a>\n    <\/div>\n    <figure>\n        <img loading=\"lazy\" decoding=\"async\" \n            loading=\"lazy\" width=\"301\" height=\"200\"\n            src=\"\/\/media.vacalia.com\/photo\/reformatwebpfolder\/350\/200\/3311\/thumb-middle\/3311_3a4a862195b9dc338422c59da501b2b9.webp?v=21092023\"\n            alt=\"Hostal talamanca - Alquiler vacacional en Cala d&#039;Or\"\/>\n                                                                        <div class=\"circleDiscount\">-24%<\/div>\n                        <\/figure>\n    <p itemprop=\"address\"><i class=\"ico-marker\"><\/i>Cala d&#039;Or, Mallorca<\/p>\n    <h3 itemprop=\"name\">Hostal talamanca<\/h3>\n    <ul class=\"icon_list inline_list\">\n                              <li class=\"ico-airConditioning\" title=\"Aire Acondicionado\">\n              <span itemprop=\"amenityFeature\">Aire Acondicionado<\/span>\n            <\/li>\n                      <li class=\"ico-wifi\" title=\"Wifi\">\n              <span itemprop=\"amenityFeature\">Wifi<\/span>\n            <\/li>\n                          <li class=\"ico-guests\" title=\"Para 2+1   hu\u00e9spedes en Cala D&#039;or.\">\n          <span itemprop=\"occupancy\">2+1  <\/span>\n        <\/li>\n    <\/ul>\n            <span class=\"price\">Desde 67\u20ac \/ noche<\/span>\n                <a itemprop=\"url\" class=\"anchor\" href=\"https:\/\/www.vacalia.com\/es\/habitacion-de-hotel-hostal-talamanca-santanyi-h23222\" aria-label=\"Hostal talamanca\"><\/a>\n<\/div><div class=\"new-card-houses\">\n    <div class=\"likeOut likeDivOut\" style=\"display:none\">\n        <a data-id=\"2077\" class=\"likeOut_button_red likeBtnFav\"\n            aria-label=\"Megusta Vacalia\"><\/a>\n    <\/div>\n    <figure>\n        <img loading=\"lazy\" decoding=\"async\" \n            loading=\"lazy\" width=\"301\" height=\"200\"\n            src=\"\/\/media.vacalia.com\/photo\/reformatwebpfolder\/350\/200\/2077\/thumb-middle\/2077_8f3b2dbf7b2866abf7848a48b102b952.webp?v=21092023\"\n            alt=\"Son morro - Alquiler vacacional en Santa Margalida\"\/>\n                                                                        <div class=\"circleDiscount\">-5%<\/div>\n                        <\/figure>\n    <p itemprop=\"address\"><i class=\"ico-marker\"><\/i>Santa Margalida, Mallorca<\/p>\n    <h3 itemprop=\"name\">Son morro<\/h3>\n    <ul class=\"icon_list inline_list\">\n                              <li class=\"ico-pool\" title=\"Piscina\">\n              <span itemprop=\"amenityFeature\">Piscina<\/span>\n            <\/li>\n                      <li class=\"ico-airConditioning\" title=\"Aire Acondicionado\">\n              <span itemprop=\"amenityFeature\">Aire Acondicionado<\/span>\n            <\/li>\n                      <li class=\"ico-wifi\" title=\"Wifi\">\n              <span itemprop=\"amenityFeature\">Wifi<\/span>\n            <\/li>\n                          <li class=\"ico-guests\" title=\"Para 4 hu\u00e9spedes en Santa Margalida.\">\n          <span itemprop=\"occupancy\">4<\/span>\n        <\/li>\n    <\/ul>\n            <span class=\"price\">Desde 135\u20ac \/ noche<\/span>\n                <a itemprop=\"url\" class=\"anchor\" href=\"https:\/\/www.vacalia.com\/es\/villa-son-morro-santa-margalida-h17483\" aria-label=\"Son morro\"><\/a>\n<\/div><\/div>\n","protected":false},"excerpt":{"rendered":"<p>El aceite de Mallorca&nbsp;es un producto agr\u00edcola originario de la isla, con denominaci\u00f3n de origen desde 2002, que se elabora con variedades de olivo como arbequina, empeltre o picual recurriendo&hellip;<\/p>\n","protected":false},"author":2,"featured_media":2238,"comment_status":"closed","ping_status":"open","sticky":false,"template":"","format":"standard","meta":{"_monsterinsights_skip_tracking":false,"_monsterinsights_sitenote_active":false,"_monsterinsights_sitenote_note":"","_monsterinsights_sitenote_category":0,"footnotes":""},"categories":[1],"tags":[],"class_list":["post-2166","post","type-post","status-publish","format-standard","has-post-thumbnail","hentry","category-general-es"],"_links":{"self":[{"href":"https:\/\/www.vacalia.com\/blog\/wp-json\/wp\/v2\/posts\/2166"}],"collection":[{"href":"https:\/\/www.vacalia.com\/blog\/wp-json\/wp\/v2\/posts"}],"about":[{"href":"https:\/\/www.vacalia.com\/blog\/wp-json\/wp\/v2\/types\/post"}],"author":[{"embeddable":true,"href":"https:\/\/www.vacalia.com\/blog\/wp-json\/wp\/v2\/users\/2"}],"replies":[{"embeddable":true,"href":"https:\/\/www.vacalia.com\/blog\/wp-json\/wp\/v2\/comments?post=2166"}],"version-history":[{"count":5,"href":"https:\/\/www.vacalia.com\/blog\/wp-json\/wp\/v2\/posts\/2166\/revisions"}],"predecessor-version":[{"id":4771,"href":"https:\/\/www.vacalia.com\/blog\/wp-json\/wp\/v2\/posts\/2166\/revisions\/4771"}],"wp:featuredmedia":[{"embeddable":true,"href":"https:\/\/www.vacalia.com\/blog\/wp-json\/wp\/v2\/media\/2238"}],"wp:attachment":[{"href":"https:\/\/www.vacalia.com\/blog\/wp-json\/wp\/v2\/media?parent=2166"}],"wp:term":[{"taxonomy":"category","embeddable":true,"href":"https:\/\/www.vacalia.com\/blog\/wp-json\/wp\/v2\/categories?post=2166"},{"taxonomy":"post_tag","embeddable":true,"href":"https:\/\/www.vacalia.com\/blog\/wp-json\/wp\/v2\/tags?post=2166"}],"curies":[{"name":"wp","href":"https:\/\/api.w.org\/{rel}","templated":true}]}}