{"id":2210,"date":"2018-12-23T22:17:09","date_gmt":"2018-12-23T22:17:09","guid":{"rendered":"https:\/\/www.vacalia.com\/blog\/?p=2210"},"modified":"2024-02-14T12:35:40","modified_gmt":"2024-02-14T11:35:40","slug":"eine-uebersicht-der-weihnachtsmaerkte-auf-mallorca","status":"publish","type":"post","link":"https:\/\/www.vacalia.com\/blog\/eine-uebersicht-der-weihnachtsmaerkte-auf-mallorca\/","title":{"rendered":"Eine \u00dcbersicht der Weihnachtsm\u00e4rkte auf Mallorca"},"content":{"rendered":"\n<p>In den Monaten von Dezember bis Januar gibt es auf Mallorca eine Vielzahl von Weihnachtsm\u00e4rkten, auf denen Sie alle Arten von Artikeln kaufen k\u00f6nnen, um die magische Zeit des Jahres intensiv zu erleben.<\/p>\n\n\n\n<p>In den Monaten von Dezember bis Januar gibt es auf Mallorca eine Vielzahl von Weihnachtsm\u00e4rkten, auf denen Sie alle Arten von Artikeln kaufen k\u00f6nnen, um die magische Zeit des Jahres intensiv zu erleben.<\/p>\n\n\n\n<p>Der Weihnachtsgeist dringt in die Bewohner und Besucher ein, die Lichter werden eingeschaltet und der Zauber h\u00e4lt an, bis die Heiligen Drei K\u00f6nige nach Osten zur\u00fcckkehren, nachdem sie die H\u00e4user mit Geschenken f\u00fcr die ganze Familie \u00fcberflutet haben.<\/p>\n\n\n\n<p>W\u00e4hrend der Feierlichkeiten gibt es neben den Weihnachtsm\u00e4rkten auch Lichter und Girlanden, die emblematische Palma-Enklaven wie Cort, den Paseo del Borne oder die Plaza Mayor schm\u00fccken, sowie mehrere Eislaufbahnen, die ein Spass f\u00fcr die ganze Familie garantieren.<\/p>\n\n\n\n<figure class=\"wp-block-image\"><img fetchpriority=\"high\" decoding=\"async\" width=\"1024\" height=\"683\" src=\"https:\/\/www.vacalia.com\/blog\/wp-content\/uploads\/2018\/12\/portada_mercados_navidad-1024x683.jpg\" alt=\"Eine \u00dcbersicht der Weihnachtsm\u00e4rkte auf Mallorca\" class=\"wp-image-2193\" srcset=\"https:\/\/www.vacalia.com\/blog\/wp-content\/uploads\/2018\/12\/portada_mercados_navidad-1024x683.jpg 1024w, https:\/\/www.vacalia.com\/blog\/wp-content\/uploads\/2018\/12\/portada_mercados_navidad-300x200.jpg 300w, https:\/\/www.vacalia.com\/blog\/wp-content\/uploads\/2018\/12\/portada_mercados_navidad-768x512.jpg 768w\" sizes=\"(max-width: 1024px) 100vw, 1024px\" \/><\/figure>\n\n\n\n<h3 class=\"wp-block-heading\">Weihnachtsm\u00e4rkte auf Mallorca<\/h3>\n\n\n\n<p>Los&nbsp;<strong>mercadillos de Navidad<\/strong>nos acompa\u00f1an desde la antig\u00fcedad y fueron creados para dar cobijo a las personas sin hogar durante la \u00e9poca de Adviento, as\u00ed como para ofrecerles bebidas calientes que les ayudaran a combatir el intenso fr\u00edo del invierno.<\/p>\n\n\n\n<p>Die Weihnachtsm\u00e4rkte haben eine lange Tradition und wurden geschaffen um Obdachlosen w\u00e4hrend der Adventszeit Schutz zu bieten, sie mit hei\u00dfen Getr\u00e4nken zu versorgen und die K\u00e4lte des Winters abzuwehren.<\/p>\n\n\n\n<p>Im Laufe der Zeit wurden die Weihnachtsm\u00e4rkte nicht nur auf Mallorca, sondern auch in vielen anderen Regionen Spaniens und in mehreren L\u00e4ndern Europas und Amerikas zu einer Tradition.<\/p>\n\n\n\n<p>Die Weihnachtsm\u00e4rkte, die w\u00e4hrend der Weihnachtsferien in den verschiedenen Gemeinden Mallorcas zu finden sind, bieten dem Besucher die M\u00f6glichkeit sowohl Figuren f\u00fcr eine Weihnachtskrippe als auch Schmuck f\u00fcr einen Weihnachtsbaum zu erwerben, ohne dabei Postkarten, das typische Essen der Insel und handgemachte Produkte zu vergessen.<\/p>\n\n\n\n<p>Wenn Sie sich im Zentrum von Palma aufhalten, k\u00f6nnen Sie die Weihnachtsm\u00e4rkte mit absolutem Komfort genie\u00dfen, vor allem, wenn Sie sich f\u00fcr eine Ferienunterkunft wie Centric entscheiden, das sich in der N\u00e4he des emblematischen und stets lebhaften Santa Catalina Viertel befindet.<\/p>\n\n\n\n<p>Con el tiempo, los mercados navide\u00f1os se convirtieron en una tradici\u00f3n que sigue viva no solo en Mallorca, sino tambi\u00e9n en muchas otras regiones de Espa\u00f1a y en varios pa\u00edses de Europa y del continente americano.<\/p>\n\n\n\n<p>Los mercados navide\u00f1os que se pueden encontrar en los diversos municipios de Mallorca durante las fiestas de Navidad ponen a disposici\u00f3n del visitante tanto figuras para el Bel\u00e9n como accesorios para decorar el \u00e1rbol de Navidad sin olvidar las postales, la comida t\u00edpica de la isla y los productos hechos a mano.<\/p>\n\n\n\n<hr class=\"wp-block-separator has-css-opacity\"\/>\n\n\n\n<h4 class=\"wp-block-heading\">Wenn Sie sich im Zentrum von Palma aufhalten, k\u00f6nnen Sie die Weihnachtsm\u00e4rkte mit absolutem Komfort genie\u00dfen, vor allem, wenn Sie sich f\u00fcr eine Ferienunterkunft wie <a href=\"https:\/\/www.vacalia.com\/de\/ferienhaus-centric-palma--h16176\">Centric<\/a> entscheiden, das sich in der N\u00e4he des emblematischen und stets lebhaften Santa Catalina Viertel befindet.<\/h4>\n\n\n\n<hr class=\"wp-block-separator has-css-opacity\"\/>\n\n\n\n<h3 class=\"wp-block-heading\"><strong>Weihnachtsmarkt der Plaza Mayor<\/strong><\/h3>\n\n\n\n<figure class=\"wp-block-image\"><img decoding=\"async\" width=\"1024\" height=\"685\" src=\"https:\/\/www.vacalia.com\/blog\/wp-content\/uploads\/2018\/12\/plazamayorlightshdr1-1024x685.jpg\" alt=\"Eine \u00dcbersicht der Weihnachtsm\u00e4rkte auf Mallorca\" class=\"wp-image-2198\" srcset=\"https:\/\/www.vacalia.com\/blog\/wp-content\/uploads\/2018\/12\/plazamayorlightshdr1-1024x685.jpg 1024w, https:\/\/www.vacalia.com\/blog\/wp-content\/uploads\/2018\/12\/plazamayorlightshdr1-300x201.jpg 300w, https:\/\/www.vacalia.com\/blog\/wp-content\/uploads\/2018\/12\/plazamayorlightshdr1-768x514.jpg 768w, https:\/\/www.vacalia.com\/blog\/wp-content\/uploads\/2018\/12\/plazamayorlightshdr1.jpg 1600w\" sizes=\"(max-width: 1024px) 100vw, 1024px\" \/><figcaption class=\"wp-element-caption\">Foto: <a href=\"https:\/\/social-vips.com\/\" target=\"_blank\" rel=\"noopener\">Social Vips<\/a><\/figcaption><\/figure>\n\n\n\n<p>Die Plaza Mayor in Palma ist vom 21.&nbsp;November bis zum 6. Januar voller Lichter, Imbissst\u00e4nden, Attraktionen f\u00fcr Kinder und St\u00e4nden f\u00fcr Weihnachtsartikel.<\/p>\n\n\n\n<p>Um den authentischen Zauber von Weihnachten zu erleben, gibt es nichts Besseres, als einen Nachmittag zwischen den mehr als zweihundert St\u00e4nden zu bummeln, die die M\u00e4rkte der Plaza Mayor, der Rambla, der Plaza de Espa\u00f1a, der Via Roma und der Porta Pintada verbinden.<\/p>\n\n\n\n<h3 class=\"wp-block-heading\"><strong>Weihnachtsmarkt von Jaume III<\/strong><\/h3>\n\n\n\n<figure class=\"wp-block-image\"><img decoding=\"async\" width=\"1024\" height=\"683\" src=\"https:\/\/www.vacalia.com\/blog\/wp-content\/uploads\/2018\/12\/2018-11-29-llums-nadal-palma-Gaizka-DSC_0254-1024x683.jpg\" alt=\"Eine \u00dcbersicht der Weihnachtsm\u00e4rkte auf Mallorca\" class=\"wp-image-2194\" srcset=\"https:\/\/www.vacalia.com\/blog\/wp-content\/uploads\/2018\/12\/2018-11-29-llums-nadal-palma-Gaizka-DSC_0254-1024x683.jpg 1024w, https:\/\/www.vacalia.com\/blog\/wp-content\/uploads\/2018\/12\/2018-11-29-llums-nadal-palma-Gaizka-DSC_0254-300x200.jpg 300w, https:\/\/www.vacalia.com\/blog\/wp-content\/uploads\/2018\/12\/2018-11-29-llums-nadal-palma-Gaizka-DSC_0254-768x512.jpg 768w\" sizes=\"(max-width: 1024px) 100vw, 1024px\" \/><\/figure>\n\n\n\n<p>Die Avenida Jaume III ist die Einkaufsstra\u00dfe von Palma schlechthin und der Ort, an dem vom &nbsp;20.bis 22. Dezember 2018 und am 3. und 4. Januar 2019 ein Weihnachtsmarkt stattfindet.<\/p>\n\n\n\n<p>Es ist ein Solidarit\u00e4tsmarkt mit dem Namen Dare Home, auf dem Besucher eine Vielzahl von handgefertigten Produkten finden k\u00f6nnen.<\/p>\n\n\n\n<h3 class=\"wp-block-heading\"><strong>Weihnachtsmarkt von Puerto Portals<\/strong><\/h3>\n\n\n\n<figure class=\"wp-block-image\"><img loading=\"lazy\" decoding=\"async\" width=\"1024\" height=\"683\" src=\"https:\/\/www.vacalia.com\/blog\/wp-content\/uploads\/2018\/12\/preseleccion_christmas_market_2016_0005_1482237344-1024x683.jpg\" alt=\"Eine \u00dcbersicht der Weihnachtsm\u00e4rkte auf Mallorca\" class=\"wp-image-2199\" srcset=\"https:\/\/www.vacalia.com\/blog\/wp-content\/uploads\/2018\/12\/preseleccion_christmas_market_2016_0005_1482237344-1024x683.jpg 1024w, https:\/\/www.vacalia.com\/blog\/wp-content\/uploads\/2018\/12\/preseleccion_christmas_market_2016_0005_1482237344-300x200.jpg 300w, https:\/\/www.vacalia.com\/blog\/wp-content\/uploads\/2018\/12\/preseleccion_christmas_market_2016_0005_1482237344-768x512.jpg 768w, https:\/\/www.vacalia.com\/blog\/wp-content\/uploads\/2018\/12\/preseleccion_christmas_market_2016_0005_1482237344.jpg 1200w\" sizes=\"(max-width: 1024px) 100vw, 1024px\" \/><figcaption class=\"wp-element-caption\">Foto: <a href=\"https:\/\/www.puertoportals.com\/en\/christmas-market-es-2.html\" target=\"_blank\" rel=\"noopener\">Puertoportals.com&nbsp;<\/a><\/figcaption><\/figure>\n\n\n\n<p>Zum <strong>Weihnachtsmarkt von Puerto Portals<\/strong> zu gehen bedeutet, zu den Weihnachtsm\u00e4rkten in Mitteleuropa zu wechseln, ohne Mallorca verlassen zu m\u00fcssen.<\/p>\n\n\n\n<p>Vom 20. Dezember bis zum 6. Januar k\u00f6nnen Sie Dutzende St\u00e4nde besuchen, an denen Sie Geschenkideen aus dem Urlaub, internationale Gerichte, Kinderworkshops, musikalische Darbietungen und eine gro\u00dfe Eisbahn finden.<\/p>\n\n\n\n<hr class=\"wp-block-separator has-css-opacity\"\/>\n\n\n\n<h4 class=\"wp-block-heading\">Es ist nicht ungew\u00f6hnlich, dass Reisende ihren Urlaub auf Mallorca nutzen, um den Weihnachtsmarkt in Puerto Portals zu besuchen. Besonders wenn Sie so eine privilegierte Unterkunft wie&nbsp;<a href=\"https:\/\/www.vacalia.com\/es\/villa-portals-nous-hills-calvia-h18344\">Portals Nous Hills<\/a>&nbsp;nutzen.<\/h4>\n\n\n\n<hr class=\"wp-block-separator has-css-opacity\"\/>\n\n\n\n<p>Wenn Sie die Feiertage nutzen m\u00f6chten, um die Weihnachtsm\u00e4rkte von Mallorca zu besuchen, w\u00e4hlen Sie das <a href=\"https:\/\/www.vacalia.com\">ideale Ferienhaus<\/a> und erleben Sie den authentischen Zauber von Weihnachten, w\u00e4hrend Sie die Br\u00e4uche, Traditionen und die K\u00fcche der Insel entdecken.<\/p>\n\n\n<div class=\"bannerBlog\"><div class=\"new-card-houses\">\n    <div class=\"likeOut likeDivOut\" style=\"display:none\">\n        <a data-id=\"5041\" class=\"likeOut_button_red likeBtnFav\"\n            aria-label=\"Megusta Vacalia\"><\/a>\n    <\/div>\n    <figure>\n        <img loading=\"lazy\" decoding=\"async\" \n            loading=\"lazy\" width=\"301\" height=\"200\"\n            src=\"\/\/media.vacalia.com\/photo\/reformatwebpfolder\/350\/200\/5041\/thumb-middle\/5041_35a4de88b6788a78bc9e7ff83c238bb1.webp?v=21092023\"\n            alt=\"Finca kelly - Ferienhaus auf Art\u00e0\"\/>\n                                                                        <div class=\"circleDiscount\">-20%<\/div>\n                        <\/figure>\n    <p itemprop=\"address\"><i class=\"ico-marker\"><\/i>Art\u00e0, Mallorca<\/p>\n    <h3 itemprop=\"name\">Finca kelly<\/h3>\n    <ul class=\"icon_list inline_list\">\n                              <li class=\"ico-pool\" title=\"Pool\">\n              <span itemprop=\"amenityFeature\">Pool<\/span>\n            <\/li>\n                      <li class=\"ico-airConditioning\" title=\"Klimaanlage\">\n              <span itemprop=\"amenityFeature\">Klimaanlage<\/span>\n            <\/li>\n                      <li class=\"ico-wifi\" title=\"Wifi\">\n              <span itemprop=\"amenityFeature\">Wifi<\/span>\n            <\/li>\n                          <li class=\"ico-guests\" title=\"F\u00fcr 8 G\u00e4ste in Art\u00e0.\">\n          <span itemprop=\"occupancy\">8<\/span>\n        <\/li>\n    <\/ul>\n            <span class=\"price\">Ab 236\u20ac \/ Nacht<\/span>\n                <a itemprop=\"url\" class=\"anchor\" href=\"https:\/\/www.vacalia.com\/de\/villa-finca-kelly-arta-h29526\" aria-label=\"Finca kelly\"><\/a>\n<\/div><div class=\"new-card-houses\">\n    <div class=\"likeOut likeDivOut\" style=\"display:none\">\n        <a data-id=\"3125\" class=\"likeOut_button_red likeBtnFav\"\n            aria-label=\"Megusta Vacalia\"><\/a>\n    <\/div>\n    <figure>\n        <img loading=\"lazy\" decoding=\"async\" \n            loading=\"lazy\" width=\"301\" height=\"200\"\n            src=\"\/\/media.vacalia.com\/photo\/reformatwebpfolder\/350\/200\/3125\/thumb-middle\/3125_87d0745e8400e86ad2ee3a72ce8497d9.webp?v=21092023\"\n            alt=\"Sun of alcanada - Ferienhaus auf Port d&#039;Alc\u00fadia\"\/>\n                                                                        <div class=\"circleDiscount\">-14%<\/div>\n                        <\/figure>\n    <p itemprop=\"address\"><i class=\"ico-marker\"><\/i>Port d&#039;Alc\u00fadia, Mallorca<\/p>\n    <h3 itemprop=\"name\">Sun of alcanada<\/h3>\n    <ul class=\"icon_list inline_list\">\n                              <li class=\"ico-airConditioning\" title=\"Klimaanlage\">\n              <span itemprop=\"amenityFeature\">Klimaanlage<\/span>\n            <\/li>\n                      <li class=\"ico-wifi\" title=\"Wifi\">\n              <span itemprop=\"amenityFeature\">Wifi<\/span>\n            <\/li>\n                      <li class=\"ico-views\" title=\"Ausblick\">\n              <span itemprop=\"amenityFeature\">Ausblick<\/span>\n            <\/li>\n                          <li class=\"ico-guests\" title=\"F\u00fcr 3 G\u00e4ste in Port D&#039;alc\u00fadia.\">\n          <span itemprop=\"occupancy\">3<\/span>\n        <\/li>\n    <\/ul>\n            <span class=\"price\">Ab 91\u20ac \/ Nacht<\/span>\n                <a itemprop=\"url\" class=\"anchor\" href=\"https:\/\/www.vacalia.com\/de\/apartment-sun-of-alcanada-alcudia-h20538\" aria-label=\"Sun of alcanada\"><\/a>\n<\/div><\/div>\n","protected":false},"excerpt":{"rendered":"<p>In den Monaten von Dezember bis Januar gibt es auf Mallorca eine Vielzahl von Weihnachtsm\u00e4rkten, auf denen Sie alle Arten von Artikeln kaufen k\u00f6nnen, um die magische Zeit des Jahres&hellip;<\/p>\n","protected":false},"author":2,"featured_media":2212,"comment_status":"closed","ping_status":"open","sticky":false,"template":"","format":"standard","meta":{"_monsterinsights_skip_tracking":false,"_monsterinsights_sitenote_active":false,"_monsterinsights_sitenote_note":"","_monsterinsights_sitenote_category":0,"footnotes":""},"categories":[40],"tags":[],"class_list":["post-2210","post","type-post","status-publish","format-standard","has-post-thumbnail","hentry","category-allgemein"],"_links":{"self":[{"href":"https:\/\/www.vacalia.com\/blog\/wp-json\/wp\/v2\/posts\/2210"}],"collection":[{"href":"https:\/\/www.vacalia.com\/blog\/wp-json\/wp\/v2\/posts"}],"about":[{"href":"https:\/\/www.vacalia.com\/blog\/wp-json\/wp\/v2\/types\/post"}],"author":[{"embeddable":true,"href":"https:\/\/www.vacalia.com\/blog\/wp-json\/wp\/v2\/users\/2"}],"replies":[{"embeddable":true,"href":"https:\/\/www.vacalia.com\/blog\/wp-json\/wp\/v2\/comments?post=2210"}],"version-history":[{"count":2,"href":"https:\/\/www.vacalia.com\/blog\/wp-json\/wp\/v2\/posts\/2210\/revisions"}],"predecessor-version":[{"id":4907,"href":"https:\/\/www.vacalia.com\/blog\/wp-json\/wp\/v2\/posts\/2210\/revisions\/4907"}],"wp:featuredmedia":[{"embeddable":true,"href":"https:\/\/www.vacalia.com\/blog\/wp-json\/wp\/v2\/media\/2212"}],"wp:attachment":[{"href":"https:\/\/www.vacalia.com\/blog\/wp-json\/wp\/v2\/media?parent=2210"}],"wp:term":[{"taxonomy":"category","embeddable":true,"href":"https:\/\/www.vacalia.com\/blog\/wp-json\/wp\/v2\/categories?post=2210"},{"taxonomy":"post_tag","embeddable":true,"href":"https:\/\/www.vacalia.com\/blog\/wp-json\/wp\/v2\/tags?post=2210"}],"curies":[{"name":"wp","href":"https:\/\/api.w.org\/{rel}","templated":true}]}}