{"id":2214,"date":"2018-12-12T09:01:48","date_gmt":"2018-12-12T09:01:48","guid":{"rendered":"https:\/\/www.vacalia.com\/blog\/?p=2214"},"modified":"2024-02-14T12:35:25","modified_gmt":"2024-02-14T11:35:25","slug":"malllorca-olivenoel-mit-geschuetzter-herkunftsbezeichung-seit-2002","status":"publish","type":"post","link":"https:\/\/www.vacalia.com\/blog\/malllorca-olivenoel-mit-geschuetzter-herkunftsbezeichung-seit-2002\/","title":{"rendered":"Mallorca, Oliven\u00f6l mit gesch\u00fctzter Herkunftsbezeichung seit 2002"},"content":{"rendered":"<p><img fetchpriority=\"high\" decoding=\"async\" class=\"alignnone size-full wp-image-2250\" src=\"https:\/\/www.vacalia.com\/blog\/wp-content\/uploads\/2018\/12\/DE_Aceiteblog_Vacalia.jpg\" alt=\"Mallorca, Oliven\u00f6l mit gesch\u00fctzter Herkunftsbezeichung seit 2002\" width=\"670\" height=\"300\" srcset=\"https:\/\/www.vacalia.com\/blog\/wp-content\/uploads\/2018\/12\/DE_Aceiteblog_Vacalia.jpg 670w, https:\/\/www.vacalia.com\/blog\/wp-content\/uploads\/2018\/12\/DE_Aceiteblog_Vacalia-300x134.jpg 300w\" sizes=\"(max-width: 767px) 100vw, 670px\" \/>Das <strong>Oliven\u00f6l Mallorcas&nbsp;<\/strong>ist ein landwirtschaftliches Erzeugnis der Insel, welches aus Olivenbaumvariet\u00e4ten wie der Arbequina, Empeltre oder Pical unter Verwendung bestimmter Verfahren hergestellt wird, welche darauf abgestimmt sind das Aroma und den Geschmack dieses fl\u00fcssigen \u00d6ls nat\u00fcrlichen Ursprungs zu konservieren.<\/p>\n<p>Die <strong>Ausfuhr des mallorquinischen \u00d6ls&nbsp;<\/strong>in andere L\u00e4nder l\u00e4sst seinen Ursprung bis ins XIII Jahrhundert zur\u00fcckverfolgen, bis es sich im XVI Jahrhundert endg\u00fcltig festigen konnte. Zur selben Zeit fand ein Innovationsprozess im Bereich der Kultivierungstechniken und der Produktherstellung statt, welches das Oliven\u00f6l damit zu einer der wichtigsten Quelle f\u00fcr den Wohnstand der Insel konvertierte, speziell Fincas mit eigener \u00d6lm\u00fchle.<\/p>\n<p><!--more--><\/p>\n<h3>Eigene \u201cAlmazaras\u201d \u00d6lm\u00fchlen<\/h3>\n<p>Die sogenannten Almazaras, die auf der Insel auch unter dem Namen <strong><em>tafones&nbsp;<\/em><\/strong>bekannt sind, k\u00f6nnen als M\u00fchlen bezeichnet werden, welche ausschlie\u00dflich f\u00fcr die Pressung und \u00d6lgewinnung aus Oliven verwendet werden. Auf Mallorca befinden sich derzeit 14 dieser \u00d6lm\u00fchlen, welche ganz im Dienst der Erzeugung des Oliven\u00f6ls mit der Herkunftsbezeichnung <strong><em>Oli de Mallorca&nbsp;<\/em><\/strong>stehen.<\/p>\n<p>Almazaras findet man in Palma, Inca, S\u00f3ller, Manacor, Esporles, Maria de la Salut, Alcudia, Algaida, Valldemossa, Santany\u00ed, Petra, Felanitx, Calvi\u00e0, Porreres, Sa Pobla und Caimari.<\/p>\n<h4>Diesen speziellen Typ der \u00d6lm\u00fchle finden Sie auf der ganzen Insel verteilt. Bei Vacalia ! haben wir Ferienh\u00e4user in Caimari wie <a href=\"https:\/\/www.vacalia.com\/es\/villa-sa-casa-de-ses-bicicletes-selva-h16157\">Sentiments&nbsp;<\/a>und <a href=\"https:\/\/www.vacalia.com\/es\/villa-ca-na-tranquila-selva-h19808\">Ca Na Tranquila<\/a>oder in Manacor wie <a href=\"https:\/\/www.vacalia.com\/es\/villa-villa-fernando-manacor-h15764\">Villa Fernando<\/a> oder <a href=\"https:\/\/www.vacalia.com\/es\/villa-sa-caseta-caseta-pipera-manacor-h19658\">Caseta Pipera&nbsp;<\/a>im Programm.<i><\/i><\/h4>\n<p><img decoding=\"async\" class=\"alignnone size-large wp-image-2170\" src=\"https:\/\/www.vacalia.com\/blog\/wp-content\/uploads\/2018\/12\/aceite-oliva-denominaci\u00f3n-mallorca-4-1024x683.jpg\" alt=\"Mallorca, Oliven\u00f6l mit gesch\u00fctzter Herkunftsbezeichung seit 2002\" width=\"1024\" height=\"683\"><\/p>\n<h3><a href=\"https:\/\/www.olidemallorca.es\/es\/denominacion-de-origen\/\" target=\"_blank\" rel=\"noopener\">D.O. Oli de Mallorca<\/a><\/h3>\n<p>Die Charakteristik des <strong>Oliven\u00f6ls von Mallorca<\/strong>, sowie der Einsatz menschlicher und nat\u00fcrlicher Faktoren in Hinblick auf die Zubereitung und Herstellung in dieser bestimmten geographischen Zone, f\u00fchrten schlussendlich dazu, dass es im Jahr 2002 die gesch\u00fctzte Ursprungsbezeichnung verliehen bekam.<\/p>\n<p>Mit dem Etikett, welches die Registrierungsnummer der gesch\u00fctzten Ursprungsbezeichnung enth\u00e4lt und dem <strong>Garantiesiegel&nbsp;<\/strong>der Kontrollbeh\u00f6rde versehen, gelangt das Oliven\u00f6l Mallorcas mit der Herkunftsbezeichnung Oli der Mallorca schlie\u00dflich in Flaschen abgef\u00fcllt in die L\u00e4den.<\/p>\n<h3><img decoding=\"async\" class=\"alignnone size-large wp-image-2168\" src=\"https:\/\/www.vacalia.com\/blog\/wp-content\/uploads\/2018\/12\/aceite-oliva-denominaci\u00f3n-mallorca-2-1024x679.jpg\" alt=\"Mallorca, Oliven\u00f6l mit gesch\u00fctzter Herkunftsbezeichung seit 2002\" width=\"1024\" height=\"679\"><\/h3>\n<h3><a href=\"https:\/\/www.soncatiu.com\/\" target=\"_blank\" rel=\"noopener\">Son Catiu<\/a><\/h3>\n<p>Auf Mallorca befinden sich bis zu 730.000 Olivenb\u00e4ume, welche allesamt ein Oliven\u00f6l von exzellenter Qualit\u00e4t liefern.<\/p>\n<p>Ein Beispiel daf\u00fcr ist die 2008 er\u00f6ffnete Finca Son Catiu, welche sich <strong>zwischen Inca und Llubi befindet&nbsp;<\/strong>und mit einer <strong>eigenen<em>tafona&nbsp;<\/em><\/strong>f\u00fcr die Produktion des mit der Ursprungsbezeichnung ausgezeichneten Oliven\u00f6ls aufwarten kann.<\/p>\n<p>Die \u00d6lm\u00fchle bei Son Catiu ist heute eine der gr\u00f6\u00dften und modernsten die es auf der Insel gibt und die sich auf die Herstellung von <strong>Oliven\u00f6l aus 3 bestimmten Sorten&nbsp;<\/strong>spezialisiert hat: Arbequina, Picual, und Coupage.<\/p>\n<h4>In der Gemeinde Inca finden Sie exklusive Wohnm\u00f6glichkeiten wie <a href=\"https:\/\/www.vacalia.com\/es\/villa-son-frontera-inca-h20249\">Son Frontera<\/a>, <a href=\"https:\/\/www.vacalia.com\/es\/casa-vacacional-son-gual-inca-h18236\">Pinzellada&nbsp;<\/a>und&nbsp;<a href=\"https:\/\/www.vacalia.com\/es\/villa-sa-caseta-can-sastre-inca-h16508\">Can Tresas<\/a>.<i><\/i><\/h4>\n<p><img loading=\"lazy\" decoding=\"async\" class=\"alignnone size-large wp-image-2169\" src=\"https:\/\/www.vacalia.com\/blog\/wp-content\/uploads\/2018\/12\/aceite-oliva-denominaci\u00f3n-mallorca-3-1024x683.jpg\" alt=\"Mallorca, Oliven\u00f6l mit gesch\u00fctzter Herkunftsbezeichung seit 2002\" width=\"1024\" height=\"683\"><\/p>\n<h3><a href=\"https:\/\/www.sonmoragues.com\/\" target=\"_blank\" rel=\"noopener\">Son Moragues<\/a><\/h3>\n<p>In Son Moragues, im St\u00e4dchen Valldemossa gelegen, befindet sich ebenfalls noch eine \u00d6lm\u00fchle, welche sich mit der Herstellung des mit dem Siegel der Herkunftsbezeichnung <strong><em>Oli de Mallorca&nbsp;<\/em><\/strong>versehenen fl\u00fcssigen \u00d6ls aus mallorquinischen Oliven im Tramuntanagebirge besch\u00e4ftigt.<\/p>\n<p>Der Herstellungsprozess des <strong>Oliven\u00f6ls aus Son Moragues&nbsp;<\/strong>geschieht unter R\u00fccksichtnahme besonderer Gesichtspunkte, wie etwa dem der Urspr\u00fcnglichkeit unter Zuhilfenahme bestimmter handwerklicher und traditioneller Techniken in Kombination mit der Moderne, welches damit ein au\u00dfergew\u00f6hnliches Produkt auf \u00f6kologischer Basis schafft.<\/p>\n<h4>Erleben Sie unvergessliche Ferien in der Sierra de Tramuntana in idyllischen D\u00f6rfern wie Valldemossa auf der Finca <a href=\"https:\/\/www.vacalia.com\/es\/casa-vacacional-arxiduc-valldemossa-h15413\">Arxiduc&nbsp;<\/a>oder <a href=\"https:\/\/www.vacalia.com\/es\/villa-ca-hado-xucla-valldemossa-h17150\">Ca Mado Sucla<\/a>.<i><\/i><\/h4>\n<p><img loading=\"lazy\" decoding=\"async\" class=\"alignnone size-large wp-image-2172\" src=\"https:\/\/www.vacalia.com\/blog\/wp-content\/uploads\/2018\/12\/aceite-oliva-denominaci\u00f3n-mallorca-683x1024.jpg\" alt=\"Mallorca, Oliven\u00f6l mit gesch\u00fctzter Herkunftsbezeichung seit 2002\" width=\"683\" height=\"1024\" srcset=\"https:\/\/www.vacalia.com\/blog\/wp-content\/uploads\/2018\/12\/aceite-oliva-denominaci\u00f3n-mallorca-683x1024.jpg 683w, https:\/\/www.vacalia.com\/blog\/wp-content\/uploads\/2018\/12\/aceite-oliva-denominaci\u00f3n-mallorca-200x300.jpg 200w, https:\/\/www.vacalia.com\/blog\/wp-content\/uploads\/2018\/12\/aceite-oliva-denominaci\u00f3n-mallorca-768x1152.jpg 768w, https:\/\/www.vacalia.com\/blog\/wp-content\/uploads\/2018\/12\/aceite-oliva-denominaci\u00f3n-mallorca-1050x1575.jpg 1050w, https:\/\/www.vacalia.com\/blog\/wp-content\/uploads\/2018\/12\/aceite-oliva-denominaci\u00f3n-mallorca.jpg 1200w\" sizes=\"(max-width: 767px) 100vw, 683px\" \/><\/p>\n<h3><a href=\"https:\/\/www.olidesantanyi.com\/es\/\" target=\"_blank\" rel=\"noopener\">Oli de Santany\u00ed<\/a><\/h3>\n<p>Die hauseigene <em>tafona<\/em>des <strong>Oli de Santany\u00ed&nbsp;<\/strong>wurde aus rostfreiem Stahl gebaut und verf\u00fcgt \u00fcber modernste Technologie mit Computersteuerung. Zus\u00e4tzlich dazu entsteht hier ein Oliven\u00f6l von sehr hoher Qualit\u00e4t aus der Variation dreier Sorten, der Arbequina, Empeltre und Pical mit der Herkunftsbezeichnung <em>Oli de Mallorca&nbsp;<\/em>unter ausgesprochen hygienischen Bedingungen.<\/p>\n<p>Die Finca verf\u00fcgt <strong>\u00fcber 600 Olivenb\u00e4ume,<\/strong>welche f\u00fcr die Herstellung \u00f6kologischen Oliven\u00f6ls zur Verf\u00fcgung stehen. So werden f\u00fcr das Oli de Santany\u00ed auf die \u00fcblichen D\u00fcnger, Insektenvernichtungsmittel und k\u00fcnstliche Unkrautvernichter verzichtet und stattdessen durch Kr\u00e4uter und Pflanzen ersetzt, welche den Unterboden nat\u00fcrlich anreichern und zudem wirksam gegen Plagen sind.<\/p>\n<p>F\u00fcr Liebhaber des Oliven\u00f6ls wurde auf Mallorca das Projekt <strong><em>Oleorutas Mallorca. El Arte de la Naturaleza&nbsp;<\/em><\/strong>geschaffen. Es handelt sich hierbei um einen Zusammenschluss diverser Aktivit\u00e4ten im Zusammenhang mit den mallorquinischen Oliven und ihrem Produkt, dem Oliven\u00f6l mit gesch\u00fctzter Ursprungsbezeichnung.<\/p>\n<p>Wenn Sie Ihren Gaumen gerne in den Genuss mallorquinischen Oliven\u00f6ls kommen lassen m\u00f6chten, dann empfiehlt sich der Besuch der Einrichtung <strong>Banc de s\u2019Oli<\/strong>, eine Oleoteca, welche nicht nur eine au\u00dfergew\u00f6hnlich gro\u00dfe Variet\u00e4t an Oliven\u00f6l Extra Virgen aus Mallorca bietet, sondern auch eine Werkstatt, Verkostungen und gef\u00fchrte Routen mitanbietet.<\/p>\n<p><strong><em>Wenn Sie das mallorquinische Oliven\u00f6l gerne selber einmal probieren m\u00f6chten und dabei sind Ihren Urlaub f\u00fcr 2019 zu planen, <u>dann w\u00e4hlen Sie das Ferienhaus aus, welches am besten zu Ihren Bed\u00fcrfnissen passt&nbsp;<\/u>und im besten Fall Aktivit\u00e4ten in Verbindung zu den \u00d6lm\u00fchlen Mallorcas anbietet. Genie\u00dfen Sie das fl\u00fcssige Gold Mallorcas!<\/em><\/strong><\/p>\n\n<div class=\"bannerBlog\"><div class=\"new-card-houses\">\n    <div class=\"likeOut likeDivOut\" style=\"display:none\">\n        <a data-id=\"4120\" class=\"likeOut_button_red likeBtnFav\"\n            aria-label=\"Megusta Vacalia\"><\/a>\n    <\/div>\n    <figure>\n        <img loading=\"lazy\" decoding=\"async\" \n            loading=\"lazy\" width=\"301\" height=\"200\"\n            src=\"\/\/media.vacalia.com\/photo\/reformatwebpfolder\/350\/200\/4120\/thumb-middle\/4120_2fb8882c48f603fc8ee9010a19b2955e.webp?v=21092023\"\n            alt=\"Sa caseta (b\u00fager) - Ferienhaus auf B\u00fager\"\/>\n                                                                        <div class=\"circleDiscount\">-11%<\/div>\n                        <\/figure>\n    <p itemprop=\"address\"><i class=\"ico-marker\"><\/i>B\u00fager, Mallorca<\/p>\n    <h3 itemprop=\"name\">Sa caseta (b\u00fager)<\/h3>\n    <ul class=\"icon_list inline_list\">\n                              <li class=\"ico-pool\" title=\"Pool\">\n              <span itemprop=\"amenityFeature\">Pool<\/span>\n            <\/li>\n                      <li class=\"ico-airConditioning\" title=\"Klimaanlage\">\n              <span itemprop=\"amenityFeature\">Klimaanlage<\/span>\n            <\/li>\n                      <li class=\"ico-wifi\" title=\"Wifi\">\n              <span itemprop=\"amenityFeature\">Wifi<\/span>\n            <\/li>\n                          <li class=\"ico-guests\" title=\"F\u00fcr 4 G\u00e4ste in B\u00fager.\">\n          <span itemprop=\"occupancy\">4<\/span>\n        <\/li>\n    <\/ul>\n            <span class=\"price\">Ab 89\u20ac \/ Nacht<\/span>\n                <a itemprop=\"url\" class=\"anchor\" href=\"https:\/\/www.vacalia.com\/de\/ferienhaus-sa-caseta-buger-buger-h25794\" aria-label=\"Sa caseta (b\u00fager)\"><\/a>\n<\/div><div class=\"new-card-houses\">\n    <div class=\"likeOut likeDivOut\" style=\"display:none\">\n        <a data-id=\"3306\" class=\"likeOut_button_red likeBtnFav\"\n            aria-label=\"Megusta Vacalia\"><\/a>\n    <\/div>\n    <figure>\n        <img loading=\"lazy\" decoding=\"async\" \n            loading=\"lazy\" width=\"301\" height=\"200\"\n            src=\"\/\/media.vacalia.com\/photo\/reformatwebpfolder\/350\/200\/3306\/thumb-middle\/3306_742f9ba629e931914ecd7a6564612fd9.webp?v=21092023\"\n            alt=\"Hostal talamanca - Ferienhaus auf Cala d&#039;Or\"\/>\n                                                                        <div class=\"circleDiscount\">-25%<\/div>\n                        <\/figure>\n    <p itemprop=\"address\"><i class=\"ico-marker\"><\/i>Cala d&#039;Or, Mallorca<\/p>\n    <h3 itemprop=\"name\">Hostal talamanca<\/h3>\n    <ul class=\"icon_list inline_list\">\n                              <li class=\"ico-airConditioning\" title=\"Klimaanlage\">\n              <span itemprop=\"amenityFeature\">Klimaanlage<\/span>\n            <\/li>\n                      <li class=\"ico-wifi\" title=\"Wifi\">\n              <span itemprop=\"amenityFeature\">Wifi<\/span>\n            <\/li>\n                          <li class=\"ico-guests\" title=\"F\u00fcr 1 G\u00e4ste in Cala D&#039;or.\">\n          <span itemprop=\"occupancy\">1<\/span>\n        <\/li>\n    <\/ul>\n            <span class=\"price\">Ab 46\u20ac \/ Nacht<\/span>\n                <a itemprop=\"url\" class=\"anchor\" href=\"https:\/\/www.vacalia.com\/de\/hotelzimmer-hostal-talamanca-santanyi-h23219\" aria-label=\"Hostal talamanca\"><\/a>\n<\/div><\/div>\n","protected":false},"excerpt":{"rendered":"<p>Das Oliven\u00f6l Mallorcas&nbsp;ist ein landwirtschaftliches Erzeugnis der Insel, welches aus Olivenbaumvariet\u00e4ten wie der Arbequina, Empeltre oder Pical unter Verwendung bestimmter Verfahren hergestellt wird, welche darauf abgestimmt sind das Aroma und&hellip;<\/p>\n","protected":false},"author":2,"featured_media":2250,"comment_status":"closed","ping_status":"open","sticky":false,"template":"","format":"standard","meta":{"_monsterinsights_skip_tracking":false,"_monsterinsights_sitenote_active":false,"_monsterinsights_sitenote_note":"","_monsterinsights_sitenote_category":0,"footnotes":""},"categories":[40],"tags":[],"class_list":["post-2214","post","type-post","status-publish","format-standard","has-post-thumbnail","hentry","category-allgemein"],"_links":{"self":[{"href":"https:\/\/www.vacalia.com\/blog\/wp-json\/wp\/v2\/posts\/2214"}],"collection":[{"href":"https:\/\/www.vacalia.com\/blog\/wp-json\/wp\/v2\/posts"}],"about":[{"href":"https:\/\/www.vacalia.com\/blog\/wp-json\/wp\/v2\/types\/post"}],"author":[{"embeddable":true,"href":"https:\/\/www.vacalia.com\/blog\/wp-json\/wp\/v2\/users\/2"}],"replies":[{"embeddable":true,"href":"https:\/\/www.vacalia.com\/blog\/wp-json\/wp\/v2\/comments?post=2214"}],"version-history":[{"count":6,"href":"https:\/\/www.vacalia.com\/blog\/wp-json\/wp\/v2\/posts\/2214\/revisions"}],"predecessor-version":[{"id":4906,"href":"https:\/\/www.vacalia.com\/blog\/wp-json\/wp\/v2\/posts\/2214\/revisions\/4906"}],"wp:featuredmedia":[{"embeddable":true,"href":"https:\/\/www.vacalia.com\/blog\/wp-json\/wp\/v2\/media\/2250"}],"wp:attachment":[{"href":"https:\/\/www.vacalia.com\/blog\/wp-json\/wp\/v2\/media?parent=2214"}],"wp:term":[{"taxonomy":"category","embeddable":true,"href":"https:\/\/www.vacalia.com\/blog\/wp-json\/wp\/v2\/categories?post=2214"},{"taxonomy":"post_tag","embeddable":true,"href":"https:\/\/www.vacalia.com\/blog\/wp-json\/wp\/v2\/tags?post=2214"}],"curies":[{"name":"wp","href":"https:\/\/api.w.org\/{rel}","templated":true}]}}