{"id":2255,"date":"2019-01-08T15:13:06","date_gmt":"2019-01-08T15:13:06","guid":{"rendered":"https:\/\/www.vacalia.com\/blog\/?p=2255"},"modified":"2024-02-14T11:19:26","modified_gmt":"2024-02-14T10:19:26","slug":"una-semana-de-vacaciones-en-mallorca-un-plan-para-cada-dia","status":"publish","type":"post","link":"https:\/\/www.vacalia.com\/blog\/es\/una-semana-de-vacaciones-en-mallorca-un-plan-para-cada-dia\/","title":{"rendered":"Una semana de vacaciones en Mallorca: un plan para cada d\u00eda"},"content":{"rendered":"\n<p>Disfrutar de una semana de&nbsp;<strong>vacaciones en Mallorca&nbsp;<\/strong>permite nadar en calas de aguas cristalinas, explorar la naturaleza y visitar pueblos plagados de encanto.&nbsp; Y es que la isla de Mallorca ofrece mucho m\u00e1s que sol y playa y pone a disposici\u00f3n de sus visitantes planes muy variados y aptos para todos los gustos, edades y bolsillos.<\/p>\n\n\n\n<p>Los viajeros que deciden pasar&nbsp;<strong>una semana de vacaciones en Mallorca&nbsp;<\/strong>tienen la oportunidad de organizar un plan diferente para cada d\u00eda y de aprovechar el buen clima de la isla para llevar a cabo actividades de lo m\u00e1s diversas.<\/p>\n\n\n\n<figure class=\"wp-block-image\"><img fetchpriority=\"high\" decoding=\"async\" width=\"670\" height=\"300\" src=\"https:\/\/www.vacalia.com\/blog\/wp-content\/uploads\/2019\/01\/ES_Actividadblog_Vacalia.jpg\" alt=\"vacaciones en mallorca un plan para cada d\u00eda\" class=\"wp-image-2256\" srcset=\"https:\/\/www.vacalia.com\/blog\/wp-content\/uploads\/2019\/01\/ES_Actividadblog_Vacalia.jpg 670w, https:\/\/www.vacalia.com\/blog\/wp-content\/uploads\/2019\/01\/ES_Actividadblog_Vacalia-300x134.jpg 300w\" sizes=\"(max-width: 767px) 100vw, 670px\" \/><\/figure>\n\n\n\n<h3 class=\"wp-block-heading\"><strong>Una semana de vacaciones en Mallorca<\/strong><\/h3>\n\n\n\n<p>Las playas de ensue\u00f1o y los pueblos con estrechas calles empedradas son solo algunos de los encantos que ofrece la isla y que se pueden visitar durante una semana de vacaciones en Mallorca.<\/p>\n\n\n\n<h4 class=\"wp-block-heading\"><strong>D\u00eda 1: un paseo por Fornalutx<\/strong><\/h4>\n\n\n\n<p>La Sierra de Tramuntana fue declarada Patrimonio Mundial por la Unesco en la categor\u00eda de \u201cPaisaje Cultural\u201d en el a\u00f1o 2011 y es, sin duda, una visita obligada para quienes deciden visitar Mallorca.<\/p>\n\n\n\n<p>Uno de los pueblos m\u00e1s bellos de la Serra de Tramuntana es&nbsp;<strong>Fornalutx<\/strong>, donde es posible disfrutar de un agradable paseo por sus calles estrechas y empedradas y contemplar sus tejados rojos y sus imponentes vistas, as\u00ed como deleitar los sentidos con su embriagador aroma a azahar procedente de los naranjos.<\/p>\n\n\n\n<p>Tras el paseo recomendamos probar la&nbsp;<strong>cocina t\u00edpica de Mallorca<\/strong> en cualquiera de sus restaurantes y degustar un plato de frito mallorqu\u00edn, de lechona al horno o de conejo con cebolla, por ejemplo. Y si quieres saber qu\u00e9 se come y qu\u00e9 se bebe, puedes aprender m\u00e1s&nbsp;<a href=\"https:\/\/www.vacalia.com\/blog\/es\/que-se-come-y-bebe-en-mallorca-te-presentamos-un-menu-tipico-mallorquin\/\">en este post<\/a>.<\/p>\n\n\n\n<h4 class=\"wp-block-heading\">Nada mejor que combinar un paseo por Fornalutx con una estancia en uno de los alojamientos destacados de Vacalia! en Fornalutx.<\/h4>\n\n\n\n<figure class=\"wp-block-image\"><img decoding=\"async\" width=\"1024\" height=\"678\" src=\"https:\/\/www.vacalia.com\/blog\/wp-content\/uploads\/2019\/01\/viviendas-fornalutx-1024x678.jpg\" alt=\"Fornalutx\" class=\"wp-image-2261\" srcset=\"https:\/\/www.vacalia.com\/blog\/wp-content\/uploads\/2019\/01\/viviendas-fornalutx-1024x678.jpg 1024w, https:\/\/www.vacalia.com\/blog\/wp-content\/uploads\/2019\/01\/viviendas-fornalutx-300x199.jpg 300w, https:\/\/www.vacalia.com\/blog\/wp-content\/uploads\/2019\/01\/viviendas-fornalutx-768x509.jpg 768w\" sizes=\"(max-width: 1024px) 100vw, 1024px\" \/><figcaption class=\"wp-element-caption\">Fornalutx<\/figcaption><\/figure>\n\n\n\n<h4 class=\"wp-block-heading\"><strong>D\u00eda 2: subida al Puig de Santa Magdalena<\/strong><\/h4>\n\n\n\n<p>Practicar senderismo durante&nbsp;<strong>una semana de vacaciones en Mallorca<\/strong>se convierte en la actividad ideal para los visitantes que desean conocer la naturaleza en su estado m\u00e1s puro y contemplar las maravillosas vistas que ofrece la isla.<\/p>\n\n\n\n<p>Subir al Puig de Santa Magdalena, ubicado en Inca, supone dejar a un lado el bullicio de la ciudad para caminar por un enclave natural perfecto para dar un largo paseo y hacer un picnic en familia al llegar a la cima.<\/p>\n\n\n\n<p>Aunque la subida al Puig de Santa Magdalena no destaca por su complejidad, existe la posibilidad de realizar el camino tanto a pie como en coche. Adem\u00e1s, el sendero cuenta con diversos atajos que facilitan el ascenso.<\/p>\n\n\n\n<p>Conseguir un d\u00eda redondo es sencillo si la excursi\u00f3n se combina con una visita al&nbsp;<strong>Claustro de Santo Domingo<\/strong>, una construcci\u00f3n ubicada junto al convento del mismo nombre que fue erigida en el siglo XVIII.<\/p>\n\n\n\n<h4 class=\"wp-block-heading\"><em>Disfruta de un merecido descanso despu\u00e9s de haber llegado a la cima hosped\u00e1ndote en&nbsp;<\/em><a href=\"https:\/\/www.vacalia.com\/es\/villa-casa-des-puig-villa-ursula-buger-h14729\"><em>Villa \u00darsula<\/em><\/a><em>, una casa de ensue\u00f1o situada a tan solo 10 kil\u00f3metros del Puig de Santa Magdalena.<\/em><\/h4>\n\n\n\n<figure class=\"wp-block-image\"><img decoding=\"async\" src=\"https:\/\/media.vacalia.com\/poi\/reformat\/1024\/768\/poi-669-2017_c_joseagamez-1467.jpg\" alt=\"Puig de Santa Magdalena\"\/><\/figure>\n\n\n\n<h4 class=\"wp-block-heading\"><strong>D\u00eda 3: de compras por Inca<\/strong><\/h4>\n\n\n\n<p>Inca es una ciudad situada en el centro de la isla que todos los viajeros deber\u00edan visitar debido a su amplia oferta de restauraci\u00f3n y a su gran variedad de tiendas.<\/p>\n\n\n\n<p>Conocida como \u201cla capital de la piel\u201d, Inca cuenta con una larga tradici\u00f3n en fabricaci\u00f3n de calzado y con una amplia diversidad de peque\u00f1os talleres. Adem\u00e1s, tambi\u00e9n es posible encontrar el principal outlet de la famosa marca mallorquina de zapatos <strong>Camper<\/strong>.<\/p>\n\n\n\n<p>El calzado se combina con un \u00e1rea peatonal ubicada en el caso antiguo donde se dan cita diversas&nbsp;<strong>tiendas outlet<\/strong>pertenecientes al sector del cuero.<\/p>\n\n\n\n<h4 class=\"wp-block-heading\"><em>Son muchos los viajeros que deciden finalizar una jornada de compras en Inca con una tranquila y relajada noche en una casa como&nbsp;<\/em><em><a href=\"https:\/\/www.vacalia.com\/es\/villa-can-gual-inca-h15578\">Can Gual<\/a><\/em><em>, que esta semana cuenta con un precio especial.<\/em><\/h4>\n\n\n\n<figure class=\"wp-block-image\"><img decoding=\"async\" src=\"https:\/\/media.vacalia.com\/poi\/reformat\/1024\/768\/poi-670-2018-05-25%20claustre%20sant%20domingo%20-%20manacor%20Gaizka%20DSC_0071.jpg\" alt=\"Claustro de Sant Domingo - Inca\"\/><figcaption class=\"wp-element-caption\">Claustro de Sant Domingo &#8211; Inca<\/figcaption><\/figure>\n\n\n\n<h4 class=\"wp-block-heading\"><strong><a href=\"https:\/\/www.castellalaro.cat\/es\/inicio\/\" target=\"_blank\" rel=\"noopener\">D\u00eda 4: visita al Castillo de Alar\u00f3<\/a><\/strong><strong><\/strong><\/h4>\n\n\n\n<p>Mallorca puede presumir de albergar&nbsp;<a href=\"https:\/\/www.vacalia.com\/blog\/es\/castillos-y-leyendas-cuatro-rutas-por-la-historia-de-la-arquitectura-defensiva-mallorquina\/\">varios castillos<\/a> que se conservan en perfectas condiciones. Uno de ellos es el Castillo de Alar\u00f3, que ofrece una de las excursiones m\u00e1s hermosas de la isla y que est\u00e1 situado a m\u00e1s de 800 metros de altura.<\/p>\n\n\n\n<p>Es posible llegar a la fortaleza a trav\u00e9s de una&nbsp;<strong>ruta de senderismo<\/strong>perfectamente se\u00f1alizada de poco m\u00e1s de una hora y media de duraci\u00f3n que comienza en el pueblo de Alar\u00f3 y que es apta para todos los p\u00fablicos debido a que no presenta demasiada dificultad.<\/p>\n\n\n\n<p>Al finalizar el trayecto recomendamos optar por un plan m\u00e1s tranquilo y relajado como, por ejemplo, dar un&nbsp;<strong>paseo por el centro de Selva<\/strong>, un pueblo que se encuentra a tan solo 20 kil\u00f3metros del Castillo de Alar\u00f3.<\/p>\n\n\n\n<h4 class=\"wp-block-heading\"><em>Si<\/em> <em>decides alojarte en Selva puedes pasar la noche en&nbsp;<\/em><a href=\"https:\/\/www.vacalia.com\/es\/villa-es-closet-selva-h15152\"><em>Es Closet<\/em><\/a><em>y aprovechar que se trata de una casa de vacaciones que esta semana tiene un descuento especial.<\/em><\/h4>\n\n\n\n<figure class=\"wp-block-image\"><img decoding=\"async\" width=\"1024\" height=\"768\" src=\"https:\/\/www.vacalia.com\/blog\/wp-content\/uploads\/2019\/01\/castell-alaro-1024x768.jpg\" alt=\"Castell d'Alar\u00f3\" class=\"wp-image-2258\" srcset=\"https:\/\/www.vacalia.com\/blog\/wp-content\/uploads\/2019\/01\/castell-alaro-1024x768.jpg 1024w, https:\/\/www.vacalia.com\/blog\/wp-content\/uploads\/2019\/01\/castell-alaro-300x225.jpg 300w, https:\/\/www.vacalia.com\/blog\/wp-content\/uploads\/2019\/01\/castell-alaro-768x576.jpg 768w, https:\/\/www.vacalia.com\/blog\/wp-content\/uploads\/2019\/01\/castell-alaro.jpg 1600w\" sizes=\"(max-width: 1024px) 100vw, 1024px\" \/><figcaption class=\"wp-element-caption\">Castell d&#8217;Alar\u00f3 (Imatge: Wikipedia)<\/figcaption><\/figure>\n\n\n\n<h4 class=\"wp-block-heading\">D\u00eda 5: la bodega de Biniagual<\/h4>\n\n\n\n<p>Pasar&nbsp;<strong>una semana de vacaciones en Mallorca<\/strong>permite pasear por pueblos con mucho encanto, dar largos paseos por parajes naturales, viajar atr\u00e1s en el tiempo visitando castillos e, incluso,&nbsp;<a href=\"https:\/\/www.vacalia.com\/blog\/es\/mallorca-tierra-de-vinos\/\">degustar excelentes vinos<\/a>.<\/p>\n\n\n\n<p>Encontramos un ejemplo de ello en Biniagual, un pueblo que data de la \u00e9poca musulmana y que, pese a sus reducidas dimensiones, se ha convertido en uno de los enclaves m\u00e1s m\u00e1gicos de la isla gracias a sus calles de adoquines y a sus cuidadas casas de piedra.<\/p>\n\n\n\n<p>El pueblo tambi\u00e9n alberga la&nbsp;<strong>Bodega Biniagual<\/strong>, una empresa familiar que elabora vinos desde el a\u00f1o 2002 y que ofrece una visita a sus instalaciones combinada con una cata de sus caldos.<\/p>\n\n\n\n<figure class=\"wp-block-image\"><img loading=\"lazy\" decoding=\"async\" width=\"1024\" height=\"683\" src=\"https:\/\/www.vacalia.com\/blog\/wp-content\/uploads\/2019\/01\/vi-bodegues-mallorca-1024x683.jpg\" alt=\"\u00a0Bodega Biniagual\" class=\"wp-image-2259\" srcset=\"https:\/\/www.vacalia.com\/blog\/wp-content\/uploads\/2019\/01\/vi-bodegues-mallorca-1024x683.jpg 1024w, https:\/\/www.vacalia.com\/blog\/wp-content\/uploads\/2019\/01\/vi-bodegues-mallorca-300x200.jpg 300w, https:\/\/www.vacalia.com\/blog\/wp-content\/uploads\/2019\/01\/vi-bodegues-mallorca-768x512.jpg 768w\" sizes=\"(max-width: 1024px) 100vw, 1024px\" \/><\/figure>\n\n\n\n<h4 class=\"wp-block-heading\"><em>A tan solo 4 kil\u00f3metros de Biniagual encontramos Binissalem y la casa vacacional&nbsp;<\/em><a href=\"https:\/\/www.vacalia.com\/es\/villa-can-ponset-binissalem-h14720\"><em>V\u00eda Roma<\/em><\/a><em>, que esta semana est\u00e1 disponible para los viajeros al mejor precio.<\/em><\/h4>\n\n\n\n<h4 class=\"wp-block-heading\"><strong>D\u00eda 6: una cala de aguas cristalinas<\/strong><\/h4>\n\n\n\n<p>No es posible pasar una semana de vacaciones en Mallorca sin visitar alguna de sus maravillosas calas de aguas cristalinas. Una de las m\u00e1s destacadas es&nbsp;<strong>Cala Pi<\/strong>, que combina la arena con las rocas y con pinos ideales para organizar un picnic a la sombra.<\/p>\n\n\n\n<p>Llegar temprano a la cala es fundamental para encontrar un buen sitio durante los meses de verano y los ba\u00f1os en sus limpias aguas se pueden combinar con una sesi\u00f3n de submarinismo y con una posterior cena en cualquiera de los restaurantes de Cala Gamba.<\/p>\n\n\n\n<h4 class=\"wp-block-heading\"><em>Una de las casas vacacionales m\u00e1s cercanas a Cala Pi es&nbsp;<\/em><a href=\"https:\/\/www.vacalia.com\/es\/villa-bahia-grande-llucmajor-h20237\"><em>Na Coc\u00f3<\/em><\/a><em>, una vivienda de 300 metros cuadrados situada en Bah\u00eda Grande que esta semana tiene un descuento especial. \u00a1Aprov\u00e9chalo y haz ya tu reserva!<\/em><\/h4>\n\n\n\n<figure class=\"wp-block-image is-resized\"><img loading=\"lazy\" decoding=\"async\" src=\"https:\/\/www.vacalia.com\/blog\/wp-content\/uploads\/2019\/01\/cala-pi-mallorca-vacalia-1024x678.jpg\" alt=\"Cala Pi\" class=\"wp-image-2260\" style=\"width:840px;height:556px\" width=\"840\" height=\"556\" srcset=\"https:\/\/www.vacalia.com\/blog\/wp-content\/uploads\/2019\/01\/cala-pi-mallorca-vacalia-1024x678.jpg 1024w, https:\/\/www.vacalia.com\/blog\/wp-content\/uploads\/2019\/01\/cala-pi-mallorca-vacalia-300x199.jpg 300w, https:\/\/www.vacalia.com\/blog\/wp-content\/uploads\/2019\/01\/cala-pi-mallorca-vacalia-768x509.jpg 768w\" sizes=\"(max-width: 840px) 100vw, 840px\" \/><\/figure>\n\n\n\n<h4 class=\"wp-block-heading\"><strong>D\u00eda 7: un recorrido por la historia de Mallorca<\/strong><\/h4>\n\n\n\n<p>Finalizamos esta semana de vacaciones en la isla de Mallorca en&nbsp;<strong>Pollen\u00e7a<\/strong>, una localidad famosa por sus playas y por su historia debido a que alberga el&nbsp;<strong>Pont Rom\u00e0<\/strong>, una de las pocas construcciones de la \u00e9poca romana que se pueden encontrar en la isla y un puente cuyo origen sigue siendo un misterio a d\u00eda de hoy.<\/p>\n\n\n\n<p>Recomendamos combinar la visita al Pont Rom\u00e0 con la subida de los m\u00e1s de 360 pelda\u00f1os que conforman la escalera de&nbsp;<strong>El Calvario de Pollen\u00e7a<\/strong>y con una cena en cualquiera de los restaurantes que se alojan dentro de la&nbsp;<strong>Muralla Medieval de Alcudia<\/strong>, que se encuentra en un perfecto estado de conservaci\u00f3n.<\/p>\n\n\n\n<figure class=\"wp-block-image\"><img decoding=\"async\" src=\"https:\/\/media.vacalia.com\/poi\/reformat\/1024\/768\/poi-759-DSC_0041.jpg\" alt=\"Pont Rom\u00e0\"\/><\/figure>\n\n\n\n<h4 class=\"wp-block-heading\">Si est\u00e1s buscando casas de vacaciones en Alcudia a los mejores precios, recuerda que esta semana puedes aprovechar el descuento que ofrece&nbsp;<a href=\"https:\/\/www.vacalia.com\/es\/villa-son-simo-vell-alcudia-h17102\">Son Sim\u00f3 Vell<\/a>.<\/h4>\n\n\n\n<p><strong><em>Si has decidido disfrutar de una semana de vacaciones en Mallorca no te olvides de&nbsp;<a href=\"https:\/\/www.vacalia.com\/es\">elegir la casa de vacaciones perfecta para ti<\/a>&nbsp;y de organizar un viaje que combine playas con pueblos de ensue\u00f1o, un poco de historia, compras y buena gastronom\u00eda.<\/em><\/strong><\/p>\n\n\n<div class=\"bannerBlog\"><div class=\"new-card-houses\">\n    <div class=\"likeOut likeDivOut\" style=\"display:none\">\n        <a data-id=\"3561\" class=\"likeOut_button_red likeBtnFav\"\n            aria-label=\"Megusta Vacalia\"><\/a>\n    <\/div>\n    <figure>\n        <img loading=\"lazy\" decoding=\"async\" \n            loading=\"lazy\" width=\"301\" height=\"200\"\n            src=\"\/\/media.vacalia.com\/photo\/reformatwebpfolder\/350\/200\/3561\/thumb-middle\/3561_3662d16d9913270fec0429b89d5a1927.webp?v=21092023\"\n            alt=\"Sa teulera de pina - Alquiler vacacional en Pina\"\/>\n                                                                        <div class=\"circleDiscount\">-5%<\/div>\n                        <\/figure>\n    <p itemprop=\"address\"><i class=\"ico-marker\"><\/i>Pina, Mallorca<\/p>\n    <h3 itemprop=\"name\">Sa teulera de pina<\/h3>\n    <ul class=\"icon_list inline_list\">\n                              <li class=\"ico-pool\" title=\"Piscina\">\n              <span itemprop=\"amenityFeature\">Piscina<\/span>\n            <\/li>\n                      <li class=\"ico-airConditioning\" title=\"Aire Acondicionado\">\n              <span itemprop=\"amenityFeature\">Aire Acondicionado<\/span>\n            <\/li>\n                      <li class=\"ico-wifi\" title=\"Wifi\">\n              <span itemprop=\"amenityFeature\">Wifi<\/span>\n            <\/li>\n                      <li class=\"ico-pets\" title=\"Mascotas\">\n              <span itemprop=\"amenityFeature\">Mascotas<\/span>\n            <\/li>\n                          <li class=\"ico-guests\" title=\"Para 6 hu\u00e9spedes en Pina.\">\n          <span itemprop=\"occupancy\">6<\/span>\n        <\/li>\n    <\/ul>\n            <span class=\"price\">Desde 198\u20ac \/ noche<\/span>\n                <a itemprop=\"url\" class=\"anchor\" href=\"https:\/\/www.vacalia.com\/es\/villa-sa-teulera-de-pina-algaida-h24197\" aria-label=\"Sa teulera de pina\"><\/a>\n<\/div><div class=\"new-card-houses\">\n    <div class=\"likeOut likeDivOut\" style=\"display:none\">\n        <a data-id=\"2894\" class=\"likeOut_button_red likeBtnFav\"\n            aria-label=\"Megusta Vacalia\"><\/a>\n    <\/div>\n    <figure>\n        <img loading=\"lazy\" decoding=\"async\" \n            loading=\"lazy\" width=\"301\" height=\"200\"\n            src=\"\/\/media.vacalia.com\/photo\/reformatwebpfolder\/350\/200\/2894\/thumb-middle\/2894_c2ed0fcc92777db68e206fcc278c52e6.webp?v=21092023\"\n            alt=\"Can garreta - Alquiler vacacional en Port d&#039;Alc\u00fadia\"\/>\n                                                                        <div class=\"circleDiscount\">-10%<\/div>\n                        <\/figure>\n    <p itemprop=\"address\"><i class=\"ico-marker\"><\/i>Port d&#039;Alc\u00fadia, Mallorca<\/p>\n    <h3 itemprop=\"name\">Can garreta<\/h3>\n    <ul class=\"icon_list inline_list\">\n                              <li class=\"ico-airConditioning\" title=\"Aire Acondicionado\">\n              <span itemprop=\"amenityFeature\">Aire Acondicionado<\/span>\n            <\/li>\n                      <li class=\"ico-wifi\" title=\"Wifi\">\n              <span itemprop=\"amenityFeature\">Wifi<\/span>\n            <\/li>\n                          <li class=\"ico-guests\" title=\"Para 6 hu\u00e9spedes en Port D&#039;alc\u00fadia.\">\n          <span itemprop=\"occupancy\">6<\/span>\n        <\/li>\n    <\/ul>\n            <span class=\"price\">Desde 160\u20ac \/ noche<\/span>\n                <a itemprop=\"url\" class=\"anchor\" href=\"https:\/\/www.vacalia.com\/es\/casa-vacacional-can-garreta-alcudia-h19787\" aria-label=\"Can garreta\"><\/a>\n<\/div><\/div>\n","protected":false},"excerpt":{"rendered":"<p>Disfrutar de una semana de&nbsp;vacaciones en Mallorca&nbsp;permite nadar en calas de aguas cristalinas, explorar la naturaleza y visitar pueblos plagados de encanto.&nbsp; Y es que la isla de Mallorca ofrece&hellip;<\/p>\n","protected":false},"author":2,"featured_media":2256,"comment_status":"closed","ping_status":"open","sticky":false,"template":"","format":"standard","meta":{"_monsterinsights_skip_tracking":false,"_monsterinsights_sitenote_active":false,"_monsterinsights_sitenote_note":"","_monsterinsights_sitenote_category":0,"footnotes":""},"categories":[1],"tags":[],"class_list":["post-2255","post","type-post","status-publish","format-standard","has-post-thumbnail","hentry","category-general-es"],"_links":{"self":[{"href":"https:\/\/www.vacalia.com\/blog\/wp-json\/wp\/v2\/posts\/2255"}],"collection":[{"href":"https:\/\/www.vacalia.com\/blog\/wp-json\/wp\/v2\/posts"}],"about":[{"href":"https:\/\/www.vacalia.com\/blog\/wp-json\/wp\/v2\/types\/post"}],"author":[{"embeddable":true,"href":"https:\/\/www.vacalia.com\/blog\/wp-json\/wp\/v2\/users\/2"}],"replies":[{"embeddable":true,"href":"https:\/\/www.vacalia.com\/blog\/wp-json\/wp\/v2\/comments?post=2255"}],"version-history":[{"count":6,"href":"https:\/\/www.vacalia.com\/blog\/wp-json\/wp\/v2\/posts\/2255\/revisions"}],"predecessor-version":[{"id":4769,"href":"https:\/\/www.vacalia.com\/blog\/wp-json\/wp\/v2\/posts\/2255\/revisions\/4769"}],"wp:featuredmedia":[{"embeddable":true,"href":"https:\/\/www.vacalia.com\/blog\/wp-json\/wp\/v2\/media\/2256"}],"wp:attachment":[{"href":"https:\/\/www.vacalia.com\/blog\/wp-json\/wp\/v2\/media?parent=2255"}],"wp:term":[{"taxonomy":"category","embeddable":true,"href":"https:\/\/www.vacalia.com\/blog\/wp-json\/wp\/v2\/categories?post=2255"},{"taxonomy":"post_tag","embeddable":true,"href":"https:\/\/www.vacalia.com\/blog\/wp-json\/wp\/v2\/tags?post=2255"}],"curies":[{"name":"wp","href":"https:\/\/api.w.org\/{rel}","templated":true}]}}