{"id":2263,"date":"2019-01-08T15:07:20","date_gmt":"2019-01-08T15:07:20","guid":{"rendered":"https:\/\/www.vacalia.com\/blog\/?p=2263"},"modified":"2025-07-15T10:16:27","modified_gmt":"2025-07-15T08:16:27","slug":"eine-woche-urlaub-auf-mallorca-einen-plan-fuer-jeden-tag","status":"publish","type":"post","link":"https:\/\/www.vacalia.com\/blog\/eine-woche-urlaub-auf-mallorca-einen-plan-fuer-jeden-tag\/","title":{"rendered":"Eine Woche Urlaub auf Mallorca: einen Plan f\u00fcr jeden Tag"},"content":{"rendered":"\n<p>W\u00e4hrend einer Urlaubswoche auf Mallorca k\u00f6nnen Sie Badebuchten mit kristallklarem Wasser entdecken, die Natur erkunden und D\u00f6rfer voller Charme besuchen.<\/p>\n\n\n\n<p>Die Insel Mallorca hat viel mehr zu bieten als Sonne und Strand, Besucher jeden Alters haben eine grosse Auswahl an Freizeitm\u00f6glichkeiten, da ist f\u00fcr jeden Geschmack und jedes Budget etwas dabei. Urlauber die sich entschlie\u00dfen eine Woche auf Mallorca zu verbringen k\u00f6nnen das gute Klima der Insel bei verschiedensten Aktivit\u00e4ten t\u00e4glich neu in vollen Z\u00fcgen geniessen.<\/p>\n\n\n<div class=\"wp-block-image\">\n<figure class=\"aligncenter\"><img fetchpriority=\"high\" decoding=\"async\" width=\"670\" height=\"300\" src=\"https:\/\/www.vacalia.com\/blog\/wp-content\/uploads\/2019\/01\/DE_Actividadblog_Vacalia.jpg\" alt=\"Eine Woche Urlaub auf Mallorca: einen Plan f\u00fcr jeden Tag\" class=\"wp-image-2264\" srcset=\"https:\/\/www.vacalia.com\/blog\/wp-content\/uploads\/2019\/01\/DE_Actividadblog_Vacalia.jpg 670w, https:\/\/www.vacalia.com\/blog\/wp-content\/uploads\/2019\/01\/DE_Actividadblog_Vacalia-300x134.jpg 300w\" sizes=\"(max-width: 767px) 100vw, 670px\" \/><\/figure><\/div>\n\n\n<!--more-->\n\n\n\n<h2 class=\"wp-block-heading has-medium-font-size\"><strong>Eine Woche Urlaub auf Mallorca<\/strong><\/h2>\n\n\n\n<p>Traumhafte Str\u00e4nde und D\u00f6rfer mit engen Kopfsteinpflaster Gassen sind nur ein Highlight der Insel die Sie w\u00e4hrend einer Woche Urlaub auf Mallorca erleben k\u00f6nnen.<\/p>\n\n\n\n<p><strong>1.Tag: ein Spaziergang durch Fornalutx<\/strong><\/p>\n\n\n\n<p>La Sierra de Tramuntana fue declarada Patrimonio Mundial por la Unesco en la categor\u00eda de \u201cPaisaje Cultural\u201d en el a\u00f1o 2011 y es, sin duda, una visita obligada para quienes deciden visitar Mallorca.<\/p>\n\n\n\n<p>2011 wurde das Tramuntanagebirge in der Kategorie \u201cKulturlandschaften\u201d von der Unesco zum Weltkulturerbe erkl\u00e4rt und ist zweifellos ein \u201cMuss\u201d f\u00fcr alle Mallorca &#8211; Urlauber.&nbsp;Eines der sch\u00f6nsten D\u00f6rfer der Serra de Tramuntana ist Fornalutx. Bei einem angenehmen Spaziergang durch die engen Kopfsteinpflasterstra\u00dfen bestaunen Sie die roten D\u00e4cher und beeindruckende Ausblicke, lassen Sie Ihre Sinne vom Orangenbl\u00fcten-Duft der Orangenb\u00e4ume berauschen.<\/p>\n\n\n\n<p>Nach dem Spaziergang empfehlen wir Ihnen, die typische K\u00fcche Mallorcas in einem der Restaurants zu probieren, wie w\u00e4re es mit gebratenem Spanferkel oder Kaninchen mit Zwiebeln? Probieren wird sich lohnen.&nbsp;<a href=\"https:\/\/www.vacalia.com\/blog\/es\/que-se-come-y-bebe-en-mallorca-te-presentamos-un-menu-tipico-mallorquin\/\">In diesem Post<\/a> geben wir weitere Empfehlungen zu \u201cEssen und Trinken auf Mallorca\u201d.<\/p>\n\n\n\n<p><strong>Es gibt nichts Besseres als einen Spaziergang durch Fornalutx mit einem Aufenthalt in dem bezauberndem Dorf, in einer der herausragenden Unterk\u00fcnfte von Vacalia! zu tauschen.<\/strong><\/p>\n\n\n<div class=\"wp-block-image\">\n<figure class=\"aligncenter\"><img decoding=\"async\" width=\"1024\" height=\"678\" src=\"https:\/\/www.vacalia.com\/blog\/wp-content\/uploads\/2019\/01\/viviendas-fornalutx-1024x678.jpg\" alt=\"Eine Woche Urlaub auf Mallorca: einen Plan f\u00fcr jeden Tag\" class=\"wp-image-2261\" srcset=\"https:\/\/www.vacalia.com\/blog\/wp-content\/uploads\/2019\/01\/viviendas-fornalutx-1024x678.jpg 1024w, https:\/\/www.vacalia.com\/blog\/wp-content\/uploads\/2019\/01\/viviendas-fornalutx-300x199.jpg 300w, https:\/\/www.vacalia.com\/blog\/wp-content\/uploads\/2019\/01\/viviendas-fornalutx-768x509.jpg 768w\" sizes=\"(max-width: 1024px) 100vw, 1024px\" \/><figcaption class=\"wp-element-caption\">Fornalutx<\/figcaption><\/figure><\/div>\n\n\n<p><strong>2.Tag: Aufstieg zum Puig de Santa Magdalena<\/strong><\/p>\n\n\n\n<p>Wandern ist f\u00fcr alle Naturfreunde die ideale Aktivit\u00e4t, weil man die Natur und Aussichten in ihrer reinsten und sch\u00f6nsten Form genie\u00dfen kann.<\/p>\n\n\n\n<p>Wenn Sie zum Puig de Santa Magdalena, bei Inca aufsteigen, lassen Sie die Hektik der Stadt hinter sich und tauchen, bei einem sch\u00f6nen Spaziergang, in die perfekte nat\u00fcrliche Enklave, die der Berg zu bieten hat. Auf dem Gipfel k\u00f6nnen Sie sich mit einem Familienpicknick belohnen uns die herrliche Aussicht genie\u00dfen. <\/p>\n\n\n\n<p>Der Aufstieg ist nicht sehr komplex und Sie k\u00f6nnen die Strecke auch mit dem Auto zur\u00fccklegen. Es gibt mehrere Abk\u00fcrzungen zum Gipfel die den Weg erleichtern, sollten Sie sich f\u00fcr einen Aufstieg zu Fuss entscheiden.<\/p>\n\n\n\n<p>Einen \u201crunden\u201d Tag erhalten Sie wenn Sie die Tour mit einem Besuch der Kapelle von Santo Domingo verbinden. Sie finden die Kapelle neben dem gleichnamigen Kloster aus dem 18. Jahrhundert.<\/p>\n\n\n\n<p><strong>Nach der Wanderung g\u00f6nnen Sie sich die wohlverdiente Ruhe in der <a href=\"https:\/\/www.vacalia.com\/es\/villa-casa-des-puig-villa-ursula-buger-h14729\">Villa \u00darsula<\/a>, einem Traumhaus das nur 10km vom Puig de Santa Magdalena entfernt liegt.<\/strong><\/p>\n\n\n<div class=\"wp-block-image\">\n<figure class=\"aligncenter\"><img decoding=\"async\" src=\"https:\/\/media.vacalia.com\/poi\/reformat\/1024\/768\/poi-669-2017_c_joseagamez-1467.jpg\" alt=\"Eine Woche Urlaub auf Mallorca: einen Plan f\u00fcr jeden Tag\"\/><\/figure><\/div>\n\n\n<p><strong>3.Tag: Einkaufsbummel in Inca<\/strong><\/p>\n\n\n\n<p>Die Stadt Inca liegt in der Inselmitte und ist aufgrund des reichhaltigen Angebots an Gastronomie und Einkaufsm\u00f6glichkeiten auf jeden Fall einen Besuch wert.<\/p>\n\n\n\n<p>Durch eine geballte Ansiedlung von Leder verarbeitenden Betrieben ist die Stadt als \u201cdie Leder Hauptstadt\u201d bekannt. So bietet es sich an, sowohl die gr\u00f6\u00dferen Hersteller an Lederwaren, als auch kleinere Betriebe oder den bekannten mallorquinischen Schuhfabrikanten Camper, mit Outlet Fabrikverkauf, zu besuchen.<\/p>\n\n\n\n<p>Im Zentrum der Stadt lohnt es sich durch die Fu\u00dfg\u00e4ngerzone zu schlendern und bei verschiedensten Outlet Gesch\u00e4ften mit Lederwaren die Preise zu vergleichen.<\/p>\n\n\n\n<p><strong>Vielen Urlauber entschlie\u00dfen sich, solch einen Einkaufsbummel in Inca, mit einer ruhigen \u00dcbernachtung in einem Haus wie zum Beispiel <em><a href=\"https:\/\/www.vacalia.com\/es\/villa-can-gual-inca-h15578\">Can Gual<\/a><\/em> abzurunden. F\u00fcr Can Gual gibt es diese Woche ein besonderes Angebot.<\/strong><\/p>\n\n\n<div class=\"wp-block-image\">\n<figure class=\"aligncenter\"><img decoding=\"async\" src=\"https:\/\/media.vacalia.com\/poi\/reformat\/1024\/768\/poi-670-2018-05-25%20claustre%20sant%20domingo%20-%20manacor%20Gaizka%20DSC_0071.jpg\" alt=\"Eine Woche Urlaub auf Mallorca: einen Plan f\u00fcr jeden Tag\"\/><figcaption class=\"wp-element-caption\">Claustro de Sant Domingo &#8211; Inca<\/figcaption><\/figure><\/div>\n\n\n<p><strong>4.Tag: Besuch der Burg von Alar\u00f3<\/strong><\/p>\n\n\n\n<p>Mallorca r\u00fchmt sich damit, einige sehr gut erhaltene <a href=\"https:\/\/www.vacalia.com\/blog\/4-besuche-der-historischen-architektur-von-mallorca\/\">Schl\u00f6sser<\/a> und Burgen zu beherbergen. Eins von ihnen ist das Castillo de Alar\u00f3 und man kann den Besuch mit einem sch\u00f6nen Ausflug verbinden. Die Burg liegt auf einer H\u00f6he von 800m.<\/p>\n\n\n\n<p>Sie k\u00f6nnen die Burg \u00fcber einen gut beschilderten Wanderweg erreichen, der im Ort Alar\u00f3 beginnt. Der Weg ist nicht sehr anspruchsvoll und f\u00fcr die ganze Familie geeignet.<\/p>\n\n\n\n<p>Nach der Wanderung empfehlen wir den Tag im 20km entfernten Dorf Selva, mit einem kleinen, ruhigen Bummel durchs Zentrum zu beschlie\u00dfen.<\/p>\n\n\n\n<p><strong>Wenn Sie sich f\u00fcr den ruhigen Ort Selva als Urlaubsdomizil entscheiden, m\u00f6chten wir das Ferienhaus <a href=\"https:\/\/www.vacalia.com\/de\/villa-mieten-es-closet-selva-h15150\">Es Closet<\/a> vorstellen, diese Woche hat es ein spezielles Angebot.<\/strong><\/p>\n\n\n<div class=\"wp-block-image\">\n<figure class=\"aligncenter\"><img decoding=\"async\" width=\"1024\" height=\"768\" src=\"https:\/\/www.vacalia.com\/blog\/wp-content\/uploads\/2019\/01\/castell-alaro-1024x768.jpg\" alt=\"Eine Woche Urlaub auf Mallorca: einen Plan f\u00fcr jeden Tag\" class=\"wp-image-2258\" srcset=\"https:\/\/www.vacalia.com\/blog\/wp-content\/uploads\/2019\/01\/castell-alaro-1024x768.jpg 1024w, https:\/\/www.vacalia.com\/blog\/wp-content\/uploads\/2019\/01\/castell-alaro-300x225.jpg 300w, https:\/\/www.vacalia.com\/blog\/wp-content\/uploads\/2019\/01\/castell-alaro-768x576.jpg 768w, https:\/\/www.vacalia.com\/blog\/wp-content\/uploads\/2019\/01\/castell-alaro.jpg 1600w\" sizes=\"(max-width: 1024px) 100vw, 1024px\" \/><figcaption class=\"wp-element-caption\">Castell d&#8217;Alar\u00f3 (Imatge: Wikipedia)<\/figcaption><\/figure><\/div>\n\n\n<p><strong>5.Tag: die Weinkellerei Biniagual<\/strong><\/p>\n\n\n\n<p>In einer Urlaubswoche auf Mallorca k\u00f6nnen Sie viele D\u00f6rfer mit besonderem Charme besuchen und sich bei Ausfl\u00fcgen an der einzigartigen Natur erfreuen. Auch eine Zeitreise in die Vergangenheit, in Form eines Burgen Besuches ist m\u00f6glich, au\u00dferdem gibt es die M\u00f6glichkeit exzellente <a href=\"https:\/\/www.vacalia.com\/blog\/mallorca-land-der-weine\/\">Weine<\/a> zu probieren.<\/p>\n\n\n\n<p>Ein sch\u00f6nes Beispiel daf\u00fcr gibt es in Biniagual, einem Ort der seinen Ursprung auf die muselmanische Epoche datiert. Der bezaubernde Ort mit restaurierten,gepflegten Steinfassaden und Kopfsteinpflaster Strassen hat etwas magisches und wird Ihnen sicher gefallen.<\/p>\n\n\n\n<p>Im Ort befindet sich die Weinkellerei \u201cBodega Biniagual\u201d, die seit 2002 als Familienbetrieb gute Weine herstellt. Bei einer F\u00fchrung durch den Betrieb, mit anschlie\u00dfender Weinprobe k\u00f6nnen Sie sich davon \u00fcberzeugen.<\/p>\n\n\n\n<p><strong>Nur 4km von Biniagual entfernt liegt das Ferienhaus <a href=\"https:\/\/www.vacalia.com\/de\/villa-mieten-can-ponset-binissalem-h14718\">Via Roma<\/a> in Binissalem, diese Woche mit einem besonderen Angebot, um Urlaubsg\u00e4ste zum besten Preis beherbergen zu k\u00f6nnen.<\/strong><\/p>\n\n\n<div class=\"wp-block-image\">\n<figure class=\"aligncenter\"><img loading=\"lazy\" decoding=\"async\" width=\"1024\" height=\"683\" src=\"https:\/\/www.vacalia.com\/blog\/wp-content\/uploads\/2019\/01\/vi-bodegues-mallorca-1024x683.jpg\" alt=\"Eine Woche Urlaub auf Mallorca: einen Plan f\u00fcr jeden Tag\" class=\"wp-image-2259\" srcset=\"https:\/\/www.vacalia.com\/blog\/wp-content\/uploads\/2019\/01\/vi-bodegues-mallorca-1024x683.jpg 1024w, https:\/\/www.vacalia.com\/blog\/wp-content\/uploads\/2019\/01\/vi-bodegues-mallorca-300x200.jpg 300w, https:\/\/www.vacalia.com\/blog\/wp-content\/uploads\/2019\/01\/vi-bodegues-mallorca-768x512.jpg 768w\" sizes=\"(max-width: 1024px) 100vw, 1024px\" \/><\/figure><\/div>\n\n\n<p><strong>6.Tag: eine Bucht mit kristallklarem Wasser<\/strong><\/p>\n\n\n\n<p>Bei einem Aufenthalt von 1 Woche auf Mallorca darf man nicht abreisen ohne eine der wundersch\u00f6nen Buchten mit kristallklarem Meer besucht zu haben. Eine herausragende Bucht ist sicher die Bucht von <strong>Cala Pi<\/strong>, mit einem Wechsel aus Fels- und Sandstrand und Schatten spendenden Pinien, die sich perfekt als Sonnenschutz f\u00fcr das Familienpicknick anbieten.<\/p>\n\n\n\n<p>W\u00e4hrend der Sommermonate sollte man rechtzeitig kommen um einen sch\u00f6nen Platz zum Entspannen zu finden. Baden und Schwimmen im sauberen Wasser kann man gut mit Tauchen und Schnorcheln verbinden, nach dem Strandtag bietet sich ein leckeres Abendessen in einem Restaurant der Cala Gamba an.<\/p>\n\n\n\n<p><strong>Das 300m2 gro\u00dfe Ferienhaus <a href=\"https:\/\/www.vacalia.com\/de\/villa-mieten-bahia-grande-llucmajor-h20235\">Na Coc\u00f3<\/a> in Bahia Grande liegt am n\u00e4chsten zur Cala Pi und hat diese Woche ein ganz besonderes Angebot. Nutzen Sie die Gelegenheit und reservieren Sie Ihren Aufenthalt jetzt!<\/strong><\/p>\n\n\n<div class=\"wp-block-image\">\n<figure class=\"aligncenter\"><img loading=\"lazy\" decoding=\"async\" width=\"1024\" height=\"678\" src=\"https:\/\/www.vacalia.com\/blog\/wp-content\/uploads\/2019\/01\/cala-pi-mallorca-vacalia-1024x678.jpg\" alt=\"Eine Woche Urlaub auf Mallorca: einen Plan f\u00fcr jeden Tag\" class=\"wp-image-2260\" srcset=\"https:\/\/www.vacalia.com\/blog\/wp-content\/uploads\/2019\/01\/cala-pi-mallorca-vacalia-1024x678.jpg 1024w, https:\/\/www.vacalia.com\/blog\/wp-content\/uploads\/2019\/01\/cala-pi-mallorca-vacalia-300x199.jpg 300w, https:\/\/www.vacalia.com\/blog\/wp-content\/uploads\/2019\/01\/cala-pi-mallorca-vacalia-768x509.jpg 768w\" sizes=\"(max-width: 1024px) 100vw, 1024px\" \/><\/figure><\/div>\n\n\n<p><strong>7.Tag: eine Reise durch die Geschichte Mallorcas<\/strong><\/p>\n\n\n\n<p>Wir beenden die Urlaubswoche auf Mallorca im Dorf Pollen\u00e7a, bekannt f\u00fcr seinen sch\u00f6nen Strand und die Geschichte Mallorcas, da hier die <strong>Pont Rom\u00e0 <\/strong>zu finden ist. Eine Vielzahl der wenigen Bauten der r\u00f6mischen Epoche, die auf der Insel zu finden sind, befinden sich in Pollen\u00e7a und es gibt die Br\u00fccke Pont Rom\u00e0, dessen Ursprung bis heute ein R\u00e4tsel ist.<\/p>\n\n\n\n<p>Verbinden Sie den Besuch des Dorfes mit einem Aufstieg \u00fcber die 360 Stufen des Calvarienbergs in Pollen\u00e7a. Zum Abschluss bietet sich ein Abendessen in einem Restaurant des alten Stadtkerns von <strong>Alcudia<\/strong> an. Der Stadtkern ist umgeben von einer mittelalterlichen Mauer und die sehr gut erhalten ist.<\/p>\n\n\n<div class=\"wp-block-image\">\n<figure class=\"aligncenter\"><img decoding=\"async\" src=\"https:\/\/media.vacalia.com\/poi\/reformat\/1024\/768\/poi-759-DSC_0041.jpg\" alt=\"Eine Woche Urlaub auf Mallorca: einen Plan f\u00fcr jeden Tag\"\/><\/figure><\/div>\n\n\n<p><strong>Wenn Sie ein Ferienhaus in der N\u00e4he von Alcudia suchen, m\u00f6chten wir darauf hinweisen, dass <a href=\"https:\/\/www.vacalia.com\/de\/villa-mieten-son-simo-vell-alcudia-h17100\">Son Sim\u00f3 Vell<\/a> diese Woche ein besonderes Angebot hat.<\/strong><\/p>\n\n\n\n<p><strong><em>F\u00fcr eine Urlaubswoche auf Mallorca sollten Sie nicht nur das <a href=\"https:\/\/www.vacalia.com\">perfekte Ferienhaus auszuw\u00e4hlen<\/a>, Sie sollten auch Ausfl\u00fcge zu Traumst\u00e4dten, ein wenig Geschichte, gute Einkaufsm\u00f6glichkeiten und leckere Gastronomie mit einschlie\u00dfen.<\/em><\/strong><\/p>\n\n\n<div class=\"bannerBlog\"><div class=\"new-card-houses\">\n    <div class=\"likeOut likeDivOut\" style=\"display:none\">\n        <a data-id=\"4623\" class=\"likeOut_button_red likeBtnFav\"\n            aria-label=\"Megusta Vacalia\"><\/a>\n    <\/div>\n    <figure>\n        <img loading=\"lazy\" decoding=\"async\" \n            loading=\"lazy\" width=\"301\" height=\"200\"\n            src=\"\/\/media.vacalia.com\/photo\/reformatwebpfolder\/350\/200\/4623\/thumb-middle\/4623_a3101e4d12700390a7d76bf77d13f74f.webp?v=21092023\"\n            alt=\"Can joan (maria) - Ferienhaus auf Maria de la Salut\"\/>\n                                                                        <div class=\"circleDiscount\">-15%<\/div>\n                        <\/figure>\n    <p itemprop=\"address\"><i class=\"ico-marker\"><\/i>Maria de la Salut, Mallorca<\/p>\n    <h3 itemprop=\"name\">Can joan (maria)<\/h3>\n    <ul class=\"icon_list inline_list\">\n                              <li class=\"ico-pool\" title=\"Pool\">\n              <span itemprop=\"amenityFeature\">Pool<\/span>\n            <\/li>\n                      <li class=\"ico-airConditioning\" title=\"Klimaanlage\">\n              <span itemprop=\"amenityFeature\">Klimaanlage<\/span>\n            <\/li>\n                      <li class=\"ico-wifi\" title=\"Wifi\">\n              <span itemprop=\"amenityFeature\">Wifi<\/span>\n            <\/li>\n                          <li class=\"ico-guests\" title=\"F\u00fcr 6 G\u00e4ste in Maria De La Salut.\">\n          <span itemprop=\"occupancy\">6<\/span>\n        <\/li>\n    <\/ul>\n            <span class=\"price\">Ab 122\u20ac \/ Nacht<\/span>\n                <a itemprop=\"url\" class=\"anchor\" href=\"https:\/\/www.vacalia.com\/de\/apartment-can-joan-maria-maria-de-la-salut-h26934\" aria-label=\"Can joan (maria)\"><\/a>\n<\/div><div class=\"new-card-houses\">\n    <div class=\"likeOut likeDivOut\" style=\"display:none\">\n        <a data-id=\"4995\" class=\"likeOut_button_red likeBtnFav\"\n            aria-label=\"Megusta Vacalia\"><\/a>\n    <\/div>\n    <figure>\n        <img loading=\"lazy\" decoding=\"async\" \n            loading=\"lazy\" width=\"301\" height=\"200\"\n            src=\"\/\/media.vacalia.com\/photo\/reformatwebpfolder\/350\/200\/4995\/thumb-middle\/4995_4b6104a2b9bfb988258dac727eef54e1.webp?v=21092023\"\n            alt=\"La ceiba - Ferienhaus auf Cala d&#039;Or\"\/>\n                                                                        <div class=\"circleDiscount\">-20%<\/div>\n                        <\/figure>\n    <p itemprop=\"address\"><i class=\"ico-marker\"><\/i>Cala d&#039;Or, Mallorca<\/p>\n    <h3 itemprop=\"name\">La ceiba<\/h3>\n    <ul class=\"icon_list inline_list\">\n                              <li class=\"ico-airConditioning\" title=\"Klimaanlage\">\n              <span itemprop=\"amenityFeature\">Klimaanlage<\/span>\n            <\/li>\n                      <li class=\"ico-wifi\" title=\"Wifi\">\n              <span itemprop=\"amenityFeature\">Wifi<\/span>\n            <\/li>\n                          <li class=\"ico-guests\" title=\"F\u00fcr 2 G\u00e4ste in Cala D&#039;or.\">\n          <span itemprop=\"occupancy\">2<\/span>\n        <\/li>\n    <\/ul>\n            <span class=\"price\">Ab 44\u20ac \/ Nacht<\/span>\n                <a itemprop=\"url\" class=\"anchor\" href=\"https:\/\/www.vacalia.com\/de\/hotelzimmer-la-ceiba-santanyi-h29195\" aria-label=\"La ceiba\"><\/a>\n<\/div><\/div>\n","protected":false},"excerpt":{"rendered":"<p>W\u00e4hrend einer Urlaubswoche auf Mallorca k\u00f6nnen Sie Badebuchten mit kristallklarem Wasser entdecken, die Natur erkunden und D\u00f6rfer voller Charme besuchen. Die Insel Mallorca hat viel mehr zu bieten als Sonne&hellip;<\/p>\n","protected":false},"author":2,"featured_media":2264,"comment_status":"closed","ping_status":"open","sticky":false,"template":"","format":"standard","meta":{"_monsterinsights_skip_tracking":false,"_monsterinsights_sitenote_active":false,"_monsterinsights_sitenote_note":"","_monsterinsights_sitenote_category":0,"footnotes":""},"categories":[40],"tags":[],"class_list":["post-2263","post","type-post","status-publish","format-standard","has-post-thumbnail","hentry","category-allgemein"],"_links":{"self":[{"href":"https:\/\/www.vacalia.com\/blog\/wp-json\/wp\/v2\/posts\/2263"}],"collection":[{"href":"https:\/\/www.vacalia.com\/blog\/wp-json\/wp\/v2\/posts"}],"about":[{"href":"https:\/\/www.vacalia.com\/blog\/wp-json\/wp\/v2\/types\/post"}],"author":[{"embeddable":true,"href":"https:\/\/www.vacalia.com\/blog\/wp-json\/wp\/v2\/users\/2"}],"replies":[{"embeddable":true,"href":"https:\/\/www.vacalia.com\/blog\/wp-json\/wp\/v2\/comments?post=2263"}],"version-history":[{"count":5,"href":"https:\/\/www.vacalia.com\/blog\/wp-json\/wp\/v2\/posts\/2263\/revisions"}],"predecessor-version":[{"id":7807,"href":"https:\/\/www.vacalia.com\/blog\/wp-json\/wp\/v2\/posts\/2263\/revisions\/7807"}],"wp:featuredmedia":[{"embeddable":true,"href":"https:\/\/www.vacalia.com\/blog\/wp-json\/wp\/v2\/media\/2264"}],"wp:attachment":[{"href":"https:\/\/www.vacalia.com\/blog\/wp-json\/wp\/v2\/media?parent=2263"}],"wp:term":[{"taxonomy":"category","embeddable":true,"href":"https:\/\/www.vacalia.com\/blog\/wp-json\/wp\/v2\/categories?post=2263"},{"taxonomy":"post_tag","embeddable":true,"href":"https:\/\/www.vacalia.com\/blog\/wp-json\/wp\/v2\/tags?post=2263"}],"curies":[{"name":"wp","href":"https:\/\/api.w.org\/{rel}","templated":true}]}}