{"id":2283,"date":"2019-01-16T09:45:28","date_gmt":"2019-01-16T09:45:28","guid":{"rendered":"https:\/\/www.vacalia.com\/blog\/?p=2283"},"modified":"2025-07-15T10:08:53","modified_gmt":"2025-07-15T08:08:53","slug":"mallorca-y-la-ruta-de-la-pedra-en-sec-patrimonio-inmaterial-de-la-humanidad","status":"publish","type":"post","link":"https:\/\/www.vacalia.com\/blog\/es\/mallorca-y-la-ruta-de-la-pedra-en-sec-patrimonio-inmaterial-de-la-humanidad\/","title":{"rendered":"Mallorca y la ruta de la pedra en sec, Patrimonio Inmaterial de la Humanidad"},"content":{"rendered":"\n<p>La&nbsp;<em>pedra en sec<\/em>o piedra seca de Mallorca acaba de convertirse en&nbsp;<strong>Patrimonio Cultural Inmaterial de la Humanidad<\/strong> y ha dejado tras de s\u00ed paisajes \u00fanicos y rutas de senderismo de inigualable belleza.<\/p>\n\n\n\n<p>La peculiaridad de esta t\u00e9cnica de construcci\u00f3n milenaria reside en que las piedras se apilan unas sobre otras en funci\u00f3n de su forma y su tama\u00f1o para conseguir que queden adheridas sin necesidad de emplear ning\u00fan tipo de material que las una.<\/p>\n\n\n<div class=\"wp-block-image\">\n<figure class=\"aligncenter\"><img fetchpriority=\"high\" decoding=\"async\" width=\"670\" height=\"300\" src=\"https:\/\/www.vacalia.com\/blog\/wp-content\/uploads\/2019\/01\/ES_RutaPedrablog_Vacalia.jpg\" alt=\"ruta de la pedra en sec mallorca\" class=\"wp-image-2284\" srcset=\"https:\/\/www.vacalia.com\/blog\/wp-content\/uploads\/2019\/01\/ES_RutaPedrablog_Vacalia.jpg 670w, https:\/\/www.vacalia.com\/blog\/wp-content\/uploads\/2019\/01\/ES_RutaPedrablog_Vacalia-300x134.jpg 300w\" sizes=\"(max-width: 767px) 100vw, 670px\" \/><\/figure><\/div>\n\n\n<p>El hecho de no recurrir a cementos ni argamasas permite que el agua pase entre las piedras durante los d\u00edas de lluvia y previene que estos muros denominados&nbsp;<strong><em>marges o marjades<\/em><\/strong> (bancales o muros de bancal) se acaben derrumbando.&nbsp;<\/p>\n\n\n\n<p>Adem\u00e1s, la&nbsp;<em>pedra en sec<\/em>aprovecha un material que est\u00e1 muy presente en la naturaleza, lo que hace posible que&nbsp;<strong>agricultores y ganaderos<\/strong> puedan construir muros de piedra recurriendo a una t\u00e9cnica de bajo coste, as\u00ed como cultivar en tierras con grandes desniveles.<\/p>\n\n\n\n<p>Los amantes del senderismo tienen una cita obligada en la&nbsp;<strong>ruta GR 221 o ruta de la&nbsp;<em>pedra en sec<\/em><\/strong>, donde es posible hacer recorridos breves de una hora y media de duraci\u00f3n o conocer en profundidad la isla, sus paisajes y sus costumbres a trav\u00e9s de senderos que animan al viandante a caminar durante m\u00e1s de nueve horas.<\/p>\n\n\n\n<p>A d\u00eda de hoy, pr\u00e1cticamente la totalidad de los caminos de la ruta GR 221 han sido restaurados por el Consell de Mallorca, lo que hace que sean accesibles a pie para personas de todas las edades sea cual sea su condici\u00f3n f\u00edsica, ya que ofrece tramos con distintos niveles de dificultad.<\/p>\n\n\n\n<!--more-->\n\n\n\n<h2 class=\"wp-block-heading has-medium-font-size\">La&nbsp;<em>pedra en sec<\/em>de Mallorca es Patrimonio Cultural Inmaterial de la Humanidad<\/h2>\n\n\n\n<p>El t\u00edtulo de Patrimonio Cultural de la Humanidad de la&nbsp;<em>pedra en sec&nbsp;<\/em>tiene como principal objetivo reconocer la importancia que este tipo de muros siguen teniendo a d\u00eda de hoy, as\u00ed como mantener vivo el oficio de&nbsp;<em>marger<\/em>.<\/p>\n\n\n\n<p>Este reconocimiento se une a la labor que el&nbsp;<strong>Consell de Mallorca<\/strong> lleva a cabo desde el a\u00f1o 1988, consistente en formar a especialistas en&nbsp;<em>pedra en sec<\/em> para impedir que este oficio de larga tradici\u00f3n termine desapareciendo.<\/p>\n\n\n\n<p>Aunque esta t\u00e9cnica de construcci\u00f3n que se utiliza desde la prehistoria tiene un especial protagonismo en las islas del archipi\u00e9lago balear, tambi\u00e9n puede verse en otras comunidades aut\u00f3nomas, tales como Valencia, Andaluc\u00eda, Arag\u00f3n, Catalu\u00f1a y Castilla La Mancha.<\/p>\n\n\n\n<p>Encontramos las mayores concentraciones de&nbsp;<em>pedra en sec<\/em>y&nbsp;<em>marjades<\/em>en la&nbsp;<strong>Serra de Tramuntana<\/strong>, que fue declarada Patrimonio de la Humanidad por la UNESCO en el a\u00f1o 2001.<\/p>\n\n\n\n<p>Los municipios de la Serra de Tramuntana son Alar\u00f3, Andratx, Banyalbufar, Bunyola, Calvi\u00e0, Campanet, Dei\u00e0, Escorca, Esporles, Estellencs, Fornalutx, Lloseta, Mancor de la Vall, Pollensa, Puigpunyent, Santa Maria del Cam\u00ed, S\u00f3ller y Valldemossa.<\/p>\n\n\n<div class=\"wp-block-image\">\n<figure class=\"aligncenter\"><img decoding=\"async\" width=\"1024\" height=\"680\" src=\"https:\/\/www.vacalia.com\/blog\/wp-content\/uploads\/2019\/01\/patrick-baum-194972-unsplash-1024x680.jpg\" alt=\"Mallorca y la ruta de la pedra en sec, Patrimonio Inmaterial de la Humanidad\" class=\"wp-image-2285\" srcset=\"https:\/\/www.vacalia.com\/blog\/wp-content\/uploads\/2019\/01\/patrick-baum-194972-unsplash-1024x680.jpg 1024w, https:\/\/www.vacalia.com\/blog\/wp-content\/uploads\/2019\/01\/patrick-baum-194972-unsplash-300x199.jpg 300w, https:\/\/www.vacalia.com\/blog\/wp-content\/uploads\/2019\/01\/patrick-baum-194972-unsplash-768x510.jpg 768w\" sizes=\"(max-width: 1024px) 100vw, 1024px\" \/><\/figure><\/div>\n\n\n<p class=\"has-small-font-size\">Es posible encontrar muros de piedra seca en varios rincones de la isla de Mallorca como, por ejemplo, Fornalutx, un pueblo con mucho encanto que ofrece alojamientos como <a style=\"font-family: Museo, sans-serif; font-size: 1.667em; font-style: normal; font-weight: 700; letter-spacing: 0px; background-color: rgb(255, 255, 255); display: inline !important;\" href=\"https:\/\/www.vacalia.com\/es\/casa-vacacional-ca-sa-padrina-fornalutx-h18875\">Ca Sa Padrina<\/a> o\u00a0<a style=\"font-family: Museo, sans-serif; font-size: 1.667em; font-style: normal; font-weight: 700; letter-spacing: 0px; background-color: rgb(255, 255, 255); display: inline !important;\" href=\"https:\/\/www.vacalia.com\/es\/casa-vacacional-can-mayol-fornalutx-fornalutx-h17648\">Amarant<\/a>.<\/p>\n\n\n\n<h2 class=\"wp-block-heading has-medium-font-size\">Ruta de la&nbsp;<em>pedra en sec<\/em> por Mallorca<\/h2>\n\n\n\n<p>Los pueblos de la Serra de Tramuntana ofrecen unas vistas de ensue\u00f1o donde el campo y el mar se unen para crear unos paisajes que no dejan indiferente a ning\u00fan visitante.<\/p>\n\n\n\n<h2 class=\"wp-block-heading has-medium-font-size\"><a href=\"https:\/\/www.serradetramuntana.net\/ca\/Turisme\/3_rutes_per_a_descobrir_la_Serra_de_Tramuntana\/Ruta_de_la_pedra_en_sec\" target=\"_blank\" rel=\"noopener\">GR 221 o ruta de la&nbsp;<em>pedra en sec<\/em><\/a><\/h2>\n\n\n\n<p>La&nbsp;<strong>GR 221<\/strong>es la ruta de piedra seca por excelencia debido a que cuenta con&nbsp;<strong>m\u00e1s de 270 kil\u00f3metros&nbsp;<\/strong>que unen los pueblos de Andratx y Pollen\u00e7a a trav\u00e9s de ocho etapas.<\/p>\n\n\n\n<p><strong>Primera etapa: Es Capdell\u00e0 \u2013 Estellencs<\/strong><\/p>\n\n\n\n<p>La primera etapa de la ruta GR 221, o ruta de la&nbsp;<em>pedra en sec<\/em>, da comienzo en Es Capdell\u00e0, un&nbsp;<strong>pueblo de monta\u00f1a<\/strong>situado al suroeste de la isla de Mallorca donde es posible respirar aire puro y entrar en contacto con la naturaleza.<\/p>\n\n\n\n<p>Este tramo discurre por enclaves como Sant Elm y el Coll de Sa Gramola hasta llegar a&nbsp;<strong>Estellencs<\/strong>, un peque\u00f1o municipio con vistas al mar Mediterr\u00e1neo y valles de intensas pendientes.<\/p>\n\n\n\n<p>A pesar de que se trata de la primera etapa del recorrido, cuenta con tramos que todav\u00eda no han sido se\u00f1alizados.<\/p>\n\n\n<div class=\"wp-block-image\">\n<figure class=\"aligncenter\"><img decoding=\"async\" width=\"1024\" height=\"576\" src=\"https:\/\/www.vacalia.com\/blog\/wp-content\/uploads\/2019\/01\/estellencs-1024x576.jpg\" alt=\"Mallorca y la ruta de la pedra en sec, Patrimonio Inmaterial de la Humanidad\" class=\"wp-image-2288\" srcset=\"https:\/\/www.vacalia.com\/blog\/wp-content\/uploads\/2019\/01\/estellencs.jpg 1024w, https:\/\/www.vacalia.com\/blog\/wp-content\/uploads\/2019\/01\/estellencs-300x169.jpg 300w, https:\/\/www.vacalia.com\/blog\/wp-content\/uploads\/2019\/01\/estellencs-768x432.jpg 768w\" sizes=\"(max-width: 1024px) 100vw, 1024px\" \/><figcaption class=\"wp-element-caption\">Estellencs. Foto: Wikipedia<\/figcaption><\/figure><\/div>\n\n\n<p>Son muchos los viajeros que deciden realizar la primera etapa de la ruta de la piedra seca despu\u00e9s de haber visitado Andratx y de haberse relajado en una casa vacacional como&nbsp;<a href=\"https:\/\/www.vacalia.com\/es\/villa-can-capet-andratx-h16925\">Can Capet<\/a>.<\/p>\n\n\n\n<p><strong>Segunda etapa: Estellencs &#8211; Esporles<\/strong><\/p>\n\n\n\n<p>En Estellencs comienza la segunda etapa de la ruta de la&nbsp;<em>pedra en sec<\/em>. Destaca Sa Costa, un tramo que desciende entre bancales y permite conocer de primera mano la tradici\u00f3n de las&nbsp;<strong><em>marjades<\/em><\/strong>.<\/p>\n\n\n\n<p>El recorrido finaliza en Esporles, un pueblo de casas de piedra y calles estrechas en las que todo viandante desea perderse.<\/p>\n\n\n\n<p>La segunda etapa de la ruta de la pedra en sec merece un descanso en el pueblo de Esporles y en casas como&nbsp;<a href=\"https:\/\/www.vacalia.com\/es\/villa-can-sion-esporles-h17705\">Can Sion<\/a>.<\/p>\n\n\n\n<p><strong>Tercera etapa: Esporles &#8211; Dei\u00e0<\/strong><\/p>\n\n\n\n<p>A d\u00eda de hoy la tercera etapa de la ruta GR 221 tan solo est\u00e1 se\u00f1alizada al inicio, aunque en un futuro marcar\u00e1 el camino a seguir para llegar hasta Dei\u00e0 tras pasar por el famoso&nbsp;<strong>Cam\u00ed de S\u2019Arxiduc<\/strong>, una traves\u00eda plagada de acantilados que ofrecen una vista panor\u00e1mica de la isla y de sus peculiares bancales.<\/p>\n\n\n\n<p><strong>Cuarta etapa: Dei\u00e0 \u2013 Port de S\u00f3ller<\/strong><\/p>\n\n\n\n<p>La cuarta etapa de la ruta de la&nbsp;<em>pedra en sec<\/em>se recorre en poco m\u00e1s de tres horas y finaliza en el Port de S\u00f3ller tras deleitar los sentidos con escenarios tan m\u00e1gicos como el Faro des Cap Gros o la Capilla de Castell\u00f3, esta \u00faltima erigida en el siglo XVII en honor a la Virgen del Rosario.<br><\/p>\n\n\n<div class=\"wp-block-image\">\n<figure class=\"aligncenter\"><img loading=\"lazy\" decoding=\"async\" width=\"1024\" height=\"766\" src=\"https:\/\/www.vacalia.com\/blog\/wp-content\/uploads\/2019\/01\/Port_de_S\u00f3ller_wikipedia-1024x766.jpg\" alt=\"Mallorca y la ruta de la pedra en sec, Patrimonio Inmaterial de la Humanidad\" class=\"wp-image-2289\" srcset=\"https:\/\/www.vacalia.com\/blog\/wp-content\/uploads\/2019\/01\/Port_de_S\u00f3ller_wikipedia-1024x766.jpg 1024w, https:\/\/www.vacalia.com\/blog\/wp-content\/uploads\/2019\/01\/Port_de_S\u00f3ller_wikipedia-300x224.jpg 300w, https:\/\/www.vacalia.com\/blog\/wp-content\/uploads\/2019\/01\/Port_de_S\u00f3ller_wikipedia-768x574.jpg 768w, https:\/\/www.vacalia.com\/blog\/wp-content\/uploads\/2019\/01\/Port_de_S\u00f3ller_wikipedia.jpg 1280w\" sizes=\"(max-width: 1024px) 100vw, 1024px\" \/><figcaption class=\"wp-element-caption\">Port de S\u00f3ller. Foto: Wikipedia<\/figcaption><\/figure><\/div>\n\n\n<p>Los paseos por el Port de S\u00f3ller son obligatorios para los viajeros que deciden visitar la isla de Mallorca, quienes tienen la oportunidad de alojarse en casas tan espectaculares como&nbsp;<a href=\"https:\/\/www.vacalia.com\/es\/casa-vacacional-villa-dos-mundos-soller-h16010\">Guitarro<\/a>.<\/p>\n\n\n\n<p><strong>Quinta etapa: Port de S\u00f3ller &#8211; Escorca<\/strong><\/p>\n\n\n\n<p>A lo largo de este recorrido es posible caminar por pueblos como S\u00f3ller y Biniaraix, este \u00faltimo famoso por la ruta del&nbsp;<strong>Barranc de Biniaraix<\/strong>, un sendero de m\u00e1s de tres kil\u00f3metros de largo donde es posible encontrar amplias paredes de piedra seca.<\/p>\n\n\n\n<p><strong>Sexta etapa: Escorca \u2013 Lluc<\/strong><\/p>\n\n\n\n<p>Los bancales tambi\u00e9n est\u00e1n muy presentes en la sexta etapa de la ruta de la&nbsp;<em>pedra en sec<\/em>, que finaliza en Lluc para que los senderistas tengan la oportunidad de visitar un monasterio que se empez\u00f3 a construir en el siglo XII y que se encuentra a 400 metros de altitud: el&nbsp;<strong>santuario de la Virgen de Lluc<\/strong>.<\/p>\n\n\n\n<p><strong>S\u00e9ptima etapa: Lluc \u2013 Pollen\u00e7a<\/strong><\/p>\n\n\n\n<p>Uno de los tramos m\u00e1s bonitos de la s\u00e9ptima etapa de la ruta GR 221 es&nbsp;<strong>El Calvari de Pollen\u00e7a<\/strong>, un monte desde el que es posible obtener unas fant\u00e1sticas vistas de Pollen\u00e7a que solo pueden admirar los senderistas que se animan a subir los 365 pelda\u00f1os de su escalinata.<\/p>\n\n\n<div class=\"wp-block-image\">\n<figure class=\"aligncenter\"><img loading=\"lazy\" decoding=\"async\" width=\"960\" height=\"720\" src=\"https:\/\/www.vacalia.com\/blog\/wp-content\/uploads\/2019\/01\/santuari-de-lluc.jpg\" alt=\"Mallorca y la ruta de la pedra en sec, Patrimonio Inmaterial de la Humanidad\" class=\"wp-image-2287\" srcset=\"https:\/\/www.vacalia.com\/blog\/wp-content\/uploads\/2019\/01\/santuari-de-lluc.jpg 960w, https:\/\/www.vacalia.com\/blog\/wp-content\/uploads\/2019\/01\/santuari-de-lluc-300x225.jpg 300w, https:\/\/www.vacalia.com\/blog\/wp-content\/uploads\/2019\/01\/santuari-de-lluc-768x576.jpg 768w\" sizes=\"(max-width: 960px) 100vw, 960px\" \/><figcaption class=\"wp-element-caption\">Santuari de Lluc. Foto: Wikipedia<\/figcaption><\/figure><\/div>\n\n\n<p>Vacalia! permite disfrutar a\u00fan m\u00e1s de escenarios tan \u00fanicos como El Calvari de Pollen\u00e7a gracias a alojamientos vacacionales como, por ejemplo,&nbsp;<a href=\"https:\/\/www.vacalia.com\/es\/casa-vacacional-calvari-pollenca-h15452\">Calvari<\/a>.<\/p>\n\n\n\n<p><strong>Octava etapa: Pollen\u00e7a \u2013 Port de Pollen\u00e7a<\/strong><\/p>\n\n\n\n<p>La&nbsp;<strong>ruta de la&nbsp;<em>pedra en sec<\/em><\/strong>, ideal para quienes desean conocer las costumbres de la isla de Mallorca y sumergirse en sus parajes m\u00e1s naturales mientras conocen a fondo los bancales, acaba en el Port de Pollen\u00e7a, un importante n\u00facleo tur\u00edstico fundado en el siglo XIX.<\/p>\n\n\n<div class=\"wp-block-image\">\n<figure class=\"aligncenter\"><img loading=\"lazy\" decoding=\"async\" width=\"400\" height=\"600\" src=\"https:\/\/www.vacalia.com\/blog\/wp-content\/uploads\/2019\/01\/El_Calvari_Pollen\u00e7a.jpg\" alt=\"Mallorca y la ruta de la pedra en sec, Patrimonio Inmaterial de la Humanidad\" class=\"wp-image-2286\" srcset=\"https:\/\/www.vacalia.com\/blog\/wp-content\/uploads\/2019\/01\/El_Calvari_Pollen\u00e7a.jpg 400w, https:\/\/www.vacalia.com\/blog\/wp-content\/uploads\/2019\/01\/El_Calvari_Pollen\u00e7a-200x300.jpg 200w\" sizes=\"(max-width: 767px) 100vw, 400px\" \/><\/figure><\/div>\n\n\n<p><strong><em>Si quieres conocer las maravillas de los muros de pedra en sec y tienes previsto visitar Mallorca en 2019,&nbsp;<\/em><\/strong><a href=\"https:\/\/www.vacalia.com\/es\"><strong><em>elige una casa de vacaciones que se adapte a tus necesidades<\/em><\/strong><\/a><strong><em>y recuerda que podr\u00e1s conocer esta t\u00e9cnica milenaria a trav\u00e9s de la ruta GR 221.<\/em><\/strong><\/p>\n\n\n<div class=\"bannerBlog\"><div class=\"new-card-houses\">\n    <div class=\"likeOut likeDivOut\" style=\"display:none\">\n        <a data-id=\"1489\" class=\"likeOut_button_red likeBtnFav\"\n            aria-label=\"Megusta Vacalia\"><\/a>\n    <\/div>\n    <figure>\n        <img loading=\"lazy\" decoding=\"async\" \n            loading=\"lazy\" width=\"301\" height=\"200\"\n            src=\"\/\/media.vacalia.com\/photo\/reformatwebpfolder\/350\/200\/1489\/thumb-middle\/1489_2f023e2bd7dff175624c4e1266ef7111.webp?v=21092023\"\n            alt=\"Sort nova - Alquiler vacacional en Montu\u00efri\"\/>\n                                                                        <div class=\"circleDiscount\">-29%<\/div>\n                        <\/figure>\n    <p itemprop=\"address\"><i class=\"ico-marker\"><\/i>Montu\u00efri, Mallorca<\/p>\n    <h3 itemprop=\"name\">Sort nova<\/h3>\n    <ul class=\"icon_list inline_list\">\n                              <li class=\"ico-pool\" title=\"Piscina\">\n              <span itemprop=\"amenityFeature\">Piscina<\/span>\n            <\/li>\n                      <li class=\"ico-airConditioning\" title=\"Aire Acondicionado\">\n              <span itemprop=\"amenityFeature\">Aire Acondicionado<\/span>\n            <\/li>\n                      <li class=\"ico-wifi\" title=\"Wifi\">\n              <span itemprop=\"amenityFeature\">Wifi<\/span>\n            <\/li>\n                      <li class=\"ico-pets\" title=\"Mascotas\">\n              <span itemprop=\"amenityFeature\">Mascotas<\/span>\n            <\/li>\n                          <li class=\"ico-guests\" title=\"Para 6 hu\u00e9spedes en Montu\u00efri.\">\n          <span itemprop=\"occupancy\">6<\/span>\n        <\/li>\n    <\/ul>\n            <span class=\"price\">Desde 164\u20ac \/ noche<\/span>\n                <a itemprop=\"url\" class=\"anchor\" href=\"https:\/\/www.vacalia.com\/es\/villa-sort-nova-montuiri-h16346\" aria-label=\"Sort nova\"><\/a>\n<\/div><div class=\"new-card-houses\">\n    <div class=\"likeOut likeDivOut\" style=\"display:none\">\n        <a data-id=\"4866\" class=\"likeOut_button_red likeBtnFav\"\n            aria-label=\"Megusta Vacalia\"><\/a>\n    <\/div>\n    <figure>\n        <img loading=\"lazy\" decoding=\"async\" \n            loading=\"lazy\" width=\"301\" height=\"200\"\n            src=\"\/\/media.vacalia.com\/photo\/reformatwebpfolder\/350\/200\/4866\/thumb-middle\/4866_45bd1edbabdf3280f7d434f489af0049.webp?v=21092023\"\n            alt=\"Can gardo - Alquiler vacacional en Pollen\u00e7a\"\/>\n                                                                        <div class=\"circleDiscount\">-30%<\/div>\n                        <\/figure>\n    <p itemprop=\"address\"><i class=\"ico-marker\"><\/i>Pollen\u00e7a, Mallorca<\/p>\n    <h3 itemprop=\"name\">Can gardo<\/h3>\n    <ul class=\"icon_list inline_list\">\n                              <li class=\"ico-pool\" title=\"Piscina\">\n              <span itemprop=\"amenityFeature\">Piscina<\/span>\n            <\/li>\n                      <li class=\"ico-airConditioning\" title=\"Aire Acondicionado\">\n              <span itemprop=\"amenityFeature\">Aire Acondicionado<\/span>\n            <\/li>\n                      <li class=\"ico-wifi\" title=\"Wifi\">\n              <span itemprop=\"amenityFeature\">Wifi<\/span>\n            <\/li>\n                          <li class=\"ico-guests\" title=\"Para 2 hu\u00e9spedes en Pollen\u00e7a.\">\n          <span itemprop=\"occupancy\">2<\/span>\n        <\/li>\n    <\/ul>\n            <span class=\"price\">Desde 91\u20ac \/ noche<\/span>\n                <a itemprop=\"url\" class=\"anchor\" href=\"https:\/\/www.vacalia.com\/es\/villa-can-gardo-pollenca-h27727\" aria-label=\"Can gardo\"><\/a>\n<\/div><\/div>\n","protected":false},"excerpt":{"rendered":"<p>La&nbsp;pedra en seco piedra seca de Mallorca acaba de convertirse en&nbsp;Patrimonio Cultural Inmaterial de la Humanidad y ha dejado tras de s\u00ed paisajes \u00fanicos y rutas de senderismo de inigualable&hellip;<\/p>\n","protected":false},"author":2,"featured_media":2284,"comment_status":"closed","ping_status":"open","sticky":false,"template":"","format":"standard","meta":{"_monsterinsights_skip_tracking":false,"_monsterinsights_sitenote_active":false,"_monsterinsights_sitenote_note":"","_monsterinsights_sitenote_category":0,"footnotes":""},"categories":[1],"tags":[],"class_list":["post-2283","post","type-post","status-publish","format-standard","has-post-thumbnail","hentry","category-general-es"],"_links":{"self":[{"href":"https:\/\/www.vacalia.com\/blog\/wp-json\/wp\/v2\/posts\/2283"}],"collection":[{"href":"https:\/\/www.vacalia.com\/blog\/wp-json\/wp\/v2\/posts"}],"about":[{"href":"https:\/\/www.vacalia.com\/blog\/wp-json\/wp\/v2\/types\/post"}],"author":[{"embeddable":true,"href":"https:\/\/www.vacalia.com\/blog\/wp-json\/wp\/v2\/users\/2"}],"replies":[{"embeddable":true,"href":"https:\/\/www.vacalia.com\/blog\/wp-json\/wp\/v2\/comments?post=2283"}],"version-history":[{"count":4,"href":"https:\/\/www.vacalia.com\/blog\/wp-json\/wp\/v2\/posts\/2283\/revisions"}],"predecessor-version":[{"id":7805,"href":"https:\/\/www.vacalia.com\/blog\/wp-json\/wp\/v2\/posts\/2283\/revisions\/7805"}],"wp:featuredmedia":[{"embeddable":true,"href":"https:\/\/www.vacalia.com\/blog\/wp-json\/wp\/v2\/media\/2284"}],"wp:attachment":[{"href":"https:\/\/www.vacalia.com\/blog\/wp-json\/wp\/v2\/media?parent=2283"}],"wp:term":[{"taxonomy":"category","embeddable":true,"href":"https:\/\/www.vacalia.com\/blog\/wp-json\/wp\/v2\/categories?post=2283"},{"taxonomy":"post_tag","embeddable":true,"href":"https:\/\/www.vacalia.com\/blog\/wp-json\/wp\/v2\/tags?post=2283"}],"curies":[{"name":"wp","href":"https:\/\/api.w.org\/{rel}","templated":true}]}}