{"id":2300,"date":"2019-01-16T10:15:43","date_gmt":"2019-01-16T10:15:43","guid":{"rendered":"https:\/\/www.vacalia.com\/blog\/?p=2300"},"modified":"2025-07-15T10:01:36","modified_gmt":"2025-07-15T08:01:36","slug":"mallorca-und-die-route-der-trockensteinmauern-pedra-en-sec-das-immaterielle-kulturerbe-der-menschheit","status":"publish","type":"post","link":"https:\/\/www.vacalia.com\/blog\/mallorca-und-die-route-der-trockensteinmauern-pedra-en-sec-das-immaterielle-kulturerbe-der-menschheit\/","title":{"rendered":"Mallorca und die Route der Trockensteinmauern (Pedra en Sec), das immaterielle Kulturerbe der Menschheit"},"content":{"rendered":"\n<p>Mallorca und die Route der Trockensteinmauern. Die Trockensteinmauern (pedra en sec oder piedra en seco) auf Mallorca sind erst k\u00fcrzlich zum immateriellen Erbe der Menschheit erkl\u00e4rt worden. Es gibt einzigartige Wanderwege durch wundersch\u00f6ne Landschaften entlang dieser Mauern.&nbsp;<\/p>\n\n\n\n<p>Die Besonderheit dieser tausendj\u00e4hrigen Konstruktionstechnik liegt darin, dass die Steine entsprechend Ihrer Form und Gr\u00f6\u00dfe aufeinander gepasst werden um sicherzustellen, dass sie nicht verrutschen ohne zus\u00e4tzliches Material zu verwenden, welches die Steine verbindet.&nbsp;<\/p>\n\n\n<div class=\"wp-block-image\">\n<figure class=\"aligncenter\"><img fetchpriority=\"high\" decoding=\"async\" width=\"670\" height=\"300\" src=\"https:\/\/www.vacalia.com\/blog\/wp-content\/uploads\/2019\/01\/DE_RutaPedrablog_Vacalia.jpg\" alt=\"Mallorca und die Route der Trockensteinmauern\" class=\"wp-image-2301\" srcset=\"https:\/\/www.vacalia.com\/blog\/wp-content\/uploads\/2019\/01\/DE_RutaPedrablog_Vacalia.jpg 670w, https:\/\/www.vacalia.com\/blog\/wp-content\/uploads\/2019\/01\/DE_RutaPedrablog_Vacalia-300x134.jpg 300w\" sizes=\"(max-width: 767px) 100vw, 670px\" \/><\/figure><\/div>\n\n\n<p>Die Tatsache, dass nicht auf Zement oder M\u00f6rtel zur\u00fcckgegriffen wird, l\u00e4sst das Wasser w\u00e4hrend der Regentage zwischen den Steinen abflie\u00dfen und verhindert, dass diese Mauern oder \u201cMarjaden\u201d (Terrassen oder Bancalw\u00e4nde) zusammenfallen.<\/p>\n\n\n\n<p>Das verwendete Material ist in der Natur sehr pr\u00e4sent und erm\u00f6glichte Landwirten und Viehz\u00fcchtern, Steinmauern mit einer kosteng\u00fcnstigen Technik zu bauen, um so Gebiete mit gro\u00dfen H\u00e4ngen f\u00fcr die Landwirtschaft zu erschlie\u00dfen.<\/p>\n\n\n\n<!--more-->\n\n\n\n<p>Alle Wanderfreunde haben ein obligatorisches Date mit der Route GR 221 oder der Route entlang der Trockensteinmauern. Es ist m\u00f6glich kleine Abschnitte mit einer Dauer von 1 bis 1.5 Stunden zu Wandern, der gesamte Weg hat eine L\u00e4nge von mehr als 9 Stunden. Fast alle Strassen der Route GR 221 wurden von der Inselregierung restauriert und sind f\u00fcr Menschen jeden Alters, unabh\u00e4ngig von der k\u00f6rperlichen Verfassung, zug\u00e4nglich. Es gibt Teilabschnitte mit unterschiedlichen Schwierigkeitsgraden. So ist es m\u00f6glich die Insel zu Fuss zu erkunden und auf alten Pfaden Landschaften und Gebr\u00e4uche kennenzulernen.&nbsp;<\/p>\n\n\n\n<h2 class=\"wp-block-heading has-medium-font-size\"><strong>\u201cPedra en Sec\u201d auf Mallorca ist das immaterielle&nbsp;<\/strong><strong>Kulturerbe<\/strong><strong>der Menschheit<\/strong><\/h2>\n\n\n\n<p>Der Status des Kulturerbes der Menschheit hat zum Ziel, die Bedeutung dieser Konstruktionsart, auch f\u00fcr die heutige Zeit, zu erkennen und den Beruf des \u201cMarger\u201d (Trockensteinmaurers) am Leben zu erhalten.&nbsp;<\/p>\n\n\n\n<p>Die Anerkennung beruht auf der erfolgreichen Arbeit der Balearen-Regierung, die seit 1988 Spezialisten diese Konstruktionstechnik f\u00f6rdert und ausbildet, damit das Handwerk nicht in Vergessenheit ger\u00e4t. Die Technik an sich wird seit der Vorgeschichte angewendet und hat auf den balearischen Inseln eine besondere Bedeutung erlangt. Sie ist auch in anderen Autonomen Gemeinschaften Spaniens, wie Valencia, Andalusien, Aragonien, Katalonien und Kastilien-La Mancha zu finden.<\/p>\n\n\n\n<p>Die meisten Trockensteinmauern und \u201cmarjades\u201d sind im Tramuntana Gebirge, das 2001 von der Unesco zum Weltkulturerbe erkl\u00e4rt wurde, zu finden. Die Gemeinden der Serra Tramuntana sind: Alar\u00f3, Andratx, Banyalbufar, Bunyola, Calvi\u00e0, Campanet, Dei\u00e0, Escorca, Esporles, Estellencs, Fornalutx, Lloseta, Mancor de la Vall, Pollensa, Puigpunyent, Santa Maria del Cam\u00ed, S\u00f3ller und Valledossa.<\/p>\n\n\n\n<p><em>Trockensteinmauern sind an vielen Ecken von Mallorca zu finden, so auch in Fornalutx, einem Bergdorf mit ganz besonderem Charme. Ferienh\u00e4user in dieser Region sind&nbsp;<a href=\"https:\/\/www.vacalia.com\/de\/ferienhaus-ca-sa-padrina-fornalutx-h18873\">Ca Sa Padrina<\/a>oder&nbsp;<a href=\"https:\/\/www.vacalia.com\/de\/ferienhaus-can-mayol-fornalutx-fornalutx-h17646\">Amarant<\/a>.<\/em><\/p>\n\n\n\n<h2 class=\"wp-block-heading has-medium-font-size\"><strong>Mallorcas Trockensteinmauer Route<\/strong><\/h2>\n\n\n\n<p>Die D\u00f6rfer der Serra de Tramuntana haben traumhafte Ausblicke in denen sich die Landschaft und das Meer zu einem Bild zusammenf\u00fcgen. Das l\u00e4sst keinen Besucher gleichg\u00fcltig.<\/p>\n\n\n\n<h2 class=\"wp-block-heading has-medium-font-size\"><strong>GR 221 oder die Trockensteinmauer Route<\/strong><\/h2>\n\n\n\n<p>Die Wanderroute GR 221 ist die Route, entlang der Trockensteinmauern, schlechthin. \u00dcber 270 km verbinden die St\u00e4dte Andratx und Pollen\u00e7a, die Strecke ist in 8 Etappen unterteilt.<\/p>\n\n\n\n<h2 class=\"wp-block-heading has-medium-font-size\"><strong>Erste Etappe: Es Cadell\u00e0 &#8211; Estellencs<\/strong><\/h2>\n\n\n\n<p>Die erste Etappe der Route GR 221 beginnt in Es Capdell\u00e0, einem Bergdorf im S\u00fcdwesten der Insel, wo man tief durchatmen kann und direkten Kontakt mit der Natur bekommt. Der Abschnitt f\u00fchrt durch Bezirke wie Sant Elm oder Coll de Sa Gramola bis Sie die kleine&nbsp;&nbsp;Gemeinde Estellencs, mit T\u00e4lern, steilen H\u00e4ngen und Blick auf das Mittelmeer, erreichen. In dieser ersten Etappe gibt es noch immer Abschnitte die nicht ausgeschildert sind.<\/p>\n\n\n\n<p><em>Viele Urlauber entschlie\u00dfen sich die erste Etappe zu Wandern, nachdem Sie Andratx besucht haben. In diesem Landstrich empfehlen wir&nbsp;<a href=\"https:\/\/www.vacalia.com\/de\/villa-mieten-can-capet-andratx-h16923\">Can Capet<\/a>.<\/em><\/p>\n\n\n<div class=\"wp-block-image\">\n<figure class=\"aligncenter\"><img decoding=\"async\" width=\"1024\" height=\"576\" src=\"https:\/\/www.vacalia.com\/blog\/wp-content\/uploads\/2019\/01\/estellencs-2-1024x576.jpg\" alt=\"Mallorca und die Route der Trockensteinmauern (Pedra en Sec), das immaterielle Kulturerbe der Menschheit\" class=\"wp-image-2302\" srcset=\"https:\/\/www.vacalia.com\/blog\/wp-content\/uploads\/2019\/01\/estellencs-2.jpg 1024w, https:\/\/www.vacalia.com\/blog\/wp-content\/uploads\/2019\/01\/estellencs-2-300x169.jpg 300w, https:\/\/www.vacalia.com\/blog\/wp-content\/uploads\/2019\/01\/estellencs-2-768x432.jpg 768w\" sizes=\"(max-width: 1024px) 100vw, 1024px\" \/><figcaption class=\"wp-element-caption\">Estellencs. Foto: Wikipedia<\/figcaption><\/figure><\/div>\n\n\n<h2 class=\"wp-block-heading has-medium-font-size\"><strong>Zweite Etappe: Estellencs &#8211; Esporles<\/strong><\/h2>\n\n\n\n<p>In Estellencs startet die zweite Etappe der Route. Besonders hervorzuheben ist der Abschnitt Sa Costa, da er sich zwischen Terrassen erstreckt und die Tradition der \u201cMarjaden\u201d aus erster Hand erkennen l\u00e4sst. Der Abschnitt endet in Esporles, einem kleinen Ort mit h\u00fcbschen Natursteinfassaden und engen Gassen, in dem man die Zeit vergessen kann.&nbsp;<\/p>\n\n\n\n<p><em>Die zweite Etappe der \u201cPedra en Sec\u201d Route verdient eine Pause in der Stadt Esporles und in H\u00e4usern wie&nbsp;<a href=\"https:\/\/www.vacalia.com\/de\/villa-mieten-can-sion-esporles-h17703\">Can Sion<\/a>.<\/em><\/p>\n\n\n\n<h2 class=\"wp-block-heading has-medium-font-size\"><strong>Dritte Etappe: Esporles &#8211; Dei\u00e0<\/strong><\/h2>\n\n\n\n<p>Zur Zeit ist die dritte Etappe der GR 221 nur am Beginn markiert. In Zukunft soll der gesamte&nbsp;&nbsp;Weg bis zum Dorf Dei\u00e0 beschildert werden. Die Strecke f\u00fchrt an der bekannten Passage \u201cCam\u00ed de S\u2019Arxiduc\u201d, einem Landstrich mit vielen Klippen- die einen Panoramablick auf die Insel und besonders sch\u00f6ne Terrassen- erlauben, entlang.<\/p>\n\n\n\n<h2 class=\"wp-block-heading has-medium-font-size\"><strong>Vierte Etappe: Dei\u00e0 &#8211; Port de Soller<\/strong><\/h2>\n\n\n\n<p>Die vierte Etappe der Route ist in etwas mehr als drei Stunden zu bew\u00e4ltigen und endet am Port de S\u00f3ller. Die Sinne werden mit magischen Szenarien wie: dem Faro des Cap Gros oder der Kapelle von Castell\u00f3 &#8211; die im siebzehnten Jahrhundert zu Ehren der Virgen del Rosario erbaut wurde &#8211; verw\u00f6hnt.<\/p>\n\n\n\n<p><em>Ein Spaziergang durch den Hafen von S\u00f3ller ist obligatorisch f\u00fcr alle Besucher dieser Region, mit so spektakul\u00e4ren Ferienh\u00e4usern wie Guitarro haben Sie die M\u00f6glichkeit auch ad\u00e4quat zu \u00dcbernachten.&nbsp;<\/em><\/p>\n\n\n<div class=\"wp-block-image\">\n<figure class=\"aligncenter\"><img decoding=\"async\" width=\"1024\" height=\"766\" src=\"https:\/\/www.vacalia.com\/blog\/wp-content\/uploads\/2019\/01\/Port_de_S\u00f3ller_wikipedia-2-1024x766.jpg\" alt=\"Mallorca und die Route der Trockensteinmauern (Pedra en Sec), das immaterielle Kulturerbe der Menschheit\" class=\"wp-image-2303\" srcset=\"https:\/\/www.vacalia.com\/blog\/wp-content\/uploads\/2019\/01\/Port_de_S\u00f3ller_wikipedia-2-1024x766.jpg 1024w, https:\/\/www.vacalia.com\/blog\/wp-content\/uploads\/2019\/01\/Port_de_S\u00f3ller_wikipedia-2-300x224.jpg 300w, https:\/\/www.vacalia.com\/blog\/wp-content\/uploads\/2019\/01\/Port_de_S\u00f3ller_wikipedia-2-768x574.jpg 768w, https:\/\/www.vacalia.com\/blog\/wp-content\/uploads\/2019\/01\/Port_de_S\u00f3ller_wikipedia-2.jpg 1280w\" sizes=\"(max-width: 1024px) 100vw, 1024px\" \/><figcaption class=\"wp-element-caption\">Port de S\u00f3ller.&nbsp;Foto: Wikipedia<\/figcaption><\/figure><\/div>\n\n\n<h2 class=\"wp-block-heading has-medium-font-size\"><strong>F\u00fcnfte Etappe: Port de S\u00f3ller &#8211; Escorca<\/strong><\/h2>\n\n\n\n<p>Die Route f\u00fchrt Sie durch D\u00f6rfer wie S\u00f3ller oder Biniaraix. Letzteres ist f\u00fcr den ca. 3 km langen Pfad \u201cBarranc de Biniaraix\u201d bekannt, der an breiten Trockensteinmauern entlangf\u00fchrt.&nbsp;<\/p>\n\n\n\n<h2 class=\"wp-block-heading has-medium-font-size\"><strong>Sechste Etappe: Escorca &#8211; Lluc<\/strong><\/h2>\n\n\n\n<p>Terrassen sind auch auf der sechsten Etappe der Route sehr pr\u00e4sent, die in Lluc endet. Dort haben Sie die M\u00f6glichkeit das Kloster Lluc zu besuchen. Der Baubeginn wurde auf das 12. Jahrhundert&nbsp;&nbsp;datiert und der h\u00f6chste Punkt &#8211; der Santuario de la Virgen de Lluc &#8211; liegt 400m \u00fcber dem Meeresspiegel.<\/p>\n\n\n<div class=\"wp-block-image\">\n<figure class=\"aligncenter\"><img loading=\"lazy\" decoding=\"async\" width=\"960\" height=\"720\" src=\"https:\/\/www.vacalia.com\/blog\/wp-content\/uploads\/2019\/01\/santuari-de-lluc-2.jpg\" alt=\"Mallorca und die Route der Trockensteinmauern (Pedra en Sec), das immaterielle Kulturerbe der Menschheit\" class=\"wp-image-2304\" srcset=\"https:\/\/www.vacalia.com\/blog\/wp-content\/uploads\/2019\/01\/santuari-de-lluc-2.jpg 960w, https:\/\/www.vacalia.com\/blog\/wp-content\/uploads\/2019\/01\/santuari-de-lluc-2-300x225.jpg 300w, https:\/\/www.vacalia.com\/blog\/wp-content\/uploads\/2019\/01\/santuari-de-lluc-2-768x576.jpg 768w\" sizes=\"(max-width: 960px) 100vw, 960px\" \/><figcaption class=\"wp-element-caption\">Santuari de Lluc.&nbsp;Foto: Wikipedia<\/figcaption><\/figure><\/div>\n\n\n<h2 class=\"wp-block-heading has-medium-font-size\"><strong>Siebte Etappe: Lluc &#8211; Pollen\u00e7a&nbsp;<\/strong><\/h2>\n\n\n\n<p>Einer der sch\u00f6nsten Abschnitte der siebten Etappe der GR 221 ist der Calvarienberg \u201cEl Calvari de Pollen\u00e7a\u201d, von dem aus man eine fantastische Aussicht auf Pollen\u00e7a hat. Sie k\u00f6nnen diese Aussicht geniessen, wenn Sie die 365 Stufen zum Aussichtspunkt hinaufsteigen.&nbsp;<\/p>\n\n\n\n<p><em>In der Ferienunterkunft&nbsp;<a href=\"https:\/\/www.vacalia.com\/de\/ferienhaus-calvari-pollenca-h15450\">Calvari<\/a>bieten wir von Vacalia! Ihnen die M\u00f6glichkeit diese einzigartige Szenerie am Calvarienberg noch l\u00e4nger zu geniessen.<\/em><\/p>\n\n\n\n<h2 class=\"wp-block-heading has-medium-font-size\"><strong>Achte Etappe: Pollen\u00e7a &#8211; Port de Pollen\u00e7a<\/strong><\/h2>\n\n\n\n<p>Die Route entlang der Trockensteinmauern endet in Puerto de Pollen\u00e7a, einem Touristenort der im 19. Jahrhundert gegr\u00fcndet wurde.<\/p>\n\n\n<div class=\"wp-block-image\">\n<figure class=\"aligncenter\"><img loading=\"lazy\" decoding=\"async\" width=\"400\" height=\"600\" src=\"https:\/\/www.vacalia.com\/blog\/wp-content\/uploads\/2019\/01\/El_Calvari_Pollen\u00e7a-2.jpg\" alt=\"Mallorca und die Route der Trockensteinmauern (Pedra en Sec), das immaterielle Kulturerbe der Menschheit\" class=\"wp-image-2305\" srcset=\"https:\/\/www.vacalia.com\/blog\/wp-content\/uploads\/2019\/01\/El_Calvari_Pollen\u00e7a-2.jpg 400w, https:\/\/www.vacalia.com\/blog\/wp-content\/uploads\/2019\/01\/El_Calvari_Pollen\u00e7a-2-200x300.jpg 200w\" sizes=\"(max-width: 767px) 100vw, 400px\" \/><figcaption class=\"wp-element-caption\">Calvari Pollen\u00e7a.&nbsp;Foto: Wikipedia<\/figcaption><\/figure><\/div>\n\n\n<p><strong><em>Um die wunderbare Konstruktionstechnik des Altertums kennenzulernen,&nbsp;<a href=\"https:\/\/www.vacalia.com\/de\">sollten Sie f\u00fcr Ihren Mallorcabesuch 2019 ein Ferienhaus w\u00e4hlen<\/a>, welches Ihren Bed\u00fcrfnissen entspricht und die M\u00f6glichkeit mit einbeziehen die Route GR 221 zu entdecken.<\/em><\/strong><\/p>\n\n\n<div class=\"bannerBlog\"><div class=\"new-card-houses\">\n    <div class=\"likeOut likeDivOut\" style=\"display:none\">\n        <a data-id=\"3133\" class=\"likeOut_button_red likeBtnFav\"\n            aria-label=\"Megusta Vacalia\"><\/a>\n    <\/div>\n    <figure>\n        <img loading=\"lazy\" decoding=\"async\" \n            loading=\"lazy\" width=\"301\" height=\"200\"\n            src=\"\/\/media.vacalia.com\/photo\/reformatwebpfolder\/350\/200\/3133\/thumb-middle\/3133_24fca402fc5f178713d1e413a34f54b7.webp?v=21092023\"\n            alt=\"Es rafal nostro - Ferienhaus auf Felanitx\"\/>\n                                                                        <div class=\"circleDiscount\">-9%<\/div>\n                        <\/figure>\n    <p itemprop=\"address\"><i class=\"ico-marker\"><\/i>Felanitx, Mallorca<\/p>\n    <h3 itemprop=\"name\">Es rafal nostro<\/h3>\n    <ul class=\"icon_list inline_list\">\n                              <li class=\"ico-pool\" title=\"Pool\">\n              <span itemprop=\"amenityFeature\">Pool<\/span>\n            <\/li>\n                      <li class=\"ico-airConditioning\" title=\"Klimaanlage\">\n              <span itemprop=\"amenityFeature\">Klimaanlage<\/span>\n            <\/li>\n                      <li class=\"ico-wifi\" title=\"Wifi\">\n              <span itemprop=\"amenityFeature\">Wifi<\/span>\n            <\/li>\n                          <li class=\"ico-guests\" title=\"F\u00fcr 8 G\u00e4ste in Felanitx.\">\n          <span itemprop=\"occupancy\">8<\/span>\n        <\/li>\n    <\/ul>\n            <span class=\"price\">Ab 273\u20ac \/ Nacht<\/span>\n                <a itemprop=\"url\" class=\"anchor\" href=\"https:\/\/www.vacalia.com\/de\/villa-es-rafal-nostro-felanitx-h22871\" aria-label=\"Es rafal nostro\"><\/a>\n<\/div><div class=\"new-card-houses\">\n    <div class=\"likeOut likeDivOut\" style=\"display:none\">\n        <a data-id=\"391\" class=\"likeOut_button_red likeBtnFav\"\n            aria-label=\"Megusta Vacalia\"><\/a>\n    <\/div>\n    <figure>\n        <img loading=\"lazy\" decoding=\"async\" \n            loading=\"lazy\" width=\"301\" height=\"200\"\n            src=\"\/\/media.vacalia.com\/photo\/reformatwebpfolder\/350\/200\/391\/thumb-middle\/391_8d71f694cf5b87f19d29671624d3b7e9.webp?v=21092023\"\n            alt=\"Can cirerol - Ferienhaus auf Portocolom\"\/>\n                                                                        <div class=\"circleDiscount\">-6%<\/div>\n                        <\/figure>\n    <p itemprop=\"address\"><i class=\"ico-marker\"><\/i>Portocolom, Mallorca<\/p>\n    <h3 itemprop=\"name\">Can cirerol<\/h3>\n    <ul class=\"icon_list inline_list\">\n                              <li class=\"ico-pool\" title=\"Pool\">\n              <span itemprop=\"amenityFeature\">Pool<\/span>\n            <\/li>\n                      <li class=\"ico-wifi\" title=\"Wifi\">\n              <span itemprop=\"amenityFeature\">Wifi<\/span>\n            <\/li>\n                          <li class=\"ico-guests\" title=\"F\u00fcr 9 G\u00e4ste in Portocolom.\">\n          <span itemprop=\"occupancy\">9<\/span>\n        <\/li>\n    <\/ul>\n            <span class=\"price\">Ab 293\u20ac \/ Nacht<\/span>\n                <a itemprop=\"url\" class=\"anchor\" href=\"https:\/\/www.vacalia.com\/de\/villa-can-cirerol-felanitx-h15258\" aria-label=\"Can cirerol\"><\/a>\n<\/div><\/div>\n","protected":false},"excerpt":{"rendered":"<p>Mallorca und die Route der Trockensteinmauern. Die Trockensteinmauern (pedra en sec oder piedra en seco) auf Mallorca sind erst k\u00fcrzlich zum immateriellen Erbe der Menschheit erkl\u00e4rt worden. Es gibt einzigartige&hellip;<\/p>\n","protected":false},"author":2,"featured_media":2301,"comment_status":"closed","ping_status":"open","sticky":false,"template":"","format":"standard","meta":{"_monsterinsights_skip_tracking":false,"_monsterinsights_sitenote_active":false,"_monsterinsights_sitenote_note":"","_monsterinsights_sitenote_category":0,"footnotes":""},"categories":[40],"tags":[],"class_list":["post-2300","post","type-post","status-publish","format-standard","has-post-thumbnail","hentry","category-allgemein"],"_links":{"self":[{"href":"https:\/\/www.vacalia.com\/blog\/wp-json\/wp\/v2\/posts\/2300"}],"collection":[{"href":"https:\/\/www.vacalia.com\/blog\/wp-json\/wp\/v2\/posts"}],"about":[{"href":"https:\/\/www.vacalia.com\/blog\/wp-json\/wp\/v2\/types\/post"}],"author":[{"embeddable":true,"href":"https:\/\/www.vacalia.com\/blog\/wp-json\/wp\/v2\/users\/2"}],"replies":[{"embeddable":true,"href":"https:\/\/www.vacalia.com\/blog\/wp-json\/wp\/v2\/comments?post=2300"}],"version-history":[{"count":4,"href":"https:\/\/www.vacalia.com\/blog\/wp-json\/wp\/v2\/posts\/2300\/revisions"}],"predecessor-version":[{"id":7801,"href":"https:\/\/www.vacalia.com\/blog\/wp-json\/wp\/v2\/posts\/2300\/revisions\/7801"}],"wp:featuredmedia":[{"embeddable":true,"href":"https:\/\/www.vacalia.com\/blog\/wp-json\/wp\/v2\/media\/2301"}],"wp:attachment":[{"href":"https:\/\/www.vacalia.com\/blog\/wp-json\/wp\/v2\/media?parent=2300"}],"wp:term":[{"taxonomy":"category","embeddable":true,"href":"https:\/\/www.vacalia.com\/blog\/wp-json\/wp\/v2\/categories?post=2300"},{"taxonomy":"post_tag","embeddable":true,"href":"https:\/\/www.vacalia.com\/blog\/wp-json\/wp\/v2\/tags?post=2300"}],"curies":[{"name":"wp","href":"https:\/\/api.w.org\/{rel}","templated":true}]}}