{"id":2307,"date":"2019-01-22T08:56:04","date_gmt":"2019-01-22T08:56:04","guid":{"rendered":"https:\/\/www.vacalia.com\/blog\/?p=2307"},"modified":"2024-02-14T12:36:37","modified_gmt":"2024-02-14T11:36:37","slug":"vegane-optionen-fuer-ihren-urlaub-auf-mallorca","status":"publish","type":"post","link":"https:\/\/www.vacalia.com\/blog\/vegane-optionen-fuer-ihren-urlaub-auf-mallorca\/","title":{"rendered":"Vegane Optionen f\u00fcr Ihren Urlaub auf Mallorca"},"content":{"rendered":"\n<p>Vegane und pflanzliche Produkte sind ein wachsender Markt auf Mallorca. Immer mehr Einwohner der Insel Mallorca beschlie\u00dfen, ein Gesch\u00e4ft zu er\u00f6ffnen, dass solche Produkte anbietet.<\/p>\n\n\n\n<p>Eine vegane Ern\u00e4hrung assoziiert Gesundheit, denn die Lebensmittel enthalten eine Vielzahl von kalorienarmen Inhaltsstoffen mit einer hohen Anzahl von Vitaminen und sind gut S\u00e4ttigend.<\/p>\n\n\n\n<p>Dank der Restaurants und veganen Gesch\u00e4fte, die auf der Insel entstehen haben Mallorcaurlauber die M\u00f6glichkeit typische, regionale Gerichte zu probieren und k\u00f6nnen dabei auf gesunde Pflanzenprodukten zur\u00fcckgreifen.&nbsp;<\/p>\n\n\n\n<!--more-->\n\n\n\n<h3 class=\"wp-block-heading\"><strong>Vegane Optionen auf der Insel Mallorca<\/strong><\/h3>\n\n\n\n<p>Die veganen Optionen haben heute mehr Gewicht als je zuvor in der spanischen Bev\u00f6lkerung. Laut einer von Lantern durchgef\u00fchrten Studie hat sich die Anzahl, der auf diese Art von K\u00fcche spezialisierten, Restaurants in den letzten f\u00fcnf Jahren verdoppelt.<\/p>\n\n\n\n<p>Anleger und Unternehmer auf Mallorca sind sich dessen sehr bewusst und aus diesem Grund gibt es bereits Restaurants und vegane Gesch\u00e4fte in verschiedenen Ecken der Insel.<\/p>\n\n\n\n<figure class=\"wp-block-gallery has-nested-images columns-default is-cropped wp-block-gallery-1 is-layout-flex wp-block-gallery-is-layout-flex\">\n<figure class=\"wp-block-image\"><img fetchpriority=\"high\" decoding=\"async\" width=\"671\" height=\"301\" data-id=\"2308\" src=\"https:\/\/www.vacalia.com\/blog\/wp-content\/uploads\/2019\/01\/DE_OpcionesVeganasblog_Vacalia.png\" alt=\"Vegane Optionen f\u00fcr Ihren Urlaub auf Mallorca\" class=\"wp-image-2308\" srcset=\"https:\/\/www.vacalia.com\/blog\/wp-content\/uploads\/2019\/01\/DE_OpcionesVeganasblog_Vacalia.png 671w, https:\/\/www.vacalia.com\/blog\/wp-content\/uploads\/2019\/01\/DE_OpcionesVeganasblog_Vacalia-300x135.png 300w, https:\/\/www.vacalia.com\/blog\/wp-content\/uploads\/2019\/01\/DE_OpcionesVeganasblog_Vacalia-670x300.png 670w\" sizes=\"(max-width: 767px) 100vw, 671px\" \/><\/figure>\n<\/figure>\n\n\n\n<h3 class=\"wp-block-heading\"><strong>Vegane Restaurants auf Mallorca<\/strong><\/h3>\n\n\n\n<p>Vegane Restaurants bieten eine gro\u00dfe Auswahl an Gerichten aus Obst, Gem\u00fcse und anderen Zutaten pflanzlichen Ursprungs, f\u00fcr Liebhaber der veganen Ern\u00e4hrung.<\/p>\n\n\n\n<p>Wenn Sie bei der Ern\u00e4hrung respektvoller mit Tieren umgehen m\u00f6chten, auf Ihre Gesundheit und die Nachhaltigkeit&nbsp;&nbsp;achten m\u00f6chten, sollten Sie auch einige&nbsp;<em><a href=\"https:\/\/www.vacalia.com\/blog\/funf-slow-food-restaurants-auf-mallorca\/\">Slow Food-Restaurantsauf Mallorca<\/a><\/em>kennenlernen.<\/p>\n\n\n\n<p><strong><a href=\"https:\/\/www.bonllocrestaurant.com\/\" target=\"_blank\" rel=\"noopener\">Bon Lloc<\/a><\/strong><strong><\/strong><\/p>\n\n\n\n<ul class=\"wp-block-list\">\n<li>\u00d6ffnungszeiten: Montag bis Samstag von 13:00 bis 16:00 Uhr und Dienstag bis Samstag von 19:30 bis 22:30 Uhr.<\/li>\n\n\n\n<li>Adresse: Carrer Sant Feliu, 7, Palma<\/li>\n<\/ul>\n\n\n\n<p>Bon Lloc ist das erste vegane Restaurant auf Mallorca, er\u00f6ffnet wurde es 1978. Die K\u00fcche \u00fcberzeugt mit Gerichten aus frischen, gesunden und umweltfreundlichen Produkten.<\/p>\n\n\n\n<p>Wer sich f\u00fcr einen Urlaub auf Mallorca entscheidet und auf vegane Optionen wie Bon Lloc zur\u00fcckgreift, hat die M\u00f6glichkeit, den Gaumen mit veganen und vegetarischen Gerichten zu begeistern und Raw Food aus erster Hand kennenzulernen, eine naturalistische Tendenz Rohkost zu konsumieren.<\/p>\n\n\n\n<p><em>Nach einem veganen Men\u00fc in Bon Lloc gibt es nichts Besseres, als einen Spaziergang durch das Zentrum von Palma und die Tour in&nbsp;<\/em><strong><em><a href=\"https:\/\/www.vacalia.com\/de\/ferienhaus-centric-palma--h16176\">Centric<\/a><\/em><\/strong><em>zu beenden, einer sch\u00f6nen Ferienunterkunft, die ganz in der N\u00e4he des lebhaften Stadtteils Santa Catalina liegt.<\/em><\/p>\n\n\n\n<figure class=\"wp-block-image\"><img decoding=\"async\" width=\"1024\" height=\"683\" src=\"https:\/\/www.vacalia.com\/blog\/wp-content\/uploads\/2019\/01\/opciones-veganas-mallorca-1024x683.jpg\" alt=\"Vegane Optionen f\u00fcr Ihren Urlaub auf Mallorca\" class=\"wp-image-2309\" srcset=\"https:\/\/www.vacalia.com\/blog\/wp-content\/uploads\/2019\/01\/opciones-veganas-mallorca-1024x683.jpg 1024w, https:\/\/www.vacalia.com\/blog\/wp-content\/uploads\/2019\/01\/opciones-veganas-mallorca-300x200.jpg 300w, https:\/\/www.vacalia.com\/blog\/wp-content\/uploads\/2019\/01\/opciones-veganas-mallorca-768x512.jpg 768w\" sizes=\"(max-width: 1024px) 100vw, 1024px\" \/><\/figure>\n\n\n\n<p><strong>Compost Vegano<\/strong><\/p>\n\n\n\n<ul class=\"wp-block-list\">\n<li>\u00d6ffnungszeiten: Montag bis Freitag von 13.00 bis 16.30 Uhr und Samstags von 12.30 bis 16.00 Uhr.<\/li>\n\n\n\n<li>Adresse: Carrer de Rub\u00e9n Dar\u00edo, 4, Palma<\/li>\n<\/ul>\n\n\n\n<p>Das vegane Restaurant Compost bietet seinen Kunden eine gro\u00dfe Auswahl an veganen Produkten und ein Men\u00fc, in dem Sie von Entgiftungss\u00e4ften \u00fcber gemischte Salate bis hin zu rohen veganen Kuchen alles finden k\u00f6nnen.<\/p>\n\n\n\n<p>Ein Team von Fachleuten der Branche, die die Vorteile der veganen Gerichte kennen,&nbsp;&nbsp;kombiniert die Verwendung frischer Zutaten mit der Sorgfalt bei der Zubereitung der Speisen.&nbsp;<\/p>\n\n\n\n<p><em>Etwas mehr als zwei Kilometer von Compost Vegano entfernt liegt&nbsp;<\/em><strong><em><a href=\"https:\/\/www.vacalia.com\/de\/villa-sargantana-palma--h15906\">Sargantana<\/a><\/em><\/strong><em>, das ideale Zuhause f\u00fcr einen unvergesslichen Urlaub auf Mallorca.<\/em><\/p>\n\n\n\n<p><strong><a href=\"https:\/\/templenatura.es\/\" target=\"_blank\" rel=\"noreferrer noopener\">Tempel Natura<\/a><\/strong><\/p>\n\n\n\n<ul class=\"wp-block-list\">\n<li>\u00d6ffnungszeiten: Montag bis Samstag von 12.30 bis 17.30 Uhr.<\/li>\n\n\n\n<li>Adresse: Carrer-Tempel, 4 (Erdgeschoss), Palma<\/li>\n<\/ul>\n\n\n\n<p>Temple Natura ist viel mehr als nur ein Restaurant, da es auf derselben Fl\u00e4che einen Kr\u00e4uterladen, ein Kulturzentrum und ein&nbsp;<strong>Restaurant mit veganen und vegetarischen Gerichten gibt<\/strong><\/p>\n\n\n\n<p>Das Lokal befindet sich in einem alten, mallorquinischen Geb\u00e4ude und \u00fcberrascht die Besucher mit einem sch\u00f6nen Garten,&nbsp;&nbsp;ideal um sich mit einem Tee, einem Frucht-Smoothie oder kaltem Getr\u00e4nk zu verw\u00f6hnen.<\/p>\n\n\n\n<figure class=\"wp-block-image\"><img decoding=\"async\" width=\"1024\" height=\"711\" src=\"https:\/\/www.vacalia.com\/blog\/wp-content\/uploads\/2019\/01\/restaurantes-veganos-mallorca-1024x711.jpg\" alt=\"Vegane Optionen f\u00fcr Ihren Urlaub auf Mallorca\" class=\"wp-image-2310\" srcset=\"https:\/\/www.vacalia.com\/blog\/wp-content\/uploads\/2019\/01\/restaurantes-veganos-mallorca-1024x711.jpg 1024w, https:\/\/www.vacalia.com\/blog\/wp-content\/uploads\/2019\/01\/restaurantes-veganos-mallorca-300x208.jpg 300w, https:\/\/www.vacalia.com\/blog\/wp-content\/uploads\/2019\/01\/restaurantes-veganos-mallorca-768x533.jpg 768w\" sizes=\"(max-width: 1024px) 100vw, 1024px\" \/><\/figure>\n\n\n\n<p><strong>Bellaverde<\/strong><\/p>\n\n\n\n<ul class=\"wp-block-list\">\n<li>\u00d6ffnungszeiten: Dienstag bis Sonntag von 08:30 bis 24:00 Uhr<\/li>\n\n\n\n<li>Adresse: Carrer de les Monges, 14, Pollen\u00e7a<\/li>\n<\/ul>\n\n\n\n<p>Das Restaurant&nbsp;&nbsp;Bellaverde bietet Gerichte mit Produkten aus biologischem Anbau an. In einer umfangreichen Speisekarte werden Salate, vegane und vegetarische Gerichte und ein k\u00f6stliches Fr\u00fchst\u00fcck angeboten, so starten Sie den Tag mit Energie.<\/p>\n\n\n\n<p>Im Sommer k\u00f6nnen Sie die veganen K\u00f6stlichkeiten des Restaurants Bellaverde in seinem sch\u00f6nen, gem\u00fctlichen Garten geniessen.<\/p>\n\n\n\n<p><em>Wenn Sie nach einem Ferienhaus in Pollen\u00e7a suchen, werden Sie von&nbsp;<\/em><strong><em><a href=\"https:\/\/www.vacalia.com\/de\/ferienhaus-dola-somni-pollenca-h18684\">Dol\u00e7 somni<\/a><\/em><\/strong><em>begeistert sein. Ein traditionelles, mallorquinisches Haus, in dem Sie sich w\u00e4hrend Ihres Urlaubs auf der Insel ausruhen und entspannen k\u00f6nnen.<\/em><\/p>\n\n\n\n<p><strong>Vegane Gesch\u00e4fte auf Mallorca<\/strong><\/p>\n\n\n\n<p>Vegane Gesch\u00e4fte haben eine Vielzahl von Lebensmitteln, Kosmetika und Haushaltsartikeln in ihrem Produktkatalog, die vollst\u00e4ndig auf Substanzen tierischen Ursprungs verzichten.<\/p>\n\n\n\n<figure class=\"wp-block-image\"><img loading=\"lazy\" decoding=\"async\" width=\"756\" height=\"1024\" src=\"https:\/\/www.vacalia.com\/blog\/wp-content\/uploads\/2019\/01\/vegan-restaurants-markets-756x1024.jpg\" alt=\"Vegane Optionen f\u00fcr Ihren Urlaub auf Mallorca\" class=\"wp-image-2311\" srcset=\"https:\/\/www.vacalia.com\/blog\/wp-content\/uploads\/2019\/01\/vegan-restaurants-markets-756x1024.jpg 756w, https:\/\/www.vacalia.com\/blog\/wp-content\/uploads\/2019\/01\/vegan-restaurants-markets-221x300.jpg 221w, https:\/\/www.vacalia.com\/blog\/wp-content\/uploads\/2019\/01\/vegan-restaurants-markets-768x1040.jpg 768w\" sizes=\"(max-width: 767px) 100vw, 756px\" \/><\/figure>\n\n\n\n<p><strong><a href=\"https:\/\/lovegano.com\/es\/bienvenido\" target=\"_blank\" rel=\"noopener\">Lovegano<\/a><\/strong><strong><\/strong><\/p>\n\n\n\n<ul class=\"wp-block-list\">\n<li>\u00d6ffnungszeiten: Montag, Dienstag, Donnerstag und Freitag von 10:00 Uhr bis 14:00 Uhr und von 16:00 Uhr bis 20:30 Uhr. Mittwochs von 16:00 bis 20:30 Uhr und Samstags von 10:00 bis 16:00 Uhr.<\/li>\n\n\n\n<li>Adresse: Carrer Caro, 34, Palma<\/li>\n<\/ul>\n\n\n\n<p>Es ist der erste vegane Supermarkt auf Mallorca und ein Gesch\u00e4ft, das 2013 er\u00f6ffnet wurde. Eine gro\u00dfe Vielfalt an&nbsp;<strong>100% veganen Produkten wie Gem\u00fcse, Superfoods, Kosmetika und Tiefk\u00fchlkost werden angeboten.<\/strong><\/p>\n\n\n\n<p>Der Lovegano-Supermarkt befindet sich in der Caro-Stra\u00dfe im Herzen von Palma und hat eine Fl\u00e4che von mehr als 150 Quadratmetern, auf der rund 2.000 vegane Produkte zu finden sind.<\/p>\n\n\n\n<p><em>Ein Spaziergang durch das Zentrum von Palma nach dem Kauf Ihrer veganen Lieblingsprodukte ist eine gro\u00dfartige Idee, vor allem, wenn Sie die Reise in Cala Major beenden und in einem Ferienhaus wie dem<\/em><strong><em><a href=\"https:\/\/www.vacalia.com\/de\/villa-ca-na-salera-palma--h17112\">Ca Na Salera<\/a><\/em><\/strong><em>wohnen.<\/em><\/p>\n\n\n\n<p><strong>Ecoteca<\/strong><\/p>\n\n\n\n<ul class=\"wp-block-list\">\n<li>\u00d6ffnungszeiten: Montag bis Samstag von 10:00 bis 14:00 Uhr und von 16:30 bis 19:30 Uhr.<\/li>\n\n\n\n<li>Adresse: Carrer del Center, 6, Santany\u00ed<\/li>\n<\/ul>\n\n\n\n<p>Das mallorquinische Dorf&nbsp;<strong>Santany\u00ed<\/strong>zeichnet sich nicht nur durch seine Str\u00e4nde und Buchten mit kristallklarem Wasser aus, sondern man findet auch vegane Gesch\u00e4fte wie Ecoteca.<\/p>\n\n\n\n<p>Der Laden verkauft Bio-Produkte aus der Region und steht f\u00fcr fairen Handel. Veganer k\u00f6nnen hier vegane und glutenfreie Produkte einkaufen.<\/p>\n\n\n\n<p><em>Wenn Sie Santany\u00ed besuchen, k\u00f6nnen Sie die veganen M\u00f6glichkeiten nutzen, in t\u00fcrkisblauem Wasser baden und in einem Landhaus mit einem privaten Pool wie&nbsp;<\/em><strong><em><a href=\"https:\/\/www.vacalia.com\/de\/villa-mieten-cas-padrins-santanyi-h16929\">Escaire<\/a><\/em><\/strong><em>\u00fcbernachten.<\/em><\/p>\n\n\n\n<figure class=\"wp-block-image\"><img loading=\"lazy\" decoding=\"async\" width=\"1024\" height=\"683\" src=\"https:\/\/www.vacalia.com\/blog\/wp-content\/uploads\/2019\/01\/Vegane-Optionen-Urlaub-auf-Mallorca-1024x683.jpg\" alt=\"Vegane Optionen f\u00fcr Ihren Urlaub auf Mallorca\" class=\"wp-image-2312\" srcset=\"https:\/\/www.vacalia.com\/blog\/wp-content\/uploads\/2019\/01\/Vegane-Optionen-Urlaub-auf-Mallorca-1024x683.jpg 1024w, https:\/\/www.vacalia.com\/blog\/wp-content\/uploads\/2019\/01\/Vegane-Optionen-Urlaub-auf-Mallorca-300x200.jpg 300w, https:\/\/www.vacalia.com\/blog\/wp-content\/uploads\/2019\/01\/Vegane-Optionen-Urlaub-auf-Mallorca-768x512.jpg 768w\" sizes=\"(max-width: 1024px) 100vw, 1024px\" \/><\/figure>\n\n\n\n<p><strong><em>Um die veganen M\u00f6glichkeiten der Insel kennen zu lernen, sollten Sie ein&nbsp;<a href=\"https:\/\/www.vacalia.com\/de\">Ferienhaus w\u00e4hlen<\/a>, dass Ihren Bed\u00fcrfnissen entspricht und Ihnen erm\u00f6glicht, sich w\u00e4hrend Ihres Urlaubs auf Mallorca zu entspannen.<\/em><\/strong><\/p>\n\n\n<div class=\"bannerBlog\"><div class=\"new-card-houses\">\n    <div class=\"likeOut likeDivOut\" style=\"display:none\">\n        <a data-id=\"2661\" class=\"likeOut_button_red likeBtnFav\"\n            aria-label=\"Megusta Vacalia\"><\/a>\n    <\/div>\n    <figure>\n        <img loading=\"lazy\" decoding=\"async\" \n            loading=\"lazy\" width=\"301\" height=\"200\"\n            src=\"\/\/media.vacalia.com\/photo\/reformatwebpfolder\/350\/200\/2661\/thumb-middle\/2661_08c283b5d0bd5a13a36e28ce365f7548.webp?v=21092023\"\n            alt=\"Es pujols - Ferienhaus auf Campanet\"\/>\n                                                                        <div class=\"circleDiscount\">-6%<\/div>\n                        <\/figure>\n    <p itemprop=\"address\"><i class=\"ico-marker\"><\/i>Campanet, Mallorca<\/p>\n    <h3 itemprop=\"name\">Es pujols<\/h3>\n    <ul class=\"icon_list inline_list\">\n                              <li class=\"ico-pool\" title=\"Pool\">\n              <span itemprop=\"amenityFeature\">Pool<\/span>\n            <\/li>\n                      <li class=\"ico-airConditioning\" title=\"Klimaanlage\">\n              <span itemprop=\"amenityFeature\">Klimaanlage<\/span>\n            <\/li>\n                      <li class=\"ico-wifi\" title=\"Wifi\">\n              <span itemprop=\"amenityFeature\">Wifi<\/span>\n            <\/li>\n                          <li class=\"ico-guests\" title=\"F\u00fcr 6 G\u00e4ste in Campanet.\">\n          <span itemprop=\"occupancy\">6<\/span>\n        <\/li>\n    <\/ul>\n            <span class=\"price\">Ab 171\u20ac \/ Nacht<\/span>\n                <a itemprop=\"url\" class=\"anchor\" href=\"https:\/\/www.vacalia.com\/de\/villa-es-pujols-campanet-h18894\" aria-label=\"Es pujols\"><\/a>\n<\/div><div class=\"new-card-houses\">\n    <div class=\"likeOut likeDivOut\" style=\"display:none\">\n        <a data-id=\"1567\" class=\"likeOut_button_red likeBtnFav\"\n            aria-label=\"Megusta Vacalia\"><\/a>\n    <\/div>\n    <figure>\n        <img loading=\"lazy\" decoding=\"async\" \n            loading=\"lazy\" width=\"301\" height=\"200\"\n            src=\"\/\/media.vacalia.com\/photo\/reformatwebpfolder\/350\/200\/1567\/thumb-middle\/1567_e4654c34fb0b147df402663240b7510d.webp?v=21092023\"\n            alt=\"La encina - Ferienhaus auf Port d&#039;Alc\u00fadia\"\/>\n                                                                        <div class=\"circleDiscount\">-10%<\/div>\n                        <\/figure>\n    <p itemprop=\"address\"><i class=\"ico-marker\"><\/i>Port d&#039;Alc\u00fadia, Mallorca<\/p>\n    <h3 itemprop=\"name\">La encina<\/h3>\n    <ul class=\"icon_list inline_list\">\n                              <li class=\"ico-airConditioning\" title=\"Klimaanlage\">\n              <span itemprop=\"amenityFeature\">Klimaanlage<\/span>\n            <\/li>\n                      <li class=\"ico-wifi\" title=\"Wifi\">\n              <span itemprop=\"amenityFeature\">Wifi<\/span>\n            <\/li>\n                          <li class=\"ico-guests\" title=\"F\u00fcr 6 G\u00e4ste in Port D&#039;alc\u00fadia.\">\n          <span itemprop=\"occupancy\">6<\/span>\n        <\/li>\n    <\/ul>\n            <span class=\"price\">Ab 124\u20ac \/ Nacht<\/span>\n                <a itemprop=\"url\" class=\"anchor\" href=\"https:\/\/www.vacalia.com\/de\/apartment-la-encina-alcudia-h20301\" aria-label=\"La encina\"><\/a>\n<\/div><\/div>\n","protected":false},"excerpt":{"rendered":"<p>Vegane und pflanzliche Produkte sind ein wachsender Markt auf Mallorca. Immer mehr Einwohner der Insel Mallorca beschlie\u00dfen, ein Gesch\u00e4ft zu er\u00f6ffnen, dass solche Produkte anbietet. Eine vegane Ern\u00e4hrung assoziiert Gesundheit,&hellip;<\/p>\n","protected":false},"author":2,"featured_media":2308,"comment_status":"closed","ping_status":"open","sticky":false,"template":"","format":"standard","meta":{"_monsterinsights_skip_tracking":false,"_monsterinsights_sitenote_active":false,"_monsterinsights_sitenote_note":"","_monsterinsights_sitenote_category":0,"footnotes":""},"categories":[40],"tags":[],"class_list":["post-2307","post","type-post","status-publish","format-standard","has-post-thumbnail","hentry","category-allgemein"],"_links":{"self":[{"href":"https:\/\/www.vacalia.com\/blog\/wp-json\/wp\/v2\/posts\/2307"}],"collection":[{"href":"https:\/\/www.vacalia.com\/blog\/wp-json\/wp\/v2\/posts"}],"about":[{"href":"https:\/\/www.vacalia.com\/blog\/wp-json\/wp\/v2\/types\/post"}],"author":[{"embeddable":true,"href":"https:\/\/www.vacalia.com\/blog\/wp-json\/wp\/v2\/users\/2"}],"replies":[{"embeddable":true,"href":"https:\/\/www.vacalia.com\/blog\/wp-json\/wp\/v2\/comments?post=2307"}],"version-history":[{"count":4,"href":"https:\/\/www.vacalia.com\/blog\/wp-json\/wp\/v2\/posts\/2307\/revisions"}],"predecessor-version":[{"id":4910,"href":"https:\/\/www.vacalia.com\/blog\/wp-json\/wp\/v2\/posts\/2307\/revisions\/4910"}],"wp:featuredmedia":[{"embeddable":true,"href":"https:\/\/www.vacalia.com\/blog\/wp-json\/wp\/v2\/media\/2308"}],"wp:attachment":[{"href":"https:\/\/www.vacalia.com\/blog\/wp-json\/wp\/v2\/media?parent=2307"}],"wp:term":[{"taxonomy":"category","embeddable":true,"href":"https:\/\/www.vacalia.com\/blog\/wp-json\/wp\/v2\/categories?post=2307"},{"taxonomy":"post_tag","embeddable":true,"href":"https:\/\/www.vacalia.com\/blog\/wp-json\/wp\/v2\/tags?post=2307"}],"curies":[{"name":"wp","href":"https:\/\/api.w.org\/{rel}","templated":true}]}}