{"id":2321,"date":"2019-01-22T09:12:26","date_gmt":"2019-01-22T09:12:26","guid":{"rendered":"https:\/\/www.vacalia.com\/blog\/?p=2321"},"modified":"2024-02-14T11:18:11","modified_gmt":"2024-02-14T10:18:11","slug":"opciones-veganas-para-tus-vacaciones-en-mallorca","status":"publish","type":"post","link":"https:\/\/www.vacalia.com\/blog\/es\/opciones-veganas-para-tus-vacaciones-en-mallorca\/","title":{"rendered":"Opciones veganas para tus vacaciones en Mallorca"},"content":{"rendered":"\n<p>Cada vez son m\u00e1s los residentes en la isla de&nbsp;<strong>Mallorca<\/strong>que deciden abrir un negocio centrado en poner a disposici\u00f3n de los consumidores&nbsp;<strong>opciones veganas<\/strong>y productos de origen vegetal.<\/p>\n\n\n\n<p>Y es que llevar una&nbsp;<strong>dieta vegana<\/strong>es sin\u00f3nimo de salud, ya que los alimentos que la componen aportan multitud de vitaminas y minerales a trav\u00e9s de ingredientes bajos en calor\u00edas y grasas saturadas.<\/p>\n\n\n\n<p>Las personas que deciden disfrutar de unas&nbsp;<strong>vacaciones en Mallorca<\/strong>tienen la oportunidad de degustar platos t\u00edpicos del lugar y de combinarlos con el consumo de productos vegetales gracias a los restaurantes y comercios veganos que est\u00e1n proliferando en la isla.<\/p>\n\n\n\n<!--more-->\n\n\n\n<h3 class=\"wp-block-heading\">Opciones veganas en la isla de Mallorca<\/h3>\n\n\n\n<p>Las opciones veganas tienen, a d\u00eda de hoy, m\u00e1s peso que nunca entre la poblaci\u00f3n espa\u00f1ola. Seg\u00fan un estudio llevado a cabo por la consultora Lantern, el&nbsp;<strong>n\u00famero de restaurantes&nbsp;<\/strong>especializados en este tipo de cocina se ha duplicado en los \u00faltimos cinco a\u00f1os.<\/p>\n\n\n\n<p>Los emprendedores y empresarios de Mallorca son muy conscientes de ello y, por eso, ya es posible encontrar locales de restauraci\u00f3n y tiendas veganas en diversos rincones de la isla.<\/p>\n\n\n\n<figure class=\"wp-block-image\"><img fetchpriority=\"high\" decoding=\"async\" width=\"671\" height=\"301\" src=\"https:\/\/www.vacalia.com\/blog\/wp-content\/uploads\/2019\/01\/ES_OpcionesVeganasblog_Vacalia.png\" alt=\"Opciones veganas para tus vacaciones en Mallorca\" class=\"wp-image-2326\" srcset=\"https:\/\/www.vacalia.com\/blog\/wp-content\/uploads\/2019\/01\/ES_OpcionesVeganasblog_Vacalia.png 671w, https:\/\/www.vacalia.com\/blog\/wp-content\/uploads\/2019\/01\/ES_OpcionesVeganasblog_Vacalia-300x135.png 300w, https:\/\/www.vacalia.com\/blog\/wp-content\/uploads\/2019\/01\/ES_OpcionesVeganasblog_Vacalia-670x300.png 670w\" sizes=\"(max-width: 767px) 100vw, 671px\" \/><\/figure>\n\n\n\n<h4 class=\"wp-block-heading\"><strong>Restaurantes veganos en Mallorca<\/strong><\/h4>\n\n\n\n<p>Los&nbsp;<strong>restaurantes veganos<\/strong>ponen a disposici\u00f3n de los amantes de la dieta vegana una amplia variedad de platos elaborados con frutas, verduras y otros ingredientes de origen vegetal.<\/p>\n\n\n\n<p>Si quieres llevar una alimentaci\u00f3n m\u00e1s sana, sostenible y respetuosa con los animales tambi\u00e9n te gustar\u00e1 conocer algunos&nbsp;<strong><a href=\"https:\/\/www.vacalia.com\/blog\/es\/cinco-restaurantes-slow-food-para-visitar-en-mallorca\/\">restaurantes&nbsp;<em>slow food&nbsp;<\/em>para visitar en Mallorca<\/a><\/strong>.<\/p>\n\n\n\n<p><strong><a href=\"https:\/\/www.bonllocrestaurant.com\/\" target=\"_blank\" rel=\"noopener\">Bon Lloc<\/a><\/strong><strong><\/strong><\/p>\n\n\n\n<ul class=\"wp-block-list\">\n<li>Horario: de lunes a s\u00e1bado de 13:00 a 16:00 horas y de martes a s\u00e1bado de 19:30 a 22:30 horas<\/li>\n\n\n\n<li>Ubicaci\u00f3n: Carrer Sant Feliu, 7, Palma<\/li>\n<\/ul>\n\n\n\n<p>Bon Lloc se ha convertido en el primer restaurante vegano de Mallorca y en un establecimiento que ofrece platos elaborados con productos frescos, sanos y respetuosos con el medio ambiente desde el a\u00f1o 1978.<\/p>\n\n\n\n<p>Quienes deciden pasar unas vacaciones en Mallorca y recurrir a opciones veganas como Bon Lloc tienen la oportunidad de deleitar el paladar con&nbsp;<strong>recetas veganas y platos vegetarianos<\/strong>, as\u00ed como de conocer de primera mano el&nbsp;<strong><em>Raw Food<\/em><\/strong>, una tendencia naturista consistente en consumir comida cruda.<\/p>\n\n\n\n<h4 class=\"wp-block-heading\">Tras disfrutar de un men\u00fa vegano en Bon Lloc nada mejor que dar un paseo por el centro de Palma y finalizar el recorrido en&nbsp;<a href=\"https:\/\/www.vacalia.com\/es\/casa-vacacional-centric-palma--h16178\">Centric<\/a>, una bonita vivienda ubicada muy cerca del animado barrido de Santa Catalina.<\/h4>\n\n\n\n<figure class=\"wp-block-image\"><img decoding=\"async\" width=\"1024\" height=\"683\" src=\"https:\/\/www.vacalia.com\/blog\/wp-content\/uploads\/2019\/01\/opciones-veganas-mallorca-2-1024x683.jpg\" alt=\"Opciones veganas para tus vacaciones en Mallorca\" class=\"wp-image-2322\" srcset=\"https:\/\/www.vacalia.com\/blog\/wp-content\/uploads\/2019\/01\/opciones-veganas-mallorca-2-1024x683.jpg 1024w, https:\/\/www.vacalia.com\/blog\/wp-content\/uploads\/2019\/01\/opciones-veganas-mallorca-2-300x200.jpg 300w, https:\/\/www.vacalia.com\/blog\/wp-content\/uploads\/2019\/01\/opciones-veganas-mallorca-2-768x512.jpg 768w\" sizes=\"(max-width: 1024px) 100vw, 1024px\" \/><\/figure>\n\n\n\n<p><strong>Compost Vegano<\/strong><\/p>\n\n\n\n<ul class=\"wp-block-list\">\n<li>Horario: de lunes a viernes de 13:00 a 16:30 horas y s\u00e1bados de 12:30 a 16:00 horas<\/li>\n\n\n\n<li>Ubicaci\u00f3n: Carrer de Rub\u00e9n Dar\u00edo, 4, Palma<\/li>\n<\/ul>\n\n\n\n<p>El restaurante Compost Vegano pone a disposici\u00f3n de sus clientes una gran selecci\u00f3n de productos veganos y un men\u00fa donde es posible encontrar desde zumos detox hasta ensaladas mixtas, pasando por tartas crudiveganas.<\/p>\n\n\n\n<p>Todo ello se combina con el uso de ingredientes frescos, platos elaborados con mucho mimo y un equipo formado por profesionales del sector que conoce a la perfecci\u00f3n los beneficios de los alimentos que se utilizan en la preparaci\u00f3n de&nbsp;<strong>platos veganos<\/strong>.<\/p>\n\n\n\n<h4 class=\"wp-block-heading\">A tan solo poco m\u00e1s de dos kil\u00f3metros de Compost Vegano se encuentra&nbsp;<a href=\"https:\/\/www.vacalia.com\/es\/villa-sargantana-palma--h15908\">Sargantana<\/a>, la casa id\u00f3nea para disfrutar de unas inolvidables vacaciones en Mallorca.<\/h4>\n\n\n\n<p><strong><a href=\"https:\/\/templenatura.es\/\" target=\"_blank\" rel=\"noopener\">Temple Natura<\/a><\/strong><\/p>\n\n\n\n<ul class=\"wp-block-list\">\n<li>Horario: de lunes a s\u00e1bado de 12:30 a 17:30 horas<\/li>\n\n\n\n<li>Ubicaci\u00f3n: Carrer Temple, 4 (bajos), Palma<\/li>\n<\/ul>\n\n\n\n<p>Temple Natura es mucho m\u00e1s que un restaurante, ya que ofrece en un mismo espacio una&nbsp;<strong>tienda herbodiet\u00e9tica, un centro cultural y un restaurante<\/strong>con una carta compuesta por platos veganos y vegetarianos.<\/p>\n\n\n\n<p>El establecimiento se encuentra ubicado en una antigua posesi\u00f3n mallorquina y tambi\u00e9n sorprende a los visitantes con un agradable jard\u00edn ideal para consumir una infusi\u00f3n, un batido de frutas o un t\u00e9 fr\u00edo.<\/p>\n\n\n\n<p><strong>Bellaverde<\/strong><\/p>\n\n\n\n<ul class=\"wp-block-list\">\n<li>Horario: de martes a domingo de 08:30 a 24:00 horas<\/li>\n\n\n\n<li>Ubicaci\u00f3n: Carrer de les Monges, 14, Pollen\u00e7a<\/li>\n<\/ul>\n\n\n\n<p>El restaurante Bellaverde destaca por ofrecer platos elaborados con verduras procedentes de la agricultura biol\u00f3gica y por disponer de un amplio men\u00fa donde las ensaladas y las&nbsp;<strong>recetas veganas y vegetarianas<\/strong>se combinan con deliciosos desayunos para comenzar el d\u00eda con energ\u00eda.<\/p>\n\n\n\n<p>Adem\u00e1s, durante el verano es posible descubrir las opciones veganas del restaurante Bellaverde en su bonito y acogedor jard\u00edn.<\/p>\n\n\n\n<h4 class=\"wp-block-heading\">Si est\u00e1s buscando una casa vacacional que est\u00e9 ubicada en Pollen\u00e7a te gustar\u00e1&nbsp;<a href=\"https:\/\/www.vacalia.com\/es\/casa-vacacional-dola-somni-pollenca-h18686\">Dol\u00e7 somni<\/a>, una vivienda tradicional mallorquina perfecta para descansar y desconectar durante unas vacaciones en la isla.<\/h4>\n\n\n\n<figure class=\"wp-block-image\"><img decoding=\"async\" width=\"1024\" height=\"711\" src=\"https:\/\/www.vacalia.com\/blog\/wp-content\/uploads\/2019\/01\/restaurantes-veganos-mallorca-2-1024x711.jpg\" alt=\"Opciones veganas para tus vacaciones en Mallorca\" class=\"wp-image-2323\" srcset=\"https:\/\/www.vacalia.com\/blog\/wp-content\/uploads\/2019\/01\/restaurantes-veganos-mallorca-2-1024x711.jpg 1024w, https:\/\/www.vacalia.com\/blog\/wp-content\/uploads\/2019\/01\/restaurantes-veganos-mallorca-2-300x208.jpg 300w, https:\/\/www.vacalia.com\/blog\/wp-content\/uploads\/2019\/01\/restaurantes-veganos-mallorca-2-768x533.jpg 768w\" sizes=\"(max-width: 1024px) 100vw, 1024px\" \/><\/figure>\n\n\n\n<p><strong>Tiendas veganas en Mallorca<\/strong><\/p>\n\n\n\n<p>Las tiendas veganas incluyen en su cat\u00e1logo de productos una amplia variedad de alimentos, cosm\u00e9ticos y art\u00edculos para el hogar que prescinden por completo de las sustancias de origen animal.<\/p>\n\n\n\n<p><strong><a href=\"https:\/\/lovegano.com\/es\/bienvenido\" target=\"_blank\" rel=\"noopener\">Lovegano<\/a><\/strong><strong><\/strong><\/p>\n\n\n\n<ul class=\"wp-block-list\">\n<li>Horario: lunes, martes, jueves y viernes de 10:00 a 14:00 horas y de 16:00 a 20:30 horas. Mi\u00e9rcoles de 16:00 a 20:30 horas y s\u00e1bados de 10:00 a 16:00 horas.<\/li>\n\n\n\n<li>Ubicaci\u00f3n: Carrer Caro, 34, Palma<\/li>\n<\/ul>\n\n\n\n<p>Se trata del primer supermercado vegano de Mallorca y de una tienda inaugurada en el a\u00f1o 2013 que cuenta con una gran diversidad de&nbsp;<strong>productos 100 % veganos&nbsp;<\/strong>tales como bebidas vegetales, superalimentos, art\u00edculos de cosm\u00e9tica y alimentos congelados.<\/p>\n\n\n\n<p>El supermercado&nbsp;<strong>Lovegano<\/strong>se encuentra ubicado en la calle Caro, en pleno centro de Palma, y dispone de una superficie de m\u00e1s de 150 metros cuadrados donde es posible encontrar alrededor de 2.000 productos veganos.<\/p>\n\n\n\n<figure class=\"wp-block-image\"><img loading=\"lazy\" decoding=\"async\" width=\"756\" height=\"1024\" src=\"https:\/\/www.vacalia.com\/blog\/wp-content\/uploads\/2019\/01\/vegan-restaurants-markets-2-756x1024.jpg\" alt=\"Opciones veganas para tus vacaciones en Mallorca\" class=\"wp-image-2324\" srcset=\"https:\/\/www.vacalia.com\/blog\/wp-content\/uploads\/2019\/01\/vegan-restaurants-markets-2-756x1024.jpg 756w, https:\/\/www.vacalia.com\/blog\/wp-content\/uploads\/2019\/01\/vegan-restaurants-markets-2-221x300.jpg 221w, https:\/\/www.vacalia.com\/blog\/wp-content\/uploads\/2019\/01\/vegan-restaurants-markets-2-768x1040.jpg 768w\" sizes=\"(max-width: 767px) 100vw, 756px\" \/><\/figure>\n\n\n\n<h4 class=\"wp-block-heading\">Dar un paseo por el centro de Palma tras haber adquirido tus productos veganos favoritos ser\u00e1 una magn\u00edfica idea, en especial si finalizas la traves\u00eda en Cala Major y te alojas en una casa vacacional como&nbsp;<a href=\"https:\/\/www.vacalia.com\/es\/villa-ca-na-salera-palma--h17114\">Ca Na Salera<\/a>.<\/h4>\n\n\n\n<p><strong>Ecoteca<\/strong><\/p>\n\n\n\n<ul class=\"wp-block-list\">\n<li>Horario: de lunes a s\u00e1bado de 10:00 a 14:00 horas y de 16:30 a 19:30 horas<\/li>\n\n\n\n<li>Ubicaci\u00f3n: Carrer del Centre, 6, Santany\u00ed<\/li>\n<\/ul>\n\n\n\n<p>El pueblo mallorqu\u00edn de&nbsp;<strong>Santany\u00ed<\/strong>no solo destaca por sus playas y calas de aguas cristalinas, sino tambi\u00e9n por contar con&nbsp;<strong>opciones veganas<\/strong>como Ecoteca.<\/p>\n\n\n\n<p>Se trata de una tienda dedicada a la venta de productos ecol\u00f3gicos, locales y de comercio justo y de un establecimiento donde los amantes del&nbsp;<strong>veganismo<\/strong>tienen la oportunidad de adquirir art\u00edculos veganos y sin gluten.<\/p>\n\n\n\n<h4 class=\"wp-block-heading\">Si vas a visitar Santany\u00ed puedes aprovechar sus opciones veganas, ba\u00f1arte en aguas de color azul turquesa y alojarte en una vivienda de piedra con piscina privada como&nbsp;<a href=\"https:\/\/www.vacalia.com\/es\/villa-cas-padrins-santanyi-h16931\">Escaire<\/a>.<\/h4>\n\n\n\n<figure class=\"wp-block-image\"><img loading=\"lazy\" decoding=\"async\" width=\"1024\" height=\"683\" src=\"https:\/\/www.vacalia.com\/blog\/wp-content\/uploads\/2019\/01\/Vegane-Optionen-Urlaub-auf-Mallorca-2-1024x683.jpg\" alt=\"Opciones veganas para tus vacaciones en Mallorca\" class=\"wp-image-2325\" srcset=\"https:\/\/www.vacalia.com\/blog\/wp-content\/uploads\/2019\/01\/Vegane-Optionen-Urlaub-auf-Mallorca-2-1024x683.jpg 1024w, https:\/\/www.vacalia.com\/blog\/wp-content\/uploads\/2019\/01\/Vegane-Optionen-Urlaub-auf-Mallorca-2-300x200.jpg 300w, https:\/\/www.vacalia.com\/blog\/wp-content\/uploads\/2019\/01\/Vegane-Optionen-Urlaub-auf-Mallorca-2-768x512.jpg 768w\" sizes=\"(max-width: 1024px) 100vw, 1024px\" \/><\/figure>\n\n\n\n<p><strong><em>Si quieres seguir conociendo las opciones veganas que ofrece la isla recuerda&nbsp;<a href=\"https:\/\/www.vacalia.com\/\">elegir una casa de vacaciones que se adapte a tus necesidades<\/a>&nbsp;y te permita relajarte durante tus vacaciones en Mallorca.<\/em><\/strong><\/p>\n\n\n<div class=\"bannerBlog\"><div class=\"new-card-houses\">\n    <div class=\"likeOut likeDivOut\" style=\"display:none\">\n        <a data-id=\"5620\" class=\"likeOut_button_red likeBtnFav\"\n            aria-label=\"Megusta Vacalia\"><\/a>\n    <\/div>\n    <figure>\n        <img loading=\"lazy\" decoding=\"async\" \n            loading=\"lazy\" width=\"301\" height=\"200\"\n            src=\"\/\/media.vacalia.com\/photo\/reformatwebpfolder\/350\/200\/5620\/thumb-middle\/5620_6b15bcc45ec18000b45438c71e1e4f7f.webp?v=21092023\"\n            alt=\"Horabaixa - Alquiler vacacional en Portopetro\"\/>\n                                                                        <div class=\"circleDiscount\">-29%<\/div>\n                        <\/figure>\n    <p itemprop=\"address\"><i class=\"ico-marker\"><\/i>Portopetro, Mallorca<\/p>\n    <h3 itemprop=\"name\">Horabaixa<\/h3>\n    <ul class=\"icon_list inline_list\">\n                              <li class=\"ico-pool\" title=\"Piscina\">\n              <span itemprop=\"amenityFeature\">Piscina<\/span>\n            <\/li>\n                      <li class=\"ico-airConditioning\" title=\"Aire Acondicionado\">\n              <span itemprop=\"amenityFeature\">Aire Acondicionado<\/span>\n            <\/li>\n                      <li class=\"ico-wifi\" title=\"Wifi\">\n              <span itemprop=\"amenityFeature\">Wifi<\/span>\n            <\/li>\n                          <li class=\"ico-guests\" title=\"Para 8 hu\u00e9spedes en Portopetro.\">\n          <span itemprop=\"occupancy\">8<\/span>\n        <\/li>\n    <\/ul>\n            <span class=\"price\">Desde 182\u20ac \/ noche<\/span>\n                <a itemprop=\"url\" class=\"anchor\" href=\"https:\/\/www.vacalia.com\/es\/villa-horabaixa-santanyi-h32107\" aria-label=\"Horabaixa\"><\/a>\n<\/div><div class=\"new-card-houses\">\n    <div class=\"likeOut likeDivOut\" style=\"display:none\">\n        <a data-id=\"1253\" class=\"likeOut_button_red likeBtnFav\"\n            aria-label=\"Megusta Vacalia\"><\/a>\n    <\/div>\n    <figure>\n        <img loading=\"lazy\" decoding=\"async\" \n            loading=\"lazy\" width=\"301\" height=\"200\"\n            src=\"\/\/media.vacalia.com\/photo\/reformatwebpfolder\/350\/200\/1253\/thumb-middle\/1253_73ee0030cc5f63b4eee7864a16f14001.webp?v=21092023\"\n            alt=\"Ca n&#039;abrines - Alquiler vacacional en Lloseta\"\/>\n                                                                        <div class=\"circleDiscount\">-19%<\/div>\n                        <\/figure>\n    <p itemprop=\"address\"><i class=\"ico-marker\"><\/i>Lloseta, Mallorca<\/p>\n    <h3 itemprop=\"name\">Ca n&#039;abrines<\/h3>\n    <ul class=\"icon_list inline_list\">\n                              <li class=\"ico-pool\" title=\"Piscina\">\n              <span itemprop=\"amenityFeature\">Piscina<\/span>\n            <\/li>\n                      <li class=\"ico-airConditioning\" title=\"Aire Acondicionado\">\n              <span itemprop=\"amenityFeature\">Aire Acondicionado<\/span>\n            <\/li>\n                      <li class=\"ico-wifi\" title=\"Wifi\">\n              <span itemprop=\"amenityFeature\">Wifi<\/span>\n            <\/li>\n                          <li class=\"ico-guests\" title=\"Para 6 hu\u00e9spedes en Lloseta.\">\n          <span itemprop=\"occupancy\">6<\/span>\n        <\/li>\n    <\/ul>\n            <span class=\"price\">Desde 121\u20ac \/ noche<\/span>\n                <a itemprop=\"url\" class=\"anchor\" href=\"https:\/\/www.vacalia.com\/es\/villa-ca-nabrines-lloseta-h15968\" aria-label=\"Ca n&#039;abrines\"><\/a>\n<\/div><\/div>\n","protected":false},"excerpt":{"rendered":"<p>Cada vez son m\u00e1s los residentes en la isla de&nbsp;Mallorcaque deciden abrir un negocio centrado en poner a disposici\u00f3n de los consumidores&nbsp;opciones veganasy productos de origen vegetal. Y es que&hellip;<\/p>\n","protected":false},"author":2,"featured_media":2326,"comment_status":"closed","ping_status":"open","sticky":false,"template":"","format":"standard","meta":{"_monsterinsights_skip_tracking":false,"_monsterinsights_sitenote_active":false,"_monsterinsights_sitenote_note":"","_monsterinsights_sitenote_category":0,"footnotes":""},"categories":[1],"tags":[],"class_list":["post-2321","post","type-post","status-publish","format-standard","has-post-thumbnail","hentry","category-general-es"],"_links":{"self":[{"href":"https:\/\/www.vacalia.com\/blog\/wp-json\/wp\/v2\/posts\/2321"}],"collection":[{"href":"https:\/\/www.vacalia.com\/blog\/wp-json\/wp\/v2\/posts"}],"about":[{"href":"https:\/\/www.vacalia.com\/blog\/wp-json\/wp\/v2\/types\/post"}],"author":[{"embeddable":true,"href":"https:\/\/www.vacalia.com\/blog\/wp-json\/wp\/v2\/users\/2"}],"replies":[{"embeddable":true,"href":"https:\/\/www.vacalia.com\/blog\/wp-json\/wp\/v2\/comments?post=2321"}],"version-history":[{"count":4,"href":"https:\/\/www.vacalia.com\/blog\/wp-json\/wp\/v2\/posts\/2321\/revisions"}],"predecessor-version":[{"id":4766,"href":"https:\/\/www.vacalia.com\/blog\/wp-json\/wp\/v2\/posts\/2321\/revisions\/4766"}],"wp:featuredmedia":[{"embeddable":true,"href":"https:\/\/www.vacalia.com\/blog\/wp-json\/wp\/v2\/media\/2326"}],"wp:attachment":[{"href":"https:\/\/www.vacalia.com\/blog\/wp-json\/wp\/v2\/media?parent=2321"}],"wp:term":[{"taxonomy":"category","embeddable":true,"href":"https:\/\/www.vacalia.com\/blog\/wp-json\/wp\/v2\/categories?post=2321"},{"taxonomy":"post_tag","embeddable":true,"href":"https:\/\/www.vacalia.com\/blog\/wp-json\/wp\/v2\/tags?post=2321"}],"curies":[{"name":"wp","href":"https:\/\/api.w.org\/{rel}","templated":true}]}}