{"id":2402,"date":"2019-02-13T09:22:50","date_gmt":"2019-02-13T09:22:50","guid":{"rendered":"https:\/\/www.vacalia.com\/blog\/?p=2402"},"modified":"2024-02-14T11:17:27","modified_gmt":"2024-02-14T10:17:27","slug":"fiestas-verano-junio-mallorca","status":"publish","type":"post","link":"https:\/\/www.vacalia.com\/blog\/es\/fiestas-verano-junio-mallorca\/","title":{"rendered":"Fiestas de verano tradicionales que se celebran en Mallorca en el mes de junio"},"content":{"rendered":"\n<p>Las <strong>fiestas de verano tradicionales que se celebran en Mallorca<\/strong> durante el mes de junio permiten conocer mejor las costumbres de la isla y disfrutar de su gastronom\u00eda, su gente y sus agradables temperaturas.<\/p>\n\n\n\n<p>Y m\u00e1s a\u00fan cuando se combinan con <strong>casas de vacaciones con piscina<\/strong>, ideales para paliar el calor y contemplar unas vistas tan espectaculares como las que ofrece <a href=\"https:\/\/www.vacalia.com\/es\/villa-can-corro-alcudia-h14546\"><strong>Can Corro<\/strong><\/a>, una vivienda vacacional situada en Alcudia.<\/p>\n\n\n\n<figure class=\"wp-block-image\"><img fetchpriority=\"high\" decoding=\"async\" width=\"671\" height=\"301\" src=\"https:\/\/www.vacalia.com\/blog\/wp-content\/uploads\/2019\/02\/ES_FiestasTradicionalesblog_Vacalia-1.png\" alt=\"Fiestas de verano en Mallorca\" class=\"wp-image-2404\" srcset=\"https:\/\/www.vacalia.com\/blog\/wp-content\/uploads\/2019\/02\/ES_FiestasTradicionalesblog_Vacalia-1.png 671w, https:\/\/www.vacalia.com\/blog\/wp-content\/uploads\/2019\/02\/ES_FiestasTradicionalesblog_Vacalia-1-300x135.png 300w, https:\/\/www.vacalia.com\/blog\/wp-content\/uploads\/2019\/02\/ES_FiestasTradicionalesblog_Vacalia-1-670x300.png 670w\" sizes=\"(max-width: 767px) 100vw, 671px\" \/><\/figure>\n\n\n\n<p>Un alojamiento de estas caracter\u00edsticas se merece unas vacaciones por todo lo alto que impliquen disfrutar de las <strong>fiestas de verano tradicionales de Mallorca<\/strong> que se celebran a lo largo del mes de junio en los diversos pueblos de la isla.<\/p>\n\n\n\n<h4 class=\"wp-block-heading\">Fiestas de verano tradicionales que se celebran en Mallorca durante el mes de junio<\/h4>\n\n\n\n<p>Esta isla del archipi\u00e9lago balear acoge, a lo largo del a\u00f1o, una amplia variedad de <a href=\"https:\/\/www.vacalia.com\/blog\/es\/fiestas-de-mallorca\/\"><strong>fiestas que no te puedes perder<\/strong><\/a> si vas a alquilar una casa de vacaciones en Mallorca y quieres que tu escapada sea perfecta.<\/p>\n\n\n\n<h4 class=\"wp-block-heading\"><strong>Tapes amb t\u00e0peres, una fiesta tradicional que se celebra en Llub\u00ed<\/strong><\/h4>\n\n\n\n<p>La <strong>alcaparra<\/strong>, m\u00e1s conocida en la isla con el nombre de <em>t\u00e0pera<\/em>, es un condimento caracter\u00edstico del pueblo de Llub\u00ed, situado en la zona central de la isla.<\/p>\n\n\n\n<p>Durante el mes de junio, el Ayuntamiento de Llub\u00ed organiza <strong>Tapes amb t\u00e0peres<\/strong>, una fiesta tradicional a la que se unen diversos bares y restaurantes que ponen a disposici\u00f3n de los visitantes tapas muy elaboradas donde la alcaparra es la gran protagonista.<\/p>\n\n\n\n<h4 class=\"wp-block-heading\"><strong>Fira del pa amb oli, una fiesta tradicional que se celebra en Montu\u00efri<\/strong><\/h4>\n\n\n\n<p>El Pa amb oli es un <strong>plato t\u00edpico de Mallorca<\/strong> que todos los visitantes deber\u00edan probar y que se compone de pan moreno, aceite de oliva, tomate natural y embutidos como el queso o la sobrasada.<\/p>\n\n\n\n<p>Si vas a aprovechar tu estancia en una casa vacacional en Mallorca para disfrutar de las fiestas de verano tradicionales que se celebran en junio, no podr\u00e1s perderte la <strong>Fira del pa amb oli <\/strong>que tiene lugar en Montu\u00efri y que anima a los propietarios de bares y restaurantes del pueblo a sorprender a todos los asistentes con pa amb olis de lo m\u00e1s diversos.<\/p>\n\n\n\n<h4 class=\"wp-block-heading\"><strong><em>Una vez que hayas saciado tu apetito con un delicioso \u2018pa amb oli\u2019, te recomendamosque disfrutes de un merecido descanso en una casa de vacaciones con piscina privada como <\/em><\/strong><a href=\"https:\/\/www.vacalia.com\/es\/villa-son-roca-montuiri-h19790\"><strong><em>Banyaverda<\/em><\/strong><\/a><strong><em>,un alojamiento situado en Montu\u00efri que ofrece unas fant\u00e1sticas vistas a las monta\u00f1as.<\/em><\/strong><\/h4>\n\n\n\n<figure class=\"wp-block-image\"><img decoding=\"async\" width=\"1024\" height=\"678\" src=\"https:\/\/www.vacalia.com\/blog\/wp-content\/uploads\/2019\/02\/2879_95f8f59f4ae1eb54ee64bfac22bde901-1024x678.jpg\" alt=\"Casa para fiestas de verano en Mallorca\" class=\"wp-image-2405\" srcset=\"https:\/\/www.vacalia.com\/blog\/wp-content\/uploads\/2019\/02\/2879_95f8f59f4ae1eb54ee64bfac22bde901-1024x678.jpg 1024w, https:\/\/www.vacalia.com\/blog\/wp-content\/uploads\/2019\/02\/2879_95f8f59f4ae1eb54ee64bfac22bde901-300x199.jpg 300w, https:\/\/www.vacalia.com\/blog\/wp-content\/uploads\/2019\/02\/2879_95f8f59f4ae1eb54ee64bfac22bde901-768x509.jpg 768w\" sizes=\"(max-width: 1024px) 100vw, 1024px\" \/><\/figure>\n\n\n\n<h4 class=\"wp-block-heading\"><strong>Fira de ses Herbes, una fiesta tradicional que se celebra en Selva<\/strong><\/h4>\n\n\n\n<p>A principios de junio se festeja en Selva la Fira de ses Herbes,una celebraci\u00f3n dedicada a las hierbas y plantas que durante siglos se han cultivado en este municipio mallorqu\u00edn.<\/p>\n\n\n\n<p>Las personas que acuden a la feria tienen la oportunidad de conocer los usos de las hierbas de Selva en la <strong>cocina, la medicina natural y los productos cosm\u00e9ticos<\/strong> a trav\u00e9s de un evento que se ha convertido en uno de los m\u00e1s m\u00e1gicos de la isla.<\/p>\n\n\n\n<h4 class=\"wp-block-heading\"><strong><em>Las hierbas y plantas tradicionales de Selva se combinan con alojamientos vacacionales tan espectaculares como <\/em><\/strong><a href=\"https:\/\/www.vacalia.com\/es\/villa-sa-garriga-de-can-barratot-selva-h16442\"><strong><em>Rondalla<\/em><\/strong><\/a><strong><em>, una casa con piscina de sal completamente privada que est\u00e1 ubicada a los pies de la Sierra de Tramuntana. <\/em><\/strong><\/h4>\n\n\n\n<figure class=\"wp-block-image\"><img decoding=\"async\" width=\"1024\" height=\"684\" src=\"https:\/\/www.vacalia.com\/blog\/wp-content\/uploads\/2019\/02\/1546_54fde99106cb0af1d8e4741844cacc79-1024x684.jpg\" alt=\"Pueblo a los pies de la Sierra de Tramontana en Mallorca\" class=\"wp-image-2406\" srcset=\"https:\/\/www.vacalia.com\/blog\/wp-content\/uploads\/2019\/02\/1546_54fde99106cb0af1d8e4741844cacc79-1024x684.jpg 1024w, https:\/\/www.vacalia.com\/blog\/wp-content\/uploads\/2019\/02\/1546_54fde99106cb0af1d8e4741844cacc79-300x200.jpg 300w, https:\/\/www.vacalia.com\/blog\/wp-content\/uploads\/2019\/02\/1546_54fde99106cb0af1d8e4741844cacc79-768x513.jpg 768w\" sizes=\"(max-width: 1024px) 100vw, 1024px\" \/><\/figure>\n\n\n\n<h4 class=\"wp-block-heading\"><strong>Sant Joan, una fiesta tradicional que se celebra en varios municipios de Mallorca<\/strong><\/h4>\n\n\n\n<p>La <strong>noche del 23 de junio<\/strong> los municipios de Mallorca se llenan de hogueras, bailes y buenos deseos para celebrar la famosa fiesta de Sant Joan (San Juan) y dar la bienvenida al solsticio de verano a trav\u00e9s de una festividad plagada de magia.<\/p>\n\n\n\n<p>Algunos de los enclaves mallorquines que viven con mayor intensidad esta fiesta tradicional son <strong>Mancor de la Vall, Dei\u00e0, Son Servera y Muro<\/strong>, donde <strong>San Juan Bautista<\/strong> es el patr\u00f3n. La capital de la isla tampoco se queda atr\u00e1s, ya que en <strong>Palma<\/strong> se organiza el \u2018correfoc\u2019, un acontecimiento protagonizado por demonios y espect\u00e1culos de fuego.<\/p>\n\n\n\n<h4 class=\"wp-block-heading\"><strong><em>An\u00edmate a conocer las fiestas de verano tradicionales que se celebran en la isla durante el mes de junio y elige las <\/em><\/strong><a href=\"https:\/\/www.vacalia.com\/es\"><strong><em>mejores casas de vacaciones en Mallorca<\/em><\/strong><\/a><strong><em> si deseas disfrutar de un viaje inolvidable.<\/em><\/strong><\/h4>\n\n\n<div class=\"bannerBlog\"><div class=\"new-card-houses\">\n    <div class=\"likeOut likeDivOut\" style=\"display:none\">\n        <a data-id=\"1817\" class=\"likeOut_button_red likeBtnFav\"\n            aria-label=\"Megusta Vacalia\"><\/a>\n    <\/div>\n    <figure>\n        <img loading=\"lazy\" decoding=\"async\" \n            loading=\"lazy\" width=\"301\" height=\"200\"\n            src=\"\/\/media.vacalia.com\/photo\/reformatwebpfolder\/350\/200\/1817\/thumb-middle\/1817_e92e20576cb0358c76c797f6f073a768.webp?v=21092023\"\n            alt=\"Can respira - Alquiler vacacional en Santa Margalida\"\/>\n                                                                        <div class=\"circleDiscount\">-5%<\/div>\n                        <\/figure>\n    <p itemprop=\"address\"><i class=\"ico-marker\"><\/i>Santa Margalida, Mallorca<\/p>\n    <h3 itemprop=\"name\">Can respira<\/h3>\n    <ul class=\"icon_list inline_list\">\n                              <li class=\"ico-pool\" title=\"Piscina\">\n              <span itemprop=\"amenityFeature\">Piscina<\/span>\n            <\/li>\n                      <li class=\"ico-airConditioning\" title=\"Aire Acondicionado\">\n              <span itemprop=\"amenityFeature\">Aire Acondicionado<\/span>\n            <\/li>\n                      <li class=\"ico-wifi\" title=\"Wifi\">\n              <span itemprop=\"amenityFeature\">Wifi<\/span>\n            <\/li>\n                          <li class=\"ico-guests\" title=\"Para 6 hu\u00e9spedes en Santa Margalida.\">\n          <span itemprop=\"occupancy\">6<\/span>\n        <\/li>\n    <\/ul>\n            <span class=\"price\">Desde 283\u20ac \/ noche<\/span>\n                <a itemprop=\"url\" class=\"anchor\" href=\"https:\/\/www.vacalia.com\/es\/villa-can-respira-santa-margalida-h16940\" aria-label=\"Can respira\"><\/a>\n<\/div><div class=\"new-card-houses\">\n    <div class=\"likeOut likeDivOut\" style=\"display:none\">\n        <a data-id=\"4120\" class=\"likeOut_button_red likeBtnFav\"\n            aria-label=\"Megusta Vacalia\"><\/a>\n    <\/div>\n    <figure>\n        <img loading=\"lazy\" decoding=\"async\" \n            loading=\"lazy\" width=\"301\" height=\"200\"\n            src=\"\/\/media.vacalia.com\/photo\/reformatwebpfolder\/350\/200\/4120\/thumb-middle\/4120_2fb8882c48f603fc8ee9010a19b2955e.webp?v=21092023\"\n            alt=\"Sa caseta (b\u00fager) - Alquiler vacacional en B\u00fager\"\/>\n                                                                        <div class=\"circleDiscount\">-11%<\/div>\n                        <\/figure>\n    <p itemprop=\"address\"><i class=\"ico-marker\"><\/i>B\u00fager, Mallorca<\/p>\n    <h3 itemprop=\"name\">Sa caseta (b\u00fager)<\/h3>\n    <ul class=\"icon_list inline_list\">\n                              <li class=\"ico-pool\" title=\"Piscina\">\n              <span itemprop=\"amenityFeature\">Piscina<\/span>\n            <\/li>\n                      <li class=\"ico-airConditioning\" title=\"Aire Acondicionado\">\n              <span itemprop=\"amenityFeature\">Aire Acondicionado<\/span>\n            <\/li>\n                      <li class=\"ico-wifi\" title=\"Wifi\">\n              <span itemprop=\"amenityFeature\">Wifi<\/span>\n            <\/li>\n                          <li class=\"ico-guests\" title=\"Para 4 hu\u00e9spedes en B\u00fager.\">\n          <span itemprop=\"occupancy\">4<\/span>\n        <\/li>\n    <\/ul>\n            <span class=\"price\">Desde 89\u20ac \/ noche<\/span>\n                <a itemprop=\"url\" class=\"anchor\" href=\"https:\/\/www.vacalia.com\/es\/casa-vacacional-sa-caseta-buger-buger-h25791\" aria-label=\"Sa caseta (b\u00fager)\"><\/a>\n<\/div><\/div>\n","protected":false},"excerpt":{"rendered":"<p>Las fiestas de verano tradicionales que se celebran en Mallorca durante el mes de junio permiten conocer mejor las costumbres de la isla y disfrutar de su gastronom\u00eda, su gente&hellip;<\/p>\n","protected":false},"author":2,"featured_media":2403,"comment_status":"closed","ping_status":"open","sticky":false,"template":"","format":"standard","meta":{"_monsterinsights_skip_tracking":false,"_monsterinsights_sitenote_active":false,"_monsterinsights_sitenote_note":"","_monsterinsights_sitenote_category":0,"footnotes":""},"categories":[1],"tags":[],"class_list":["post-2402","post","type-post","status-publish","format-standard","has-post-thumbnail","hentry","category-general-es"],"_links":{"self":[{"href":"https:\/\/www.vacalia.com\/blog\/wp-json\/wp\/v2\/posts\/2402"}],"collection":[{"href":"https:\/\/www.vacalia.com\/blog\/wp-json\/wp\/v2\/posts"}],"about":[{"href":"https:\/\/www.vacalia.com\/blog\/wp-json\/wp\/v2\/types\/post"}],"author":[{"embeddable":true,"href":"https:\/\/www.vacalia.com\/blog\/wp-json\/wp\/v2\/users\/2"}],"replies":[{"embeddable":true,"href":"https:\/\/www.vacalia.com\/blog\/wp-json\/wp\/v2\/comments?post=2402"}],"version-history":[{"count":5,"href":"https:\/\/www.vacalia.com\/blog\/wp-json\/wp\/v2\/posts\/2402\/revisions"}],"predecessor-version":[{"id":4763,"href":"https:\/\/www.vacalia.com\/blog\/wp-json\/wp\/v2\/posts\/2402\/revisions\/4763"}],"wp:featuredmedia":[{"embeddable":true,"href":"https:\/\/www.vacalia.com\/blog\/wp-json\/wp\/v2\/media\/2403"}],"wp:attachment":[{"href":"https:\/\/www.vacalia.com\/blog\/wp-json\/wp\/v2\/media?parent=2402"}],"wp:term":[{"taxonomy":"category","embeddable":true,"href":"https:\/\/www.vacalia.com\/blog\/wp-json\/wp\/v2\/categories?post=2402"},{"taxonomy":"post_tag","embeddable":true,"href":"https:\/\/www.vacalia.com\/blog\/wp-json\/wp\/v2\/tags?post=2402"}],"curies":[{"name":"wp","href":"https:\/\/api.w.org\/{rel}","templated":true}]}}