{"id":2513,"date":"2019-03-20T12:17:58","date_gmt":"2019-03-20T12:17:58","guid":{"rendered":"https:\/\/www.vacalia.com\/blog\/?p=2513"},"modified":"2025-07-08T09:29:24","modified_gmt":"2025-07-08T07:29:24","slug":"fiestas-de-verano-en-mallorca-que-no-te-puedes-perder-durante-el-mes-de-julio","status":"publish","type":"post","link":"https:\/\/www.vacalia.com\/blog\/es\/fiestas-de-verano-en-mallorca-que-no-te-puedes-perder-durante-el-mes-de-julio\/","title":{"rendered":"Fiestas de verano en Mallorca que no te puedes perder durante el mes de julio"},"content":{"rendered":"\n<p>El mes de <strong>julio<\/strong> es perfecto para disfrutar de <strong>fiestas de verano en<\/strong> <strong>Mallorca<\/strong>, ya que las c\u00e1lidas temperaturas se combinan con noches llenas de magia y con una agradable brisa marina, que hacen de tu estancia un para\u00edso.<\/p>\n\n\n\n<p>Muchas de las personas que deciden pasar buena parte del verano en la isla y <strong>alquilar una casa de vacaciones<\/strong> <strong>en Mallorca<\/strong>, deciden combinar las <a href=\"https:\/\/www.vacalia.com\/blog\/es\/fiestas-verano-junio-mallorca\/\"><strong>fiestas de verano tradicionales que se festejan en junio<\/strong><\/a> con los eventos que tienen lugar durante el mes siguiente.<\/p>\n\n\n\n<figure class=\"wp-block-image\"><img fetchpriority=\"high\" decoding=\"async\" width=\"671\" height=\"301\" src=\"https:\/\/www.vacalia.com\/blog\/wp-content\/uploads\/2019\/03\/ES_FiestasVeranoblog_Vacalia-1.jpg\" alt=\"Fiestas de verano en Mallorca que no te puedes perder durante el mes de julio\" class=\"wp-image-2515\" srcset=\"https:\/\/www.vacalia.com\/blog\/wp-content\/uploads\/2019\/03\/ES_FiestasVeranoblog_Vacalia-1.jpg 671w, https:\/\/www.vacalia.com\/blog\/wp-content\/uploads\/2019\/03\/ES_FiestasVeranoblog_Vacalia-1-300x135.jpg 300w, https:\/\/www.vacalia.com\/blog\/wp-content\/uploads\/2019\/03\/ES_FiestasVeranoblog_Vacalia-1-670x300.jpg 670w\" sizes=\"(max-width: 767px) 100vw, 671px\" \/><\/figure>\n\n\n\n<h2 class=\"wp-block-heading has-medium-font-size\">Fiestas de verano en Mallorca durante el mes de julio<\/h2>\n\n\n\n<p>Son muchos los municipios de Mallorca que organizan <strong>fiestas de verano durante el mes de julio<\/strong> donde se mezclan exquisitas delicias gastron\u00f3micas con diversi\u00f3n, actividades y costumbres propias de la isla.<\/p>\n\n\n\n<h2 class=\"wp-block-heading has-medium-font-size\"><strong>Fiesta tradicional de Sant Victori\u00e0, Campanet<\/strong><\/h2>\n\n\n\n<p>El municipio de <strong>Campanet<\/strong> se llena de personas que buscan disfrutar de instantes muy divertidos durante las <strong>fiestas de Sant Victori\u00e0<\/strong>, perfectas para pasar un buen rato en compa\u00f1\u00eda de toda la familia durante la primera semana del mes de julio.<\/p>\n\n\n\n<p>Acudir a Campanet durante esta \u00e9poca del a\u00f1o permite dejarse caer por sus <strong>fiestas tradicionales<\/strong> y combinarlas con una <strong>excursi\u00f3n al<\/strong> <strong>Puig de Santa Magdalena<\/strong>, ubicado a poco m\u00e1s de diez kil\u00f3metros del pueblo e ideal para contemplar unas vistas panor\u00e1micas de Mallorca.<\/p>\n\n\n\n<h4 class=\"wp-block-heading\"><strong><em>Una jornada de fiestas y excursiones se merece un final en una casa de vacaciones tan id\u00edlica como <\/em><\/strong><a href=\"https:\/\/www.vacalia.com\/es\/villa-massanet-campanet-h15335\"><strong><em>Massanet<\/em><\/strong><\/a><strong><em>, ubicada en Campanet, que se compone de tres terrazas con imponentes vistas.<\/em><\/strong><\/h4>\n\n\n\n<figure class=\"wp-block-image\"><img decoding=\"async\" width=\"1024\" height=\"681\" src=\"https:\/\/www.vacalia.com\/blog\/wp-content\/uploads\/2019\/03\/21-1-A0900IGM03-1-A0900IGM03-1024x681.jpg\" alt=\"Fiestas de verano en julio en Mallorca\" class=\"wp-image-2516\" srcset=\"https:\/\/www.vacalia.com\/blog\/wp-content\/uploads\/2019\/03\/21-1-A0900IGM03-1-A0900IGM03-1024x681.jpg 1024w, https:\/\/www.vacalia.com\/blog\/wp-content\/uploads\/2019\/03\/21-1-A0900IGM03-1-A0900IGM03-300x199.jpg 300w, https:\/\/www.vacalia.com\/blog\/wp-content\/uploads\/2019\/03\/21-1-A0900IGM03-1-A0900IGM03-768x511.jpg 768w\" sizes=\"(max-width: 1024px) 100vw, 1024px\" \/><\/figure>\n\n\n\n<h2 class=\"wp-block-heading has-medium-font-size\"><strong>Fiesta tradicional de Sant Crist\u00f2fol, S\u2019Arenal de Llucmajor<\/strong><\/h2>\n\n\n\n<p>A principios del mes de julio, residentes en Mallorca y personas que visitan la isla se re\u00fanen en <strong>S\u2019Arenal de Llucmajor<\/strong> para celebrar las&nbsp;<strong>fiestas patronales<\/strong>, compuestas por concursos, correfocs, muestras de baile y juegos infantiles, entre otras muchas actividades.<\/p>\n\n\n\n<p>Muy cerca de Llucmajor encontramos <strong>Randa<\/strong>, una peque\u00f1a localidad con mucho encanto y <strong>calles empedradas, molinos de viento y una iglesia parroquial del siglo XVIII<\/strong> fant\u00e1stica para pasear y disfrutar de instantes de relax.<\/p>\n\n\n\n<h4 class=\"wp-block-heading\"><strong><em>Si quieres alquilar una casa vacacional con piscina en Mallorca que est\u00e9 situada en Llucmajor no hay duda de que te encantar\u00e1 <\/em><\/strong><a href=\"https:\/\/www.vacalia.com\/es\/villa-ca-na-cati-llucmajor-h17591\"><strong><em>Katina<\/em><\/strong><\/a><strong><em>, una vivienda que cuenta con una gran piscina privada perfecta para los meses de verano.<\/em><\/strong><\/h4>\n\n\n\n<figure class=\"wp-block-image\"><img decoding=\"async\" width=\"1024\" height=\"678\" src=\"https:\/\/www.vacalia.com\/blog\/wp-content\/uploads\/2019\/03\/2132_83ff9dcb2d9eadf5833eaf6e5eba4fb7-1024x678.jpg\" alt=\"Fiestas de verano en Mallorca\" class=\"wp-image-2517\" srcset=\"https:\/\/www.vacalia.com\/blog\/wp-content\/uploads\/2019\/03\/2132_83ff9dcb2d9eadf5833eaf6e5eba4fb7-1024x678.jpg 1024w, https:\/\/www.vacalia.com\/blog\/wp-content\/uploads\/2019\/03\/2132_83ff9dcb2d9eadf5833eaf6e5eba4fb7-300x199.jpg 300w, https:\/\/www.vacalia.com\/blog\/wp-content\/uploads\/2019\/03\/2132_83ff9dcb2d9eadf5833eaf6e5eba4fb7-768x509.jpg 768w\" sizes=\"(max-width: 1024px) 100vw, 1024px\" \/><\/figure>\n\n\n\n<h2 class=\"wp-block-heading has-medium-font-size\"><strong>Concierto de verano en el Torrent de Pareis<\/strong><\/h2>\n\n\n\n<p>El <strong>Torrent de Pareis<\/strong> es un peque\u00f1o tesoro de la naturaleza ubicado en el <strong>noroeste de Mallorca<\/strong> donde cada primer domingo de julio se celebra un concierto que combina la inigualable belleza de este escenario con su peculiar ac\u00fastica.<\/p>\n\n\n\n<p>Esta <strong>fiesta de verano tradicional<\/strong> se celebra desde el a\u00f1o 1964 y ofrece m\u00fasica jazz, cl\u00e1sica y g\u00f3spel. \u00bfUna buena forma de disfrutarla al m\u00e1ximo?Acudir al concierto despu\u00e9s de haber sumergido el cuerpo en las <strong>cristalinas aguas de Sa Calobra<\/strong>.<\/p>\n\n\n\n<h2 class=\"wp-block-heading has-medium-font-size\"><strong>Fiesta tradicional de Son Serra de Marina, Santa Margalida<\/strong><\/h2>\n\n\n\n<p>Los viajeros que deciden <strong>alquilar una casa de vacaciones en Mallorca&nbsp;<\/strong>durante el verano pueden disfrutar de las <strong>fiestas de Son Serra de Marina<\/strong>, a finales de julio. Ofrecen un programa de actividades muy variado y divertido, con carreras populares, concursos gastron\u00f3micos, cenas al aire libre y muchas otras propuestas.<\/p>\n\n\n\n<p><strong>Santa Margalida<\/strong> tambi\u00e9n sorprende a turistas y residentes en la isla con <strong>playas como Es Capellans<\/strong>, famosa porsus limpias <strong>aguas de color turquesa<\/strong>, sus dunas y algunos <strong>chiringuitos perfectos<\/strong> para saciar los paladares m\u00e1s exigentes tras un agradable ba\u00f1o.<\/p>\n\n\n\n<figure class=\"wp-block-image\"><img loading=\"lazy\" decoding=\"async\" width=\"1024\" height=\"683\" src=\"https:\/\/www.vacalia.com\/blog\/wp-content\/uploads\/2019\/03\/2550_0431ed013415345adc85ea10a1cab19c-1024x683.jpg\" alt=\"Fiestas de verano en Mallorca\" class=\"wp-image-2518\" srcset=\"https:\/\/www.vacalia.com\/blog\/wp-content\/uploads\/2019\/03\/2550_0431ed013415345adc85ea10a1cab19c-1024x683.jpg 1024w, https:\/\/www.vacalia.com\/blog\/wp-content\/uploads\/2019\/03\/2550_0431ed013415345adc85ea10a1cab19c-300x200.jpg 300w, https:\/\/www.vacalia.com\/blog\/wp-content\/uploads\/2019\/03\/2550_0431ed013415345adc85ea10a1cab19c-768x512.jpg 768w\" sizes=\"(max-width: 1024px) 100vw, 1024px\" \/><\/figure>\n\n\n\n<h4 class=\"wp-block-heading\"><strong><em>\u00bfEst\u00e1s buscando casas de vacaciones en Mallorca en Son Serra de Marina? En ese caso, ideal alojarse en <\/em><\/strong><a href=\"https:\/\/www.vacalia.com\/es\/casa-vacacional-can-ramis-santa-margalida-h18449\"><strong><em>Can Ramis<\/em><\/strong><\/a><strong><em>, un chalet donde podr\u00e1s disfrutar de barbacoas, tomar el sol \u00a1y desconectar al m\u00e1ximo!<\/em><\/strong><\/h4>\n\n\n\n<h4 class=\"wp-block-heading\"><strong><em>Si quieres pasarlo en grande en las fiestas de verano que se celebran en la isla durante el mes de julio, no olvides que ser\u00e1 muy importante que te acuerdes de alquilar una <\/em><\/strong><a href=\"https:\/\/www.vacalia.com\/es\"><strong><em>casa de vacaciones en Mallorca<\/em><\/strong><\/a><strong><em> &nbsp;que disponga de todo lo necesario para disfrutar de una estancia llena de magia.<\/em><\/strong><\/h4>\n\n\n<div class=\"bannerBlog\"><div class=\"new-card-houses\">\n    <div class=\"likeOut likeDivOut\" style=\"display:none\">\n        <a data-id=\"5018\" class=\"likeOut_button_red likeBtnFav\"\n            aria-label=\"Megusta Vacalia\"><\/a>\n    <\/div>\n    <figure>\n        <img loading=\"lazy\" decoding=\"async\" \n            loading=\"lazy\" width=\"301\" height=\"200\"\n            src=\"\/\/media.vacalia.com\/photo\/reformatwebpfolder\/350\/200\/5018\/thumb-middle\/5018_4b204103ad907c7af968bde6ffe50de4.webp?v=21092023\"\n            alt=\"Gossalba - Alquiler vacacional en Sant Joan\"\/>\n                                                                        <div class=\"circleDiscount\">-8%<\/div>\n                        <\/figure>\n    <p itemprop=\"address\"><i class=\"ico-marker\"><\/i>Sant Joan, Mallorca<\/p>\n    <h3 itemprop=\"name\">Gossalba<\/h3>\n    <ul class=\"icon_list inline_list\">\n                              <li class=\"ico-pool\" title=\"Piscina\">\n              <span itemprop=\"amenityFeature\">Piscina<\/span>\n            <\/li>\n                      <li class=\"ico-airConditioning\" title=\"Aire Acondicionado\">\n              <span itemprop=\"amenityFeature\">Aire Acondicionado<\/span>\n            <\/li>\n                      <li class=\"ico-wifi\" title=\"Wifi\">\n              <span itemprop=\"amenityFeature\">Wifi<\/span>\n            <\/li>\n                          <li class=\"ico-guests\" title=\"Para 2 hu\u00e9spedes en Sant Joan.\">\n          <span itemprop=\"occupancy\">2<\/span>\n        <\/li>\n    <\/ul>\n            <span class=\"price\">Desde 163\u20ac \/ noche<\/span>\n                <a itemprop=\"url\" class=\"anchor\" href=\"https:\/\/www.vacalia.com\/es\/habitacion-de-hotel-gossalba-sant-joan-h29338\" aria-label=\"Gossalba\"><\/a>\n<\/div><div class=\"new-card-houses\">\n    <div class=\"likeOut likeDivOut\" style=\"display:none\">\n        <a data-id=\"341\" class=\"likeOut_button_red likeBtnFav\"\n            aria-label=\"Megusta Vacalia\"><\/a>\n    <\/div>\n    <figure>\n        <img loading=\"lazy\" decoding=\"async\" \n            loading=\"lazy\" width=\"301\" height=\"200\"\n            src=\"\/\/media.vacalia.com\/photo\/reformatwebpfolder\/350\/200\/341\/thumb-middle\/341_46d25439d4c3c49b02000dba5e64e4f7.webp?v=21092023\"\n            alt=\"Es closet - Alquiler vacacional en Selva\"\/>\n                                                                        <div class=\"circleDiscount\">-7%<\/div>\n                        <\/figure>\n    <p itemprop=\"address\"><i class=\"ico-marker\"><\/i>Selva, Mallorca<\/p>\n    <h3 itemprop=\"name\">Es closet<\/h3>\n    <ul class=\"icon_list inline_list\">\n                              <li class=\"ico-pool\" title=\"Piscina\">\n              <span itemprop=\"amenityFeature\">Piscina<\/span>\n            <\/li>\n                      <li class=\"ico-airConditioning\" title=\"Aire Acondicionado\">\n              <span itemprop=\"amenityFeature\">Aire Acondicionado<\/span>\n            <\/li>\n                      <li class=\"ico-wifi\" title=\"Wifi\">\n              <span itemprop=\"amenityFeature\">Wifi<\/span>\n            <\/li>\n                          <li class=\"ico-guests\" title=\"Para 6 hu\u00e9spedes en Selva.\">\n          <span itemprop=\"occupancy\">6<\/span>\n        <\/li>\n    <\/ul>\n            <span class=\"price\">Desde 255\u20ac \/ noche<\/span>\n                <a itemprop=\"url\" class=\"anchor\" href=\"https:\/\/www.vacalia.com\/es\/villa-es-closet-selva-h15152\" aria-label=\"Es closet\"><\/a>\n<\/div><\/div>\n","protected":false},"excerpt":{"rendered":"<p>El mes de julio es perfecto para disfrutar de fiestas de verano en Mallorca, ya que las c\u00e1lidas temperaturas se combinan con noches llenas de magia y con una agradable&hellip;<\/p>\n","protected":false},"author":2,"featured_media":2514,"comment_status":"closed","ping_status":"open","sticky":false,"template":"","format":"standard","meta":{"_monsterinsights_skip_tracking":false,"_monsterinsights_sitenote_active":false,"_monsterinsights_sitenote_note":"","_monsterinsights_sitenote_category":0,"footnotes":""},"categories":[1],"tags":[],"class_list":["post-2513","post","type-post","status-publish","format-standard","has-post-thumbnail","hentry","category-general-es"],"_links":{"self":[{"href":"https:\/\/www.vacalia.com\/blog\/wp-json\/wp\/v2\/posts\/2513"}],"collection":[{"href":"https:\/\/www.vacalia.com\/blog\/wp-json\/wp\/v2\/posts"}],"about":[{"href":"https:\/\/www.vacalia.com\/blog\/wp-json\/wp\/v2\/types\/post"}],"author":[{"embeddable":true,"href":"https:\/\/www.vacalia.com\/blog\/wp-json\/wp\/v2\/users\/2"}],"replies":[{"embeddable":true,"href":"https:\/\/www.vacalia.com\/blog\/wp-json\/wp\/v2\/comments?post=2513"}],"version-history":[{"count":5,"href":"https:\/\/www.vacalia.com\/blog\/wp-json\/wp\/v2\/posts\/2513\/revisions"}],"predecessor-version":[{"id":7520,"href":"https:\/\/www.vacalia.com\/blog\/wp-json\/wp\/v2\/posts\/2513\/revisions\/7520"}],"wp:featuredmedia":[{"embeddable":true,"href":"https:\/\/www.vacalia.com\/blog\/wp-json\/wp\/v2\/media\/2514"}],"wp:attachment":[{"href":"https:\/\/www.vacalia.com\/blog\/wp-json\/wp\/v2\/media?parent=2513"}],"wp:term":[{"taxonomy":"category","embeddable":true,"href":"https:\/\/www.vacalia.com\/blog\/wp-json\/wp\/v2\/categories?post=2513"},{"taxonomy":"post_tag","embeddable":true,"href":"https:\/\/www.vacalia.com\/blog\/wp-json\/wp\/v2\/tags?post=2513"}],"curies":[{"name":"wp","href":"https:\/\/api.w.org\/{rel}","templated":true}]}}