{"id":2539,"date":"2019-03-27T10:39:47","date_gmt":"2019-03-27T10:39:47","guid":{"rendered":"https:\/\/www.vacalia.com\/blog\/?p=2539"},"modified":"2024-02-14T12:58:17","modified_gmt":"2024-02-14T11:58:17","slug":"die-besten-haeuser-um-urlaub-mit-freunden-auf-mallorca-zu-verbringen","status":"publish","type":"post","link":"https:\/\/www.vacalia.com\/blog\/die-besten-haeuser-um-urlaub-mit-freunden-auf-mallorca-zu-verbringen\/","title":{"rendered":"Die besten H\u00e4user, um Urlaub mit Freunden auf Mallorca zu verbringen"},"content":{"rendered":"\n<p>Die angenehmen Temperaturen, Str\u00e4nde und Buchten mit klarem Wasser, die Gastronomie und die Geschichte sind nur einige Gr\u00fcnde, <strong>warum sich jedes Jahr tausende von Mallorcabesuchern<\/strong> daf\u00fcr entscheiden Ihren Urlaub auf der Insel mit Freunden zu verbringen.<\/p>\n\n\n\n<p>Um einen idyllischen Aufenthalt zu genie\u00dfen, ist es jedoch wichtig, die Organisation von Aktivit\u00e4ten mit der Anmietung eines Ferienhauses zu kombinieren, das \u00fcber alles verf\u00fcgt, was Sie f\u00fcr ein einzigartiges und magisches Erlebnis ben\u00f6tigen.<\/p>\n\n\n\n<figure class=\"wp-block-image\"><img fetchpriority=\"high\" decoding=\"async\" width=\"671\" height=\"301\" src=\"https:\/\/www.vacalia.com\/blog\/wp-content\/uploads\/2019\/03\/DE_VacacionesAmigosblog_Vacalia-1.jpg\" alt=\"besten H\u00e4user, um Urlaub mit Freunden auf Mallorca\" class=\"wp-image-2540\" srcset=\"https:\/\/www.vacalia.com\/blog\/wp-content\/uploads\/2019\/03\/DE_VacacionesAmigosblog_Vacalia-1.jpg 671w, https:\/\/www.vacalia.com\/blog\/wp-content\/uploads\/2019\/03\/DE_VacacionesAmigosblog_Vacalia-1-300x135.jpg 300w, https:\/\/www.vacalia.com\/blog\/wp-content\/uploads\/2019\/03\/DE_VacacionesAmigosblog_Vacalia-1-670x300.jpg 670w\" sizes=\"(max-width: 767px) 100vw, 671px\" \/><\/figure>\n\n\n\n<h3 class=\"wp-block-heading\"><strong>Ferien mit Freunden auf Mallorca: die besten Ferienh\u00e4user<\/strong><\/h3>\n\n\n\n<p>\u00dcberall aufder Baleareninsel finden Sie Stadtteile, Viertel und Gegenden, in denen Bars, Restaurants und idyllische Landschaften zusammenkommen, um die perfekte Atmosph\u00e4re f\u00fcr einen Urlaub mit Freunden auf Mallorca zu schaffen.<\/p>\n\n\n\n<h4 class=\"wp-block-heading\"><strong><a href=\"https:\/\/www.vacalia.com\/de\/ferienhaus-centric-palma--h16176\">Centric<\/a>, Santa Catalina<\/strong><\/h4>\n\n\n\n<p>Das <strong>Santa Catalina Viertel <\/strong>ist eines der animietesten und emblematischten&nbsp; Stadtteile von Palma. Es liegt im Zentrum der Stadt und beherbergt eine Reihe von Restaurants und Bars f\u00fcr jeden Geschmackund Geldbeutel.<\/p>\n\n\n\n<figure class=\"wp-block-image\"><img decoding=\"async\" width=\"1024\" height=\"678\" src=\"https:\/\/www.vacalia.com\/blog\/wp-content\/uploads\/2019\/03\/1371_832ae2d9ebcacdc1ffce2bf45c33d188-1-1024x678.jpg\" alt=\"besten h\u00e4user um Urlaub mit Freunden auf Mallorca\" class=\"wp-image-2542\" srcset=\"https:\/\/www.vacalia.com\/blog\/wp-content\/uploads\/2019\/03\/1371_832ae2d9ebcacdc1ffce2bf45c33d188-1-1024x678.jpg 1024w, https:\/\/www.vacalia.com\/blog\/wp-content\/uploads\/2019\/03\/1371_832ae2d9ebcacdc1ffce2bf45c33d188-1-300x199.jpg 300w, https:\/\/www.vacalia.com\/blog\/wp-content\/uploads\/2019\/03\/1371_832ae2d9ebcacdc1ffce2bf45c33d188-1-768x509.jpg 768w\" sizes=\"(max-width: 1024px) 100vw, 1024px\" \/><\/figure>\n\n\n\n<p>Nur ein paar Schritte von dem bekannten Viertel liegt die Ferienunterkunft Centric, eine perfekte Lage um das <strong>Santa Catalina Viertel <\/strong>richtig kennenzulernen, sich in den Trubel zu st\u00fcrzen und den Markt zu besuchen, der 1920 gebaut wurde und der \u00e4lteste der Stadt ist.<\/p>\n\n\n\n<p>Vergessen Sie nicht, dass dieses r\u00e4tselhafte Viertel von Palma auch f\u00fcr Besucher geeignet ist,<strong> <a href=\"https:\/\/www.vacalia.com\/blog\/vegane-optionen-fuer-ihren-urlaub-auf-mallorca\/\">die vegane Optionen f\u00fcr einen Urlaub auf Mallorca suchen.<\/a><\/strong><\/p>\n\n\n\n<h4 class=\"wp-block-heading\"><strong><a href=\"https:\/\/www.vacalia.com\/de\/apartment-europa-3b-pollenca-h20199\">Europa 3b<\/a>, Port de Pollen\u00e7a<\/strong><\/h4>\n\n\n\n<p>Besucher, die Ihren Urlaub mit <strong>Freunden auf der Mallorca verbringen<\/strong> und die besten H\u00e4user suchen, haben eine fast obligatorische Verabredung mit Unterk\u00fcnften wie <strong>Europa3b<\/strong>, gelegen im <strong>Port de Pollen\u00e7a<\/strong>, zwischen Bergen und Meer.<\/p>\n\n\n\n<p>Zweifellos ist es der ideale Ort, eine Gegend voller Leben, in der Sie eine gro\u00dfe Auswahl an Restaurants zum Mittag- und Abendessen haben, die durch unz\u00e4hlige Gesch\u00e4fte und Mittwochs durch einen Obst- und Gem\u00fcsemarkt auf dem Platz im Zentrum erg\u00e4nzt wird.<\/p>\n\n\n\n<figure class=\"wp-block-image\"><img decoding=\"async\" width=\"1024\" height=\"678\" src=\"https:\/\/www.vacalia.com\/blog\/wp-content\/uploads\/2019\/03\/2524_f0a4947ac78a5c643c048d9422cd29b1-1-1024x678.jpg\" alt=\"besten h\u00e4user um Urlaub mit Freunden auf Mallorca\" class=\"wp-image-2543\" srcset=\"https:\/\/www.vacalia.com\/blog\/wp-content\/uploads\/2019\/03\/2524_f0a4947ac78a5c643c048d9422cd29b1-1-1024x678.jpg 1024w, https:\/\/www.vacalia.com\/blog\/wp-content\/uploads\/2019\/03\/2524_f0a4947ac78a5c643c048d9422cd29b1-1-300x199.jpg 300w, https:\/\/www.vacalia.com\/blog\/wp-content\/uploads\/2019\/03\/2524_f0a4947ac78a5c643c048d9422cd29b1-1-768x509.jpg 768w\" sizes=\"(max-width: 1024px) 100vw, 1024px\" \/><\/figure>\n\n\n\n<h4 class=\"wp-block-heading\"><strong><a href=\"https:\/\/www.vacalia.com\/de\/villa-mieten-portals-nous-hills-calvia-h18342\">Portals Nous Hill<\/a>, Calvi\u00e0<\/strong><\/h4>\n\n\n\n<p>Luxus, Exklusivit\u00e4t und Haute Cuisine: Dies ist, was Urlauber, die ihre Ferien mit Freunden auf Mallorca verbringen, f<strong>inden, wenn sie ein Ferienhaus<\/strong> wie das <strong>Portals Nous Hills<\/strong> mieten, das sich in einer der exklusivsten Gegenden der Insel befindet.<\/p>\n\n\n\n<p>Das Haus, eine Villa mit <strong>herrlichem Ausblick, privatem Pool und Platz f\u00fcr sieben Personen<\/strong>, befindet sich in der Gemeinde Calvi\u00e0 und liegt in der N\u00e4he von einigen der glamour\u00f6sesten Designergesch\u00e4ften, Yachth\u00e4fen, Golfpl\u00e4tzen und Restaurants.<\/p>\n\n\n\n<h4 class=\"wp-block-heading\"><strong><a href=\"https:\/\/www.vacalia.com\/de\/villa-mieten-sespiga-felanitx-h15870\">Sespiga<\/a>, Portocolom<\/strong><\/h4>\n\n\n\n<p>Gro\u00dfe Freundesgruppen, die auf der Suche nach Entspannung, aktiver Freizeit und Str\u00e4nden von unvergleichlicher Sch\u00f6nheit nach Mallorca kommen, entscheiden sich f\u00fcr Ferienh\u00e4user wie das <strong>Sespiga<\/strong>, ein rustikales Haus mit Salzwasserpool, das insgesamt 16 G\u00e4ste aufnehmen kann.<\/p>\n\n\n\n<p>Nachdem Sie in dieser spektakul\u00e4ren Ferienunterkunft ein Barbecue vorbereitet haben, gibtes nichts besseres als die Gegend von <strong>Portocolom<\/strong> zu besuchen und ein Bad in <strong>Cala Mar\u00e7al<\/strong> zu nehmen. Es ist ein Strand aus Sand und Felsen, der alles hat, was Sie brauchen, um ein fantastischen Strandtag zu verbringen.<\/p>\n\n\n\n<figure class=\"wp-block-image\"><img loading=\"lazy\" decoding=\"async\" width=\"1024\" height=\"683\" src=\"https:\/\/www.vacalia.com\/blog\/wp-content\/uploads\/2019\/03\/02-1-A1175LGM09-1-1024x683.jpg\" alt=\"besten h\u00e4user um Urlaub mit Freunden auf Mallorca\" class=\"wp-image-2544\" srcset=\"https:\/\/www.vacalia.com\/blog\/wp-content\/uploads\/2019\/03\/02-1-A1175LGM09-1-1024x683.jpg 1024w, https:\/\/www.vacalia.com\/blog\/wp-content\/uploads\/2019\/03\/02-1-A1175LGM09-1-300x200.jpg 300w, https:\/\/www.vacalia.com\/blog\/wp-content\/uploads\/2019\/03\/02-1-A1175LGM09-1-768x512.jpg 768w\" sizes=\"(max-width: 1024px) 100vw, 1024px\" \/><\/figure>\n\n\n\n<h4 class=\"wp-block-heading\"><strong><a href=\"https:\/\/www.vacalia.com\/de\/villa-mieten-can-parra-andratx-h18987\">Can Parra<\/a>, Port d\u2019Andratx<\/strong><\/h4>\n\n\n\n<p>Der <strong>Port d&#8217;Andratx<\/strong> ist eine der sch\u00f6nsten Ecken auf Mallorca und der perfekte Ort, um Paellas, Meeresfr\u00fcchte, Fisch und andere <strong>gastronomische K\u00f6stlichkeiten<\/strong> in Restaurants mit Meerblick zu probieren. Die Gegend hat auch viele Gesch\u00e4fte, Bars und geeignete Wanderrouten zu bieten.<\/p>\n\n\n\n<p>Wenn Sie einen Urlaub mit Freunden auf Mallorca organisieren und noch immer nicht das ideale Ferienhaus gefunden haben, empfehlen wir Ihnen einen Blick auf <strong>Can Parra<\/strong> zu werfen, eine spektakul\u00e4re Villa mit Garten und privatem Pool, in der bis zu zw\u00f6lf Personen \u00fcbernachten k\u00f6nnen.<\/p>\n\n\n\n<figure class=\"wp-block-image\"><img loading=\"lazy\" decoding=\"async\" width=\"1024\" height=\"678\" src=\"https:\/\/www.vacalia.com\/blog\/wp-content\/uploads\/2019\/03\/1189_e99128dafb90cdbefe547db2257fcf85-1-1024x678.jpg\" alt=\"besten h\u00e4user um Urlaub mit Freunden auf Mallorca\" class=\"wp-image-2545\" srcset=\"https:\/\/www.vacalia.com\/blog\/wp-content\/uploads\/2019\/03\/1189_e99128dafb90cdbefe547db2257fcf85-1-1024x678.jpg 1024w, https:\/\/www.vacalia.com\/blog\/wp-content\/uploads\/2019\/03\/1189_e99128dafb90cdbefe547db2257fcf85-1-300x199.jpg 300w, https:\/\/www.vacalia.com\/blog\/wp-content\/uploads\/2019\/03\/1189_e99128dafb90cdbefe547db2257fcf85-1-768x509.jpg 768w\" sizes=\"(max-width: 1024px) 100vw, 1024px\" \/><\/figure>\n\n\n\n<h4 class=\"wp-block-heading\"><em>Mit den<\/em><a href=\"https:\/\/www.vacalia.com\/\"><em> fantastischen Ferienh\u00e4usern auf Vacalia.com<\/em><\/a><em> wird das Planen der Ferien mit Freunden viel einfacher, so starten Sie in einen perfekten Urlaub!<\/em><\/h4>\n\n\n<div class=\"bannerBlog\"><div class=\"new-card-houses\">\n    <div class=\"likeOut likeDivOut\" style=\"display:none\">\n        <a data-id=\"2959\" class=\"likeOut_button_red likeBtnFav\"\n            aria-label=\"Megusta Vacalia\"><\/a>\n    <\/div>\n    <figure>\n        <img loading=\"lazy\" decoding=\"async\" \n            loading=\"lazy\" width=\"301\" height=\"200\"\n            src=\"\/\/media.vacalia.com\/photo\/reformatwebpfolder\/350\/200\/2959\/thumb-middle\/2959_12fd14f22f238e1a3c7b70233ab5350c.webp?v=21092023\"\n            alt=\"Casa alba - Ferienhaus auf Manacor\"\/>\n                                                                        <div class=\"circleDiscount\">-9%<\/div>\n                        <\/figure>\n    <p itemprop=\"address\"><i class=\"ico-marker\"><\/i>Manacor, Mallorca<\/p>\n    <h3 itemprop=\"name\">Casa alba<\/h3>\n    <ul class=\"icon_list inline_list\">\n                              <li class=\"ico-pool\" title=\"Pool\">\n              <span itemprop=\"amenityFeature\">Pool<\/span>\n            <\/li>\n                      <li class=\"ico-wifi\" title=\"Wifi\">\n              <span itemprop=\"amenityFeature\">Wifi<\/span>\n            <\/li>\n                          <li class=\"ico-guests\" title=\"F\u00fcr 6 G\u00e4ste in Manacor.\">\n          <span itemprop=\"occupancy\">6<\/span>\n        <\/li>\n    <\/ul>\n            <span class=\"price\">Ab 222\u20ac \/ Nacht<\/span>\n                <a itemprop=\"url\" class=\"anchor\" href=\"https:\/\/www.vacalia.com\/de\/villa-casa-alba-manacor-h20037\" aria-label=\"Casa alba\"><\/a>\n<\/div><div class=\"new-card-houses\">\n    <div class=\"likeOut likeDivOut\" style=\"display:none\">\n        <a data-id=\"1965\" class=\"likeOut_button_red likeBtnFav\"\n            aria-label=\"Megusta Vacalia\"><\/a>\n    <\/div>\n    <figure>\n        <img loading=\"lazy\" decoding=\"async\" \n            loading=\"lazy\" width=\"301\" height=\"200\"\n            src=\"\/\/media.vacalia.com\/photo\/reformatwebpfolder\/350\/200\/1965\/thumb-middle\/1965_6163110b82b1d4e14ebb1980f6fbc2be.webp?v=21092023\"\n            alt=\"Es repos - Ferienhaus auf Platja de Muro\"\/>\n                                                                        <div class=\"circleDiscount\">-10%<\/div>\n                        <\/figure>\n    <p itemprop=\"address\"><i class=\"ico-marker\"><\/i>Platja de Muro, Mallorca<\/p>\n    <h3 itemprop=\"name\">Es repos<\/h3>\n    <ul class=\"icon_list inline_list\">\n                              <li class=\"ico-pool\" title=\"Pool\">\n              <span itemprop=\"amenityFeature\">Pool<\/span>\n            <\/li>\n                      <li class=\"ico-airConditioning\" title=\"Klimaanlage\">\n              <span itemprop=\"amenityFeature\">Klimaanlage<\/span>\n            <\/li>\n                      <li class=\"ico-wifi\" title=\"Wifi\">\n              <span itemprop=\"amenityFeature\">Wifi<\/span>\n            <\/li>\n                          <li class=\"ico-guests\" title=\"F\u00fcr 6 G\u00e4ste in Platja De Muro.\">\n          <span itemprop=\"occupancy\">6<\/span>\n        <\/li>\n    <\/ul>\n            <span class=\"price\">Ab 142\u20ac \/ Nacht<\/span>\n                <a itemprop=\"url\" class=\"anchor\" href=\"https:\/\/www.vacalia.com\/de\/villa-es-repos-muro-h17277\" aria-label=\"Es repos\"><\/a>\n<\/div><\/div>\n","protected":false},"excerpt":{"rendered":"<p>Die angenehmen Temperaturen, Str\u00e4nde und Buchten mit klarem Wasser, die Gastronomie und die Geschichte sind nur einige Gr\u00fcnde, warum sich jedes Jahr tausende von Mallorcabesuchern daf\u00fcr entscheiden Ihren Urlaub auf&hellip;<\/p>\n","protected":false},"author":2,"featured_media":2541,"comment_status":"closed","ping_status":"open","sticky":false,"template":"","format":"standard","meta":{"_monsterinsights_skip_tracking":false,"_monsterinsights_sitenote_active":false,"_monsterinsights_sitenote_note":"","_monsterinsights_sitenote_category":0,"footnotes":""},"categories":[40],"tags":[],"class_list":["post-2539","post","type-post","status-publish","format-standard","has-post-thumbnail","hentry","category-allgemein"],"_links":{"self":[{"href":"https:\/\/www.vacalia.com\/blog\/wp-json\/wp\/v2\/posts\/2539"}],"collection":[{"href":"https:\/\/www.vacalia.com\/blog\/wp-json\/wp\/v2\/posts"}],"about":[{"href":"https:\/\/www.vacalia.com\/blog\/wp-json\/wp\/v2\/types\/post"}],"author":[{"embeddable":true,"href":"https:\/\/www.vacalia.com\/blog\/wp-json\/wp\/v2\/users\/2"}],"replies":[{"embeddable":true,"href":"https:\/\/www.vacalia.com\/blog\/wp-json\/wp\/v2\/comments?post=2539"}],"version-history":[{"count":2,"href":"https:\/\/www.vacalia.com\/blog\/wp-json\/wp\/v2\/posts\/2539\/revisions"}],"predecessor-version":[{"id":4919,"href":"https:\/\/www.vacalia.com\/blog\/wp-json\/wp\/v2\/posts\/2539\/revisions\/4919"}],"wp:featuredmedia":[{"embeddable":true,"href":"https:\/\/www.vacalia.com\/blog\/wp-json\/wp\/v2\/media\/2541"}],"wp:attachment":[{"href":"https:\/\/www.vacalia.com\/blog\/wp-json\/wp\/v2\/media?parent=2539"}],"wp:term":[{"taxonomy":"category","embeddable":true,"href":"https:\/\/www.vacalia.com\/blog\/wp-json\/wp\/v2\/categories?post=2539"},{"taxonomy":"post_tag","embeddable":true,"href":"https:\/\/www.vacalia.com\/blog\/wp-json\/wp\/v2\/tags?post=2539"}],"curies":[{"name":"wp","href":"https:\/\/api.w.org\/{rel}","templated":true}]}}