{"id":257,"date":"2017-04-03T10:56:38","date_gmt":"2017-04-03T10:56:38","guid":{"rendered":"https:\/\/www.vacalia.com\/blog\/?p=257"},"modified":"2024-02-14T11:35:28","modified_gmt":"2024-02-14T10:35:28","slug":"5-excursiones-en-mallorca","status":"publish","type":"post","link":"https:\/\/www.vacalia.com\/blog\/es\/5-excursiones-en-mallorca\/","title":{"rendered":"5 excursiones en Mallorca que no te puedes perder"},"content":{"rendered":"<p style=\"text-align: justify;\">Cuando planeas tus vacaciones en Mallorca, es indispensable recordar que no todo es sol y playa. Hay una gran cantidad de excursiones en Mallorca, desde d\u00f3nde se puede disfrutar de uno de los parajes naturales m\u00e1s bonitos que hay: La Serra de Tranuntana. En ella y por toda la isla, podemos encontrar muchas de las excursiones en Mallorca que podemos realizar, aunque tambi\u00e9n hay una gran cantidad de rutas y excursiones repartidas por toda la isla. A continuaci\u00f3n te proponemos una peque\u00f1a gu\u00eda de excursiones en Mallorca que puedes organizar durante tus vacaciones en la isla. \u00a1Insp\u00edrate, \u00e9chales un vistazo ya!<\/p>\n<p style=\"text-align: justify;\"><a href=\"https:\/\/www.vacalia.com\" target=\"_blank\" rel=\"noopener noreferrer\"><img fetchpriority=\"high\" decoding=\"async\" class=\"aligncenter wp-image-258 size-full\" src=\"https:\/\/www.vacalia.com\/blog\/wp-content\/uploads\/2017\/04\/serra-de-tramuntana.jpg\" alt=\"5 excursiones en Mallorca que no te puedes perder | Vacalia.com\" width=\"2048\" height=\"1536\" srcset=\"https:\/\/www.vacalia.com\/blog\/wp-content\/uploads\/2017\/04\/serra-de-tramuntana.jpg 2048w, https:\/\/www.vacalia.com\/blog\/wp-content\/uploads\/2017\/04\/serra-de-tramuntana-300x225.jpg 300w, https:\/\/www.vacalia.com\/blog\/wp-content\/uploads\/2017\/04\/serra-de-tramuntana-768x576.jpg 768w, https:\/\/www.vacalia.com\/blog\/wp-content\/uploads\/2017\/04\/serra-de-tramuntana-1024x768.jpg 1024w, https:\/\/www.vacalia.com\/blog\/wp-content\/uploads\/2017\/04\/serra-de-tramuntana-1050x788.jpg 1050w, https:\/\/www.vacalia.com\/blog\/wp-content\/uploads\/2017\/04\/serra-de-tramuntana-1600x1200.jpg 1600w\" sizes=\"(max-width: 2048px) 100vw, 2048px\" \/><\/a><\/p>\n<p><!--more--><\/p>\n<h2 class=\"post-item__subtitle\" style=\"text-align: justify;\">Excursiones en Mallorca: Torrent de Pareis (Sa Calobra).<\/h2>\n<p style=\"text-align: justify;\"><a href=\"https:\/\/www.vacalia.com\" target=\"_blank\" rel=\"noopener noreferrer\"><img decoding=\"async\" class=\"alignnone wp-image-259 size-full\" src=\"https:\/\/www.vacalia.com\/blog\/wp-content\/uploads\/2017\/04\/torrent-de-pareis.jpg\" alt=\"5 excursiones en Mallorca que no te puedes perder | Vacalia.com\" width=\"1600\" height=\"1200\" srcset=\"https:\/\/www.vacalia.com\/blog\/wp-content\/uploads\/2017\/04\/torrent-de-pareis.jpg 1600w, https:\/\/www.vacalia.com\/blog\/wp-content\/uploads\/2017\/04\/torrent-de-pareis-300x225.jpg 300w, https:\/\/www.vacalia.com\/blog\/wp-content\/uploads\/2017\/04\/torrent-de-pareis-768x576.jpg 768w, https:\/\/www.vacalia.com\/blog\/wp-content\/uploads\/2017\/04\/torrent-de-pareis-1024x768.jpg 1024w, https:\/\/www.vacalia.com\/blog\/wp-content\/uploads\/2017\/04\/torrent-de-pareis-1050x788.jpg 1050w\" sizes=\"(max-width: 1600px) 100vw, 1600px\" \/><\/a>El Torrent de Pareis es un torrente situado en una de las partes m\u00e1s abruptas de la Serra de Tramuntana.\u00a0 Por sus condiciones naturales y ubicaci\u00f3n se convierte en uno de los lugares m\u00e1s espectaculares de la Serra de Tramuntana. Fue declarado Monumento Natural por el Govern Balear en el a\u00f1o 2003. La Conselleria de Medio Ambiente contabiliza las personas que realizan su recorrido completo en la temporada estival.<\/p>\n<p style=\"text-align: justify;\">El Torrent de Pareis es un ca\u00f1on de tres kilometros de longitud. En \u00e9l, los procesos de disoluci\u00f3n c\u00e1rstica han originado un valle abrupto de trazado bastante recto y con paredes verticales de 200 metros de altitud. El Torrent de Pareis se inicia en s\u2019Entreforc. Punto en el que confluyen el Torrente de Lluc o Albarca y el torrente del Gorg Blau.<\/p>\n<p style=\"text-align: justify;\">Para realizar la excursi\u00f3n no es necesario ser un excursionista experimentado, pero en todo caso deben de tenerse en cuenta algunos factores. El recorrido es de 5 km y tiene una duraci\u00f3n de entre 4 y 5 horas. El descenso presenta unas dificultades t\u00e9cnicas en su recorrido, acompa\u00f1adas de un esfuerzo f\u00edsico considerable. Est\u00e1 catalogada como excursi\u00f3n dif\u00edcil y por supuesto hay que contar con un gu\u00eda suficientemente experimentado. Pr\u00e1cticamente cada a\u00f1o se registran incidentes y hay que realizar rescates.<\/p>\n<p style=\"text-align: justify;\">La excursi\u00f3n cl\u00e1sica es la que se inicia en Escorca, en el km 25,2 de la carretera C-710, con la bajada de aproximaci\u00f3n al torrente. Continua por el lecho del torrente de Lluc, recorriendo a continuaci\u00f3n pasos como s\u2019Entreforc, Gorg des Capell\u00e0, Cova des Romegueral, Pas de s\u2019Estal\u00f3 y Gorg des Degot\u00eds. El recorrido finaliza en Sa Calobra\u00a0 la desembocadura natural del torrente.<\/p>\n<p style=\"text-align: justify;\">Para los que solo desean caminar un rato por un paraje \u00fanico, tal vez les merezca la pena hacer el recorrido a la inversa, partiendo desde Sa Calobra y llegando hasta la primera dificultad seria, aproximadamente se puede realizar un tercio del recorrido (1 km) con una pendiente del 5%.<\/p>\n<h2 class=\"post-item__subtitle\" style=\"text-align: justify;\">Excursiones en Mallorca: Sa Foradada.<\/h2>\n<p style=\"text-align: justify;\"><a href=\"https:\/\/www.vacalia.com\" target=\"_blank\" rel=\"noopener noreferrer\"><img decoding=\"async\" class=\"alignleft wp-image-260 size-full\" src=\"https:\/\/www.vacalia.com\/blog\/wp-content\/uploads\/2017\/04\/sa-foradada.jpg\" alt=\"5 excursiones en Mallorca que no te puedes perder | Vacalia.com\" width=\"680\" height=\"276\" srcset=\"https:\/\/www.vacalia.com\/blog\/wp-content\/uploads\/2017\/04\/sa-foradada.jpg 680w, https:\/\/www.vacalia.com\/blog\/wp-content\/uploads\/2017\/04\/sa-foradada-300x122.jpg 300w\" sizes=\"(max-width: 767px) 100vw, 680px\" \/><\/a>La excursi\u00f3n a Sa Foradada es un cl\u00e1sico de las excursiones por Mallorca. Tiene un\u00a0nivel de dificultad bajo. La ida es cuesta abajo pero la vuelta la tenemos que hacer por el mismo camino siendo todo el rato cuesta arriba. A pesar de ello es una excursi\u00f3n apta para hacer con ni\u00f1os.<\/p>\n<p style=\"text-align: justify;\">Si partimos desde Palma iremos hasta Valldemossa y cogeremos la carretera de Dei\u00e0. Tras varios kilometros y pasado el Hotel El Encinar que vemos en la misma carretera,\u00a0 encontraremos la entrada a las casas de Son Marroig situadas en Carretera de Valldemossa- Dei\u00e0, Ma-10, km 65,800. , donde estar\u00e1\u00a0 el inicio de la excursi\u00f3n.<\/p>\n<p style=\"text-align: justify;\">La excursi\u00f3n empieza en el mirador de Son Marroig conocido tambi\u00e9n como El Galliner, en el cual hay un bar que en verano sobre todo est\u00e1 repleto de gente por la tarde para ver la puesta de sol. Y que tiene una vista espectacular de Sa Foradada. Un lugar al que podemos acudir sin necesidad de hacer la excursi\u00f3n para tomar algo y disfrutar de la vista.<\/p>\n<p style=\"text-align: justify;\">Si dejas el mirador a la derecha, a la izquierda bajando la cuesta llegaremos en pocos metros a la verja donde iniciaremos la excursi\u00f3n. Saltamos la valla y empezamos el trayecto por un precioso campo de olivos.<\/p>\n<p style=\"text-align: justify;\">A pocos metros llegamos al mirador de Sa Foradada donde tendremos otra vista espectacular de la emblem\u00e1tica roca e incluso hay una mesa de piedra donde poder merendar. A partir del mirador de Sa Foradada, el camino es cuesta abajo y la particularidad, por la naturaleza del mismo, es que no existen atajos, s\u00f3lo debemos seguir el camino hasta llegar a la misma roca. Al largo del camino encontraremos varios miradores m\u00e1s que cada vez van ofreciendo un \u00e1ngulo m\u00e1s cercano a la famosa roca. Al final, se llega a un peque\u00f1o puerto con una zona de rocas perfecto para darse un ba\u00f1o en las aguas cristalinas, si el tiempo lo permite.<\/p>\n<p style=\"text-align: justify;\">All\u00ed se ubica el famoso Restaurante Sa Foradada especializado en paellas. Si no queremos comer podemos tomar un caf\u00e9 o un trazo de tarta casera. Existen excursiones en barca que te dejan directamente a los pies de Sa Foradada para ir a comer al restaurante. Otra ventaja es que dispone de ba\u00f1os p\u00fablicos.<\/p>\n<p style=\"text-align: justify;\">Lo m\u00e1s atrevidos pueden subir a la parte de arriba de Sa Foradada pero no lo recomendamos para ni\u00f1os de menos de 10 a\u00f1os o poco \u00e1giles, por un lado no existe un camino definido que nos lleve a arriba y porque para la bajada hay tramos bastante complicados y que requieren cierta altura para poder hacerlos sin peligro, est\u00e1 \u201caventura\u201d se puede realizar en 30 minutos.<\/p>\n<p style=\"text-align: justify;\">Tras pasar un rato agradable en la preciosa roca, y disfrutar de unas vistas magn\u00edficas retomamos el mismo camino para hacer la subida.<\/p>\n<p style=\"text-align: justify;\">Resumiendo, la bajada a buen ritmo se puede hacer en unos 45. En cuanto a la subida, se puede realizar en 1 hora.<\/p>\n<h2 class=\"post-item__subtitle\" style=\"text-align: justify;\">Excursiones en Mallorca: Barranc De Biniaraix.<\/h2>\n<p class=\"alignnone\" style=\"text-align: justify;\"><a href=\"https:\/\/www.vacalia.com\"><img loading=\"lazy\" decoding=\"async\" class=\"alignleft wp-image-261 size-medium\" src=\"https:\/\/www.vacalia.com\/blog\/wp-content\/uploads\/2017\/04\/barranc-de-biniaraix-300x225.jpg\" alt=\"5 excursiones en Mallorca que no te puedes perder | Vacalia.com\" width=\"300\" height=\"225\" srcset=\"https:\/\/www.vacalia.com\/blog\/wp-content\/uploads\/2017\/04\/barranc-de-biniaraix-300x225.jpg 300w, https:\/\/www.vacalia.com\/blog\/wp-content\/uploads\/2017\/04\/barranc-de-biniaraix.jpg 591w\" sizes=\"(max-width: 300px) 100vw, 300px\" \/><\/a>El Barranc de Biniaraix es una de las excursiones en Mallorca d\u00f3nde la fusi\u00f3n de la naturaleza y la mano sabia del hombre crean\u00a0un para\u00edso acogedor. Desde la alta llanura del valle de l\u00b4Ofre baja el barranco hasta el valle de S\u00f3ller, escondi\u00e9ndose entre Ses Solanes y la Serra d\u00b4Alf\u00e0bia.<\/p>\n<p style=\"text-align: justify;\">Este magn\u00edfico lugar estaba antiguamente lleno de vida y actividad agraria. La antigua alquer\u00eda del Barranc, parcelada en peque\u00f1as propiedades, era labrada por sus propietarios con cuidado y dedicaci\u00f3n.<\/p>\n<p style=\"text-align: justify;\">Actualmente, el Barranc de Biniaraix y el Cam\u00ed de l\u00b4Ofre son un lugar privilegiado para los excursionistas, especialmente en primavera. En este m\u00e1gico paraje encontramos la m\u00e1s diversa variedad de elementos, olivos y encinas, torrentes con saltos y pozos de ensue\u00f1o, caudalosas fuentes naturales, restos arqueol\u00f3gicos y construcciones aut\u00f3ctonas, etc.<\/p>\n<p style=\"text-align: justify;\">Comenzamos la excursi\u00f3n en el precioso pueblecito de Biniaraix. Una vez all\u00ed, unas escaleras empedradas a la izquierda de la carretera nos permitir\u00e1n introducirnos en un maravilloso conjunto arquitect\u00f3nico, presidido por la omnipresencia de la piedra. Continuamos el camino al lado de las casas dejando a mano izquierda el Cam\u00ed Vell de Monn\u00e0ber. Transitamos ahora por un camino de carro.<\/p>\n<p style=\"text-align: justify;\">Hemos llegado al Torrent des Barranc. El camino atraviesa el torrente y se enfila por dos curvas muy elaboradas hasta llegar a un primer punto de abastecimiento de agua. La ascensi\u00f3n se suaviza y si nos fijamos podremos observar a la derecha, los rastros del Cam\u00ed Vell. Entre olivos, llegamos de nuevo al torrente y lo cruzamos.<\/p>\n<p style=\"text-align: justify;\">Inmediatamente despu\u00e9s llegamos a uno de los rincones m\u00e1s excepcionales del Barranc de Biniaraix, Ses Voltetes. Se trata de una zona donde el camino supera un importante desnivel con una serie de vueltas muy bien conseguidas y totalmente integradas en el paisaje. Finalizada esta subida volvemos a encontrar un grifo que nos proporciona agua de la Font des Verger.<\/p>\n<p style=\"text-align: justify;\">El camino sigue su sinuoso trayecto y el pr\u00f3ximo hito destacable es un nuevo puente en esta ocasi\u00f3n de madera. Se encuentra poco antes de las casas de Can Silles. Antes de llegar al puente, nos encontramos con un camino que conduce a los olivos de la vertiente sur del Morro de Ses Solanes. Es el camino de Can Fusta.<\/p>\n<p style=\"text-align: justify;\">Seguimos por el camino, que\u00a0 suaviza moment\u00e1neamente los desniveles y posteriormente gira de repente a la izquierda, dejando a mano derecha el Cam\u00ed Vell y el Cam\u00ed de s\u00b4Aladern.<\/p>\n<p style=\"text-align: justify;\">El pr\u00f3ximo punto es el lugar conocido como el Pi des Llamp, desaparecido hace ya mucho tiempo, desde donde se comienza a divisar la Vall de l\u00b4Ofre.<\/p>\n<p style=\"text-align: justify;\">Continuamos por el amplio camino, hasta que, hacia la derecha y con las indicaciones del GR, cogemos el Cam\u00ed Vell; la pista moderna queda en este primer tramo de subida a la izquierda. Hemos llegado por fin al Coll de l\u00b4Ofre. Podemos observar una cruz de hierro, mientras que a nuestra derecha se alza la silueta del Puig de l\u00b4Ofre. La vista sobre la depresi\u00f3n de las casas de l\u00b4Ofre y la espl\u00e9ndida panor\u00e1mica del Puig Major y el embalse de C\u00faber. Hacen de esta excursi\u00f3n una de las m\u00e1s bellas de la isla de Mallorca.<\/p>\n<p style=\"text-align: justify;\">Finalmente, volveremos por el camino por d\u00f3nde hemos ascendido, de vuelta a la Vall de S\u00f3ller para terminar con otra de nuestras excursiones en Mallorca.<\/p>\n<h2 class=\"post-item__subtitle\" style=\"text-align: justify;\">Excursiones en Mallorca: Puig de Randa.<\/h2>\n<p style=\"text-align: justify;\"><a href=\"https:\/\/www.vacalia.com\" target=\"_blank\" rel=\"noopener noreferrer\"><img loading=\"lazy\" decoding=\"async\" class=\"aligncenter wp-image-262 size-full\" src=\"https:\/\/www.vacalia.com\/blog\/wp-content\/uploads\/2017\/04\/puig-de-randa.jpg\" alt=\"5 excursiones en Mallorca que no te puedes perder | Vacalia.com\" width=\"1024\" height=\"773\" srcset=\"https:\/\/www.vacalia.com\/blog\/wp-content\/uploads\/2017\/04\/puig-de-randa.jpg 1024w, https:\/\/www.vacalia.com\/blog\/wp-content\/uploads\/2017\/04\/puig-de-randa-300x226.jpg 300w, https:\/\/www.vacalia.com\/blog\/wp-content\/uploads\/2017\/04\/puig-de-randa-768x580.jpg 768w\" sizes=\"(max-width: 1024px) 100vw, 1024px\" \/><\/a>La excursi\u00f3n al Puig de Randa, es una de las excursiones en Mallorca que podr\u00edamos catalogar como familiar. Es apta para la mayor\u00eda de senderistas.<br \/>\nPodemos dejar alg\u00fan coche en la salida de Randa hacia el Puig.<\/p>\n<p style=\"text-align: justify;\">Iniciamos la ruta del Puig de Randa en la carretera que sube hacia el puig. En la primera curva de la carretera, tenemos de frente una barrera met\u00e1lica. \u00a0No est\u00e1 cerrada con candado pero una roca al otro lado dificulta el paso. A la derecha encontraremos una zona de f\u00e1cil acceso hacia el antiguo camino, a tramos empedrado.<\/p>\n<p style=\"text-align: justify;\">Este camino de herradura que va subiendo sin grandes desniveles, nos dejar\u00e1 junto a un portillo con barrera met\u00e1lica. Justo al otro lado tenemos la carretera y el gran portillo de entrada hacia el Santuari de Gr\u00e0cia. Atravesamos el portillo y llegamos al santuario en pocos minutos. Despu\u00e9s de visitar la zona y disfrutar de las vistas, regresamos al portillo de entrada y tomamos a nuestra derecha la carretera hacia el puig.<\/p>\n<p style=\"text-align: justify;\">Enseguida la carretera describe una curva a la izquierda. Justo de frente sigue el antiguo camino, que es por donde seguiremos.<\/p>\n<p style=\"text-align: justify;\">Al poco encontramos un atajo a nuestra derecha, que se reencuentra poco m\u00e1s arriba con el camino principal. Pasamos bajo unos cables de telefon\u00eda y nos acercamos a una pared de piedra. Subimos paralelos a ella hasta la explanada de Sant Honorat.<\/p>\n<p style=\"text-align: justify;\">Desde Sant Honorat, tomamos la carreterilla asfaltada hacia la carretera que sube al puig. Esta indicada con una baliza para ciclistas donde reza \u201c3,4 Santuari de Cura\u201d. En la carretera giramos a la derecha sentido ascendente. Seguimos la carretera, y en la primera curva cerrada a la derecha, tendremos de frente un atajo que nos dejar\u00e1 de nuevo en la carretera poco antes del km. 3,5. Justo unos metros despu\u00e9s de pasado el km. 3,5 y una se\u00f1al de peligro bicicletas, a la derecha sobre el margen escalonado de piedras.<\/p>\n<p style=\"text-align: justify;\">Antes de visitar Cura, vamos por la carreterilla de la izquierda, que pasa junto a unas casetas de electricidad. Nos deja frente a unas barreras met\u00e1licas. Justo a la izquierda arranca un sendero que nos dejar\u00e1 en la barrera de entrada al recinto de la cueva del beato Ram\u00f3n Llull.<\/p>\n<p style=\"text-align: justify;\">Desde aqu\u00ed regresamos a la explanada, visitamos el Santuari de Cura y disfrutamos de las excepcionales vistas.<\/p>\n<p style=\"text-align: justify;\">El regreso lo hacemos por el mismo camino de subida. Sin entrar hacia el Santuari de Sant Honorat, ni al de Gr\u00e0cia. Lo que nos acorta bastante la bajada.<\/p>\n<h2 class=\"post-item__subtitle\" style=\"text-align: justify;\">Excursiones en Mallorca: Es Caragol.<\/h2>\n<p style=\"text-align: justify;\"><a href=\"https:\/\/www.vacalia.com\" target=\"_blank\" rel=\"noopener noreferrer\"><img loading=\"lazy\" decoding=\"async\" class=\"alignleft wp-image-263 size-medium\" src=\"https:\/\/www.vacalia.com\/blog\/wp-content\/uploads\/2017\/04\/es-caragol-300x194.jpg\" alt=\"5 excursiones en Mallorca que no te puedes perder | Vacalia.com\" width=\"300\" height=\"194\" srcset=\"https:\/\/www.vacalia.com\/blog\/wp-content\/uploads\/2017\/04\/es-caragol-300x194.jpg 300w, https:\/\/www.vacalia.com\/blog\/wp-content\/uploads\/2017\/04\/es-caragol.jpg 500w\" sizes=\"(max-width: 300px) 100vw, 300px\" \/><\/a>Otra de las excursiones en Mallorca que no te puedes perder es la qe lleva desde el Faro de Ses Salines a la playa des Caragol. El faro, situado en Santany\u00ed, es uno de los faros m\u00e1s impresionantes por las vistas que ofrece de Cabrera. Y por el entorno de naturaleza y mar que lo envuelve.<\/p>\n<p style=\"text-align: justify;\">La carretera hacia el faro es algo un tramo muy largo y termina en el mismo Faro. Para aparcar hay que hacerlo en los arcenes de la carretera. Conviene ir pronto sobre todo si estamos en temporada alta en la isla, porque se llena de coches. En este punto iniciamos la ruta de hoy a pie desde el Faro hasta la playa de Es Caragol.<\/p>\n<p style=\"text-align: justify;\">Para esta caminata es recomendable llevar buen calzado. Aunque vamos costeando y hay zonas de arena tambi\u00e9n hay rocas. Hay que ir equipados con todo lo que queramos llevar. Vamos a una zona virgen y natural donde no hay servicios<\/p>\n<p style=\"text-align: justify;\">El encanto de este Faro, es que, te ense\u00f1a el mar, y sus diferentes tonalidades turquesas y azules.<\/p>\n<p style=\"text-align: justify;\">Algo caracter\u00edstico de la costa del Faro, es que hay much\u00edsimas Fitas de piedras. Algunas muy grandes que le dan al paisaje una imagen \u00fanica y preciosa. Vamos pasando por\u00a0 peque\u00f1as calitas que se van formando, con la majestuosa Cabrera de fondo. En unos 30 minutos se llega a la paradis\u00edaca playa de Es Caragol.<\/p>\n<p style=\"text-align: justify;\">Despu\u00e9s de disfrutar de una jornada en esta playa hay que realizar el mismo camino para la vuelta. Pero ahora con un buen sabor de boca de haber estado en el para\u00edso.<\/p>\n\n<div class=\"bannerBlog\"><div class=\"new-card-houses\">\n    <div class=\"likeOut likeDivOut\" style=\"display:none\">\n        <a data-id=\"3609\" class=\"likeOut_button_red likeBtnFav\"\n            aria-label=\"Megusta Vacalia\"><\/a>\n    <\/div>\n    <figure>\n        <img loading=\"lazy\" decoding=\"async\" \n            loading=\"lazy\" width=\"301\" height=\"200\"\n            src=\"\/\/media.vacalia.com\/photo\/reformatwebpfolder\/350\/200\/3609\/thumb-middle\/3609_8a921eccbfaeb070fdd2d6a2ded83353.webp?v=21092023\"\n            alt=\"Es mol\u00ed can torres - Alquiler vacacional en Sineu\"\/>\n                                                                        <div class=\"circleDiscount\">-14%<\/div>\n                        <\/figure>\n    <p itemprop=\"address\"><i class=\"ico-marker\"><\/i>Sineu, Mallorca<\/p>\n    <h3 itemprop=\"name\">Es mol\u00ed can torres<\/h3>\n    <ul class=\"icon_list inline_list\">\n                              <li class=\"ico-pool\" title=\"Piscina\">\n              <span itemprop=\"amenityFeature\">Piscina<\/span>\n            <\/li>\n                      <li class=\"ico-airConditioning\" title=\"Aire Acondicionado\">\n              <span itemprop=\"amenityFeature\">Aire Acondicionado<\/span>\n            <\/li>\n                      <li class=\"ico-wifi\" title=\"Wifi\">\n              <span itemprop=\"amenityFeature\">Wifi<\/span>\n            <\/li>\n                          <li class=\"ico-guests\" title=\"Para 8 hu\u00e9spedes en Sineu.\">\n          <span itemprop=\"occupancy\">8<\/span>\n        <\/li>\n    <\/ul>\n            <span class=\"price\">Desde 177\u20ac \/ noche<\/span>\n                <a itemprop=\"url\" class=\"anchor\" href=\"https:\/\/www.vacalia.com\/es\/villa-es-moli-can-torres-sineu-h24371\" aria-label=\"Es mol\u00ed can torres\"><\/a>\n<\/div><div class=\"new-card-houses\">\n    <div class=\"likeOut likeDivOut\" style=\"display:none\">\n        <a data-id=\"3545\" class=\"likeOut_button_red likeBtnFav\"\n            aria-label=\"Megusta Vacalia\"><\/a>\n    <\/div>\n    <figure>\n        <img loading=\"lazy\" decoding=\"async\" \n            loading=\"lazy\" width=\"301\" height=\"200\"\n            src=\"\/\/media.vacalia.com\/photo\/reformatwebpfolder\/350\/200\/3545\/thumb-middle\/3545_13bb840bd3d9c9fdee0ff912e0561595.webp?v=21092023\"\n            alt=\"Sa marineta - Alquiler vacacional en Porto Cristo\"\/>\n                                                                        <div class=\"circleDiscount\">-10%<\/div>\n                        <\/figure>\n    <p itemprop=\"address\"><i class=\"ico-marker\"><\/i>Porto Cristo, Mallorca<\/p>\n    <h3 itemprop=\"name\">Sa marineta<\/h3>\n    <ul class=\"icon_list inline_list\">\n                              <li class=\"ico-airConditioning\" title=\"Aire Acondicionado\">\n              <span itemprop=\"amenityFeature\">Aire Acondicionado<\/span>\n            <\/li>\n                      <li class=\"ico-wifi\" title=\"Wifi\">\n              <span itemprop=\"amenityFeature\">Wifi<\/span>\n            <\/li>\n                          <li class=\"ico-guests\" title=\"Para 2 hu\u00e9spedes en Porto Cristo.\">\n          <span itemprop=\"occupancy\">2<\/span>\n        <\/li>\n    <\/ul>\n            <span class=\"price\">Desde 65\u20ac \/ noche<\/span>\n                <a itemprop=\"url\" class=\"anchor\" href=\"https:\/\/www.vacalia.com\/es\/casa-vacacional-sa-marineta-manacor-h24145\" aria-label=\"Sa marineta\"><\/a>\n<\/div><\/div>\n","protected":false},"excerpt":{"rendered":"<p>Cuando planeas tus vacaciones en Mallorca, es indispensable recordar que no todo es sol y playa. Hay una gran cantidad de excursiones en Mallorca, desde d\u00f3nde se puede disfrutar de&hellip;<\/p>\n","protected":false},"author":2,"featured_media":0,"comment_status":"closed","ping_status":"open","sticky":false,"template":"","format":"standard","meta":{"_monsterinsights_skip_tracking":false,"_monsterinsights_sitenote_active":false,"_monsterinsights_sitenote_note":"","_monsterinsights_sitenote_category":0,"footnotes":""},"categories":[1],"tags":[],"class_list":["post-257","post","type-post","status-publish","format-standard","hentry","category-general-es"],"_links":{"self":[{"href":"https:\/\/www.vacalia.com\/blog\/wp-json\/wp\/v2\/posts\/257"}],"collection":[{"href":"https:\/\/www.vacalia.com\/blog\/wp-json\/wp\/v2\/posts"}],"about":[{"href":"https:\/\/www.vacalia.com\/blog\/wp-json\/wp\/v2\/types\/post"}],"author":[{"embeddable":true,"href":"https:\/\/www.vacalia.com\/blog\/wp-json\/wp\/v2\/users\/2"}],"replies":[{"embeddable":true,"href":"https:\/\/www.vacalia.com\/blog\/wp-json\/wp\/v2\/comments?post=257"}],"version-history":[{"count":10,"href":"https:\/\/www.vacalia.com\/blog\/wp-json\/wp\/v2\/posts\/257\/revisions"}],"predecessor-version":[{"id":4807,"href":"https:\/\/www.vacalia.com\/blog\/wp-json\/wp\/v2\/posts\/257\/revisions\/4807"}],"wp:attachment":[{"href":"https:\/\/www.vacalia.com\/blog\/wp-json\/wp\/v2\/media?parent=257"}],"wp:term":[{"taxonomy":"category","embeddable":true,"href":"https:\/\/www.vacalia.com\/blog\/wp-json\/wp\/v2\/categories?post=257"},{"taxonomy":"post_tag","embeddable":true,"href":"https:\/\/www.vacalia.com\/blog\/wp-json\/wp\/v2\/tags?post=257"}],"curies":[{"name":"wp","href":"https:\/\/api.w.org\/{rel}","templated":true}]}}