{"id":2601,"date":"2019-04-25T11:20:15","date_gmt":"2019-04-25T11:20:15","guid":{"rendered":"https:\/\/www.vacalia.com\/blog\/?p=2601"},"modified":"2025-07-01T08:47:49","modified_gmt":"2025-07-01T06:47:49","slug":"5-planes-para-unas-fantasticas-vacaciones-con-adolescentes-en-mallorca","status":"publish","type":"post","link":"https:\/\/www.vacalia.com\/blog\/es\/5-planes-para-unas-fantasticas-vacaciones-con-adolescentes-en-mallorca\/","title":{"rendered":"5 planes para unas fant\u00e1sticas vacaciones con adolescentes en Mallorca"},"content":{"rendered":"\t\t<div data-elementor-type=\"wp-post\" data-elementor-id=\"2601\" class=\"elementor elementor-2601\">\n\t\t\t\t<div class=\"elementor-element elementor-element-57be3ca9 e-flex e-con-boxed sc_inner_width_none sc_layouts_column_icons_position_left e-con e-parent\" data-id=\"57be3ca9\" data-element_type=\"container\">\n\t\t\t\t\t<div class=\"e-con-inner\">\n\t\t\t\t<div class=\"elementor-element elementor-element-7ff0315c sc_fly_static elementor-widget elementor-widget-text-editor\" data-id=\"7ff0315c\" data-element_type=\"widget\" data-widget_type=\"text-editor.default\">\n\t\t\t\t<div class=\"elementor-widget-container\">\n\t\t\t<style>\/*! elementor - v3.23.0 - 05-08-2024 *\/\n.elementor-widget-text-editor.elementor-drop-cap-view-stacked .elementor-drop-cap{background-color:#69727d;color:#fff}.elementor-widget-text-editor.elementor-drop-cap-view-framed .elementor-drop-cap{color:#69727d;border:3px solid;background-color:transparent}.elementor-widget-text-editor:not(.elementor-drop-cap-view-default) .elementor-drop-cap{margin-top:8px}.elementor-widget-text-editor:not(.elementor-drop-cap-view-default) .elementor-drop-cap-letter{width:1em;height:1em}.elementor-widget-text-editor .elementor-drop-cap{float:left;text-align:center;line-height:1;font-size:50px}.elementor-widget-text-editor .elementor-drop-cap-letter{display:inline-block}<\/style>\t\t\t\t<!-- wp:paragraph -->\n<p>Mallorca es uno de los lugares preferidos para pasar unas <a href=\"https:\/\/www.vacalia.com\/es\/vacaciones-familia-mallorca\"><strong>vacaciones con adolescentes<\/strong> <\/a>perfectas. Una gran elecci\u00f3n si busc\u00e1is un destino muy completo para disfrutar en familia.<\/p>\n<!-- \/wp:paragraph --><!-- wp:image {\"id\":2608} -->\n<figure class=\"wp-block-image\"><img fetchpriority=\"high\" decoding=\"async\" width=\"671\" height=\"301\" class=\"wp-image-2608\" src=\"https:\/\/www.vacalia.com\/blog\/wp-content\/uploads\/2019\/04\/ES_5Planesblog_Vacalia-1.png\" alt=\"vacaciones con adolescentes en Mallorca\" srcset=\"https:\/\/www.vacalia.com\/blog\/wp-content\/uploads\/2019\/04\/ES_5Planesblog_Vacalia-1.png 671w, https:\/\/www.vacalia.com\/blog\/wp-content\/uploads\/2019\/04\/ES_5Planesblog_Vacalia-1-300x135.png 300w, https:\/\/www.vacalia.com\/blog\/wp-content\/uploads\/2019\/04\/ES_5Planesblog_Vacalia-1-670x300.png 670w\" sizes=\"(max-width: 767px) 100vw, 671px\" \/><\/figure>\n<!-- \/wp:image --><!-- wp:paragraph -->\n<p>La oferta cultural y de ocio es muy amplia y variada, entre ellas:<\/p>\n<!-- \/wp:paragraph --><!-- wp:list -->\n<ul><!-- wp:list-item -->\n<li><a href=\"https:\/\/www.vacalia.com\/blog\/es\/deportes-acuaticos-en-mallorca\/\"><strong>Deportes acu\u00e1ticos<\/strong> <\/a>\u00a0en las maravillosas playas de la isla.<\/li>\n<!-- \/wp:list-item --><!-- wp:list-item -->\n<li><a href=\"https:\/\/www.vacalia.com\/blog\/es\/actividades-al-aire-libre-en-la-sierra-de-tramuntana-de-mallorca\/\"><strong>Senderismo en la Sierra de Tramuntana\u00a0<\/strong><\/a>para estar en contacto con la naturaleza y el aire puro.<\/li>\n<!-- \/wp:list-item --><!-- wp:list-item -->\n<li>Magn\u00edficas <a href=\"https:\/\/www.vacalia.com\/blog\/es\/rutas-en-bicicleta-por-mallorca\/\"><strong>rutas de cicloturismo<\/strong><\/a> para hacer en familia.<\/li>\n<!-- \/wp:list-item --><!-- wp:list-item -->\n<li>Divertid\u00edsimas<strong> <a href=\"https:\/\/www.vacalia.com\/blog\/es\/fiestas-de-verano-en-mallorca-que-no-te-puedes-perder-durante-el-mes-de-julio\/\">fiestas locales de los pueblos mallorquines<\/a><\/strong>, que pod\u00e9is disfrutar a lo largo de todo el verano.<\/li>\n<!-- \/wp:list-item --><\/ul>\n<!-- \/wp:list --><!-- wp:paragraph -->\n<p>\u00a1Entramos en detalle!<\/p>\n<!-- \/wp:paragraph --><!-- wp:heading -->\n<h2 class=\"wp-block-heading\">Vacaciones con adolescentes en Mallorca<\/h2>\n<!-- \/wp:heading --><!-- wp:paragraph -->\n<p>Para tenerlo todo bien planificado una de las primeras cosas que deb\u00e9is hacer es encontrar <strong><a title=\"casas vacacionales mallorca\" href=\"https:\/\/www.vacalia.com\/es\/alquiler-casa-vacacional-mallorca\">casa de vacaciones en Mallorca<\/a><\/strong> para ir en familia. Si ten\u00e9is hijos, y sobre todo, si son adolescentes, lo ideal es alojarse en <strong>una casa grande<\/strong> y, si puede ser, <strong>con piscina privada y jard\u00edn<\/strong>, para que todos teng\u00e1is vuestro propio espacio. Adem\u00e1s, \u00a1una <a href=\"https:\/\/www.vacalia.com\/es\/alquiler-casa-vacacional-con-piscina-mallorca\"><strong>casa con piscina en Mallorca<\/strong><\/a> os puede salvar una tarde sin plan!<\/p>\n<!-- \/wp:paragraph --><!-- wp:heading {\"level\":3} -->\n<p class=\"wp-block-heading\"><em>Si busc\u00e1is algo alejado del bullicio, tranquilo pero no lejos del mar, <\/em><a title=\"villa puig garrafa\" href=\"https:\/\/www.vacalia.com\/es\/villa-puig-de-garrafa-andratx-h20591\"><em><strong>Puig de Garrafa<\/strong><\/em><\/a><em> en Andratx es la casa ideal para alojarse en familia. <strong>Piscina privada, jard\u00edn enorme y cuatro habitaciones\u00a0<\/strong>para gozar de vuestro propio espacio. En Mallorca encontrar\u00e9is muchas <strong><a href=\"https:\/\/www.vacalia.com\/es\/alquiler-vacacional-playa-mallorca\">casas de playa<\/a> para ir con adolescentes. <\/strong><\/em><\/p>\n<!-- \/wp:heading --><!-- wp:image {\"id\":2603} -->\n<figure class=\"wp-block-image\"><img decoding=\"async\" width=\"1024\" height=\"768\" class=\"wp-image-2603\" src=\"https:\/\/www.vacalia.com\/blog\/wp-content\/uploads\/2019\/04\/3138_e3aedb8ada50e941284f0dab0f02421a-1024x768.jpg\" alt=\"Vacaciones con adolescentes en Mallorca\" srcset=\"https:\/\/www.vacalia.com\/blog\/wp-content\/uploads\/2019\/04\/3138_e3aedb8ada50e941284f0dab0f02421a-1024x768.jpg 1024w, https:\/\/www.vacalia.com\/blog\/wp-content\/uploads\/2019\/04\/3138_e3aedb8ada50e941284f0dab0f02421a-300x225.jpg 300w, https:\/\/www.vacalia.com\/blog\/wp-content\/uploads\/2019\/04\/3138_e3aedb8ada50e941284f0dab0f02421a-768x576.jpg 768w\" sizes=\"(max-width: 1024px) 100vw, 1024px\" \/><\/figure>\n<!-- \/wp:image --><!-- wp:paragraph -->\n<p>Una vez teng\u00e1is los billetes de avi\u00f3n o barco y vuestra casa de vacaciones reservada, es hora de empezar a pensar en los planes y actividades en Mallorca con vuestros hijos.<\/p>\n<!-- \/wp:paragraph --><!-- wp:heading {\"level\":3} -->\n<h3 class=\"wp-block-heading\">Planes con adolescentes en Mallorca. \u00a15 sugerencias muy chulas!<\/h3>\n<!-- \/wp:heading --><!-- wp:heading {\"level\":4} -->\n<h4 class=\"wp-block-heading\"><strong>Visita a las Coves del Drach<\/strong><\/h4>\n<!-- \/wp:heading --><!-- wp:paragraph -->\n<p>Son tan impresionantes que <strong>tus hijos se quedaran con la boca abierta<\/strong>. Es un planazo para realizar en familia, sobre todo si vuestros hijos son ya un poco mayores, ya que pod\u00e9is hacer la <strong>ruta guiada<\/strong> donde os explicar\u00e1n la historia de estas impresionantes cuevas.<\/p>\n<!-- \/wp:paragraph --><!-- wp:paragraph -->\n<p>Las Coves del Drach y dels Hams se encuentran en Manacor y son realmente impresionantes. Tambi\u00e9n podr\u00e9is visitar otras cuevas en Campaneto cerca de Art\u00e0, \u00a1muy recomendables!<\/p>\n<!-- \/wp:paragraph --><!-- wp:shortcode -->\n<div class=\"bannerBlog\"><div class=\"new-card-houses\">\n    <div class=\"likeOut likeDivOut\" style=\"display:none\">\n        <a data-id=\"2704\" class=\"likeOut_button_red likeBtnFav\"\n            aria-label=\"Megusta Vacalia\"><\/a>\n    <\/div>\n    <figure>\n        <img loading=\"lazy\" decoding=\"async\" \n            loading=\"lazy\" width=\"301\" height=\"200\"\n            src=\"\/\/media.vacalia.com\/photo\/reformatwebpfolder\/350\/200\/2704\/thumb-middle\/2704_038b43920e94f0f40bf5ba4cb0b015c9.webp?v=21092023\"\n            alt=\"Rafal pai - Alquiler vacacional en Col\u00f2nia de Sant Pere\"\/>\n                                                                        <div class=\"circleDiscount\">-2%<\/div>\n                        <\/figure>\n    <p itemprop=\"address\"><i class=\"ico-marker\"><\/i>Col\u00f2nia de Sant Pere, Mallorca<\/p>\n    <h3 itemprop=\"name\">Rafal pai<\/h3>\n    <ul class=\"icon_list inline_list\">\n                              <li class=\"ico-pool\" title=\"Piscina\">\n              <span itemprop=\"amenityFeature\">Piscina<\/span>\n            <\/li>\n                      <li class=\"ico-airConditioning\" title=\"Aire Acondicionado\">\n              <span itemprop=\"amenityFeature\">Aire Acondicionado<\/span>\n            <\/li>\n                      <li class=\"ico-wifi\" title=\"Wifi\">\n              <span itemprop=\"amenityFeature\">Wifi<\/span>\n            <\/li>\n                          <li class=\"ico-guests\" title=\"Para 12 hu\u00e9spedes en Col\u00f2nia De Sant Pere.\">\n          <span itemprop=\"occupancy\">12<\/span>\n        <\/li>\n    <\/ul>\n            <span class=\"price\">Desde 729\u20ac \/ noche<\/span>\n                <a itemprop=\"url\" class=\"anchor\" href=\"https:\/\/www.vacalia.com\/es\/villa-rafal-pai-arta-h19061\" aria-label=\"Rafal pai\"><\/a>\n<\/div><div class=\"new-card-houses\">\n    <div class=\"likeOut likeDivOut\" style=\"display:none\">\n        <a data-id=\"4904\" class=\"likeOut_button_red likeBtnFav\"\n            aria-label=\"Megusta Vacalia\"><\/a>\n    <\/div>\n    <figure>\n        <img loading=\"lazy\" decoding=\"async\" \n            loading=\"lazy\" width=\"301\" height=\"200\"\n            src=\"\/\/media.vacalia.com\/photo\/reformatwebpfolder\/350\/200\/4904\/thumb-middle\/4904_e47e59dfc39294d103d8270b79470796.webp?v=21092023\"\n            alt=\"Villa montfarrutx - Alquiler vacacional en Col\u00f2nia de Sant Pere\"\/>\n                                                                        <div class=\"circleDiscount\">-4%<\/div>\n                        <\/figure>\n    <p itemprop=\"address\"><i class=\"ico-marker\"><\/i>Col\u00f2nia de Sant Pere, Mallorca<\/p>\n    <h3 itemprop=\"name\">Villa montfarrutx<\/h3>\n    <ul class=\"icon_list inline_list\">\n                              <li class=\"ico-pool\" title=\"Piscina\">\n              <span itemprop=\"amenityFeature\">Piscina<\/span>\n            <\/li>\n                      <li class=\"ico-airConditioning\" title=\"Aire Acondicionado\">\n              <span itemprop=\"amenityFeature\">Aire Acondicionado<\/span>\n            <\/li>\n                      <li class=\"ico-wifi\" title=\"Wifi\">\n              <span itemprop=\"amenityFeature\">Wifi<\/span>\n            <\/li>\n                          <li class=\"ico-guests\" title=\"Para 6 hu\u00e9spedes en Col\u00f2nia De Sant Pere.\">\n          <span itemprop=\"occupancy\">6<\/span>\n        <\/li>\n    <\/ul>\n            <span class=\"price\">Desde 360\u20ac \/ noche<\/span>\n                <a itemprop=\"url\" class=\"anchor\" href=\"https:\/\/www.vacalia.com\/es\/villa-villa-montfarrutx-arta-h27859\" aria-label=\"Villa montfarrutx\"><\/a>\n<\/div><div class=\"new-card-houses\">\n    <div class=\"likeOut likeDivOut\" style=\"display:none\">\n        <a data-id=\"3156\" class=\"likeOut_button_red likeBtnFav\"\n            aria-label=\"Megusta Vacalia\"><\/a>\n    <\/div>\n    <figure>\n        <img loading=\"lazy\" decoding=\"async\" \n            loading=\"lazy\" width=\"301\" height=\"200\"\n            src=\"\/\/media.vacalia.com\/photo\/reformatwebpfolder\/350\/200\/3156\/thumb-middle\/3156_deecc8ad639b53bee9ffb20c0858d73d.webp?v=21092023\"\n            alt=\"Bellpuig 4 - Alquiler vacacional en Art\u00e0\"\/>\n                                                                        <div class=\"circleDiscount\">-5%<\/div>\n                        <\/figure>\n    <p itemprop=\"address\"><i class=\"ico-marker\"><\/i>Art\u00e0, Mallorca<\/p>\n    <h3 itemprop=\"name\">Bellpuig 4<\/h3>\n    <ul class=\"icon_list inline_list\">\n                              <li class=\"ico-pool\" title=\"Piscina\">\n              <span itemprop=\"amenityFeature\">Piscina<\/span>\n            <\/li>\n                      <li class=\"ico-wifi\" title=\"Wifi\">\n              <span itemprop=\"amenityFeature\">Wifi<\/span>\n            <\/li>\n                          <li class=\"ico-guests\" title=\"Para 4 hu\u00e9spedes en Art\u00e0.\">\n          <span itemprop=\"occupancy\">4<\/span>\n        <\/li>\n    <\/ul>\n            <span class=\"price\">Desde 206\u20ac \/ noche<\/span>\n                <a itemprop=\"url\" class=\"anchor\" href=\"https:\/\/www.vacalia.com\/es\/villa-bellpuig-4-arta-h20600\" aria-label=\"Bellpuig 4\"><\/a>\n<\/div><\/div>\n<!-- \/wp:shortcode --><!-- wp:heading {\"level\":4} -->\n<h4 class=\"wp-block-heading\"><strong>Actividades en la Sierra de Tramuntana<\/strong><\/h4>\n<!-- \/wp:heading --><!-- wp:paragraph -->\n<p>El motivo principal para <strong>viajar a Mallorca con adolescentes<\/strong> es seguramente la playa, pero la isla cuenta con algunos de los paisajes monta\u00f1osos m\u00e1s impresionantes de todo el pa\u00eds.<\/p>\n<!-- \/wp:paragraph --><!-- wp:paragraph -->\n<p>Organizad una excursi\u00f3n con toda la familia a la Sierra de Tramuntana, paraje declarado <strong>Patrimonio de la Humanidad por la UNESCO<\/strong>. En algunos puntos tendr\u00e9is unas vistas impresionantes de la isla y, adem\u00e1s, podr\u00e9is disfrutar de <strong>actividades al aire libre en la Sierra de Tramuntana<\/strong>.<\/p>\n<!-- \/wp:paragraph --><!-- wp:image {\"id\":2604} -->\n<figure class=\"wp-block-image\"><img decoding=\"async\" width=\"1024\" height=\"768\" class=\"wp-image-2604\" src=\"https:\/\/www.vacalia.com\/blog\/wp-content\/uploads\/2019\/04\/mallorca-85680_1280-1024x768.jpg\" alt=\"Vacaciones con adolescentes en Mallorca\" \/><\/figure>\n<!-- \/wp:image --><!-- wp:paragraph -->\n<p>\u00bfIdeas? Alquilar unas bicis, contemplar el espect\u00e1culo natural en Ses Fonts Ufanes o simplemente hacer una bonita excursi\u00f3n por sus caminos.<\/p>\n<!-- \/wp:paragraph --><!-- wp:heading {\"level\":4} -->\n<h4 class=\"wp-block-heading\"><strong>Visita un parque acu\u00e1tico<\/strong><\/h4>\n<!-- \/wp:heading --><!-- wp:paragraph -->\n<p>A los ni\u00f1os les encanta y, si va toda la familia junta, incluso los padres acaban disfrutando de un d\u00eda de risas en remojo.<\/p>\n<!-- \/wp:paragraph --><!-- wp:paragraph -->\n<p>De entrada pasarte el d\u00eda entre toboganes de agua puede resultar poco motivador, pero los ni\u00f1os lo pasan genial y seguro que acabar\u00e9is pasando una buena jornada, ya que la mayor\u00eda de parques acu\u00e1ticos en Mallorca tienen servicios de todo tipo.<\/p>\n<!-- \/wp:paragraph --><!-- wp:paragraph -->\n<p>Pod\u00e9is escoger entre muchas opciones, como el <strong>Western Water Park <\/strong>de Magaluf, el <strong>Hidropark<\/strong>\u00a0 de Alcudia o el <strong>Aqualand<\/strong> de Arenal.<\/p>\n<!-- \/wp:paragraph --><!-- wp:heading {\"level\":3} -->\n<p class=\"wp-block-heading\"><em>Alcudia es precisamente uno de los destinos que m\u00e1s turistas atrae, sobre todo a familias. Cerca de Alcudia encontramos <\/em><strong><a href=\"https:\/\/www.vacalia.com\/es\/apartamento-ullas-alcudia-h18575\"><em>Ull\u00e0s<\/em><\/a><\/strong><em>, una <strong>casa vacacional cerca de la playa<\/strong>, <strong>ideal para alojarse con ni\u00f1os<\/strong>. No tiene piscina, pero est\u00e1 <strong>muy cerca del mar<\/strong> y tiene una terraza muy grande. Las casas en Mallorca como Ull\u00e0s son ideales para ir con hijos mayores.<\/em><\/p>\n<!-- \/wp:heading --><!-- wp:image {\"id\":2605} -->\n<figure class=\"wp-block-image\"><img loading=\"lazy\" decoding=\"async\" width=\"1024\" height=\"681\" class=\"wp-image-2605\" src=\"https:\/\/www.vacalia.com\/blog\/wp-content\/uploads\/2019\/04\/506_bc4813bba8bf23a0e39d2fce1424d2e3-1024x681.jpg\" alt=\"Vacaciones con adolescentes en Mallorca\" srcset=\"https:\/\/www.vacalia.com\/blog\/wp-content\/uploads\/2019\/04\/506_bc4813bba8bf23a0e39d2fce1424d2e3-1024x681.jpg 1024w, https:\/\/www.vacalia.com\/blog\/wp-content\/uploads\/2019\/04\/506_bc4813bba8bf23a0e39d2fce1424d2e3-300x200.jpg 300w, https:\/\/www.vacalia.com\/blog\/wp-content\/uploads\/2019\/04\/506_bc4813bba8bf23a0e39d2fce1424d2e3-768x511.jpg 768w\" sizes=\"(max-width: 1024px) 100vw, 1024px\" \/><\/figure>\n<!-- \/wp:image --><!-- wp:heading {\"level\":4} -->\n<h4 class=\"wp-block-heading\"><strong>Visitar el Castillo de Alar\u00f3<\/strong><\/h4>\n<!-- \/wp:heading --><!-- wp:paragraph -->\n<p>Para unas <strong>vacaciones familiares en Mallorca<\/strong> lo necesario es tener planes preparados para que la familia no se aburra. Una visita al Castillo de Alar\u00f3 es una gran idea para una tarde de visita cultural.<\/p>\n<!-- \/wp:paragraph --><!-- wp:paragraph -->\n<p>Mallorca tiene distintos <strong>castillos que se conservan en perfectas condiciones<\/strong>, y el de Alar\u00f3 es uno de los que tiene mejores vistas. Se encuentra a 800 metros de altura y pod\u00e9is llegar a \u00e9l a trav\u00e9s de una <strong>ruta de senderismo que est\u00e1 perfectamente se\u00f1alizada<\/strong>.<\/p>\n<!-- \/wp:paragraph --><!-- wp:shortcode -->\n<div class=\"bannerBlog\"><div class=\"new-card-houses\">\n    <div class=\"likeOut likeDivOut\" style=\"display:none\">\n        <a data-id=\"166\" class=\"likeOut_button_red likeBtnFav\"\n            aria-label=\"Megusta Vacalia\"><\/a>\n    <\/div>\n    <figure>\n        <img loading=\"lazy\" decoding=\"async\" \n            loading=\"lazy\" width=\"301\" height=\"200\"\n            src=\"\/\/media.vacalia.com\/photo\/reformatwebpfolder\/350\/200\/166\/thumb-middle\/166_e9f82b3335d196c8a1342d31af868efd.webp?v=21092023\"\n            alt=\"Can cabrit - Alquiler vacacional en Alar\u00f3\"\/>\n                                                                    <\/figure>\n    <p itemprop=\"address\"><i class=\"ico-marker\"><\/i>Alar\u00f3, Mallorca<\/p>\n    <h3 itemprop=\"name\">Can cabrit<\/h3>\n    <ul class=\"icon_list inline_list\">\n                              <li class=\"ico-pool\" title=\"Piscina\">\n              <span itemprop=\"amenityFeature\">Piscina<\/span>\n            <\/li>\n                      <li class=\"ico-airConditioning\" title=\"Aire Acondicionado\">\n              <span itemprop=\"amenityFeature\">Aire Acondicionado<\/span>\n            <\/li>\n                      <li class=\"ico-wifi\" title=\"Wifi\">\n              <span itemprop=\"amenityFeature\">Wifi<\/span>\n            <\/li>\n                          <li class=\"ico-guests\" title=\"Para 4 hu\u00e9spedes en Alar\u00f3.\">\n          <span itemprop=\"occupancy\">4<\/span>\n        <\/li>\n    <\/ul>\n            <span class=\"price\">Desde 191\u20ac \/ noche<\/span>\n                <a itemprop=\"url\" class=\"anchor\" href=\"https:\/\/www.vacalia.com\/es\/villa-can-cabrit-alaro-h14774\" aria-label=\"Can cabrit\"><\/a>\n<\/div><div class=\"new-card-houses\">\n    <div class=\"likeOut likeDivOut\" style=\"display:none\">\n        <a data-id=\"1616\" class=\"likeOut_button_red likeBtnFav\"\n            aria-label=\"Megusta Vacalia\"><\/a>\n    <\/div>\n    <figure>\n        <img loading=\"lazy\" decoding=\"async\" \n            loading=\"lazy\" width=\"301\" height=\"200\"\n            src=\"\/\/media.vacalia.com\/photo\/reformatwebpfolder\/350\/200\/1616\/thumb-middle\/1616_54f6aa16c6e1bcf293ada367fb5cd1c7.webp?v=21092023\"\n            alt=\"Ca na mandola - Alquiler vacacional en Alar\u00f3\"\/>\n                                                                    <\/figure>\n    <p itemprop=\"address\"><i class=\"ico-marker\"><\/i>Alar\u00f3, Mallorca<\/p>\n    <h3 itemprop=\"name\">Ca na mandola<\/h3>\n    <ul class=\"icon_list inline_list\">\n                              <li class=\"ico-pool\" title=\"Piscina\">\n              <span itemprop=\"amenityFeature\">Piscina<\/span>\n            <\/li>\n                      <li class=\"ico-airConditioning\" title=\"Aire Acondicionado\">\n              <span itemprop=\"amenityFeature\">Aire Acondicionado<\/span>\n            <\/li>\n                      <li class=\"ico-wifi\" title=\"Wifi\">\n              <span itemprop=\"amenityFeature\">Wifi<\/span>\n            <\/li>\n                          <li class=\"ico-guests\" title=\"Para 8 hu\u00e9spedes en Alar\u00f3.\">\n          <span itemprop=\"occupancy\">8<\/span>\n        <\/li>\n    <\/ul>\n            <span class=\"price\">Desde 179\u20ac \/ noche<\/span>\n                <a itemprop=\"url\" class=\"anchor\" href=\"https:\/\/www.vacalia.com\/es\/villa-ca-na-mandola-alaro-h16562\" aria-label=\"Ca na mandola\"><\/a>\n<\/div><div class=\"new-card-houses\">\n    <div class=\"likeOut likeDivOut\" style=\"display:none\">\n        <a data-id=\"5679\" class=\"likeOut_button_red likeBtnFav\"\n            aria-label=\"Megusta Vacalia\"><\/a>\n    <\/div>\n    <figure>\n        <img loading=\"lazy\" decoding=\"async\" \n            loading=\"lazy\" width=\"301\" height=\"200\"\n            src=\"\/\/media.vacalia.com\/photo\/reformatwebpfolder\/350\/200\/5679\/thumb-middle\/5679_cf3e45924cf20e360da1c17a71f9b56d.webp?v=21092023\"\n            alt=\"Es figueral de son ribas - Alquiler vacacional en Alar\u00f3\"\/>\n                                                                    <\/figure>\n    <p itemprop=\"address\"><i class=\"ico-marker\"><\/i>Alar\u00f3, Mallorca<\/p>\n    <h3 itemprop=\"name\">Es figueral de son ribas<\/h3>\n    <ul class=\"icon_list inline_list\">\n                              <li class=\"ico-pool\" title=\"Piscina\">\n              <span itemprop=\"amenityFeature\">Piscina<\/span>\n            <\/li>\n                      <li class=\"ico-airConditioning\" title=\"Aire Acondicionado\">\n              <span itemprop=\"amenityFeature\">Aire Acondicionado<\/span>\n            <\/li>\n                      <li class=\"ico-wifi\" title=\"Wifi\">\n              <span itemprop=\"amenityFeature\">Wifi<\/span>\n            <\/li>\n                          <li class=\"ico-guests\" title=\"Para 4 hu\u00e9spedes en Alar\u00f3.\">\n          <span itemprop=\"occupancy\">4<\/span>\n        <\/li>\n    <\/ul>\n            <span class=\"price\">Desde 231\u20ac \/ noche<\/span>\n                <a itemprop=\"url\" class=\"anchor\" href=\"https:\/\/www.vacalia.com\/es\/villa-es-figueral-de-son-ribas-alaro-h32466\" aria-label=\"Es figueral de son ribas\"><\/a>\n<\/div><\/div>\n<!-- \/wp:shortcode --><!-- wp:heading {\"level\":4} -->\n<h4 class=\"wp-block-heading\"><strong>Mejores playas para ir con adolescentes en Mallorca<\/strong><\/h4>\n<!-- \/wp:heading --><!-- wp:paragraph -->\n<p>Lo m\u00e1s importante a la hora de escoger una playa es que cumpla con una serie de requisitos. Que disponga de duchas, de aseos, con espacios a la sombra, que haya socorrista o que tenga una zona de aparcamiento cercano.<\/p>\n<!-- \/wp:paragraph --><!-- wp:paragraph -->\n<p>La ventaja de que vuestros hijos sean adolescentes es poder <strong>acceder a playas un poco m\u00e1s alejadas y m\u00e1s tranquilas<\/strong>, ya que os pod\u00e9is permitir una peque\u00f1a excursi\u00f3n.<\/p>\n<!-- \/wp:paragraph --><!-- wp:paragraph -->\n<p>Algunas de las <strong>mejores playas en Mallorca para familias<\/strong> son la Playa de Alcudia, la Playa de Camp de Mar, la Playa de Canyamel, la Playa de Albercuix o la Playa Muro, entre otras.<\/p>\n<!-- \/wp:paragraph --><!-- wp:image {\"id\":2606} -->\n<figure class=\"wp-block-image\"><img loading=\"lazy\" decoding=\"async\" width=\"1024\" height=\"684\" class=\"wp-image-2606\" src=\"https:\/\/www.vacalia.com\/blog\/wp-content\/uploads\/2019\/04\/30-1-A0547LGM09-1024x684.jpg\" alt=\"vacaciones con adolescentes en Mallorca\" srcset=\"https:\/\/www.vacalia.com\/blog\/wp-content\/uploads\/2019\/04\/30-1-A0547LGM09-1024x684.jpg 1024w, https:\/\/www.vacalia.com\/blog\/wp-content\/uploads\/2019\/04\/30-1-A0547LGM09-300x200.jpg 300w, https:\/\/www.vacalia.com\/blog\/wp-content\/uploads\/2019\/04\/30-1-A0547LGM09-768x513.jpg 768w\" sizes=\"(max-width: 1024px) 100vw, 1024px\" \/><\/figure>\n<!-- \/wp:image --><!-- wp:heading {\"level\":4} -->\n<p class=\"wp-block-heading\"><em>Si busc\u00e1is una casa vacacional en Mallorca cerca de la playa, pod\u00e9is alojaros en <\/em><strong><a href=\"https:\/\/www.vacalia.com\/es\/villa-villa-sol-naixent-felanitx-h15080\"><em>Sol Naixent<\/em><\/a><\/strong><em>, una impresionante <strong>finca con cinco habitaciones y piscina privada con vistas al mar<\/strong>. El lugar perfecto para ir de vacaciones en familia.<\/em><\/p>\n<!-- \/wp:heading --><!-- wp:heading {\"level\":4} -->\n<h4 class=\"wp-block-heading\"><strong><em>Si vais a pasar una semana en nuestra maravillosa isla y quer\u00e9is m\u00e1splanes, os sugerimos leer nuestro post: <\/em><\/strong><a href=\"https:\/\/www.vacalia.com\/blog\/es\/una-semana-de-vacaciones-en-mallorca-un-plan-para-cada-dia\/\"><strong><em>Un plan para cada d\u00eda<\/em><\/strong><\/a><strong><em>. <\/em><\/strong><\/h4>\n<!-- \/wp:heading --><!-- wp:heading {\"level\":4} -->\n<h4 class=\"wp-block-heading\"><strong><em>Y,para cualquier consulta que teng\u00e1is, \u00a1encantados de ayudaros! Solo ten\u00e9is que escribirnos <a href=\"https:\/\/www.vacalia.com\/es\/contacto\">aqu\u00ed.<\/a><\/em><\/strong><\/h4>\n<!-- \/wp:heading --><!-- wp:shortcode -->\n<div class=\"bannerBlog\"><div class=\"new-card-houses\">\n    <div class=\"likeOut likeDivOut\" style=\"display:none\">\n        <a data-id=\"3599\" class=\"likeOut_button_red likeBtnFav\"\n            aria-label=\"Megusta Vacalia\"><\/a>\n    <\/div>\n    <figure>\n        <img loading=\"lazy\" decoding=\"async\" \n            loading=\"lazy\" width=\"301\" height=\"200\"\n            src=\"\/\/media.vacalia.com\/photo\/reformatwebpfolder\/350\/200\/3599\/thumb-middle\/3599_97ca8fd100ca4fdb61036d70442fb1b5.webp?v=21092023\"\n            alt=\"Can cuarassa - Alquiler vacacional en Port de Pollen\u00e7a\"\/>\n                                                                        <div class=\"circleDiscount\">-19%<\/div>\n                        <\/figure>\n    <p itemprop=\"address\"><i class=\"ico-marker\"><\/i>Port de Pollen\u00e7a, Mallorca<\/p>\n    <h3 itemprop=\"name\">Can cuarassa<\/h3>\n    <ul class=\"icon_list inline_list\">\n                              <li class=\"ico-airConditioning\" title=\"Aire Acondicionado\">\n              <span itemprop=\"amenityFeature\">Aire Acondicionado<\/span>\n            <\/li>\n                      <li class=\"ico-wifi\" title=\"Wifi\">\n              <span itemprop=\"amenityFeature\">Wifi<\/span>\n            <\/li>\n                      <li class=\"ico-views\" title=\"Vistas\">\n              <span itemprop=\"amenityFeature\">Vistas<\/span>\n            <\/li>\n                          <li class=\"ico-guests\" title=\"Para 8 hu\u00e9spedes en Port De Pollen\u00e7a.\">\n          <span itemprop=\"occupancy\">8<\/span>\n        <\/li>\n    <\/ul>\n            <span class=\"price\">Desde 400\u20ac \/ noche<\/span>\n                <a itemprop=\"url\" class=\"anchor\" href=\"https:\/\/www.vacalia.com\/es\/casa-vacacional-can-cuarassa-pollenca-h24331\" aria-label=\"Can cuarassa\"><\/a>\n<\/div><div class=\"new-card-houses\">\n    <div class=\"likeOut likeDivOut\" style=\"display:none\">\n        <a data-id=\"5189\" class=\"likeOut_button_red likeBtnFav\"\n            aria-label=\"Megusta Vacalia\"><\/a>\n    <\/div>\n    <figure>\n        <img loading=\"lazy\" decoding=\"async\" \n            loading=\"lazy\" width=\"301\" height=\"200\"\n            src=\"\/\/media.vacalia.com\/photo\/reformatwebpfolder\/350\/200\/5189\/thumb-middle\/5189_ef3a3954841a10607ce5e4fe0aca0eb8.webp?v=21092023\"\n            alt=\"Cas catal\u00e0 - Alquiler vacacional en Sineu\"\/>\n                                                                        <div class=\"circleDiscount\">-23%<\/div>\n                        <\/figure>\n    <p itemprop=\"address\"><i class=\"ico-marker\"><\/i>Sineu, Mallorca<\/p>\n    <h3 itemprop=\"name\">Cas catal\u00e0<\/h3>\n    <ul class=\"icon_list inline_list\">\n                              <li class=\"ico-pool\" title=\"Piscina\">\n              <span itemprop=\"amenityFeature\">Piscina<\/span>\n            <\/li>\n                      <li class=\"ico-airConditioning\" title=\"Aire Acondicionado\">\n              <span itemprop=\"amenityFeature\">Aire Acondicionado<\/span>\n            <\/li>\n                      <li class=\"ico-wifi\" title=\"Wifi\">\n              <span itemprop=\"amenityFeature\">Wifi<\/span>\n            <\/li>\n                          <li class=\"ico-guests\" title=\"Para 2 hu\u00e9spedes en Sineu.\">\n          <span itemprop=\"occupancy\">2<\/span>\n        <\/li>\n    <\/ul>\n            <span class=\"price\">Desde 85\u20ac \/ noche<\/span>\n                <a itemprop=\"url\" class=\"anchor\" href=\"https:\/\/www.vacalia.com\/es\/habitacion-de-hotel-cas-catala-sineu-h31424\" aria-label=\"Cas catal\u00e0\"><\/a>\n<\/div><div class=\"new-card-houses\">\n    <div class=\"likeOut likeDivOut\" style=\"display:none\">\n        <a data-id=\"3663\" class=\"likeOut_button_red likeBtnFav\"\n            aria-label=\"Megusta Vacalia\"><\/a>\n    <\/div>\n    <figure>\n        <img loading=\"lazy\" decoding=\"async\" \n            loading=\"lazy\" width=\"301\" height=\"200\"\n            src=\"\/\/media.vacalia.com\/photo\/reformatwebpfolder\/350\/200\/3663\/thumb-middle\/3663_9864163246b6942e1ca9aba41c14c153.webp?v=21092023\"\n            alt=\"Els pins (port d&#039;alc\u00fadia) - Alquiler vacacional en Platja d&#039;Alc\u00fadia\"\/>\n                                                                        <div class=\"circleDiscount\">-10%<\/div>\n                        <\/figure>\n    <p itemprop=\"address\"><i class=\"ico-marker\"><\/i>Platja d&#039;Alc\u00fadia, Mallorca<\/p>\n    <h3 itemprop=\"name\">Els pins (port d&#039;alc\u00fadia)<\/h3>\n    <ul class=\"icon_list inline_list\">\n                              <li class=\"ico-airConditioning\" title=\"Aire Acondicionado\">\n              <span itemprop=\"amenityFeature\">Aire Acondicionado<\/span>\n            <\/li>\n                      <li class=\"ico-wifi\" title=\"Wifi\">\n              <span itemprop=\"amenityFeature\">Wifi<\/span>\n            <\/li>\n                          <li class=\"ico-guests\" title=\"Para 5 hu\u00e9spedes en Platja D&#039;alc\u00fadia.\">\n          <span itemprop=\"occupancy\">5<\/span>\n        <\/li>\n    <\/ul>\n            <span class=\"price\">Desde 107\u20ac \/ noche<\/span>\n                <a itemprop=\"url\" class=\"anchor\" href=\"https:\/\/www.vacalia.com\/es\/casa-vacacional-els-pins-port-dalcudia-alcudia-h24667\" aria-label=\"Els pins (port d&#039;alc\u00fadia)\"><\/a>\n<\/div><\/div>\n<!-- \/wp:shortcode -->\t\t\t\t\t\t<\/div>\n\t\t\t\t<\/div>\n\t\t\t\t\t<\/div>\n\t\t\t\t<\/div>\n\t\t\t\t<\/div>\n\t\t","protected":false},"excerpt":{"rendered":"<p>Mallorca es uno de los lugares preferidos para pasar unas vacaciones con adolescentes perfectas. Una gran elecci\u00f3n si busc\u00e1is un destino muy completo para disfrutar en familia. La oferta cultural&hellip;<\/p>\n","protected":false},"author":2,"featured_media":2602,"comment_status":"closed","ping_status":"open","sticky":false,"template":"","format":"standard","meta":{"_monsterinsights_skip_tracking":false,"_monsterinsights_sitenote_active":false,"_monsterinsights_sitenote_note":"","_monsterinsights_sitenote_category":0,"footnotes":""},"categories":[1],"tags":[],"class_list":["post-2601","post","type-post","status-publish","format-standard","has-post-thumbnail","hentry","category-general-es"],"_links":{"self":[{"href":"https:\/\/www.vacalia.com\/blog\/wp-json\/wp\/v2\/posts\/2601"}],"collection":[{"href":"https:\/\/www.vacalia.com\/blog\/wp-json\/wp\/v2\/posts"}],"about":[{"href":"https:\/\/www.vacalia.com\/blog\/wp-json\/wp\/v2\/types\/post"}],"author":[{"embeddable":true,"href":"https:\/\/www.vacalia.com\/blog\/wp-json\/wp\/v2\/users\/2"}],"replies":[{"embeddable":true,"href":"https:\/\/www.vacalia.com\/blog\/wp-json\/wp\/v2\/comments?post=2601"}],"version-history":[{"count":9,"href":"https:\/\/www.vacalia.com\/blog\/wp-json\/wp\/v2\/posts\/2601\/revisions"}],"predecessor-version":[{"id":7265,"href":"https:\/\/www.vacalia.com\/blog\/wp-json\/wp\/v2\/posts\/2601\/revisions\/7265"}],"wp:featuredmedia":[{"embeddable":true,"href":"https:\/\/www.vacalia.com\/blog\/wp-json\/wp\/v2\/media\/2602"}],"wp:attachment":[{"href":"https:\/\/www.vacalia.com\/blog\/wp-json\/wp\/v2\/media?parent=2601"}],"wp:term":[{"taxonomy":"category","embeddable":true,"href":"https:\/\/www.vacalia.com\/blog\/wp-json\/wp\/v2\/categories?post=2601"},{"taxonomy":"post_tag","embeddable":true,"href":"https:\/\/www.vacalia.com\/blog\/wp-json\/wp\/v2\/tags?post=2601"}],"curies":[{"name":"wp","href":"https:\/\/api.w.org\/{rel}","templated":true}]}}