{"id":2619,"date":"2019-05-01T09:24:16","date_gmt":"2019-05-01T09:24:16","guid":{"rendered":"https:\/\/www.vacalia.com\/blog\/?p=2619"},"modified":"2024-02-14T11:14:06","modified_gmt":"2024-02-14T10:14:06","slug":"fiestas-tradicionales-en-mallorca-las-que-no-te-puedes-perder-en-septiembre","status":"publish","type":"post","link":"https:\/\/www.vacalia.com\/blog\/es\/fiestas-tradicionales-en-mallorca-las-que-no-te-puedes-perder-en-septiembre\/","title":{"rendered":"Fiestas tradicionales en Mallorca: las que no te puedes perder en septiembre"},"content":{"rendered":"\n<p>Las <strong>fiestas tradicionales en Mallorca<\/strong> se celebran a lo largo del a\u00f1o y septiembre tambi\u00e9n es un gran mes para disfrutar de ellas. <\/p>\n\n\n\n<p>Es un momento del a\u00f1o excelente para conocer la isla con m\u00e1s tranquilidad y para alojarte en una <a href=\"https:\/\/www.vacalia.com\/es\">casa de vacaciones en Mallorca<\/a> donde relajarte y disfrutar de tu estancia sin tantas aglomeraciones. &nbsp;<\/p>\n\n\n\n<figure class=\"wp-block-image\"><img fetchpriority=\"high\" decoding=\"async\" width=\"671\" height=\"301\" src=\"https:\/\/www.vacalia.com\/blog\/wp-content\/uploads\/2019\/05\/ES_FiestasTradicionalesblog_Vacalia.png\" alt=\"Fiestas tradicionales en Mallorca para septiembre\" class=\"wp-image-2622\" srcset=\"https:\/\/www.vacalia.com\/blog\/wp-content\/uploads\/2019\/05\/ES_FiestasTradicionalesblog_Vacalia.png 671w, https:\/\/www.vacalia.com\/blog\/wp-content\/uploads\/2019\/05\/ES_FiestasTradicionalesblog_Vacalia-300x135.png 300w, https:\/\/www.vacalia.com\/blog\/wp-content\/uploads\/2019\/05\/ES_FiestasTradicionalesblog_Vacalia-670x300.png 670w\" sizes=\"(max-width: 767px) 100vw, 671px\" \/><\/figure>\n\n\n\n<h2 class=\"wp-block-heading\">Fiestas tradicionales en Mallorca en septiembre. \u00bfQu\u00e9 planes te proponemos?<\/h2>\n\n\n\n<h3 class=\"wp-block-heading\"><strong>La Beata, Santa Margalida<\/strong><\/h3>\n\n\n\n<p>Se las conoce popularmente como Sor Tomaseta, el nombre de los personajes ilustres de Mallorca. Esta fiesta se celebra la primera semana de septiembre, por lo que a\u00fan podemos considerarla una <strong>fiesta tradicional de verano en Mallorca<\/strong>. La festividad es muy bonita y ocupa todo un fin de semana con todo tipo de actividades.<\/p>\n\n\n\n<p>Se hace una ofrenda floral al monumento de Santa Catalina y se celebra una enorme verbena con grupos de m\u00fasica. El domingo se lleva a cabo la celebraci\u00f3n oficial de La Beata. Es un d\u00eda muy especial para la gente de Santa Margalida. <\/p>\n\n\n\n<p><strong>\u00bfEn qu\u00e9 consiste?<\/strong><\/p>\n\n\n\n<p>La gente del pueblo sale vestida con la vestimenta tradicional mallorquina. Las carrozas que desfilan por el pueblo representan las diferentes escenas de la vida de Santa Catalina Thomas. Se hace un recorrido por todo el pueblo acompa\u00f1ado con m\u00fasica al que asisten muchas personas. <\/p>\n\n\n\n<figure class=\"wp-block-image\"><img decoding=\"async\" width=\"1024\" height=\"683\" src=\"https:\/\/www.vacalia.com\/blog\/wp-content\/uploads\/2019\/05\/95_2397511cde6792efbaab17fecdd7e3ce-1024x683.jpg\" alt=\"Fiestras tradicionales en Mallorca para septiembre\" class=\"wp-image-2620\" srcset=\"https:\/\/www.vacalia.com\/blog\/wp-content\/uploads\/2019\/05\/95_2397511cde6792efbaab17fecdd7e3ce-1024x683.jpg 1024w, https:\/\/www.vacalia.com\/blog\/wp-content\/uploads\/2019\/05\/95_2397511cde6792efbaab17fecdd7e3ce-300x200.jpg 300w, https:\/\/www.vacalia.com\/blog\/wp-content\/uploads\/2019\/05\/95_2397511cde6792efbaab17fecdd7e3ce-768x512.jpg 768w\" sizes=\"(max-width: 1024px) 100vw, 1024px\" \/><\/figure>\n\n\n\n<h4 class=\"wp-block-heading\"><em>Si vas a ir a Mallorca&nbsp; para las fiestas de La Beatea lo mejor es alojarse en una casa cerca de Santa Margalida, como <\/em><a href=\"https:\/\/www.vacalia.com\/es\/villa-rafalet-santa-margalida-h14648\"><em>Rafalet<\/em><\/a><em>, una casa de vacaciones en Mallorca impresionante con piscina privada y un jard\u00edn al que relajarse con la familia entre acto y acto. <\/em><\/h4>\n\n\n\n<h3 class=\"wp-block-heading\"><strong>Fiesta de la Mare de D\u00e9u de la Salut, Palma de Mallorca<\/strong><\/h3>\n\n\n\n<p>No es la fiesta principal de la capital de la isla, pero es un evento que permite alargar la festividad veraniega a septiembre. Se trata de la Fiesta de la Mare de D\u00e9u de la Salut que se celebra en Palma de Mallorca entre principios y mediados del mes. La Mare de D\u00e9u de la Salut es la patrona menor de la ciudad y esta fiesta tradicional es en recuerdo a ella. <\/p>\n\n\n\n<p><strong>\u00bfEn qu\u00e9 consiste?<\/strong><\/p>\n\n\n\n<p>La festividad suele duran una semana o diez d\u00edas y se llevan a cabo actividades culturales y festivas muy diversas: desde conciertos a yincanas, exposiciones y festivales. Asimismo, podr\u00e1s disfrutar de actos tradicionales, como la desfilada y ofrenda floral y de frutos a la Mare de D\u00e9u de la Salut o el Mercado Medieval y la muestra cultural. <\/p>\n\n\n\n<figure class=\"wp-block-image\"><img decoding=\"async\" width=\"1024\" height=\"681\" src=\"https:\/\/www.vacalia.com\/blog\/wp-content\/uploads\/2019\/05\/1892_75ba6c0c4acccebafe2404cfaecf37b7-1024x681.jpg\" alt=\"Fiestas tradicionales para septiembre en Mallorca\" class=\"wp-image-2621\" srcset=\"https:\/\/www.vacalia.com\/blog\/wp-content\/uploads\/2019\/05\/1892_75ba6c0c4acccebafe2404cfaecf37b7-1024x681.jpg 1024w, https:\/\/www.vacalia.com\/blog\/wp-content\/uploads\/2019\/05\/1892_75ba6c0c4acccebafe2404cfaecf37b7-300x200.jpg 300w, https:\/\/www.vacalia.com\/blog\/wp-content\/uploads\/2019\/05\/1892_75ba6c0c4acccebafe2404cfaecf37b7-768x511.jpg 768w\" sizes=\"(max-width: 1024px) 100vw, 1024px\" \/><\/figure>\n\n\n\n<h4 class=\"wp-block-heading\"><em>\u00bfVas a ir a esta fiesta de Palma y quieres alojarte cerca? <\/em><a href=\"https:\/\/www.vacalia.com\/es\/villa-ca-na-salera-palma--h17114\"><em>Ca na Salera<\/em><\/a><em> es la casa ideal para unas vacaciones en Palma de Mallorca. Tiene piscina privada, cuatro dormitorios y unas vistas a la ciudad muy bonitas. Y est\u00e1 muy bien conectada y no tan lejos del centro. <\/em><\/h4>\n\n\n\n<h3 class=\"wp-block-heading\"><strong>Correbou de Fornalutx<\/strong><\/h3>\n\n\n\n<p>Fornalutx es una de los pueblos m\u00e1s bonitos de Mallorca y en setiembre se celebran las fiestas patronales de este pueblo. Lo que da comienzo a la fiesta es precisamente el <em>correbou<\/em>, un espect\u00e1culo tradicional que acoge a cientos de j\u00f3venes de toda la isla. <\/p>\n\n\n\n<p><strong>\u00bfEn qu\u00e9 consiste?<\/strong><\/p>\n\n\n\n<p>Por la ma\u00f1ana un enorme toro sale de su guarida y desfila por el pueblo controlado por los j\u00f3venes que lo tienen atado con unas cuerdas guiadas. Se vigila en todo momento que el animal no sufra ning\u00fan tipo de vejaci\u00f3n o maltrato.<\/p>\n\n\n\n<h3 class=\"wp-block-heading\"><strong>Fiesta de la Vendimia<\/strong><\/h3>\n\n\n\n<p>El \u00faltimo fin de semana de setiembre se celebra en Binissalem, un pueblo con gran tradici\u00f3n vin\u00edcola en Mallorca, una de las fiestas m\u00e1s esperadas del a\u00f1o: la Fiesta de la Vendimia (<em>Festa del Veremar<\/em>). <\/p>\n\n\n\n<p><strong>\u00bfEn qu\u00e9 consiste?<\/strong><\/p>\n\n\n\n<p>Un desfile de carrozas, juegos para ni\u00f1os, exposiciones y actividades relacionadas con el mundo de la vendimia en Mallorca son los protagonistas de esta fiesta. Adem\u00e1s, se celebra una multitudinaria cena en las calles del pueblo en la que se sirven los t\u00edpicos \u2018fideus de vermar\u2019 (fideos de vendimia), un plato con mucha tradici\u00f3n hist\u00f3rica en la isla. Durante la cena tambi\u00e9n se llevan a cabo diferentes actos protocolarios tradicionales.&nbsp; <\/p>\n\n\n\n<figure class=\"wp-block-image\"><img loading=\"lazy\" decoding=\"async\" width=\"1024\" height=\"683\" src=\"https:\/\/www.vacalia.com\/blog\/wp-content\/uploads\/2019\/05\/3070_2785da6fc2509c505316f87c0da1f97d-1024x683.jpg\" alt=\"Fiestas tradicionales en Mallorca para septiembre\" class=\"wp-image-2623\" srcset=\"https:\/\/www.vacalia.com\/blog\/wp-content\/uploads\/2019\/05\/3070_2785da6fc2509c505316f87c0da1f97d-1024x683.jpg 1024w, https:\/\/www.vacalia.com\/blog\/wp-content\/uploads\/2019\/05\/3070_2785da6fc2509c505316f87c0da1f97d-300x200.jpg 300w, https:\/\/www.vacalia.com\/blog\/wp-content\/uploads\/2019\/05\/3070_2785da6fc2509c505316f87c0da1f97d-768x512.jpg 768w\" sizes=\"(max-width: 1024px) 100vw, 1024px\" \/><\/figure>\n\n\n\n<h4 class=\"wp-block-heading\"><em>Si viajas a Mallorca a finales de setiembre y quieres alojarte en Binissalem debes saber qu\u00e9 tenemos una interesante oferta de casas vacacionales en este pueblo. <\/em><a href=\"https:\/\/www.vacalia.com\/es\/apartamento-can-salom-binissalem-h20396\"><em>Can Salom<\/em><\/a><em> es un bonito alojamiento para dos personas, ideal para relajarte unos d\u00edas en este tranquilo pueblo. Y <\/em><a href=\"https:\/\/www.vacalia.com\/es\/villa-cas-berbon-binissalem-h18500\"><em>Cas Berbon<\/em><\/a><em> es la casa ideal para los que buscan un alojamiento para la familia, con capacidad para seis personas, y un poco de intimidad. Tiene un jard\u00edn con una piscina privada espectacular. <\/em><\/h4>\n\n\n\n<p>Septiembre es, seguramente, uno de los mejores meses para viajar a Mallorca, no solo por sus fiestas tradicionales, sino porque, adem\u00e1s, es un buen momento para disfrutar de la isla con m\u00e1s tranquilidad. Pero si has planificado tu viaje para julio, te interesar\u00e1 conocer las <a href=\"https:\/\/www.vacalia.com\/blog\/es\/fiestas-de-verano-en-mallorca-que-no-te-puedes-perder-durante-el-mes-de-julio\/\">fiestas tradicionales en este mes<\/a> o las <a href=\"https:\/\/www.vacalia.com\/blog\/es\/fiestas-verano-junio-mallorca\/\">fiestas tradicionales que se celebran en Mallorca en junio<\/a>.<\/p>\n\n\n\n<p><strong><em>Sea el mes que sea lo m\u00e1s importante es que encuentres con <\/em><\/strong><a href=\"https:\/\/www.vacalia.com\/es\"><strong><em>una casa vacacional<\/em><\/strong><\/a><strong><em> ideal para disfrutar de un gran viaje.<\/em><\/strong><\/p>\n\n\n<div class=\"bannerBlog\"><div class=\"new-card-houses\">\n    <div class=\"likeOut likeDivOut\" style=\"display:none\">\n        <a data-id=\"5189\" class=\"likeOut_button_red likeBtnFav\"\n            aria-label=\"Megusta Vacalia\"><\/a>\n    <\/div>\n    <figure>\n        <img loading=\"lazy\" decoding=\"async\" \n            loading=\"lazy\" width=\"301\" height=\"200\"\n            src=\"\/\/media.vacalia.com\/photo\/reformatwebpfolder\/350\/200\/5189\/thumb-middle\/5189_ef3a3954841a10607ce5e4fe0aca0eb8.webp?v=21092023\"\n            alt=\"Cas catal\u00e0 - Alquiler vacacional en Sineu\"\/>\n                                                                        <div class=\"circleDiscount\">-23%<\/div>\n                        <\/figure>\n    <p itemprop=\"address\"><i class=\"ico-marker\"><\/i>Sineu, Mallorca<\/p>\n    <h3 itemprop=\"name\">Cas catal\u00e0<\/h3>\n    <ul class=\"icon_list inline_list\">\n                              <li class=\"ico-pool\" title=\"Piscina\">\n              <span itemprop=\"amenityFeature\">Piscina<\/span>\n            <\/li>\n                      <li class=\"ico-airConditioning\" title=\"Aire Acondicionado\">\n              <span itemprop=\"amenityFeature\">Aire Acondicionado<\/span>\n            <\/li>\n                      <li class=\"ico-wifi\" title=\"Wifi\">\n              <span itemprop=\"amenityFeature\">Wifi<\/span>\n            <\/li>\n                          <li class=\"ico-guests\" title=\"Para 2 hu\u00e9spedes en Sineu.\">\n          <span itemprop=\"occupancy\">2<\/span>\n        <\/li>\n    <\/ul>\n            <span class=\"price\">Desde 85\u20ac \/ noche<\/span>\n                <a itemprop=\"url\" class=\"anchor\" href=\"https:\/\/www.vacalia.com\/es\/habitacion-de-hotel-cas-catala-sineu-h31424\" aria-label=\"Cas catal\u00e0\"><\/a>\n<\/div><div class=\"new-card-houses\">\n    <div class=\"likeOut likeDivOut\" style=\"display:none\">\n        <a data-id=\"3311\" class=\"likeOut_button_red likeBtnFav\"\n            aria-label=\"Megusta Vacalia\"><\/a>\n    <\/div>\n    <figure>\n        <img loading=\"lazy\" decoding=\"async\" \n            loading=\"lazy\" width=\"301\" height=\"200\"\n            src=\"\/\/media.vacalia.com\/photo\/reformatwebpfolder\/350\/200\/3311\/thumb-middle\/3311_3a4a862195b9dc338422c59da501b2b9.webp?v=21092023\"\n            alt=\"Hostal talamanca - Alquiler vacacional en Cala d&#039;Or\"\/>\n                                                                        <div class=\"circleDiscount\">-24%<\/div>\n                        <\/figure>\n    <p itemprop=\"address\"><i class=\"ico-marker\"><\/i>Cala d&#039;Or, Mallorca<\/p>\n    <h3 itemprop=\"name\">Hostal talamanca<\/h3>\n    <ul class=\"icon_list inline_list\">\n                              <li class=\"ico-airConditioning\" title=\"Aire Acondicionado\">\n              <span itemprop=\"amenityFeature\">Aire Acondicionado<\/span>\n            <\/li>\n                      <li class=\"ico-wifi\" title=\"Wifi\">\n              <span itemprop=\"amenityFeature\">Wifi<\/span>\n            <\/li>\n                          <li class=\"ico-guests\" title=\"Para 2+1   hu\u00e9spedes en Cala D&#039;or.\">\n          <span itemprop=\"occupancy\">2+1  <\/span>\n        <\/li>\n    <\/ul>\n            <span class=\"price\">Desde 67\u20ac \/ noche<\/span>\n                <a itemprop=\"url\" class=\"anchor\" href=\"https:\/\/www.vacalia.com\/es\/habitacion-de-hotel-hostal-talamanca-santanyi-h23222\" aria-label=\"Hostal talamanca\"><\/a>\n<\/div><\/div>\n","protected":false},"excerpt":{"rendered":"<p>Las fiestas tradicionales en Mallorca se celebran a lo largo del a\u00f1o y septiembre tambi\u00e9n es un gran mes para disfrutar de ellas. Es un momento del a\u00f1o excelente para&hellip;<\/p>\n","protected":false},"author":2,"featured_media":2624,"comment_status":"closed","ping_status":"open","sticky":false,"template":"","format":"standard","meta":{"_monsterinsights_skip_tracking":false,"_monsterinsights_sitenote_active":false,"_monsterinsights_sitenote_note":"","_monsterinsights_sitenote_category":0,"footnotes":""},"categories":[1],"tags":[],"class_list":["post-2619","post","type-post","status-publish","format-standard","has-post-thumbnail","hentry","category-general-es"],"_links":{"self":[{"href":"https:\/\/www.vacalia.com\/blog\/wp-json\/wp\/v2\/posts\/2619"}],"collection":[{"href":"https:\/\/www.vacalia.com\/blog\/wp-json\/wp\/v2\/posts"}],"about":[{"href":"https:\/\/www.vacalia.com\/blog\/wp-json\/wp\/v2\/types\/post"}],"author":[{"embeddable":true,"href":"https:\/\/www.vacalia.com\/blog\/wp-json\/wp\/v2\/users\/2"}],"replies":[{"embeddable":true,"href":"https:\/\/www.vacalia.com\/blog\/wp-json\/wp\/v2\/comments?post=2619"}],"version-history":[{"count":3,"href":"https:\/\/www.vacalia.com\/blog\/wp-json\/wp\/v2\/posts\/2619\/revisions"}],"predecessor-version":[{"id":4752,"href":"https:\/\/www.vacalia.com\/blog\/wp-json\/wp\/v2\/posts\/2619\/revisions\/4752"}],"wp:featuredmedia":[{"embeddable":true,"href":"https:\/\/www.vacalia.com\/blog\/wp-json\/wp\/v2\/media\/2624"}],"wp:attachment":[{"href":"https:\/\/www.vacalia.com\/blog\/wp-json\/wp\/v2\/media?parent=2619"}],"wp:term":[{"taxonomy":"category","embeddable":true,"href":"https:\/\/www.vacalia.com\/blog\/wp-json\/wp\/v2\/categories?post=2619"},{"taxonomy":"post_tag","embeddable":true,"href":"https:\/\/www.vacalia.com\/blog\/wp-json\/wp\/v2\/tags?post=2619"}],"curies":[{"name":"wp","href":"https:\/\/api.w.org\/{rel}","templated":true}]}}