{"id":2626,"date":"2019-05-01T09:57:46","date_gmt":"2019-05-01T09:57:46","guid":{"rendered":"https:\/\/www.vacalia.com\/blog\/?p=2626"},"modified":"2024-02-14T13:01:42","modified_gmt":"2024-02-14T12:01:42","slug":"traditionelle-feste-auf-mallorca-die-im-september-gefeiert-werden","status":"publish","type":"post","link":"https:\/\/www.vacalia.com\/blog\/traditionelle-feste-auf-mallorca-die-im-september-gefeiert-werden\/","title":{"rendered":"Traditionelle Feste auf Mallorca die im September gefeiert werden"},"content":{"rendered":"\n<p>Die <strong>Volksfeste auf Mallorca<\/strong> werden auf das ganze Jahr verteilt und September ist ein gro\u00dfartiger Monat um sie zu geniessen.<\/p>\n\n\n\n<p>Es ist ein guter Monat um die Insel kennenzulernen, ruhiger als die Monate der Hauptsaison&nbsp;und perfekt um sich ein sch\u00f6nes <a href=\"https:\/\/www.vacalia.com\/\">Ferienhaus<\/a> zu mieten in demSie, ohne den Trubel der gro\u00dfen Menschenmengen, entspannen k\u00f6nnen. <\/p>\n\n\n\n<figure class=\"wp-block-image\"><img fetchpriority=\"high\" decoding=\"async\" width=\"671\" height=\"301\" src=\"https:\/\/www.vacalia.com\/blog\/wp-content\/uploads\/2019\/05\/DE_FiestasTradicionalesblog_Vacalia.png\" alt=\"Traditionelle feste auf Mallorca im September\" class=\"wp-image-2627\" srcset=\"https:\/\/www.vacalia.com\/blog\/wp-content\/uploads\/2019\/05\/DE_FiestasTradicionalesblog_Vacalia.png 671w, https:\/\/www.vacalia.com\/blog\/wp-content\/uploads\/2019\/05\/DE_FiestasTradicionalesblog_Vacalia-300x135.png 300w, https:\/\/www.vacalia.com\/blog\/wp-content\/uploads\/2019\/05\/DE_FiestasTradicionalesblog_Vacalia-670x300.png 670w\" sizes=\"(max-width: 767px) 100vw, 671px\" \/><\/figure>\n\n\n\n<h2 class=\"wp-block-heading\">Traditionelle Festeauf Mallorca die im September. Dies sind unsere Tipps\u2026.<\/h2>\n\n\n\n<h3 class=\"wp-block-heading\"><strong>La Beata, Santa Margalida<\/strong><\/h3>\n\n\n\n<p>Im Volksmund ist es als Sor Tomaseta bekannt, der Name der bekannten Pers\u00f6nlichkeit Mallorcas. Es findet in der ersten Septemberwoche satt und man kann es durchaus noch als <strong>traditionelles Sommerfest auf Mallorca<\/strong> bezeichnen. Das sch\u00f6ne Fest wird mit allen m\u00f6glichen Aktivit\u00e4ten \u00fcber ein ganzes Wochenende gefeiert.<\/p>\n\n\n\n<p>Daf\u00fcr wird das Santa Catalina Monument wird mit Blumen geschm\u00fcckt und es findet ein grosses Festival mit verschieden Musikgruppen statt. Am Sonntag ist die offizielle Feier von La Beata. Es ist ein ganz besonderer Tag f\u00fcr die Menschen in Santa Margalida.<\/p>\n\n\n\n<p><strong>Was genau passiert?<\/strong><\/p>\n\n\n\n<p>Die Dorfbewohner tragen traditionelle, mallorquinische Kleidung. Es ziehen geschm\u00fcckte Wagen durch den Ort die verschiedene Lebensabschnitte der Heiligen Catelina Thomas nachbilden. Der Zug nimmt das ganze Dorf ein und wird von Musik begleitet.<\/p>\n\n\n\n<figure class=\"wp-block-image\"><img decoding=\"async\" width=\"1024\" height=\"683\" src=\"https:\/\/www.vacalia.com\/blog\/wp-content\/uploads\/2019\/05\/95_2397511cde6792efbaab17fecdd7e3ce-1-1024x683.jpg\" alt=\"traditionelle feste auf mallorca im september\" class=\"wp-image-2628\" srcset=\"https:\/\/www.vacalia.com\/blog\/wp-content\/uploads\/2019\/05\/95_2397511cde6792efbaab17fecdd7e3ce-1-1024x683.jpg 1024w, https:\/\/www.vacalia.com\/blog\/wp-content\/uploads\/2019\/05\/95_2397511cde6792efbaab17fecdd7e3ce-1-300x200.jpg 300w, https:\/\/www.vacalia.com\/blog\/wp-content\/uploads\/2019\/05\/95_2397511cde6792efbaab17fecdd7e3ce-1-768x512.jpg 768w\" sizes=\"(max-width: 1024px) 100vw, 1024px\" \/><\/figure>\n\n\n\n<h4 class=\"wp-block-heading\"><em>Wenn Ihr Urlaub auf Mallorca f\u00fcr September geplant ist und Sie das Fest La Beata besuchen m\u00f6chten, wohnen Sie am besten in einem Ferienhaus wie <a href=\"https:\/\/www.vacalia.com\/de\/villa-mieten-rafalet-santa-margalida-h14646\">Rafalet<\/a> in der N\u00e4he von Santa Margalida. Der grosse Pool und Garten wird die ganze Familie begeistern und Siehaben nach dem Festbesuch Zeit zu entspannen.<\/em><\/h4>\n\n\n\n<h3 class=\"wp-block-heading\"><strong>Fest zu Ehren der\nMuttergottes der Gesundheit (Mare de D\u00e9u de la Salut), Palma de Mallorca<\/strong><\/h3>\n\n\n\n<p>Es ist nicht das gr\u00f6sste fest der Hauptstadt der Insel, aber es ist ein guter Grund die Sommerferien bis September zu verl\u00e4ngern. Das Fest zu Ehren der Mare de D\u00e9u de la Salut wird Anfang bis Mitte September in Palma de Mallorca gefeiert. Die Mare de D\u00e9u de la Salut ist der j\u00fcngste M\u00e4zen der Stadt und dieses traditionelle Fest erinnert daran.<\/p>\n\n\n\n<p><strong>Was genau passiert?<\/strong><\/p>\n\n\n\n<p>Mit vielen unterschiedlichen kulturellen und festlichen Aktivit\u00e4ten dauert das Fest eine Woche bis zehn Tage. Von Konzerten \u00fcber Schnitzeljagden, Ausstellungen und Musikfestivals ist alles vertreten. Auch traditionelle Veranstaltungen wie eine Parade, das Blumenangebot und die Fr\u00fcchte der Mare de Deu de la Salut oder ein mittelalterlicher Markt und Kulturausstellungen k\u00f6nnen besucht werden.<\/p>\n\n\n\n<figure class=\"wp-block-image\"><img decoding=\"async\" width=\"1024\" height=\"681\" src=\"https:\/\/www.vacalia.com\/blog\/wp-content\/uploads\/2019\/05\/1892_75ba6c0c4acccebafe2404cfaecf37b7-1-1024x681.jpg\" alt=\"Traditionelle feste auf Mallorca im september\" class=\"wp-image-2629\" srcset=\"https:\/\/www.vacalia.com\/blog\/wp-content\/uploads\/2019\/05\/1892_75ba6c0c4acccebafe2404cfaecf37b7-1-1024x681.jpg 1024w, https:\/\/www.vacalia.com\/blog\/wp-content\/uploads\/2019\/05\/1892_75ba6c0c4acccebafe2404cfaecf37b7-1-300x200.jpg 300w, https:\/\/www.vacalia.com\/blog\/wp-content\/uploads\/2019\/05\/1892_75ba6c0c4acccebafe2404cfaecf37b7-1-768x511.jpg 768w\" sizes=\"(max-width: 1024px) 100vw, 1024px\" \/><\/figure>\n\n\n\n<h4 class=\"wp-block-heading\"><em>Haben Sie Lust bekommen das Fest zu besuchen und m\u00f6chten in Palma bleiben? Ca <a href=\"https:\/\/www.vacalia.com\/de\/villa-ca-na-salera-palma--h17112\">na Salera<\/a> ist das ideale Haus f\u00fcr einen Urlaub in Palma de Mallorca. Es hat einen privaten Pool, vier Schlafzimmer und einen sehr sch\u00f6nen Blick auf die Stadt. Es hat eine sehr gute Verkehrsanbindung und liegt nicht weit vom&nbsp;Zentrum entfernt.<\/em><\/h4>\n\n\n\n<h3 class=\"wp-block-heading\"><strong>Correbou de Fornalutx<\/strong><\/h3>\n\n\n\n<p>Fornalutx ist eines der sch\u00f6nsten D\u00f6rfer Mallorcas und im September werden die Patronatsfeste dieser Stadt gefeiert. Mit Correbou, ein traditionelles Spektakel bei dem hunderte von jungen Leuten von der ganzen Insel begr\u00fc\u00dft werden, beginnt das Fest.<\/p>\n\n\n\n<p><strong>Was genau passiert?<\/strong><\/p>\n\n\n\n<p>Gleich morgens wird ein riesiger Bulle aus seinem Stall in die Stadt getrieben. Die jungen Leuten haben die Aufgabe, ihn mit Hilfe von Seilen zu f\u00fchren und zu kontrollieren. Das Tier wird zu jeder Zeit \u00fcberwacht so dass weder Mensch noch Tier Schaden nehmen.<\/p>\n\n\n\n<h3 class=\"wp-block-heading\"><strong>Erntefest<\/strong><\/h3>\n\n\n\n<p>Das Erntefest (Festa del Veremar) wird am letzten Wochenende im September in Binissalem gefeiert. Das Dorf hat eine gro\u00dfe Weintradition auf Mallorca und es ist eine der am meisten erwarteten Feiern des Jahres.<\/p>\n\n\n\n<p><strong>Was genau passiert?<\/strong><\/p>\n\n\n\n<p>Eine Parade aus geschm\u00fcckten Wagen, Spiele f\u00fcr Kinder, Ausstellungen und Aktivit\u00e4ten rund um die Weinernte auf Mallorca sind die Protagonisten dieses Festes. Dar\u00fcber hinaus gibt es ein gro\u00dfes Abendessen in den Stra\u00dfen des Dorfes, wo der typische \u00abFideus de Vermar\u00bb (eine Nudelspeise mit traditioneller Bedeutung) serviert wird. W\u00e4hrend des Abendessens gibt es auch verschiedene traditionelle Zeremonien.<\/p>\n\n\n\n<figure class=\"wp-block-image\"><img loading=\"lazy\" decoding=\"async\" width=\"1024\" height=\"683\" src=\"https:\/\/www.vacalia.com\/blog\/wp-content\/uploads\/2019\/05\/3070_2785da6fc2509c505316f87c0da1f97d-1-1024x683.jpg\" alt=\"traditionelle feste auf Mallorca im september\" class=\"wp-image-2630\" srcset=\"https:\/\/www.vacalia.com\/blog\/wp-content\/uploads\/2019\/05\/3070_2785da6fc2509c505316f87c0da1f97d-1-1024x683.jpg 1024w, https:\/\/www.vacalia.com\/blog\/wp-content\/uploads\/2019\/05\/3070_2785da6fc2509c505316f87c0da1f97d-1-300x200.jpg 300w, https:\/\/www.vacalia.com\/blog\/wp-content\/uploads\/2019\/05\/3070_2785da6fc2509c505316f87c0da1f97d-1-768x512.jpg 768w\" sizes=\"(max-width: 1024px) 100vw, 1024px\" \/><\/figure>\n\n\n\n<h4 class=\"wp-block-heading\">Wenn Sie Ende September nach Mallorca reisen und in Binissalem bleiben m\u00f6chten, haben wir ein interessantes Angebot an Ferienh\u00e4usern in dieser Stadt. <a href=\"https:\/\/www.vacalia.com\/de\/apartment-can-salom-binissalem-h20394\">Can Salom <\/a>zum Beispiel, ist eine sch\u00f6ne Unterkunft f\u00fcr zwei Personen, ideal, um sich ein paar Tage in diesem ruhigen Ort auszuruhen. <a href=\"https:\/\/www.vacalia.com\/de\/villa-mieten-cas-berbon-binissalem-h18498\">Cas Berbon<\/a> dagegen ist das ideale Zuhause f\u00fcr eine Familie. Es hat Platz f\u00fcr sechs Personen, Privatsph\u00e4re und einen Garten mit spektakul\u00e4rem, privaten Pool.<\/h4>\n\n\n\n<p>Der September ist sicherlich einer der besten Monate, um nach Mallorca zu reisen, nicht nur wegen seiner traditionellen Feste, sondern auch weil es eine gute Zeit ist, um die Insel mit mehr Ruhe zu genie\u00dfen. Falls Sie Ihre Reise f\u00fcr Juli geplant haben, werden Sie die <a href=\"https:\/\/www.vacalia.com\/blog\/sommerfeste-im-juli-auf-mallorca-die-sie-nicht-verpassen-sollten\/\">traditionellen Festlichkeiten in diesem Monat <\/a>interessieren. Oder Sie schauen mal welche <a href=\"https:\/\/www.vacalia.com\/blog\/traditionelle-feste-die-im-juni-auf-mallorca-gefeiert-werden\/\">traditionellen Feste im Juni auf Mallorca<\/a> gefeiert werden.<\/p>\n\n\n\n<p><strong>Es ist egal in welchem Monat Sie reisen, das Wichtigste ist, ein ideales <a href=\"https:\/\/www.vacalia.com\/\">Ferienhaus<\/a> f\u00fcr eine gro\u00dfartige Reise.<\/strong><\/p>\n\n\n<div class=\"bannerBlog\"><div class=\"new-card-houses\">\n    <div class=\"likeOut likeDivOut\" style=\"display:none\">\n        <a data-id=\"3528\" class=\"likeOut_button_red likeBtnFav\"\n            aria-label=\"Megusta Vacalia\"><\/a>\n    <\/div>\n    <figure>\n        <img loading=\"lazy\" decoding=\"async\" \n            loading=\"lazy\" width=\"301\" height=\"200\"\n            src=\"\/\/media.vacalia.com\/photo\/reformatwebpfolder\/350\/200\/3528\/thumb-middle\/3528_294c7dd9d65858dfece78f6acc529f89.webp?v=21092023\"\n            alt=\"Son gallina - Ferienhaus auf Sa Pobla\"\/>\n                                                                        <div class=\"circleDiscount\">-29%<\/div>\n                        <\/figure>\n    <p itemprop=\"address\"><i class=\"ico-marker\"><\/i>Sa Pobla, Mallorca<\/p>\n    <h3 itemprop=\"name\">Son gallina<\/h3>\n    <ul class=\"icon_list inline_list\">\n                              <li class=\"ico-pool\" title=\"Pool\">\n              <span itemprop=\"amenityFeature\">Pool<\/span>\n            <\/li>\n                      <li class=\"ico-airConditioning\" title=\"Klimaanlage\">\n              <span itemprop=\"amenityFeature\">Klimaanlage<\/span>\n            <\/li>\n                      <li class=\"ico-wifi\" title=\"Wifi\">\n              <span itemprop=\"amenityFeature\">Wifi<\/span>\n            <\/li>\n                      <li class=\"ico-pets\" title=\"Haustiere\">\n              <span itemprop=\"amenityFeature\">Haustiere<\/span>\n            <\/li>\n                          <li class=\"ico-guests\" title=\"F\u00fcr 6 G\u00e4ste in Sa Pobla.\">\n          <span itemprop=\"occupancy\">6<\/span>\n        <\/li>\n    <\/ul>\n            <span class=\"price\">Ab 146\u20ac \/ Nacht<\/span>\n                <a itemprop=\"url\" class=\"anchor\" href=\"https:\/\/www.vacalia.com\/de\/villa-son-gallina-sa-pobla-h24055\" aria-label=\"Son gallina\"><\/a>\n<\/div><div class=\"new-card-houses\">\n    <div class=\"likeOut likeDivOut\" style=\"display:none\">\n        <a data-id=\"815\" class=\"likeOut_button_red likeBtnFav\"\n            aria-label=\"Megusta Vacalia\"><\/a>\n    <\/div>\n    <figure>\n        <img loading=\"lazy\" decoding=\"async\" \n            loading=\"lazy\" width=\"301\" height=\"200\"\n            src=\"\/\/media.vacalia.com\/photo\/reformatwebpfolder\/350\/200\/815\/thumb-middle\/815_de2cd4c44ad2ac354606b9c762b01bcf.webp?v=21092023\"\n            alt=\"Llac gran - Ferienhaus auf Port d&#039;Alc\u00fadia\"\/>\n                                                                        <div class=\"circleDiscount\">-4%<\/div>\n                        <\/figure>\n    <p itemprop=\"address\"><i class=\"ico-marker\"><\/i>Port d&#039;Alc\u00fadia, Mallorca<\/p>\n    <h3 itemprop=\"name\">Llac gran<\/h3>\n    <ul class=\"icon_list inline_list\">\n                              <li class=\"ico-airConditioning\" title=\"Klimaanlage\">\n              <span itemprop=\"amenityFeature\">Klimaanlage<\/span>\n            <\/li>\n                      <li class=\"ico-wifi\" title=\"Wifi\">\n              <span itemprop=\"amenityFeature\">Wifi<\/span>\n            <\/li>\n                          <li class=\"ico-guests\" title=\"F\u00fcr 5 G\u00e4ste in Port D&#039;alc\u00fadia.\">\n          <span itemprop=\"occupancy\">5<\/span>\n        <\/li>\n    <\/ul>\n            <span class=\"price\">Ab 120\u20ac \/ Nacht<\/span>\n                <a itemprop=\"url\" class=\"anchor\" href=\"https:\/\/www.vacalia.com\/de\/ferienhaus-llac-gran-alcudia-h15519\" aria-label=\"Llac gran\"><\/a>\n<\/div><\/div>\n","protected":false},"excerpt":{"rendered":"<p>Die Volksfeste auf Mallorca werden auf das ganze Jahr verteilt und September ist ein gro\u00dfartiger Monat um sie zu geniessen. Es ist ein guter Monat um die Insel kennenzulernen, ruhiger&hellip;<\/p>\n","protected":false},"author":2,"featured_media":2631,"comment_status":"closed","ping_status":"open","sticky":false,"template":"","format":"standard","meta":{"_monsterinsights_skip_tracking":false,"_monsterinsights_sitenote_active":false,"_monsterinsights_sitenote_note":"","_monsterinsights_sitenote_category":0,"footnotes":""},"categories":[40],"tags":[],"class_list":["post-2626","post","type-post","status-publish","format-standard","has-post-thumbnail","hentry","category-allgemein"],"_links":{"self":[{"href":"https:\/\/www.vacalia.com\/blog\/wp-json\/wp\/v2\/posts\/2626"}],"collection":[{"href":"https:\/\/www.vacalia.com\/blog\/wp-json\/wp\/v2\/posts"}],"about":[{"href":"https:\/\/www.vacalia.com\/blog\/wp-json\/wp\/v2\/types\/post"}],"author":[{"embeddable":true,"href":"https:\/\/www.vacalia.com\/blog\/wp-json\/wp\/v2\/users\/2"}],"replies":[{"embeddable":true,"href":"https:\/\/www.vacalia.com\/blog\/wp-json\/wp\/v2\/comments?post=2626"}],"version-history":[{"count":2,"href":"https:\/\/www.vacalia.com\/blog\/wp-json\/wp\/v2\/posts\/2626\/revisions"}],"predecessor-version":[{"id":4924,"href":"https:\/\/www.vacalia.com\/blog\/wp-json\/wp\/v2\/posts\/2626\/revisions\/4924"}],"wp:featuredmedia":[{"embeddable":true,"href":"https:\/\/www.vacalia.com\/blog\/wp-json\/wp\/v2\/media\/2631"}],"wp:attachment":[{"href":"https:\/\/www.vacalia.com\/blog\/wp-json\/wp\/v2\/media?parent=2626"}],"wp:term":[{"taxonomy":"category","embeddable":true,"href":"https:\/\/www.vacalia.com\/blog\/wp-json\/wp\/v2\/categories?post=2626"},{"taxonomy":"post_tag","embeddable":true,"href":"https:\/\/www.vacalia.com\/blog\/wp-json\/wp\/v2\/tags?post=2626"}],"curies":[{"name":"wp","href":"https:\/\/api.w.org\/{rel}","templated":true}]}}