{"id":2634,"date":"2019-05-09T11:04:47","date_gmt":"2019-05-09T11:04:47","guid":{"rendered":"https:\/\/www.vacalia.com\/blog\/?p=2634"},"modified":"2024-02-14T11:13:49","modified_gmt":"2024-02-14T10:13:49","slug":"reservas-last-minute-en-mallorca-para-tus-vacaciones-de-otono-2019","status":"publish","type":"post","link":"https:\/\/www.vacalia.com\/blog\/es\/reservas-last-minute-en-mallorca-para-tus-vacaciones-de-otono-2019\/","title":{"rendered":"Reservas last minute en Mallorca para tus vacaciones de oto\u00f1o 2019"},"content":{"rendered":"\n<p>Si sueles hacer <strong>reservas last minute<\/strong> cuando viajas a Mallorca, septiembre y octubre son meses excelentes para unas <strong>vacaciones en pareja o en familia<\/strong>. La temperatura no es tan alta, pero sigue haciendo calor, luce el sol \u00a1y el agua del mar a\u00fan est\u00e1 a una temperatura formidable!<\/p>\n\n\n\n<p>Lo mejor de todo es que es <strong>una \u00e9poca con menos afluencia de gente<\/strong> por lo que se puede disfrutar de las playas y los paisajes naturales con m\u00e1s tranquilidad. Tambi\u00e9n, es m\u00e1s f\u00e1cil <strong>encontrar sitio en buenos restaurantes<\/strong> que en verano suelen estar llenos y que merece mucho la pena probar.<\/p>\n\n\n\n<figure class=\"wp-block-image\"><img fetchpriority=\"high\" decoding=\"async\" width=\"671\" height=\"301\" src=\"https:\/\/www.vacalia.com\/blog\/wp-content\/uploads\/2019\/05\/ES_ReservasLastminuteblog_Vacalia-1.png\" alt=\"reservas last minute para oto\u00f1o en Mallorca\" class=\"wp-image-2645\" srcset=\"https:\/\/www.vacalia.com\/blog\/wp-content\/uploads\/2019\/05\/ES_ReservasLastminuteblog_Vacalia-1.png 671w, https:\/\/www.vacalia.com\/blog\/wp-content\/uploads\/2019\/05\/ES_ReservasLastminuteblog_Vacalia-1-300x135.png 300w, https:\/\/www.vacalia.com\/blog\/wp-content\/uploads\/2019\/05\/ES_ReservasLastminuteblog_Vacalia-1-670x300.png 670w\" sizes=\"(max-width: 767px) 100vw, 671px\" \/><\/figure>\n\n\n\n<p>Para muchos, y puede que sea tu caso, unas <strong>vacaciones en Mallorca en oto\u00f1o<\/strong> son incluso m\u00e1s ideales que en verano. Aunque no es temporada baja, oto\u00f1o se considera temporada media en Mallorca. <\/p>\n\n\n\n<h2 class=\"wp-block-heading\">Reservas last minute para disfrutar de Mallorca en oto\u00f1o<\/h2>\n\n\n\n<p>Adem\u00e1s de todo esto, una de las mayores ventajas de viajar en esta \u00e9poca del a\u00f1o a Mallorca es que los precios son m\u00e1s bajos que en los meses previos. Adem\u00e1s, si no te da tiempo a planificar tus vacaciones puedes optar por <strong>reservas last minute para el oto\u00f1o<\/strong>.\u00a1Encontrar\u00e1s precios muy competitivos!<\/p>\n\n\n\n<figure class=\"wp-block-image\"><img decoding=\"async\" width=\"1024\" height=\"678\" src=\"https:\/\/www.vacalia.com\/blog\/wp-content\/uploads\/2019\/05\/2204_77a5922a612b82706ce57d47c446031a-1024x678.jpg\" alt=\"Reservas last minute para oto\u00f1o en Mallorca\" class=\"wp-image-2636\" srcset=\"https:\/\/www.vacalia.com\/blog\/wp-content\/uploads\/2019\/05\/2204_77a5922a612b82706ce57d47c446031a-1024x678.jpg 1024w, https:\/\/www.vacalia.com\/blog\/wp-content\/uploads\/2019\/05\/2204_77a5922a612b82706ce57d47c446031a-300x199.jpg 300w, https:\/\/www.vacalia.com\/blog\/wp-content\/uploads\/2019\/05\/2204_77a5922a612b82706ce57d47c446031a-768x509.jpg 768w\" sizes=\"(max-width: 1024px) 100vw, 1024px\" \/><\/figure>\n\n\n\n<p>Si quieres ir planeando tu <strong>viaje a Mallorca para setiembre<\/strong> <strong>u octubre 2019<\/strong> puedes encontrar <strong>casas vacacionales con precios muy atractivos<\/strong>. Casas con piscina privada, con jard\u00edn grande o en el campo suelen ser m\u00e1s econ\u00f3micas durante esta \u00e9poca del a\u00f1o. <\/p>\n\n\n\n<p>Lo que m\u00e1s suele preocupar a los visitantes es el tiempo, \u00a1no hay porqu\u00e9! En septiembre las <strong>temperaturas medias suelen ser de 25 la m\u00ednima y 28 la m\u00e1xima<\/strong>. Adem\u00e1s, de media llueve solo 4 d\u00edas al mes. Y en octubre, a pesar de que las temperaturas caen un poco m\u00e1s y hay m\u00e1s probabilidades de lluvia, sigue haciendo un tiempo moderado que a\u00fan nos permite ir a la playa, sobre todo a principios de mes. <\/p>\n\n\n\n<figure class=\"wp-block-image\"><img decoding=\"async\" width=\"1024\" height=\"683\" src=\"https:\/\/www.vacalia.com\/blog\/wp-content\/uploads\/2019\/05\/2204_93d3638b974330987d5cd826cfe06888-1024x683.jpg\" alt=\"reservas last minute para oto\u00f1o en Mallorca\" class=\"wp-image-2637\" srcset=\"https:\/\/www.vacalia.com\/blog\/wp-content\/uploads\/2019\/05\/2204_93d3638b974330987d5cd826cfe06888-1024x683.jpg 1024w, https:\/\/www.vacalia.com\/blog\/wp-content\/uploads\/2019\/05\/2204_93d3638b974330987d5cd826cfe06888-300x200.jpg 300w, https:\/\/www.vacalia.com\/blog\/wp-content\/uploads\/2019\/05\/2204_93d3638b974330987d5cd826cfe06888-768x513.jpg 768w\" sizes=\"(max-width: 1024px) 100vw, 1024px\" \/><\/figure>\n\n\n\n<p>Pero, \u00bf<strong>qu\u00e9 hacer en la isla en oto\u00f1o<\/strong>? Te proponemos 5 planes para tus <strong>vacaciones last minute en Mallorca<\/strong> en septiembre y octubre.<\/p>\n\n\n\n<h2 class=\"wp-block-heading\">5 planes para disfrutar de Mallorca en oto\u00f1o<\/h2>\n\n\n\n<h3 class=\"wp-block-heading\"><strong>Participa en sus eventos locales<\/strong><\/h3>\n\n\n\n<p>Una cosa buena que tiene viajar en oto\u00f1o a Mallorca es que podr\u00e1s disfrutar de las <strong><a href=\"https:\/\/www.vacalia.com\/blog\/es\/fiestas-tradicionales-en-mallorca-las-que-no-te-puedes-perder-en-septiembre\/\">fiestas tradicionales que se celebran en septiembre<\/a><\/strong><a href=\"https:\/\/www.vacalia.com\/blog\/es\/fiestas-tradicionales-en-mallorca-las-que-no-te-puedes-perder-en-septiembre\/\"> <\/a>y de otras citas culturales que tienen lugar en esta \u00e9poca del a\u00f1o. Adem\u00e1s, aunque suele ir mucha gente, no tiene nada que ver con las aglomeraciones de verano. <\/p>\n\n\n\n<p>En septiembre se celebra la popular <strong>Noche del Arte<\/strong>. Adem\u00e1s se llevan a cabo diferentes conciertos y fiestas populares como la de la <strong>vendimiaen Binissalem<\/strong>. <\/p>\n\n\n\n<p><em>Binissalem es uno de los pueblos con m\u00e1s encanto de toda la isla y en \u00e9l podr\u00e1s alojarte en <\/em><a href=\"https:\/\/www.vacalia.com\/de\/villa-mieten-ca-sa-tia-binissalem-h17877\"><em>Ca sa T\u00eda<\/em><\/a><em>, una casa que reproduce fielmente el encanto mallorqu\u00edn. <\/em><\/p>\n\n\n\n<h3 class=\"wp-block-heading\"><strong>Realiza actividades al aire libre<\/strong><\/h3>\n\n\n\n<p>En Mallorca no todo son playas. La Sierra de Tramuntana, la monta\u00f1a m\u00e1s alta de Mallorca, fue declarada Patrimonio de la Humanidad por la UNESCO. Y sorprende por los pueblos que la rodean y por sus impresionantes acantilados.<\/p>\n\n\n\n<p>Oto\u00f1o es una buena \u00e9poca para coger la bicicleta o calzarse las botas y salir a explorar esta fant\u00e1stica sierra. Es mejor que en verano, ya que el sol no aprieta tanto pero podemos disfrutar igual de un d\u00eda al aire libre. En la <a href=\"https:\/\/www.vacalia.com\/blog\/es\/actividades-al-aire-libre-en-la-sierra-de-tramuntana-de-mallorca\/\">Sierrade Tramuntana puedes realizar multitud de actividades al aire libre.<\/a><\/p>\n\n\n\n<h3 class=\"wp-block-heading\"><strong>Degusta la mejor gastronom\u00eda mallorquina<\/strong><\/h3>\n\n\n\n<p>Aprovecha que es septiembre u octubre para probar estos restaurantes que en verano suelen estar tan llenos. En tus <strong>vacaciones en Mallorca en oto\u00f1o<\/strong> puedes hacer una <a href=\"https:\/\/www.vacalia.com\/blog\/es\/ruta-de-tapas-por-palma-para-disfrutar-de-la-gastronomia-de-mallorca\/\">ruta de tapas por Palma de Mallorca<\/a> o probar los restaurantes con <a href=\"https:\/\/www.vacalia.com\/blog\/es\/disfruta-de-los-restaurantes-con-estrella-michelin-en-mallorca\/\">Estrella Michelin<\/a>. Hay ocho establecimientos que cuentan con este distintivo, uno de ellos tiene dos estrellas y es una experiencia imprescindible para los <em>foodies<\/em>.<\/p>\n\n\n\n<figure class=\"wp-block-image\"><img loading=\"lazy\" decoding=\"async\" width=\"1024\" height=\"683\" src=\"https:\/\/www.vacalia.com\/blog\/wp-content\/uploads\/2019\/05\/2204_a9a520d141fa12cdc4aa2b96303b6407-1024x683.jpg\" alt=\"reservas last minute para oto\u00f1o en Mallorca\" class=\"wp-image-2638\" srcset=\"https:\/\/www.vacalia.com\/blog\/wp-content\/uploads\/2019\/05\/2204_a9a520d141fa12cdc4aa2b96303b6407-1024x683.jpg 1024w, https:\/\/www.vacalia.com\/blog\/wp-content\/uploads\/2019\/05\/2204_a9a520d141fa12cdc4aa2b96303b6407-300x200.jpg 300w, https:\/\/www.vacalia.com\/blog\/wp-content\/uploads\/2019\/05\/2204_a9a520d141fa12cdc4aa2b96303b6407-768x513.jpg 768w\" sizes=\"(max-width: 1024px) 100vw, 1024px\" \/><\/figure>\n\n\n\n<p><em>Si lo que quieres es hacer un viaje urbanita entonces lo mejor es alojarse en Palma de Mallorca. La capital de la isla suele tener mucho ambiente, incluso en oto\u00f1o. <\/em><a href=\"https:\/\/www.vacalia.com\/de\/villa-genovia-palma--h17700\"><em>Genovia<\/em><\/a><em> es la casa ideal para tus vacaciones de oto\u00f1o en Mallorca. Tiene una piscina privada y un encanto mallorqu\u00edn que enamora.<\/em><\/p>\n\n\n\n<h3 class=\"wp-block-heading\"><strong>Descubre la arquitectura mallorquina<\/strong><\/h3>\n\n\n\n<p>\u00bfSab\u00edas que Mallorca cuenta con <a href=\"https:\/\/www.vacalia.com\/blog\/es\/castillos-y-leyendas-cuatro-rutas-por-la-historia-de-la-arquitectura-defensiva-mallorquina\/\">numerosos castillos y fortalezas<\/a>? La isla posee un patrimonio hist\u00f3rico enorme y se puede hacer un recorrido por su historia a trav\u00e9s de sus edificios. <\/p>\n\n\n\n<p>Aprovecha las temperaturas moderadas de oto\u00f1o para hacer una visita al Castell d\u2019Alar\u00f3, al Castell de Capdepera el de Bellver o visita otros monumentos hist\u00f3ricos de la isla. <\/p>\n\n\n\n<h3 class=\"wp-block-heading\"><strong>Realiza deportes acu\u00e1ticos<\/strong><\/h3>\n\n\n\n<p>Mallorca es una isla ideal para disfrutar de una amplia variedad de <a href=\"https:\/\/www.vacalia.com\/blog\/es\/deportes-acuaticos-en-mallorca\/\">deportes acu\u00e1ticos<\/a>. Y oto\u00f1o es, seguramente, la mejor \u00e9poca para hacerlo, ya que las playas no est\u00e1n tan llenas y el tr\u00e1fico de barcos tambi\u00e9n es menor. <\/p>\n\n\n\n<figure class=\"wp-block-image\"><img loading=\"lazy\" decoding=\"async\" width=\"1024\" height=\"576\" src=\"https:\/\/www.vacalia.com\/blog\/wp-content\/uploads\/2019\/05\/jeff-isaak-310438-unsplash-1024x576.jpg\" alt=\"reservas last minute para oto\u00f1o en Mallorca\" class=\"wp-image-2639\" srcset=\"https:\/\/www.vacalia.com\/blog\/wp-content\/uploads\/2019\/05\/jeff-isaak-310438-unsplash-1024x576.jpg 1024w, https:\/\/www.vacalia.com\/blog\/wp-content\/uploads\/2019\/05\/jeff-isaak-310438-unsplash-300x169.jpg 300w, https:\/\/www.vacalia.com\/blog\/wp-content\/uploads\/2019\/05\/jeff-isaak-310438-unsplash-768x432.jpg 768w\" sizes=\"(max-width: 1024px) 100vw, 1024px\" \/><\/figure>\n\n\n\n<p>Podr\u00e1s ir en moto de agua, pasear por las calas con kayak, hacer Paddle Surf o atreverte con nuevos deportes, como el Flyboard.<\/p>\n\n\n\n<p><strong><em>Cualquier plan que realices en oto\u00f1o debe finalizar en la casa vacacional ideal, para relajarte despu\u00e9s de un d\u00eda emocionante y recuperar pilas para el d\u00eda siguiente. Encuentra una <\/em><\/strong><a href=\"https:\/\/www.vacalia.com\"><strong><em>casa de vacaciones en Mallorca<\/em><\/strong><\/a><strong><em> para oto\u00f1o \u00a1y empieza a planificar tu viaje last minute a nuestra bonita isla!<\/em><\/strong><\/p>\n\n\n<div class=\"bannerBlog\"><div class=\"new-card-houses\">\n    <div class=\"likeOut likeDivOut\" style=\"display:none\">\n        <a data-id=\"2977\" class=\"likeOut_button_red likeBtnFav\"\n            aria-label=\"Megusta Vacalia\"><\/a>\n    <\/div>\n    <figure>\n        <img loading=\"lazy\" decoding=\"async\" \n            loading=\"lazy\" width=\"301\" height=\"200\"\n            src=\"\/\/media.vacalia.com\/photo\/reformatwebpfolder\/350\/200\/2977\/thumb-middle\/2977_ebfe9063beeabea187153f9469496c87.webp?v=21092023\"\n            alt=\"Es moli d&#039;en sion - Alquiler vacacional en Sa Pobla\"\/>\n                                                                        <div class=\"circleDiscount\">-11%<\/div>\n                        <\/figure>\n    <p itemprop=\"address\"><i class=\"ico-marker\"><\/i>Sa Pobla, Mallorca<\/p>\n    <h3 itemprop=\"name\">Es moli d&#039;en sion<\/h3>\n    <ul class=\"icon_list inline_list\">\n                              <li class=\"ico-pool\" title=\"Piscina\">\n              <span itemprop=\"amenityFeature\">Piscina<\/span>\n            <\/li>\n                      <li class=\"ico-airConditioning\" title=\"Aire Acondicionado\">\n              <span itemprop=\"amenityFeature\">Aire Acondicionado<\/span>\n            <\/li>\n                      <li class=\"ico-wifi\" title=\"Wifi\">\n              <span itemprop=\"amenityFeature\">Wifi<\/span>\n            <\/li>\n                          <li class=\"ico-guests\" title=\"Para 10 hu\u00e9spedes en Sa Pobla.\">\n          <span itemprop=\"occupancy\">10<\/span>\n        <\/li>\n    <\/ul>\n            <span class=\"price\">Desde 277\u20ac \/ noche<\/span>\n                <a itemprop=\"url\" class=\"anchor\" href=\"https:\/\/www.vacalia.com\/es\/villa-es-moli-den-sion-sa-pobla-h20063\" aria-label=\"Es moli d&#039;en sion\"><\/a>\n<\/div><div class=\"new-card-houses\">\n    <div class=\"likeOut likeDivOut\" style=\"display:none\">\n        <a data-id=\"1320\" class=\"likeOut_button_red likeBtnFav\"\n            aria-label=\"Megusta Vacalia\"><\/a>\n    <\/div>\n    <figure>\n        <img loading=\"lazy\" decoding=\"async\" \n            loading=\"lazy\" width=\"301\" height=\"200\"\n            src=\"\/\/media.vacalia.com\/photo\/reformatwebpfolder\/350\/200\/1320\/thumb-middle\/1320_8ece187c714a26ccb6c4884911477ea9.webp?v=21092023\"\n            alt=\"Cas conco - Alquiler vacacional en s&#039;Horta\"\/>\n                                                                        <div class=\"circleDiscount\">-4%<\/div>\n                        <\/figure>\n    <p itemprop=\"address\"><i class=\"ico-marker\"><\/i>s&#039;Horta, Mallorca<\/p>\n    <h3 itemprop=\"name\">Cas conco<\/h3>\n    <ul class=\"icon_list inline_list\">\n                              <li class=\"ico-pool\" title=\"Piscina\">\n              <span itemprop=\"amenityFeature\">Piscina<\/span>\n            <\/li>\n                      <li class=\"ico-airConditioning\" title=\"Aire Acondicionado\">\n              <span itemprop=\"amenityFeature\">Aire Acondicionado<\/span>\n            <\/li>\n                      <li class=\"ico-wifi\" title=\"Wifi\">\n              <span itemprop=\"amenityFeature\">Wifi<\/span>\n            <\/li>\n                          <li class=\"ico-guests\" title=\"Para 10 hu\u00e9spedes en S&#039;horta.\">\n          <span itemprop=\"occupancy\">10<\/span>\n        <\/li>\n    <\/ul>\n            <span class=\"price\">Desde 334\u20ac \/ noche<\/span>\n                <a itemprop=\"url\" class=\"anchor\" href=\"https:\/\/www.vacalia.com\/es\/villa-cas-conco-felanitx-h16079\" aria-label=\"Cas conco\"><\/a>\n<\/div><\/div>\n","protected":false},"excerpt":{"rendered":"<p>Si sueles hacer reservas last minute cuando viajas a Mallorca, septiembre y octubre son meses excelentes para unas vacaciones en pareja o en familia. La temperatura no es tan alta,&hellip;<\/p>\n","protected":false},"author":2,"featured_media":2635,"comment_status":"closed","ping_status":"open","sticky":false,"template":"","format":"standard","meta":{"_monsterinsights_skip_tracking":false,"_monsterinsights_sitenote_active":false,"_monsterinsights_sitenote_note":"","_monsterinsights_sitenote_category":0,"footnotes":""},"categories":[1],"tags":[],"class_list":["post-2634","post","type-post","status-publish","format-standard","has-post-thumbnail","hentry","category-general-es"],"_links":{"self":[{"href":"https:\/\/www.vacalia.com\/blog\/wp-json\/wp\/v2\/posts\/2634"}],"collection":[{"href":"https:\/\/www.vacalia.com\/blog\/wp-json\/wp\/v2\/posts"}],"about":[{"href":"https:\/\/www.vacalia.com\/blog\/wp-json\/wp\/v2\/types\/post"}],"author":[{"embeddable":true,"href":"https:\/\/www.vacalia.com\/blog\/wp-json\/wp\/v2\/users\/2"}],"replies":[{"embeddable":true,"href":"https:\/\/www.vacalia.com\/blog\/wp-json\/wp\/v2\/comments?post=2634"}],"version-history":[{"count":4,"href":"https:\/\/www.vacalia.com\/blog\/wp-json\/wp\/v2\/posts\/2634\/revisions"}],"predecessor-version":[{"id":4751,"href":"https:\/\/www.vacalia.com\/blog\/wp-json\/wp\/v2\/posts\/2634\/revisions\/4751"}],"wp:featuredmedia":[{"embeddable":true,"href":"https:\/\/www.vacalia.com\/blog\/wp-json\/wp\/v2\/media\/2635"}],"wp:attachment":[{"href":"https:\/\/www.vacalia.com\/blog\/wp-json\/wp\/v2\/media?parent=2634"}],"wp:term":[{"taxonomy":"category","embeddable":true,"href":"https:\/\/www.vacalia.com\/blog\/wp-json\/wp\/v2\/categories?post=2634"},{"taxonomy":"post_tag","embeddable":true,"href":"https:\/\/www.vacalia.com\/blog\/wp-json\/wp\/v2\/tags?post=2634"}],"curies":[{"name":"wp","href":"https:\/\/api.w.org\/{rel}","templated":true}]}}