{"id":2684,"date":"2019-05-22T12:13:12","date_gmt":"2019-05-22T12:13:12","guid":{"rendered":"https:\/\/www.vacalia.com\/blog\/?p=2684"},"modified":"2025-07-24T09:35:27","modified_gmt":"2025-07-24T07:35:27","slug":"die-6-besten-lokale-zum-brunchen-auf-mallorca","status":"publish","type":"post","link":"https:\/\/www.vacalia.com\/blog\/die-6-besten-lokale-zum-brunchen-auf-mallorca\/","title":{"rendered":"Die 6 besten Lokale zum Brunchen auf Mallorca"},"content":{"rendered":"\n<p>Einen <strong>Brunch geniessen ist auch auf Mallorca<\/strong> sehr in Mode gekommen. Vor allem an den Festtagen an denen man morgends ein wenig l\u00e4nger schl\u00e4ft und mit Hunger aufwacht. Darum gibt es immer mehr <strong>Caf\u00e9s und Restaurants auf der Insel<\/strong>, die besonders leckeren Brunch anbieten. Einige mit einer sehr kompletten Auswahl die gekonnt salzige mit s\u00fc\u00dfen Gerichten kombinieren.<\/p>\n\n\n\n<p>Auf Mallorca, im <strong>besonderen in Palma<\/strong>, finden Sie die besten Lokale zum Brunchen, die Sie im Urlaub ausprobieren sollten.<\/p>\n\n\n<div class=\"wp-block-image\">\n<figure class=\"aligncenter\"><img fetchpriority=\"high\" decoding=\"async\" width=\"671\" height=\"301\" src=\"https:\/\/www.vacalia.com\/blog\/wp-content\/uploads\/2019\/05\/DE_6-Sitios-Brunchblog_Vacalia.png\" alt=\"besten lokale zum brunchen auf Mallorca\" class=\"wp-image-2687\" srcset=\"https:\/\/www.vacalia.com\/blog\/wp-content\/uploads\/2019\/05\/DE_6-Sitios-Brunchblog_Vacalia.png 671w, https:\/\/www.vacalia.com\/blog\/wp-content\/uploads\/2019\/05\/DE_6-Sitios-Brunchblog_Vacalia-300x135.png 300w, https:\/\/www.vacalia.com\/blog\/wp-content\/uploads\/2019\/05\/DE_6-Sitios-Brunchblog_Vacalia-670x300.png 670w\" sizes=\"(max-width: 767px) 100vw, 671px\" \/><\/figure><\/div>\n\n\n<p>Und wenn Sie einen <strong>Mallorca<\/strong> urlaub planen empfehlen wir in diesem Post eine Auswahl der <a href=\"https:\/\/www.vacalia.com\/de\/villa-urlaub-mallorca\" data-type=\"link\" data-id=\"https:\/\/www.vacalia.com\/de\/villa-urlaub-mallorca\"><strong>besten Ferienh\u00e4user und Villen<\/strong><\/a> auf Mallorca, die sich in der N\u00e4he der besten Caf\u00e9s und Restaurants zum <strong>Brunchen<\/strong> befinden. So k\u00f6nnen Sie einen Traumurlaub machen und ein k\u00f6nigliches Fr\u00fchst\u00fcck geniessen.<\/p>\n\n\n\n<h2 class=\"wp-block-heading\"><strong>Wo man auf Mallorca Brunchen kann<\/strong><\/h2>\n\n\n\n<h3 class=\"wp-block-heading\"><strong><a href=\"https:\/\/santinapalma.com\/menu\" target=\"_blank\" rel=\"noopener\">Brunch in Santina, Palma de Mallorca<\/a><\/strong><\/h3>\n\n\n\n<p>Ein super charmantes Lokal, <strong>ideal f\u00fcr einen Brunch in Palma de Mallorca.<\/strong> Sehr gem\u00fctlich, sowohl im Winter als auch im Sommer. Es gibt eine sehr umfangreiche Speisekarte f\u00fcr einen kompletten Brunch: Wraps, Sandwiches, Bagels, Obstschalen und eine gro\u00dfe Auswahl an hausgemachten Kuchen!<\/p>\n\n\n\n<h3 class=\"wp-block-heading\"><strong><a href=\"https:\/\/www.lamolienda.es\/\" target=\"_blank\" rel=\"noopener\">Brunch in La Molienda, Palma de Mallorca<\/a><\/strong><\/h3>\n\n\n\n<p>Ein winziges Lokal, aber mit einer perfekten Terrasse f\u00fcr Fr\u00fchling und Sommer. Das ideale Caf\u00e9 f\u00fcr Vegetarier und Liebhaber der \u00f6kologischen K\u00fcche. Es gibt haupts\u00e4chlich lokale Produkte und einen k\u00f6stlichen Kaffee. Auf der Website des Lokals wird mit: \u00abKaffeespezialit\u00e4ten und Bio-Fr\u00fchst\u00fcck\u00bb geworben. Die Mehrzahl der Lieferanten sind kleine ortsans\u00e4ssige Betriebe. <strong>Ideal f\u00fcr einen Sonntagsbrunch auf Mallorca.<\/strong><\/p>\n\n\n\n<h3 class=\"wp-block-heading\"><strong><a href=\"https:\/\/www.cafenoahs.com\/\" target=\"_blank\" rel=\"noopener\">Brunch bei Noah, Cala Ratjada<\/a><\/strong><\/h3>\n\n\n\n<p>Sind Sie zu sp\u00e4t aufgestanden und m\u00f6chten ein komplettes Fr\u00fchst\u00fcck um danach direkt an den Strand zu gehen? Ein Brunch bei Noah\u2019s in Cala Ratjada ist dann Ihre perfekte Wahl, um Energie mit Qualit\u00e4tsprodukten zu laden und im kristallklaren Wasser der Bucht zu baden. Es ist ein sehr sommerlicher Ort mit typischen Gerichten.<\/p>\n\n\n<div class=\"wp-block-image\">\n<figure class=\"aligncenter\"><img decoding=\"async\" width=\"1024\" height=\"679\" src=\"https:\/\/www.vacalia.com\/blog\/wp-content\/uploads\/2019\/05\/juan-gomez-685967-unsplash-1-1024x679.jpg\" alt=\"besten lokale zum brunchen auf Mallorca\" class=\"wp-image-2688\" srcset=\"https:\/\/www.vacalia.com\/blog\/wp-content\/uploads\/2019\/05\/juan-gomez-685967-unsplash-1-1024x679.jpg 1024w, https:\/\/www.vacalia.com\/blog\/wp-content\/uploads\/2019\/05\/juan-gomez-685967-unsplash-1-300x199.jpg 300w, https:\/\/www.vacalia.com\/blog\/wp-content\/uploads\/2019\/05\/juan-gomez-685967-unsplash-1-768x509.jpg 768w\" sizes=\"(max-width: 1024px) 100vw, 1024px\" \/><\/figure><\/div>\n\n\n<p>Es gibt zwei Fr\u00fchst\u00fccksmen\u00fcs: das amerikanische &#8211; R\u00fchrei, Speck, Pfannkuchen mit Ahornsirup und das englische &#8211; Spiegelei, W\u00fcrstchen, Speck, gebackene Bohnen und Toast. Aber auch Croissants, verschiedene Br\u00f6tchenmit Marmelade und nat\u00fcrlich ein leckerer Kaffee werden angeboten!<\/p>\n\n\n\n<h4 class=\"wp-block-heading\"><em>Denken Sie daran, in dieser Region der Insel Ihren Urlaub zu verbringen? <a href=\"https:\/\/www.vacalia.com\/de\/villa-villa-bona-vista-capdepera-h14523\" data-type=\"link\" data-id=\"https:\/\/www.vacalia.com\/de\/villa-villa-bona-vista-capdepera-h14523\">Villa bona vista<\/a> ist eines unserer <a href=\"https:\/\/www.vacalia.com\/de\/traumferienwohnung-mallorca\" data-type=\"link\" data-id=\"https:\/\/www.vacalia.com\/de\/traumferienwohnung-mallorca\">Lieblingsh\u00e4user auf Mallorca<\/a>. In Capdepera, sehr nah an der K\u00fcste, aber weit von allen Dienstleistungen. Ein privater Pool und ein beeindruckender Garten erwarten Sie.<\/em><\/h4>\n\n\n<div class=\"wp-block-image\">\n<figure class=\"aligncenter\"><img decoding=\"async\" width=\"1024\" height=\"683\" src=\"https:\/\/www.vacalia.com\/blog\/wp-content\/uploads\/2019\/05\/399_c6a62139adebe7b09ca839afb7b290ee-1-1024x683.jpg\" alt=\"besten lokale zum brunchen auf Mallorca\" class=\"wp-image-2689\" srcset=\"https:\/\/www.vacalia.com\/blog\/wp-content\/uploads\/2019\/05\/399_c6a62139adebe7b09ca839afb7b290ee-1-1024x683.jpg 1024w, https:\/\/www.vacalia.com\/blog\/wp-content\/uploads\/2019\/05\/399_c6a62139adebe7b09ca839afb7b290ee-1-300x200.jpg 300w, https:\/\/www.vacalia.com\/blog\/wp-content\/uploads\/2019\/05\/399_c6a62139adebe7b09ca839afb7b290ee-1-768x512.jpg 768w\" sizes=\"(max-width: 1024px) 100vw, 1024px\" \/><\/figure><\/div>\n\n\n<h3 class=\"wp-block-heading\"><strong><a href=\"https:\/\/mamacarmen.es\/\" target=\"_blank\" rel=\"noopener\">Brunch bei Mama\u2019s Carmen, Palma Mallorca<\/a><\/strong><\/h3>\n\n\n\n<p>Eine weitere ideale Option f\u00fcr alle, die von einem <strong>saftigen Brunch in der Hauptstadt der Insel tr\u00e4umen<\/strong>. Es gibt eine gro\u00dfe Auswahl an gesunden und Bio-Gerichten zum Fr\u00fchst\u00fcck. Der Sonntagsbrunch: eine Auswahl an verschiedenen Toasts, M\u00fcsli, Porridge, Hummus usw. Ohne Zweifel &#8211; die Terrasse ist zum verlieben. Einer der <strong>besten Brunches auf Mallorca<\/strong>.<\/p>\n\n\n\n<h4 class=\"wp-block-heading\"><strong><a href=\"https:\/\/www.biggis.es\/es\/bienvenido.html\" target=\"_blank\" rel=\"noopener\">Brunch im Biggi\u2019s Caf\u00e9 Konditorei, Cala Millor<\/a><\/strong><\/h4>\n\n\n\n<p>Das Lokal ist keine typische Cafeteria oder eins der modernen Lokale die <strong>Brunch anbieten<\/strong>, ist eine klassische Konditorei auf Mallorca, in Cala Millor. Aber es wird Sie beeindrucken. Die deutsche Konditorei hat ein reichhaltiges Fr\u00fchst\u00fccksangebot und jeden Sonntag gibt es ein <strong>super Buffet f\u00fcr 10 Euro<\/strong>. Sie k\u00f6nnen verschiedene deutsche Br\u00f6tchen, Croissants, Eier in jeder Form und Obstsalate probieren. Das Buffet ist ideal f\u00fcr einen guten Sonntagsbrunch auf Mallorca, genau richtig zum Energie aufladen f\u00fcr unterwegs.<\/p>\n\n\n\n<h4 class=\"wp-block-heading\"><em>Wenn Sie Ihren Urlaub in Cala Millor verbringen m\u00f6chten, empfehlen wir Ihnen das <a href=\"https:\/\/www.vacalia.com\/es\/villa-es-garrover-son-servera-h17270\" data-type=\"link\" data-id=\"https:\/\/www.vacalia.com\/es\/villa-es-garrover-son-servera-h17270\">Finca Es Garrover<\/a>, das minimalistische Haus liegt wunderbar dicht am Strand.<\/em><\/h4>\n\n\n<div class=\"wp-block-image\">\n<figure class=\"aligncenter\"><img loading=\"lazy\" decoding=\"async\" width=\"1024\" height=\"683\" src=\"https:\/\/www.vacalia.com\/blog\/wp-content\/uploads\/2019\/05\/2805_a2bac4aed100cd688f664a13ca68417b-1-1024x683.jpg\" alt=\"besten lokale zum brunchen auf Mallorca\" class=\"wp-image-2690\" srcset=\"https:\/\/www.vacalia.com\/blog\/wp-content\/uploads\/2019\/05\/2805_a2bac4aed100cd688f664a13ca68417b-1-1024x683.jpg 1024w, https:\/\/www.vacalia.com\/blog\/wp-content\/uploads\/2019\/05\/2805_a2bac4aed100cd688f664a13ca68417b-1-300x200.jpg 300w, https:\/\/www.vacalia.com\/blog\/wp-content\/uploads\/2019\/05\/2805_a2bac4aed100cd688f664a13ca68417b-1-768x513.jpg 768w\" sizes=\"(max-width: 1024px) 100vw, 1024px\" \/><\/figure><\/div>\n\n\n<h4 class=\"wp-block-heading\"><em>Weitere gastronomische Empfehlungen auf Mallorca? Lesen Sie unseren Artikel \u00fcber die <a href=\"https:\/\/www.vacalia.com\/blog\/geniessen-sie-die-restaurants-mit-einem-michelin-stern-auf-mallorca\/\">Tapas-Route<\/a> durch Palma oder den Artikel in dem wir \u00fcber <a href=\"https:\/\/www.vacalia.com\/blog\/geniessen-sie-die-restaurants-mit-einem-michelin-stern-auf-mallorca\/\">Restaurants mit Michelin Stern informieren.<\/a><\/em><\/h4>\n\n\n<div class=\"bannerBlog\"><div class=\"new-card-houses\">\n    <div class=\"likeOut likeDivOut\" style=\"display:none\">\n        <a data-id=\"3685\" class=\"likeOut_button_red likeBtnFav\"\n            aria-label=\"Megusta Vacalia\"><\/a>\n    <\/div>\n    <figure>\n        <img loading=\"lazy\" decoding=\"async\" \n            loading=\"lazy\" width=\"301\" height=\"200\"\n            src=\"\/\/media.vacalia.com\/photo\/reformatwebpfolder\/350\/200\/3685\/thumb-middle\/3685_3d233cf1ee46b85a73db97c6b485744f.webp?v=21092023\"\n            alt=\"Josep sanxo de la jordana 12 - Ferienhaus auf Art\u00e0\"\/>\n                                                                        <div class=\"circleDiscount\">-8%<\/div>\n                        <\/figure>\n    <p itemprop=\"address\"><i class=\"ico-marker\"><\/i>Art\u00e0, Mallorca<\/p>\n    <h3 itemprop=\"name\">Josep sanxo de la jordana 12<\/h3>\n    <ul class=\"icon_list inline_list\">\n                              <li class=\"ico-wifi\" title=\"Wifi\">\n              <span itemprop=\"amenityFeature\">Wifi<\/span>\n            <\/li>\n                          <li class=\"ico-guests\" title=\"F\u00fcr 9 G\u00e4ste in Art\u00e0.\">\n          <span itemprop=\"occupancy\">9<\/span>\n        <\/li>\n    <\/ul>\n            <span class=\"price\">Ab 488\u20ac \/ Nacht<\/span>\n                <a itemprop=\"url\" class=\"anchor\" href=\"https:\/\/www.vacalia.com\/de\/villa-josep-sanxo-de-la-jordana-12-arta-h24630\" aria-label=\"Josep sanxo de la jordana 12\"><\/a>\n<\/div><div class=\"new-card-houses\">\n    <div class=\"likeOut likeDivOut\" style=\"display:none\">\n        <a data-id=\"370\" class=\"likeOut_button_red likeBtnFav\"\n            aria-label=\"Megusta Vacalia\"><\/a>\n    <\/div>\n    <figure>\n        <img loading=\"lazy\" decoding=\"async\" \n            loading=\"lazy\" width=\"301\" height=\"200\"\n            src=\"\/\/media.vacalia.com\/photo\/reformatwebpfolder\/350\/200\/370\/thumb-middle\/370_84fc8c0797e3c7bf8c9425026105776b.webp?v=21092023\"\n            alt=\"Can rafalino - Ferienhaus auf Inca\"\/>\n                                                                        <div class=\"circleDiscount\">-10%<\/div>\n                        <\/figure>\n    <p itemprop=\"address\"><i class=\"ico-marker\"><\/i>Inca, Mallorca<\/p>\n    <h3 itemprop=\"name\">Can rafalino<\/h3>\n    <ul class=\"icon_list inline_list\">\n                              <li class=\"ico-pool\" title=\"Pool\">\n              <span itemprop=\"amenityFeature\">Pool<\/span>\n            <\/li>\n                      <li class=\"ico-airConditioning\" title=\"Klimaanlage\">\n              <span itemprop=\"amenityFeature\">Klimaanlage<\/span>\n            <\/li>\n                      <li class=\"ico-wifi\" title=\"Wifi\">\n              <span itemprop=\"amenityFeature\">Wifi<\/span>\n            <\/li>\n                      <li class=\"ico-pets\" title=\"Haustiere\">\n              <span itemprop=\"amenityFeature\">Haustiere<\/span>\n            <\/li>\n                          <li class=\"ico-guests\" title=\"F\u00fcr 6 G\u00e4ste in Inca.\">\n          <span itemprop=\"occupancy\">6<\/span>\n        <\/li>\n    <\/ul>\n            <span class=\"price\">Ab 161\u20ac \/ Nacht<\/span>\n                <a itemprop=\"url\" class=\"anchor\" href=\"https:\/\/www.vacalia.com\/de\/villa-can-rafalino-inca-h15216\" aria-label=\"Can rafalino\"><\/a>\n<\/div><div class=\"new-card-houses\">\n    <div class=\"likeOut likeDivOut\" style=\"display:none\">\n        <a data-id=\"3361\" class=\"likeOut_button_red likeBtnFav\"\n            aria-label=\"Megusta Vacalia\"><\/a>\n    <\/div>\n    <figure>\n        <img loading=\"lazy\" decoding=\"async\" \n            loading=\"lazy\" width=\"301\" height=\"200\"\n            src=\"\/\/media.vacalia.com\/photo\/reformatwebpfolder\/350\/200\/3361\/thumb-middle\/3361_7525688b67fa6d4cac0b98ab1349d70b.webp?v=21092023\"\n            alt=\"Bexan cala mandia - Ferienhaus auf s&#039;Estany d&#039;en Mas\"\/>\n                                                                        <div class=\"circleDiscount\">-15%<\/div>\n                        <\/figure>\n    <p itemprop=\"address\"><i class=\"ico-marker\"><\/i>s&#039;Estany d&#039;en Mas, Mallorca<\/p>\n    <h3 itemprop=\"name\">Bexan cala mandia<\/h3>\n    <ul class=\"icon_list inline_list\">\n                              <li class=\"ico-airConditioning\" title=\"Klimaanlage\">\n              <span itemprop=\"amenityFeature\">Klimaanlage<\/span>\n            <\/li>\n                      <li class=\"ico-wifi\" title=\"Wifi\">\n              <span itemprop=\"amenityFeature\">Wifi<\/span>\n            <\/li>\n                      <li class=\"ico-views\" title=\"Ausblick\">\n              <span itemprop=\"amenityFeature\">Ausblick<\/span>\n            <\/li>\n                      <li class=\"ico-pets\" title=\"Haustiere\">\n              <span itemprop=\"amenityFeature\">Haustiere<\/span>\n            <\/li>\n                          <li class=\"ico-guests\" title=\"F\u00fcr 6 G\u00e4ste in S&#039;estany D&#039;en Mas.\">\n          <span itemprop=\"occupancy\">6<\/span>\n        <\/li>\n    <\/ul>\n            <span class=\"price\">Ab 122\u20ac \/ Nacht<\/span>\n                <a itemprop=\"url\" class=\"anchor\" href=\"https:\/\/www.vacalia.com\/de\/apartment-bexan-cala-mandia-manacor-h23487\" aria-label=\"Bexan cala mandia\"><\/a>\n<\/div><\/div>\n","protected":false},"excerpt":{"rendered":"<p>Einen Brunch geniessen ist auch auf Mallorca sehr in Mode gekommen. Vor allem an den Festtagen an denen man morgends ein wenig l\u00e4nger schl\u00e4ft und mit Hunger aufwacht. Darum gibt&hellip;<\/p>\n","protected":false},"author":2,"featured_media":2691,"comment_status":"closed","ping_status":"open","sticky":false,"template":"","format":"standard","meta":{"_monsterinsights_skip_tracking":false,"_monsterinsights_sitenote_active":false,"_monsterinsights_sitenote_note":"","_monsterinsights_sitenote_category":0,"footnotes":""},"categories":[40],"tags":[],"class_list":["post-2684","post","type-post","status-publish","format-standard","has-post-thumbnail","hentry","category-allgemein"],"_links":{"self":[{"href":"https:\/\/www.vacalia.com\/blog\/wp-json\/wp\/v2\/posts\/2684"}],"collection":[{"href":"https:\/\/www.vacalia.com\/blog\/wp-json\/wp\/v2\/posts"}],"about":[{"href":"https:\/\/www.vacalia.com\/blog\/wp-json\/wp\/v2\/types\/post"}],"author":[{"embeddable":true,"href":"https:\/\/www.vacalia.com\/blog\/wp-json\/wp\/v2\/users\/2"}],"replies":[{"embeddable":true,"href":"https:\/\/www.vacalia.com\/blog\/wp-json\/wp\/v2\/comments?post=2684"}],"version-history":[{"count":8,"href":"https:\/\/www.vacalia.com\/blog\/wp-json\/wp\/v2\/posts\/2684\/revisions"}],"predecessor-version":[{"id":7842,"href":"https:\/\/www.vacalia.com\/blog\/wp-json\/wp\/v2\/posts\/2684\/revisions\/7842"}],"wp:featuredmedia":[{"embeddable":true,"href":"https:\/\/www.vacalia.com\/blog\/wp-json\/wp\/v2\/media\/2691"}],"wp:attachment":[{"href":"https:\/\/www.vacalia.com\/blog\/wp-json\/wp\/v2\/media?parent=2684"}],"wp:term":[{"taxonomy":"category","embeddable":true,"href":"https:\/\/www.vacalia.com\/blog\/wp-json\/wp\/v2\/categories?post=2684"},{"taxonomy":"post_tag","embeddable":true,"href":"https:\/\/www.vacalia.com\/blog\/wp-json\/wp\/v2\/tags?post=2684"}],"curies":[{"name":"wp","href":"https:\/\/api.w.org\/{rel}","templated":true}]}}