{"id":2705,"date":"2019-05-30T08:40:32","date_gmt":"2019-05-30T08:40:32","guid":{"rendered":"https:\/\/www.vacalia.com\/blog\/?p=2705"},"modified":"2025-07-04T07:59:24","modified_gmt":"2025-07-04T05:59:24","slug":"eine-tour-durch-die-doerfer-im-inselinneren-von-mallorca","status":"publish","type":"post","link":"https:\/\/www.vacalia.com\/blog\/eine-tour-durch-die-doerfer-im-inselinneren-von-mallorca\/","title":{"rendered":"Eine Tour durch die D\u00f6rfer im Inselinneren von Mallorca"},"content":{"rendered":"\n<p>Eine <strong>Tour durch die D\u00f6rfer im Inselinneren von Mallorca<\/strong> ist ein sch\u00f6ner Ausflug w\u00e4hrend Ihres Aufenthalts. Die meisten Mallorcbesucher kommen um die fantastischen Str\u00e4nde zu geniessen (das ist verst\u00e4ndlich denn Mallorca hat eine spektakul\u00e4re K\u00fcste), man darf aber nicht aus den Augen verlieren, dass Mallorca relativ gross ist und auch die Inselmitte mit abwechslungsreicher Landschaft aufwarten kann.&nbsp; <\/p>\n\n\n\n<p>Bei einem Besuch im <strong>Inselinneren<\/strong> haben Sie die M\u00f6glichkeit Land und Leute besser kennenzulernen und erleben das richtige Mallorcafeeling.<\/p>\n\n\n\n<p>In unserem Artikel empfehlen wir <strong>Touren durch die sch\u00f6nsten D\u00f6rfer Mallorcas<\/strong>. Sie werden \u00fcberrascht sein und den Strand, das Meer und die Strandbars gar nicht vermissen. Bei Vacalia finden Sie eine grosse Auswahl an <a href=\"https:\/\/www.vacalia.com\/de\/\">Ferienh\u00e4usern im Inselinneren.<\/a><\/p>\n\n\n\n<h2 class=\"wp-block-heading\"><strong>5 Ausfl\u00fcge zu den sch\u00f6nsten D\u00f6rfern im Inselinneren Mallorcas, die Sie nicht verpassen sollten<\/strong><\/h2>\n\n\n\n<h3 class=\"wp-block-heading\"><strong>Tour durch S\u00f3ller, Nordostk\u00fcste<\/strong><\/h3>\n\n\n\n<p>S\u00f3ller liegt in einem Tal, umgeben von Bergen und isoliert vom Rest der Insel. Eine Bootsfahrt war Jahrelang war die einzige M\u00f6glichkeit von S\u00f3ller nach Palma zu gelangen. S\u00f3ller hat einen magischen Hafen und eine spektakul\u00e4re K\u00fcste, der zentrale Kern der Stadt liegt jedoch im Inneren der Insel.<\/p>\n\n\n\n<p>Bei einem Besuch lernen Sie nicht nur die Berge dieses Teils der Insel kennen, sondernauch das architektonische Ensemble, welches die Stadt verbirgt. In S\u00f3llerwurden zahlreiche Pal\u00e4ste und Herrenh\u00e4user gebaut. Wenn Ihr Ferienhaus in Palmaliegt, k\u00f6nnen Sie mit dem ber\u00fchmten Zug von S\u00f3ller fahren und lassen Sie sich w\u00e4hrend der Fahrt von der Landschaft verf\u00fchren.<\/p>\n\n\n\n<h4 class=\"wp-block-heading\"><em>Denken Sie daran, ein Haus in S\u00f3ller f\u00fcr Ihren Urlaub zu mieten? Wir schlagen <a href=\"https:\/\/www.vacalia.com\/de\/villa-mieten-can-garrova-soller-h17691\">Can Garrova<\/a> vor, ein spektakul\u00e4res Haus mit privatem Pool und mitten in der Natur. Ideal f\u00fcr einen Familienurlaub.<\/em><\/h4>\n\n\n<div class=\"wp-block-image\">\n<figure class=\"aligncenter\"><img fetchpriority=\"high\" decoding=\"async\" width=\"1024\" height=\"678\" src=\"https:\/\/www.vacalia.com\/blog\/wp-content\/uploads\/2019\/05\/2199_835b93ea543221ffee9680efdfb53c47-1024x678-1-1024x678.jpg\" alt=\"Dorfer im inselinneren von Mallorca\" class=\"wp-image-2709\" srcset=\"https:\/\/www.vacalia.com\/blog\/wp-content\/uploads\/2019\/05\/2199_835b93ea543221ffee9680efdfb53c47-1024x678-1.jpg 1024w, https:\/\/www.vacalia.com\/blog\/wp-content\/uploads\/2019\/05\/2199_835b93ea543221ffee9680efdfb53c47-1024x678-1-300x199.jpg 300w, https:\/\/www.vacalia.com\/blog\/wp-content\/uploads\/2019\/05\/2199_835b93ea543221ffee9680efdfb53c47-1024x678-1-768x509.jpg 768w\" sizes=\"(max-width: 1024px) 100vw, 1024px\" \/><\/figure><\/div>\n\n\n<h3 class=\"wp-block-heading\"><strong>Tour durch Capdepera, Levante<\/strong><\/h3>\n\n\n\n<p>Capdepera ist eins der D\u00f6rfer im Inselinneren Mallorcas mit spannender Geschichte und bekommt dadurch ein etwas \u00fcbersinnliches Flair. Erbaut wurde sie 1300 von K\u00f6nig Jaume II. mit dem Ziel die Bewohner und Seewege vor Feinden und Piraten zu sch\u00fctzen. So entstand eine befestigte Stadt auf dem Gipfel mit Blick auf das Meer und die umliegenden Felder. Sp\u00e4ter wurde die Festung durch Wacht\u00fcrme erweitert und diente zur Verteidigung. Die Lage nutzt die N\u00e4he zur Insel Menorca.<\/p>\n\n\n\n<p>Die mittelalterliche Festung aus dem 14. Jahrhundert ist gut erhalten und kann besichtigt werden. Bei einem Besuch hat man das Gef\u00fchl eine Zeitreise zumachen. Die Lage des Dorfes und die Festung verleihen dieser Tour eine idyllische und magische Atmosph\u00e4re.<\/p>\n\n\n\n<h3 class=\"wp-block-heading\"><strong>Tour durch Valldemosa, Tramuntana Gebirge<\/strong><\/h3>\n\n\n\n<p>EinWeltkulturerbe auf unserer Insel ist die <strong>Serra de Tramuntana<\/strong>. Spektakul\u00e4re Landschaften und eine beeindruckende Flora und Fauna laden Sie ein, alle Arten von <a href=\"https:\/\/www.vacalia.com\/blog\/aktivitaten-an-der-frischen-luft-in-der-sierra-tramuntana-von-mallorca\/\">Outdoor-Aktivit\u00e4ten zu unternehmen<\/a>.<\/p>\n\n\n\n<p>Mittendrin liegt das Dorf <strong>Valldemosa<\/strong>. Wahrscheinlich das malerischste Dorf der Insel, das auch gro\u00dfe K\u00fcnstler wie den Komponisten Frederic Chopin inspirierte.<\/p>\n\n\n<div class=\"wp-block-image\">\n<figure class=\"aligncenter\"><img decoding=\"async\" width=\"1024\" height=\"683\" src=\"https:\/\/www.vacalia.com\/blog\/wp-content\/uploads\/2019\/05\/2715_cda77aa64dc94736e88cd205c0ff33be-1024x683-1-1024x683.jpg\" alt=\"dorfer inselinneren von Mallorca\" class=\"wp-image-2710\" srcset=\"https:\/\/www.vacalia.com\/blog\/wp-content\/uploads\/2019\/05\/2715_cda77aa64dc94736e88cd205c0ff33be-1024x683-1.jpg 1024w, https:\/\/www.vacalia.com\/blog\/wp-content\/uploads\/2019\/05\/2715_cda77aa64dc94736e88cd205c0ff33be-1024x683-1-300x200.jpg 300w, https:\/\/www.vacalia.com\/blog\/wp-content\/uploads\/2019\/05\/2715_cda77aa64dc94736e88cd205c0ff33be-1024x683-1-768x512.jpg 768w\" sizes=\"(max-width: 1024px) 100vw, 1024px\" \/><\/figure><\/div>\n\n\n<p>Bei einem Besuch schlendern Sie durch die bezaubernden Stra\u00dfen an reizenden Natursteinfassaden entlang, die auch noch h\u00fcbsch dekoriert sind. Die Kartause, ein symboltr\u00e4chtiger, architektonisch interessanter Bau, sollten Sie sich dabei nicht entgehen lassen.<\/p>\n\n\n\n<p>Um die wundervolle Bergkulisse zu genie\u00dfen und sich das lokale Erlebnis nicht entgehen zu lassen, empfehlen wir einen Besuch in diesem wundersch\u00f6nen Dorf im Inneren Mallorcas. Dar\u00fcber hinaus befindet sich Valldemossa in der N\u00e4he einiger der sch\u00f6nsten Buchten der Insel.<\/p>\n\n\n\n<h4 class=\"wp-block-heading\"><em>Wenn Sie in einem Dorf im Landesinneren von Mallorca wie Valldemosa \u00fcbernachten m\u00f6chten, empfehlen wir Ihnen das <a href=\"https:\/\/www.vacalia.com\/de\/ferienhaus-casa-miranda-valldemossa-h19062\">Casa Miranda<\/a>, ein wundersch\u00f6nes Haus inmitten der Berge mit spektakul\u00e4rer Aussicht.<\/em><\/h4>\n\n\n<div class=\"wp-block-image\">\n<figure class=\"aligncenter\"><img decoding=\"async\" width=\"1024\" height=\"683\" src=\"https:\/\/www.vacalia.com\/blog\/wp-content\/uploads\/2019\/05\/2715_a25c0122ad1ac45f7f2f5d84714f1b61-1024x683-1-1024x683.jpg\" alt=\"Dorfer im inselinneren von Mallorca\" class=\"wp-image-2711\" srcset=\"https:\/\/www.vacalia.com\/blog\/wp-content\/uploads\/2019\/05\/2715_a25c0122ad1ac45f7f2f5d84714f1b61-1024x683-1.jpg 1024w, https:\/\/www.vacalia.com\/blog\/wp-content\/uploads\/2019\/05\/2715_a25c0122ad1ac45f7f2f5d84714f1b61-1024x683-1-300x200.jpg 300w, https:\/\/www.vacalia.com\/blog\/wp-content\/uploads\/2019\/05\/2715_a25c0122ad1ac45f7f2f5d84714f1b61-1024x683-1-768x512.jpg 768w\" sizes=\"(max-width: 1024px) 100vw, 1024px\" \/><\/figure><\/div>\n\n\n<h3 class=\"wp-block-heading\"><strong>Tour durch Dei\u00e0,&nbsp; Tramuntana Gebirge<\/strong><\/h3>\n\n\n\n<p>Nicht weit von Valldemosa befindet sich ein weiteres sch\u00f6nes Dorf Mallorcas, Dei\u00e0. Es hat etwas mehr als 600 Einwohner und bezaubert, mit einem etwas rustikalen Touch, schon beim ersten Besuch.<\/p>\n\n\n\n<p>Dei\u00e0 war jahrelang die Residenz vieler K\u00fcnstler, die ihre Spuren hinterlassen haben, und ist zweifellos ein m\u00e4rchenhaftes Dorf. Wenn Sie durch die Stra\u00dfen bummeln werden Sie viele Kunstgalerien und Kunsthandwerksbetriebe sehen.<\/p>\n\n\n\n<p>Lassen Sie sich von der Kreativit\u00e4t dieser kleinen Ecke im Inneren Mallorcas verf\u00fchren!<\/p>\n\n\n\n<h3 class=\"wp-block-heading\"><strong>Tour durch Pollen\u00e7a, Norden der Insel<\/strong><\/h3>\n\n\n\n<p>Pollen\u00e7a ist von Bergen umgeben und hat dadurch eine ganz eigene Dorfstruktur entwickelt. Dazu geh\u00f6ren ein einzigartiger Dialekt und eigene Traditionen, die tief in der Geschichte dieses Dorfes verwurzelt sind. Nur wenige Kilometer entfernt befindet sich sein Hafen, der ber\u00fchmte Port de Pollen\u00e7a.<\/p>\n\n\n\n<p>Es gibt verschiedene Sehensw\u00fcrdigkeiten wie die r\u00f6mische Br\u00fccke oder den Puig de Pollen\u00e7a, die Sie w\u00e4hrend Ihres Besuchs nicht verpassen d\u00fcrfen. Vergessen Sienicht, \u00fcber den Sonntagsmarkt auf der Plaza Mayor zu schlendern oder auf diesem symboltr\u00e4chtigen Platz einen Kaffee zu trinken.<\/p>\n\n\n\n<h4 class=\"wp-block-heading\"><em>In Pollen\u00e7a gibt es auch einige der besten Ferienh\u00e4user der Insel. Wenn Sie das Innere Mallorcas erkunden m\u00f6chten, ist Pollen\u00e7a eine ideale Unterkunft. Wir schlagen <a href=\"https:\/\/www.vacalia.com\/de\/apartment-casa-mercat-pollenca-h18570\">Casa Mercat<\/a> vor, ein Haus mit viel Stil f\u00fcr Sie und Ihre ganze Familie.<\/em><\/h4>\n\n\n<div class=\"wp-block-image\">\n<figure class=\"aligncenter\"><img loading=\"lazy\" decoding=\"async\" width=\"1000\" height=\"643\" src=\"https:\/\/www.vacalia.com\/blog\/wp-content\/uploads\/2019\/05\/08-1-B0110QGM01-1.jpg\" alt=\"Dorfer in inselinneren von Mallorca\" class=\"wp-image-2712\" srcset=\"https:\/\/www.vacalia.com\/blog\/wp-content\/uploads\/2019\/05\/08-1-B0110QGM01-1.jpg 1000w, https:\/\/www.vacalia.com\/blog\/wp-content\/uploads\/2019\/05\/08-1-B0110QGM01-1-300x193.jpg 300w, https:\/\/www.vacalia.com\/blog\/wp-content\/uploads\/2019\/05\/08-1-B0110QGM01-1-768x494.jpg 768w\" sizes=\"(max-width: 1000px) 100vw, 1000px\" \/><\/figure><\/div>\n\n\n<h4 class=\"wp-block-heading\"><em>Dies sind einige der sch\u00f6nsten D\u00f6rfer im Landesinneren von Mallorca, f\u00fcr alle die in ihrem Urlaub auf Entdeckungsreise gehen m\u00f6chten. Wenn Sie weitere Ideen f\u00fcr einen Aufenthalt auf Mallorca suchen, finden Sie auf unserer <\/em><a href=\"https:\/\/www.vacalia.com\/de\/\"><em>Website einige der besten Ferienh\u00e4user der Insel.<\/em><\/a><\/h4>\n\n\n<div class=\"bannerBlog\"><div class=\"new-card-houses\">\n    <div class=\"likeOut likeDivOut\" style=\"display:none\">\n        <a data-id=\"1517\" class=\"likeOut_button_red likeBtnFav\"\n            aria-label=\"Megusta Vacalia\"><\/a>\n    <\/div>\n    <figure>\n        <img loading=\"lazy\" decoding=\"async\" \n            loading=\"lazy\" width=\"301\" height=\"200\"\n            src=\"\/\/media.vacalia.com\/photo\/reformatwebpfolder\/350\/200\/1517\/thumb-middle\/1517_8fb3e146929dfca9482f5e713018f6c3.webp?v=21092023\"\n            alt=\"Pili - Ferienhaus auf Felanitx\"\/>\n                                                                        <div class=\"circleDiscount\">-20%<\/div>\n                        <\/figure>\n    <p itemprop=\"address\"><i class=\"ico-marker\"><\/i>Felanitx, Mallorca<\/p>\n    <h3 itemprop=\"name\">Pili<\/h3>\n    <ul class=\"icon_list inline_list\">\n                              <li class=\"ico-pool\" title=\"Pool\">\n              <span itemprop=\"amenityFeature\">Pool<\/span>\n            <\/li>\n                      <li class=\"ico-wifi\" title=\"Wifi\">\n              <span itemprop=\"amenityFeature\">Wifi<\/span>\n            <\/li>\n                      <li class=\"ico-pets\" title=\"Haustiere\">\n              <span itemprop=\"amenityFeature\">Haustiere<\/span>\n            <\/li>\n                          <li class=\"ico-guests\" title=\"F\u00fcr 10 G\u00e4ste in Felanitx.\">\n          <span itemprop=\"occupancy\">10<\/span>\n        <\/li>\n    <\/ul>\n            <span class=\"price\">Ab 156\u20ac \/ Nacht<\/span>\n                <a itemprop=\"url\" class=\"anchor\" href=\"https:\/\/www.vacalia.com\/de\/villa-pili-felanitx-h16383\" aria-label=\"Pili\"><\/a>\n<\/div><div class=\"new-card-houses\">\n    <div class=\"likeOut likeDivOut\" style=\"display:none\">\n        <a data-id=\"370\" class=\"likeOut_button_red likeBtnFav\"\n            aria-label=\"Megusta Vacalia\"><\/a>\n    <\/div>\n    <figure>\n        <img loading=\"lazy\" decoding=\"async\" \n            loading=\"lazy\" width=\"301\" height=\"200\"\n            src=\"\/\/media.vacalia.com\/photo\/reformatwebpfolder\/350\/200\/370\/thumb-middle\/370_84fc8c0797e3c7bf8c9425026105776b.webp?v=21092023\"\n            alt=\"Can rafalino - Ferienhaus auf Inca\"\/>\n                                                                        <div class=\"circleDiscount\">-10%<\/div>\n                        <\/figure>\n    <p itemprop=\"address\"><i class=\"ico-marker\"><\/i>Inca, Mallorca<\/p>\n    <h3 itemprop=\"name\">Can rafalino<\/h3>\n    <ul class=\"icon_list inline_list\">\n                              <li class=\"ico-pool\" title=\"Pool\">\n              <span itemprop=\"amenityFeature\">Pool<\/span>\n            <\/li>\n                      <li class=\"ico-airConditioning\" title=\"Klimaanlage\">\n              <span itemprop=\"amenityFeature\">Klimaanlage<\/span>\n            <\/li>\n                      <li class=\"ico-wifi\" title=\"Wifi\">\n              <span itemprop=\"amenityFeature\">Wifi<\/span>\n            <\/li>\n                      <li class=\"ico-pets\" title=\"Haustiere\">\n              <span itemprop=\"amenityFeature\">Haustiere<\/span>\n            <\/li>\n                          <li class=\"ico-guests\" title=\"F\u00fcr 6 G\u00e4ste in Inca.\">\n          <span itemprop=\"occupancy\">6<\/span>\n        <\/li>\n    <\/ul>\n            <span class=\"price\">Ab 161\u20ac \/ Nacht<\/span>\n                <a itemprop=\"url\" class=\"anchor\" href=\"https:\/\/www.vacalia.com\/de\/villa-can-rafalino-inca-h15216\" aria-label=\"Can rafalino\"><\/a>\n<\/div><\/div>\n","protected":false},"excerpt":{"rendered":"<p>Eine Tour durch die D\u00f6rfer im Inselinneren von Mallorca ist ein sch\u00f6ner Ausflug w\u00e4hrend Ihres Aufenthalts. Die meisten Mallorcbesucher kommen um die fantastischen Str\u00e4nde zu geniessen (das ist verst\u00e4ndlich denn&hellip;<\/p>\n","protected":false},"author":2,"featured_media":2706,"comment_status":"closed","ping_status":"open","sticky":false,"template":"","format":"standard","meta":{"_monsterinsights_skip_tracking":false,"_monsterinsights_sitenote_active":false,"_monsterinsights_sitenote_note":"","_monsterinsights_sitenote_category":0,"footnotes":""},"categories":[40],"tags":[],"class_list":["post-2705","post","type-post","status-publish","format-standard","has-post-thumbnail","hentry","category-allgemein"],"_links":{"self":[{"href":"https:\/\/www.vacalia.com\/blog\/wp-json\/wp\/v2\/posts\/2705"}],"collection":[{"href":"https:\/\/www.vacalia.com\/blog\/wp-json\/wp\/v2\/posts"}],"about":[{"href":"https:\/\/www.vacalia.com\/blog\/wp-json\/wp\/v2\/types\/post"}],"author":[{"embeddable":true,"href":"https:\/\/www.vacalia.com\/blog\/wp-json\/wp\/v2\/users\/2"}],"replies":[{"embeddable":true,"href":"https:\/\/www.vacalia.com\/blog\/wp-json\/wp\/v2\/comments?post=2705"}],"version-history":[{"count":5,"href":"https:\/\/www.vacalia.com\/blog\/wp-json\/wp\/v2\/posts\/2705\/revisions"}],"predecessor-version":[{"id":7403,"href":"https:\/\/www.vacalia.com\/blog\/wp-json\/wp\/v2\/posts\/2705\/revisions\/7403"}],"wp:featuredmedia":[{"embeddable":true,"href":"https:\/\/www.vacalia.com\/blog\/wp-json\/wp\/v2\/media\/2706"}],"wp:attachment":[{"href":"https:\/\/www.vacalia.com\/blog\/wp-json\/wp\/v2\/media?parent=2705"}],"wp:term":[{"taxonomy":"category","embeddable":true,"href":"https:\/\/www.vacalia.com\/blog\/wp-json\/wp\/v2\/categories?post=2705"},{"taxonomy":"post_tag","embeddable":true,"href":"https:\/\/www.vacalia.com\/blog\/wp-json\/wp\/v2\/tags?post=2705"}],"curies":[{"name":"wp","href":"https:\/\/api.w.org\/{rel}","templated":true}]}}